{"id":141976,"date":"2026-04-26T20:17:10","date_gmt":"2026-04-27T01:17:10","guid":{"rendered":"https:\/\/www.quebakan.com\/v15\/?p=141976"},"modified":"2026-04-26T20:17:10","modified_gmt":"2026-04-27T01:17:10","slug":"vive-mujer-programa-que-impulsa-la-igualdad-de-genero-y-el-empoderamiento-economico-en-ecuador","status":"publish","type":"post","link":"https:\/\/www.quebakan.com\/v15\/vive-mujer-programa-que-impulsa-la-igualdad-de-genero-y-el-empoderamiento-economico-en-ecuador\/","title":{"rendered":"Vive Mujer, programa que impulsa la igualdad de g\u00e9nero y el empoderamiento econ\u00f3mico en Ecuador"},"content":{"rendered":"<p><img fetchpriority=\"high\" decoding=\"async\" class=\"aligncenter size-full wp-image-141977\" src=\"https:\/\/www.quebakan.com\/v15\/wp-content\/uploads\/2026\/04\/IMG_8285.jpg\" alt=\"\" width=\"610\" height=\"700\" \/><\/p>\n<p style=\"text-align: justify;\"><span style=\"color: #000000;\">El Objetivo de Desarrollo Sostenible 5 (ODS 5) plantea la necesidad urgente de lograr la igualdad de g\u00e9nero y empoderar a todas las mujeres y ni\u00f1as, promoviendo su participaci\u00f3n plena en la vida econ\u00f3mica, social y productiva, as\u00ed como la erradicaci\u00f3n de toda forma de violencia. En este contexto, iniciativas que integran prevenci\u00f3n, formaci\u00f3n y generaci\u00f3n de oportunidades resultan clave para avanzar hacia sociedades m\u00e1s justas, inclusivas y sostenibles.<\/span><\/p>\n<p style=\"text-align: justify;\"><span style=\"color: #000000;\">En Ecuador, el programa Vive Mujer se posiciona como una respuesta concreta a este desaf\u00edo. Creado en 2018 por las empresas del Grupo CID, el programa surgi\u00f3 a partir de un estudio liderado por el Dr. Aristides Vara, de la Universidad San Mart\u00edn de Porres del Per\u00fa, que evidenci\u00f3 el impacto de la violencia en la productividad empresarial, motivando el desarrollo de una estrategia integral de prevenci\u00f3n y empoderamiento econ\u00f3mico.<\/span><\/p>\n<p style=\"text-align: justify;\"><span style=\"color: #000000;\">Desde su implementaci\u00f3n, Vive Mujer ha logrado un impacto significativo: <strong>cerca de 100 mujeres <\/strong>graduadas en su Escuela Vive Mujer en tres a\u00f1os y aproximadamente <strong>25.000 personas sensibilizadas cada a\u00f1o.<\/strong> Este alcance ha permitido fortalecer capacidades productivas, generar redes de apoyo, promover oportunidades comerciales y avanzar hacia la independencia econ\u00f3mica de mujeres emprendedoras.<\/span><\/p>\n<p style=\"text-align: justify;\"><span style=\"color: #000000;\">El programa est\u00e1 dirigido a mujeres mayores de 18 a\u00f1os, principalmente emprendedoras o con inter\u00e9s en desarrollar negocios sostenibles. Su enfoque combina formaci\u00f3n t\u00e9cnica en \u00e1reas como inteligencia artificial, marketing digital y gesti\u00f3n de costos, con procesos de sensibilizaci\u00f3n sobre prevenci\u00f3n de la violencia. Adem\u00e1s, desarrolla actividades comunitarias que ampl\u00edan su impacto social y fomentan la conciencia colectiva.<\/span><\/p>\n<p style=\"text-align: justify;\"><span style=\"color: #000000;\">Vive Mujer opera bajo una estructura de tres niveles: empresas del Grupo CID, cadena de valor y alianzas con instituciones p\u00fablicas y organizaciones sociales. Este modelo ha permitido generar cambios relevantes en las comunidades, especialmente al visibilizar problem\u00e1ticas de violencia que antes no eran identificadas, fortaleciendo as\u00ed la prevenci\u00f3n y el tejido social.<\/span><\/p>\n<p style=\"text-align: justify;\"><span style=\"color: #000000;\"><em>\u201cCreemos firmemente que cuando una mujer accede a oportunidades, transforma su vida y la de su entorno. Este programa busca precisamente eso: impulsar su autonom\u00eda, fortalecer sus capacidades y contribuir a una sociedad donde la igualdad sea una realidad.\u201d<\/em> Se\u00f1ala Nydian Rodriguez, Gerente Corporativo de Sostenibilidad y Relaciones P\u00fablicas del Grupo CID.<\/span><\/p>\n<p style=\"text-align: justify;\"><span style=\"color: #000000;\">En cuanto a su proyecci\u00f3n, el programa prev\u00e9 graduar nuevas promociones en 2026 y expandir su alcance hacia ciudades como Guayaquil y Cuenca, as\u00ed como escalar su modelo a pa\u00edses como Chile, Per\u00fa y Estados Unidos. Con el respaldo de m\u00e1s de 20 alianzas con instituciones acad\u00e9micas, fuerzas del orden, gobiernos centrales y locales, y organizaciones no gubernamentales y el apoyo de la Cooperaci\u00f3n Alemana (GIZ), Vive Mujer trabaja en la sistematizaci\u00f3n de su metodolog\u00eda para garantizar su sostenibilidad y replicabilidad hasta 2027 y m\u00e1s all\u00e1.<\/span><\/p>\n<p style=\"text-align: justify;\"><span style=\"color: #000000;\">El compromiso del programa con el ODS 5 ha sido reconocido mediante una certificaci\u00f3n obtenida tras cumplir con m\u00e1s de 20 criterios de evaluaci\u00f3n bajo la metodolog\u00eda de la UEES, alineada tambi\u00e9n al ODS 17, e incluyendo una auditor\u00eda final realizada por PwC. Con proyecci\u00f3n de expansi\u00f3n a nuevas ciudades y pa\u00edses, y el respaldo de la Cooperaci\u00f3n Alemana (GIZ), Vive Mujer se consolida como una iniciativa clave para promover la igualdad de g\u00e9nero y el desarrollo sostenible.<\/span><\/p>\n<p><img decoding=\"async\" class=\"aligncenter size-full wp-image-141978\" src=\"https:\/\/www.quebakan.com\/v15\/wp-content\/uploads\/2026\/04\/Foto-11.jpg\" alt=\"\" width=\"673\" height=\"700\" \/><\/p>\n<p>&nbsp;<\/p>\n<p><img decoding=\"async\" class=\"aligncenter size-full wp-image-141979\" src=\"https:\/\/www.quebakan.com\/v15\/wp-content\/uploads\/2026\/04\/Foto-12.jpg\" alt=\"\" width=\"700\" height=\"394\" \/><\/p>\n","protected":false},"excerpt":{"rendered":"<p>El Objetivo de Desarrollo Sostenible 5 (ODS 5) plantea la necesidad urgente de lograr la igualdad de g\u00e9nero y empoderar a todas las mujeres y ni\u00f1as, promoviendo su participaci\u00f3n plena en la vida econ\u00f3mica, social y productiva, as\u00ed como la erradicaci\u00f3n de toda forma de violencia. En este contexto, iniciativas que integran prevenci\u00f3n, formaci\u00f3n y [&hellip;]<\/p>\n","protected":false},"author":4,"featured_media":141977,"comment_status":"closed","ping_status":"closed","sticky":false,"template":"","format":"standard","meta":{"_bbp_topic_count":0,"_bbp_reply_count":0,"_bbp_total_topic_count":0,"_bbp_total_reply_count":0,"_bbp_voice_count":0,"_bbp_anonymous_reply_count":0,"_bbp_topic_count_hidden":0,"_bbp_reply_count_hidden":0,"_bbp_forum_subforum_count":0,"buzzeditor_post_format":"","footnotes":""},"categories":[2],"tags":[],"class_list":["post-141976","post","type-post","status-publish","format-standard","has-post-thumbnail","hentry","category-noticias"],"yoast_head":"<!-- This site is optimized with the Yoast SEO plugin v27.4 - https:\/\/yoast.com\/product\/yoast-seo-wordpress\/ -->\n<title>Vive Mujer, programa que impulsa la igualdad de g\u00e9nero y el empoderamiento econ\u00f3mico en Ecuador &#8211; QUEBAKAN.COM 2026: Noticias, Eventos, Conciertos y mucho m\u00e1s....<\/title>\n<meta name=\"robots\" content=\"index, follow, max-snippet:-1, max-image-preview:large, max-video-preview:-1\" \/>\n<link rel=\"canonical\" href=\"https:\/\/www.quebakan.com\/v15\/vive-mujer-programa-que-impulsa-la-igualdad-de-genero-y-el-empoderamiento-economico-en-ecuador\/\" \/>\n<meta property=\"og:locale\" content=\"es_ES\" \/>\n<meta property=\"og:type\" content=\"article\" \/>\n<meta property=\"og:title\" content=\"Vive Mujer, programa que impulsa la igualdad de g\u00e9nero y el empoderamiento econ\u00f3mico en Ecuador &#8211; QUEBAKAN.COM 2026: Noticias, Eventos, Conciertos y mucho m\u00e1s....\" \/>\n<meta property=\"og:description\" content=\"El Objetivo de Desarrollo Sostenible 5 (ODS 5) plantea la necesidad urgente de lograr la igualdad de g\u00e9nero y empoderar a todas las mujeres y ni\u00f1as, promoviendo su participaci\u00f3n plena en la vida econ\u00f3mica, social y productiva, as\u00ed como la erradicaci\u00f3n de toda forma de violencia. En este contexto, iniciativas que integran prevenci\u00f3n, formaci\u00f3n y [&hellip;]\" \/>\n<meta property=\"og:url\" content=\"https:\/\/www.quebakan.com\/v15\/vive-mujer-programa-que-impulsa-la-igualdad-de-genero-y-el-empoderamiento-economico-en-ecuador\/\" \/>\n<meta property=\"og:site_name\" content=\"QUEBAKAN.COM 2026: Noticias, Eventos, Conciertos y mucho m\u00e1s....\" \/>\n<meta property=\"article:publisher\" content=\"http:\/\/www.facebook.com\/quebakan\" \/>\n<meta property=\"article:published_time\" content=\"2026-04-27T01:17:10+00:00\" \/>\n<meta property=\"og:image\" content=\"https:\/\/www.quebakan.com\/v15\/wp-content\/uploads\/2026\/04\/IMG_8285.jpg\" \/>\n\t<meta property=\"og:image:width\" content=\"610\" \/>\n\t<meta property=\"og:image:height\" content=\"700\" \/>\n\t<meta property=\"og:image:type\" content=\"image\/jpeg\" \/>\n<meta name=\"author\" content=\"Erick Villafuerte\" \/>\n<meta name=\"twitter:card\" content=\"summary_large_image\" \/>\n<meta name=\"twitter:creator\" content=\"@quebakanec\" \/>\n<meta name=\"twitter:site\" content=\"@quebakanec\" \/>\n<meta name=\"twitter:label1\" content=\"Escrito por\" \/>\n\t<meta name=\"twitter:data1\" content=\"Erick Villafuerte\" \/>\n\t<meta name=\"twitter:label2\" content=\"Tiempo de lectura\" \/>\n\t<meta name=\"twitter:data2\" content=\"4 minutos\" \/>\n<script type=\"application\/ld+json\" class=\"yoast-schema-graph\">{\"@context\":\"https:\\\/\\\/schema.org\",\"@graph\":[{\"@type\":\"Article\",\"@id\":\"https:\\\/\\\/www.quebakan.com\\\/v15\\\/vive-mujer-programa-que-impulsa-la-igualdad-de-genero-y-el-empoderamiento-economico-en-ecuador\\\/#article\",\"isPartOf\":{\"@id\":\"https:\\\/\\\/www.quebakan.com\\\/v15\\\/vive-mujer-programa-que-impulsa-la-igualdad-de-genero-y-el-empoderamiento-economico-en-ecuador\\\/\"},\"author\":{\"name\":\"Erick Villafuerte\",\"@id\":\"https:\\\/\\\/www.quebakan.com\\\/v15\\\/#\\\/schema\\\/person\\\/d90fa9f9cfa81eb8ace9811e5b7b9118\"},\"headline\":\"Vive Mujer, programa que impulsa la igualdad de g\u00e9nero y el empoderamiento econ\u00f3mico en Ecuador\",\"datePublished\":\"2026-04-27T01:17:10+00:00\",\"mainEntityOfPage\":{\"@id\":\"https:\\\/\\\/www.quebakan.com\\\/v15\\\/vive-mujer-programa-que-impulsa-la-igualdad-de-genero-y-el-empoderamiento-economico-en-ecuador\\\/\"},\"wordCount\":576,\"publisher\":{\"@id\":\"https:\\\/\\\/www.quebakan.com\\\/v15\\\/#organization\"},\"image\":{\"@id\":\"https:\\\/\\\/www.quebakan.com\\\/v15\\\/vive-mujer-programa-que-impulsa-la-igualdad-de-genero-y-el-empoderamiento-economico-en-ecuador\\\/#primaryimage\"},\"thumbnailUrl\":\"https:\\\/\\\/www.quebakan.com\\\/v15\\\/wp-content\\\/uploads\\\/2026\\\/04\\\/IMG_8285.jpg\",\"articleSection\":[\"Noticias\"],\"inLanguage\":\"es\"},{\"@type\":\"WebPage\",\"@id\":\"https:\\\/\\\/www.quebakan.com\\\/v15\\\/vive-mujer-programa-que-impulsa-la-igualdad-de-genero-y-el-empoderamiento-economico-en-ecuador\\\/\",\"url\":\"https:\\\/\\\/www.quebakan.com\\\/v15\\\/vive-mujer-programa-que-impulsa-la-igualdad-de-genero-y-el-empoderamiento-economico-en-ecuador\\\/\",\"name\":\"Vive Mujer, programa que impulsa la igualdad de g\u00e9nero y el empoderamiento econ\u00f3mico en Ecuador &#8211; QUEBAKAN.COM 2026: Noticias, Eventos, Conciertos y mucho m\u00e1s....\",\"isPartOf\":{\"@id\":\"https:\\\/\\\/www.quebakan.com\\\/v15\\\/#website\"},\"primaryImageOfPage\":{\"@id\":\"https:\\\/\\\/www.quebakan.com\\\/v15\\\/vive-mujer-programa-que-impulsa-la-igualdad-de-genero-y-el-empoderamiento-economico-en-ecuador\\\/#primaryimage\"},\"image\":{\"@id\":\"https:\\\/\\\/www.quebakan.com\\\/v15\\\/vive-mujer-programa-que-impulsa-la-igualdad-de-genero-y-el-empoderamiento-economico-en-ecuador\\\/#primaryimage\"},\"thumbnailUrl\":\"https:\\\/\\\/www.quebakan.com\\\/v15\\\/wp-content\\\/uploads\\\/2026\\\/04\\\/IMG_8285.jpg\",\"datePublished\":\"2026-04-27T01:17:10+00:00\",\"breadcrumb\":{\"@id\":\"https:\\\/\\\/www.quebakan.com\\\/v15\\\/vive-mujer-programa-que-impulsa-la-igualdad-de-genero-y-el-empoderamiento-economico-en-ecuador\\\/#breadcrumb\"},\"inLanguage\":\"es\",\"potentialAction\":[{\"@type\":\"ReadAction\",\"target\":[\"https:\\\/\\\/www.quebakan.com\\\/v15\\\/vive-mujer-programa-que-impulsa-la-igualdad-de-genero-y-el-empoderamiento-economico-en-ecuador\\\/\"]}]},{\"@type\":\"ImageObject\",\"inLanguage\":\"es\",\"@id\":\"https:\\\/\\\/www.quebakan.com\\\/v15\\\/vive-mujer-programa-que-impulsa-la-igualdad-de-genero-y-el-empoderamiento-economico-en-ecuador\\\/#primaryimage\",\"url\":\"https:\\\/\\\/www.quebakan.com\\\/v15\\\/wp-content\\\/uploads\\\/2026\\\/04\\\/IMG_8285.jpg\",\"contentUrl\":\"https:\\\/\\\/www.quebakan.com\\\/v15\\\/wp-content\\\/uploads\\\/2026\\\/04\\\/IMG_8285.jpg\",\"width\":610,\"height\":700},{\"@type\":\"BreadcrumbList\",\"@id\":\"https:\\\/\\\/www.quebakan.com\\\/v15\\\/vive-mujer-programa-que-impulsa-la-igualdad-de-genero-y-el-empoderamiento-economico-en-ecuador\\\/#breadcrumb\",\"itemListElement\":[{\"@type\":\"ListItem\",\"position\":1,\"name\":\"Portada\",\"item\":\"https:\\\/\\\/www.quebakan.com\\\/v15\\\/\"},{\"@type\":\"ListItem\",\"position\":2,\"name\":\"Vive Mujer, programa que impulsa la igualdad de g\u00e9nero y el empoderamiento econ\u00f3mico en Ecuador\"}]},{\"@type\":\"WebSite\",\"@id\":\"https:\\\/\\\/www.quebakan.com\\\/v15\\\/#website\",\"url\":\"https:\\\/\\\/www.quebakan.com\\\/v15\\\/\",\"name\":\"QUEBAKAN\",\"description\":\"..\",\"publisher\":{\"@id\":\"https:\\\/\\\/www.quebakan.com\\\/v15\\\/#organization\"},\"potentialAction\":[{\"@type\":\"SearchAction\",\"target\":{\"@type\":\"EntryPoint\",\"urlTemplate\":\"https:\\\/\\\/www.quebakan.com\\\/v15\\\/?s={search_term_string}\"},\"query-input\":{\"@type\":\"PropertyValueSpecification\",\"valueRequired\":true,\"valueName\":\"search_term_string\"}}],\"inLanguage\":\"es\"},{\"@type\":\"Organization\",\"@id\":\"https:\\\/\\\/www.quebakan.com\\\/v15\\\/#organization\",\"name\":\"Quebakan.com\",\"url\":\"https:\\\/\\\/www.quebakan.com\\\/v15\\\/\",\"logo\":{\"@type\":\"ImageObject\",\"inLanguage\":\"es\",\"@id\":\"https:\\\/\\\/www.quebakan.com\\\/v15\\\/#\\\/schema\\\/logo\\\/image\\\/\",\"url\":\"https:\\\/\\\/www.quebakan.com\\\/v15\\\/wp-content\\\/uploads\\\/2023\\\/07\\\/logoquebakanenero2021.jpg\",\"contentUrl\":\"https:\\\/\\\/www.quebakan.com\\\/v15\\\/wp-content\\\/uploads\\\/2023\\\/07\\\/logoquebakanenero2021.jpg\",\"width\":1920,\"height\":1080,\"caption\":\"Quebakan.com\"},\"image\":{\"@id\":\"https:\\\/\\\/www.quebakan.com\\\/v15\\\/#\\\/schema\\\/logo\\\/image\\\/\"},\"sameAs\":[\"http:\\\/\\\/www.facebook.com\\\/quebakan\",\"https:\\\/\\\/x.com\\\/quebakanec\",\"http:\\\/\\\/www.instagram.com\\\/quebakan\",\"http:\\\/\\\/www.youtube.com\\\/quebakan1\"]},{\"@type\":\"Person\",\"@id\":\"https:\\\/\\\/www.quebakan.com\\\/v15\\\/#\\\/schema\\\/person\\\/d90fa9f9cfa81eb8ace9811e5b7b9118\",\"name\":\"Erick Villafuerte\",\"image\":{\"@type\":\"ImageObject\",\"inLanguage\":\"es\",\"@id\":\"https:\\\/\\\/www.quebakan.com\\\/v15\\\/wp-content\\\/uploads\\\/avatars\\\/4\\\/1731297654-bpfull.png\",\"url\":\"https:\\\/\\\/www.quebakan.com\\\/v15\\\/wp-content\\\/uploads\\\/avatars\\\/4\\\/1731297654-bpfull.png\",\"contentUrl\":\"https:\\\/\\\/www.quebakan.com\\\/v15\\\/wp-content\\\/uploads\\\/avatars\\\/4\\\/1731297654-bpfull.png\",\"caption\":\"Erick Villafuerte\"}}]}<\/script>\n<!-- \/ Yoast SEO plugin. -->","yoast_head_json":{"title":"Vive Mujer, programa que impulsa la igualdad de g\u00e9nero y el empoderamiento econ\u00f3mico en Ecuador &#8211; QUEBAKAN.COM 2026: Noticias, Eventos, Conciertos y mucho m\u00e1s....","robots":{"index":"index","follow":"follow","max-snippet":"max-snippet:-1","max-image-preview":"max-image-preview:large","max-video-preview":"max-video-preview:-1"},"canonical":"https:\/\/www.quebakan.com\/v15\/vive-mujer-programa-que-impulsa-la-igualdad-de-genero-y-el-empoderamiento-economico-en-ecuador\/","og_locale":"es_ES","og_type":"article","og_title":"Vive Mujer, programa que impulsa la igualdad de g\u00e9nero y el empoderamiento econ\u00f3mico en Ecuador &#8211; QUEBAKAN.COM 2026: Noticias, Eventos, Conciertos y mucho m\u00e1s....","og_description":"El Objetivo de Desarrollo Sostenible 5 (ODS 5) plantea la necesidad urgente de lograr la igualdad de g\u00e9nero y empoderar a todas las mujeres y ni\u00f1as, promoviendo su participaci\u00f3n plena en la vida econ\u00f3mica, social y productiva, as\u00ed como la erradicaci\u00f3n de toda forma de violencia. En este contexto, iniciativas que integran prevenci\u00f3n, formaci\u00f3n y [&hellip;]","og_url":"https:\/\/www.quebakan.com\/v15\/vive-mujer-programa-que-impulsa-la-igualdad-de-genero-y-el-empoderamiento-economico-en-ecuador\/","og_site_name":"QUEBAKAN.COM 2026: Noticias, Eventos, Conciertos y mucho m\u00e1s....","article_publisher":"http:\/\/www.facebook.com\/quebakan","article_published_time":"2026-04-27T01:17:10+00:00","og_image":[{"width":610,"height":700,"url":"https:\/\/www.quebakan.com\/v15\/wp-content\/uploads\/2026\/04\/IMG_8285.jpg","type":"image\/jpeg"}],"author":"Erick Villafuerte","twitter_card":"summary_large_image","twitter_creator":"@quebakanec","twitter_site":"@quebakanec","twitter_misc":{"Escrito por":"Erick Villafuerte","Tiempo de lectura":"4 minutos"},"schema":{"@context":"https:\/\/schema.org","@graph":[{"@type":"Article","@id":"https:\/\/www.quebakan.com\/v15\/vive-mujer-programa-que-impulsa-la-igualdad-de-genero-y-el-empoderamiento-economico-en-ecuador\/#article","isPartOf":{"@id":"https:\/\/www.quebakan.com\/v15\/vive-mujer-programa-que-impulsa-la-igualdad-de-genero-y-el-empoderamiento-economico-en-ecuador\/"},"author":{"name":"Erick Villafuerte","@id":"https:\/\/www.quebakan.com\/v15\/#\/schema\/person\/d90fa9f9cfa81eb8ace9811e5b7b9118"},"headline":"Vive Mujer, programa que impulsa la igualdad de g\u00e9nero y el empoderamiento econ\u00f3mico en Ecuador","datePublished":"2026-04-27T01:17:10+00:00","mainEntityOfPage":{"@id":"https:\/\/www.quebakan.com\/v15\/vive-mujer-programa-que-impulsa-la-igualdad-de-genero-y-el-empoderamiento-economico-en-ecuador\/"},"wordCount":576,"publisher":{"@id":"https:\/\/www.quebakan.com\/v15\/#organization"},"image":{"@id":"https:\/\/www.quebakan.com\/v15\/vive-mujer-programa-que-impulsa-la-igualdad-de-genero-y-el-empoderamiento-economico-en-ecuador\/#primaryimage"},"thumbnailUrl":"https:\/\/www.quebakan.com\/v15\/wp-content\/uploads\/2026\/04\/IMG_8285.jpg","articleSection":["Noticias"],"inLanguage":"es"},{"@type":"WebPage","@id":"https:\/\/www.quebakan.com\/v15\/vive-mujer-programa-que-impulsa-la-igualdad-de-genero-y-el-empoderamiento-economico-en-ecuador\/","url":"https:\/\/www.quebakan.com\/v15\/vive-mujer-programa-que-impulsa-la-igualdad-de-genero-y-el-empoderamiento-economico-en-ecuador\/","name":"Vive Mujer, programa que impulsa la igualdad de g\u00e9nero y el empoderamiento econ\u00f3mico en Ecuador &#8211; QUEBAKAN.COM 2026: Noticias, Eventos, Conciertos y mucho m\u00e1s....","isPartOf":{"@id":"https:\/\/www.quebakan.com\/v15\/#website"},"primaryImageOfPage":{"@id":"https:\/\/www.quebakan.com\/v15\/vive-mujer-programa-que-impulsa-la-igualdad-de-genero-y-el-empoderamiento-economico-en-ecuador\/#primaryimage"},"image":{"@id":"https:\/\/www.quebakan.com\/v15\/vive-mujer-programa-que-impulsa-la-igualdad-de-genero-y-el-empoderamiento-economico-en-ecuador\/#primaryimage"},"thumbnailUrl":"https:\/\/www.quebakan.com\/v15\/wp-content\/uploads\/2026\/04\/IMG_8285.jpg","datePublished":"2026-04-27T01:17:10+00:00","breadcrumb":{"@id":"https:\/\/www.quebakan.com\/v15\/vive-mujer-programa-que-impulsa-la-igualdad-de-genero-y-el-empoderamiento-economico-en-ecuador\/#breadcrumb"},"inLanguage":"es","potentialAction":[{"@type":"ReadAction","target":["https:\/\/www.quebakan.com\/v15\/vive-mujer-programa-que-impulsa-la-igualdad-de-genero-y-el-empoderamiento-economico-en-ecuador\/"]}]},{"@type":"ImageObject","inLanguage":"es","@id":"https:\/\/www.quebakan.com\/v15\/vive-mujer-programa-que-impulsa-la-igualdad-de-genero-y-el-empoderamiento-economico-en-ecuador\/#primaryimage","url":"https:\/\/www.quebakan.com\/v15\/wp-content\/uploads\/2026\/04\/IMG_8285.jpg","contentUrl":"https:\/\/www.quebakan.com\/v15\/wp-content\/uploads\/2026\/04\/IMG_8285.jpg","width":610,"height":700},{"@type":"BreadcrumbList","@id":"https:\/\/www.quebakan.com\/v15\/vive-mujer-programa-que-impulsa-la-igualdad-de-genero-y-el-empoderamiento-economico-en-ecuador\/#breadcrumb","itemListElement":[{"@type":"ListItem","position":1,"name":"Portada","item":"https:\/\/www.quebakan.com\/v15\/"},{"@type":"ListItem","position":2,"name":"Vive Mujer, programa que impulsa la igualdad de g\u00e9nero y el empoderamiento econ\u00f3mico en Ecuador"}]},{"@type":"WebSite","@id":"https:\/\/www.quebakan.com\/v15\/#website","url":"https:\/\/www.quebakan.com\/v15\/","name":"QUEBAKAN","description":"..","publisher":{"@id":"https:\/\/www.quebakan.com\/v15\/#organization"},"potentialAction":[{"@type":"SearchAction","target":{"@type":"EntryPoint","urlTemplate":"https:\/\/www.quebakan.com\/v15\/?s={search_term_string}"},"query-input":{"@type":"PropertyValueSpecification","valueRequired":true,"valueName":"search_term_string"}}],"inLanguage":"es"},{"@type":"Organization","@id":"https:\/\/www.quebakan.com\/v15\/#organization","name":"Quebakan.com","url":"https:\/\/www.quebakan.com\/v15\/","logo":{"@type":"ImageObject","inLanguage":"es","@id":"https:\/\/www.quebakan.com\/v15\/#\/schema\/logo\/image\/","url":"https:\/\/www.quebakan.com\/v15\/wp-content\/uploads\/2023\/07\/logoquebakanenero2021.jpg","contentUrl":"https:\/\/www.quebakan.com\/v15\/wp-content\/uploads\/2023\/07\/logoquebakanenero2021.jpg","width":1920,"height":1080,"caption":"Quebakan.com"},"image":{"@id":"https:\/\/www.quebakan.com\/v15\/#\/schema\/logo\/image\/"},"sameAs":["http:\/\/www.facebook.com\/quebakan","https:\/\/x.com\/quebakanec","http:\/\/www.instagram.com\/quebakan","http:\/\/www.youtube.com\/quebakan1"]},{"@type":"Person","@id":"https:\/\/www.quebakan.com\/v15\/#\/schema\/person\/d90fa9f9cfa81eb8ace9811e5b7b9118","name":"Erick Villafuerte","image":{"@type":"ImageObject","inLanguage":"es","@id":"https:\/\/www.quebakan.com\/v15\/wp-content\/uploads\/avatars\/4\/1731297654-bpfull.png","url":"https:\/\/www.quebakan.com\/v15\/wp-content\/uploads\/avatars\/4\/1731297654-bpfull.png","contentUrl":"https:\/\/www.quebakan.com\/v15\/wp-content\/uploads\/avatars\/4\/1731297654-bpfull.png","caption":"Erick Villafuerte"}}]}},"_links":{"self":[{"href":"https:\/\/www.quebakan.com\/v15\/wp-json\/wp\/v2\/posts\/141976","targetHints":{"allow":["GET"]}}],"collection":[{"href":"https:\/\/www.quebakan.com\/v15\/wp-json\/wp\/v2\/posts"}],"about":[{"href":"https:\/\/www.quebakan.com\/v15\/wp-json\/wp\/v2\/types\/post"}],"author":[{"embeddable":true,"href":"https:\/\/www.quebakan.com\/v15\/wp-json\/wp\/v2\/users\/4"}],"replies":[{"embeddable":true,"href":"https:\/\/www.quebakan.com\/v15\/wp-json\/wp\/v2\/comments?post=141976"}],"version-history":[{"count":1,"href":"https:\/\/www.quebakan.com\/v15\/wp-json\/wp\/v2\/posts\/141976\/revisions"}],"predecessor-version":[{"id":141980,"href":"https:\/\/www.quebakan.com\/v15\/wp-json\/wp\/v2\/posts\/141976\/revisions\/141980"}],"wp:featuredmedia":[{"embeddable":true,"href":"https:\/\/www.quebakan.com\/v15\/wp-json\/wp\/v2\/media\/141977"}],"wp:attachment":[{"href":"https:\/\/www.quebakan.com\/v15\/wp-json\/wp\/v2\/media?parent=141976"}],"wp:term":[{"taxonomy":"category","embeddable":true,"href":"https:\/\/www.quebakan.com\/v15\/wp-json\/wp\/v2\/categories?post=141976"},{"taxonomy":"post_tag","embeddable":true,"href":"https:\/\/www.quebakan.com\/v15\/wp-json\/wp\/v2\/tags?post=141976"}],"curies":[{"name":"wp","href":"https:\/\/api.w.org\/{rel}","templated":true}]}}