{"id":141981,"date":"2026-04-26T20:28:05","date_gmt":"2026-04-27T01:28:05","guid":{"rendered":"https:\/\/www.quebakan.com\/v15\/?p=141981"},"modified":"2026-04-26T20:28:05","modified_gmt":"2026-04-27T01:28:05","slug":"natura-es-la-marca-lider-en-belleza-en-america-latina-por-noveno-ano-consecutivo-informa-euromonitor","status":"publish","type":"post","link":"https:\/\/www.quebakan.com\/v15\/natura-es-la-marca-lider-en-belleza-en-america-latina-por-noveno-ano-consecutivo-informa-euromonitor\/","title":{"rendered":"Natura es la marca l\u00edder en belleza en Am\u00e9rica Latina  por noveno a\u00f1o consecutivo, informa Euromonitor"},"content":{"rendered":"<p><img decoding=\"async\" class=\"aligncenter size-full wp-image-141982\" src=\"https:\/\/www.quebakan.com\/v15\/wp-content\/uploads\/2026\/04\/nt126.jpg\" alt=\"\" width=\"153\" height=\"61\" \/><\/p>\n<p>&nbsp;<\/p>\n<ul>\n<li style=\"text-align: justify;\"><span style=\"color: #000000;\">La marca tambi\u00e9n es l\u00edder en fragancias en Am\u00e9rica Latina desde 2018 y se encuentra entre las cinco primeras a nivel mundial en este segmento.<\/span><\/li>\n<li style=\"text-align: justify;\"><span style=\"color: #000000;\">Adem\u00e1s, la marca Natura encabeza el ranking del sector de la belleza y el cuidado personal en Brasil, Argentina, Chile y Colombia, y ocupa el segundo puesto en M\u00e9xico y se encuentra entre las cinco primeras en Per\u00fa.<\/span><\/li>\n<li style=\"text-align: justify;\"><span style=\"color: #000000;\">Gracias al crecimiento registrado en todos los mercados, la marca ha ganado cuota de mercado en Chile, Per\u00fa y Colombia, pa\u00edses en los que la integraci\u00f3n con Avon est\u00e1 m\u00e1s consolidada.<\/span><\/li>\n<\/ul>\n<p style=\"text-align: justify;\"><span style=\"color: #000000;\"><strong>Quito, 24 de abril de 2026 <\/strong>\u2013 El \u00faltimo informe de la empresa de inteligencia de mercado <em>Euromonitor International<\/em>*, en lo que respecta a todo el a\u00f1o 2025, confirma que Natura es la marca n\u00famero uno en Belleza y Cuidado Personal (CFT) en Am\u00e9rica Latina por novena vez consecutiva. Un segmento que, solo en la regi\u00f3n, gener\u00f3 78.800 millones de d\u00f3lares el a\u00f1o pasado.<\/span><\/p>\n<p style=\"text-align: justify;\"><span style=\"color: #000000;\">En el \u00faltimo a\u00f1o de una transformaci\u00f3n que ha incluido la integraci\u00f3n con Avon en dos de sus principales mercados, M\u00e9xico y Argentina, y que se ha visto afectada por la ca\u00edda del consumo en Brasil, Natura ha reafirmado su liderazgo regional. Esta posici\u00f3n se ha visto impulsada por su presencia en mercados estrat\u00e9gicos, como el brasile\u00f1o y el argentino, que suman el 50 % de todo el segmento en Am\u00e9rica Latina. En ambos pa\u00edses, Natura se sit\u00faa por delante del resto de marcas del sector en el ranking.<\/span><\/p>\n<p style=\"text-align: justify;\"><span style=\"color: #000000;\">En Colombia, la marca Natura pas\u00f3 del segundo al primer puesto y, en Chile, se mantuvo en la primera posici\u00f3n. En M\u00e9xico, que representa una quinta parte del mercado total de la belleza en la regi\u00f3n, la marca Natura se mantuvo en segunda posici\u00f3n. El pa\u00eds sigue siendo un mercado objetivo para el crecimiento de la empresa.<\/span><\/p>\n<p style=\"text-align: justify;\"><span style=\"color: #000000;\">La marca Natura registr\u00f3 un crecimiento en todos los mercados y gan\u00f3 cuota de mercado en Chile, Per\u00fa y Colombia, pa\u00edses en los que la integraci\u00f3n con Avon, llevada a cabo entre 2023 y 2024, se encuentra en una fase m\u00e1s avanzada. Los resultados muestran un rendimiento positivo en estas operaciones, donde la combinaci\u00f3n de marcas ya se ha estabilizado.<\/span><\/p>\n<p style=\"text-align: justify;\"><span style=\"color: #000000;\">Como grupo, Natura es l\u00edder en Am\u00e9rica Latina desde 2020. El a\u00f1o pasado, el grupo se situ\u00f3 por delante del resto de marcas en Brasil y Argentina, y ocup\u00f3 el segundo puesto en Colombia y Chile.<\/span><\/p>\n<p style=\"text-align: justify;\"><span style=\"color: #000000;\">Natura tambi\u00e9n ha consolidado, por octavo a\u00f1o consecutivo, su liderazgo en Am\u00e9rica Latina en el sector de las fragancias, una categor\u00eda que representa la cuota de mayor valor en el segmento de la belleza y el cuidado personal. Natura, la primera marca brasile\u00f1a en contar con tres perfumistas exclusivos en plantilla y responsable de creaciones olfativas \u00fanicas, compite en el mercado mundial de la perfumer\u00eda y se encuentra entre los cinco principales actores del sector a nivel global.<\/span><\/p>\n<p style=\"text-align: justify;\"><span style=\"color: #000000;\">\u201cAlcanzar un a\u00f1o m\u00e1s de liderazgo en la regi\u00f3n confirma que Natura es una potencia latinoamericana en el sector del cuidado personal. El a\u00f1o 2025 trajo consigo retos tanto por el panorama macroecon\u00f3mico como por el contexto de nuestro negocio, con las etapas finales de la integraci\u00f3n con Avon y la simplificaci\u00f3n corporativa del grupo, ciclos que ya han concluido. Contamos con una estructura m\u00e1s \u00e1gil y eficiente, sin restricciones para invertir y muy bien posicionados para acelerar nuestro crecimiento en la regi\u00f3n, impulsando la innovaci\u00f3n y la digitalizaci\u00f3n. Latinoam\u00e9rica es un mercado pujante, con fuertes expectativas de expansi\u00f3n y de gran relevancia para el sector de la belleza\u201d, coment\u00f3 Jo\u00e3o Paulo Ferreira, CEO.<\/span><\/p>\n<p style=\"text-align: justify;\"><span style=\"color: #000000;\">En 2025, el GMV (Volumen bruto de mercader\u00edas) generado por el grupo Natura en Am\u00e9rica Latina fue de 47.000 millones de reales, en l\u00ednea con los resultados del a\u00f1o anterior en moneda constante. Como empresa que cotiza en bolsa, los ingresos de la compa\u00f1\u00eda se comunican al mercado siempre de forma transparente y coherente, de conformidad con la legislaci\u00f3n.<\/span><\/p>\n<p style=\"text-align: justify;\"><span style=\"color: #000000;\"><em>*Fuente: Euromonitor International. Marca Natura: marca paraguas Natura. Grupo Natura: \u00daltimo propietario a nivel mundial. Belleza y cuidado personal edici\u00f3n 2026; ventas minoristas por valor (RSP), datos de 2025.<\/em><\/span><\/p>\n","protected":false},"excerpt":{"rendered":"<p>&nbsp; La marca tambi\u00e9n es l\u00edder en fragancias en Am\u00e9rica Latina desde 2018 y se encuentra entre las cinco primeras a nivel mundial en este segmento. Adem\u00e1s, la marca Natura encabeza el ranking del sector de la belleza y el cuidado personal en Brasil, Argentina, Chile y Colombia, y ocupa el segundo puesto en M\u00e9xico [&hellip;]<\/p>\n","protected":false},"author":4,"featured_media":141982,"comment_status":"closed","ping_status":"closed","sticky":false,"template":"","format":"standard","meta":{"_bbp_topic_count":0,"_bbp_reply_count":0,"_bbp_total_topic_count":0,"_bbp_total_reply_count":0,"_bbp_voice_count":0,"_bbp_anonymous_reply_count":0,"_bbp_topic_count_hidden":0,"_bbp_reply_count_hidden":0,"_bbp_forum_subforum_count":0,"buzzeditor_post_format":"","footnotes":""},"categories":[2],"tags":[],"class_list":["post-141981","post","type-post","status-publish","format-standard","has-post-thumbnail","hentry","category-noticias"],"yoast_head":"<!-- This site is optimized with the Yoast SEO plugin v27.4 - https:\/\/yoast.com\/product\/yoast-seo-wordpress\/ -->\n<title>Natura es la marca l\u00edder en belleza en Am\u00e9rica Latina por noveno a\u00f1o consecutivo, informa Euromonitor &#8211; QUEBAKAN.COM 2026: Noticias, Eventos, Conciertos y mucho m\u00e1s....<\/title>\n<meta name=\"robots\" content=\"index, follow, max-snippet:-1, max-image-preview:large, max-video-preview:-1\" \/>\n<link rel=\"canonical\" href=\"https:\/\/www.quebakan.com\/v15\/natura-es-la-marca-lider-en-belleza-en-america-latina-por-noveno-ano-consecutivo-informa-euromonitor\/\" \/>\n<meta property=\"og:locale\" content=\"es_ES\" \/>\n<meta property=\"og:type\" content=\"article\" \/>\n<meta property=\"og:title\" content=\"Natura es la marca l\u00edder en belleza en Am\u00e9rica Latina por noveno a\u00f1o consecutivo, informa Euromonitor &#8211; QUEBAKAN.COM 2026: Noticias, Eventos, Conciertos y mucho m\u00e1s....\" \/>\n<meta property=\"og:description\" content=\"&nbsp; La marca tambi\u00e9n es l\u00edder en fragancias en Am\u00e9rica Latina desde 2018 y se encuentra entre las cinco primeras a nivel mundial en este segmento. Adem\u00e1s, la marca Natura encabeza el ranking del sector de la belleza y el cuidado personal en Brasil, Argentina, Chile y Colombia, y ocupa el segundo puesto en M\u00e9xico [&hellip;]\" \/>\n<meta property=\"og:url\" content=\"https:\/\/www.quebakan.com\/v15\/natura-es-la-marca-lider-en-belleza-en-america-latina-por-noveno-ano-consecutivo-informa-euromonitor\/\" \/>\n<meta property=\"og:site_name\" content=\"QUEBAKAN.COM 2026: Noticias, Eventos, Conciertos y mucho m\u00e1s....\" \/>\n<meta property=\"article:publisher\" content=\"http:\/\/www.facebook.com\/quebakan\" \/>\n<meta property=\"article:published_time\" content=\"2026-04-27T01:28:05+00:00\" \/>\n<meta property=\"og:image\" content=\"https:\/\/www.quebakan.com\/v15\/wp-content\/uploads\/2026\/04\/nt126.jpg\" \/>\n\t<meta property=\"og:image:width\" content=\"153\" \/>\n\t<meta property=\"og:image:height\" content=\"61\" \/>\n\t<meta property=\"og:image:type\" content=\"image\/jpeg\" \/>\n<meta name=\"author\" content=\"Erick Villafuerte\" \/>\n<meta name=\"twitter:card\" content=\"summary_large_image\" \/>\n<meta name=\"twitter:creator\" content=\"@quebakanec\" \/>\n<meta name=\"twitter:site\" content=\"@quebakanec\" \/>\n<meta name=\"twitter:label1\" content=\"Escrito por\" \/>\n\t<meta name=\"twitter:data1\" content=\"Erick Villafuerte\" \/>\n\t<meta name=\"twitter:label2\" content=\"Tiempo de lectura\" \/>\n\t<meta name=\"twitter:data2\" content=\"4 minutos\" \/>\n<script type=\"application\/ld+json\" class=\"yoast-schema-graph\">{\"@context\":\"https:\\\/\\\/schema.org\",\"@graph\":[{\"@type\":\"Article\",\"@id\":\"https:\\\/\\\/www.quebakan.com\\\/v15\\\/natura-es-la-marca-lider-en-belleza-en-america-latina-por-noveno-ano-consecutivo-informa-euromonitor\\\/#article\",\"isPartOf\":{\"@id\":\"https:\\\/\\\/www.quebakan.com\\\/v15\\\/natura-es-la-marca-lider-en-belleza-en-america-latina-por-noveno-ano-consecutivo-informa-euromonitor\\\/\"},\"author\":{\"name\":\"Erick Villafuerte\",\"@id\":\"https:\\\/\\\/www.quebakan.com\\\/v15\\\/#\\\/schema\\\/person\\\/d90fa9f9cfa81eb8ace9811e5b7b9118\"},\"headline\":\"Natura es la marca l\u00edder en belleza en Am\u00e9rica Latina por noveno a\u00f1o consecutivo, informa Euromonitor\",\"datePublished\":\"2026-04-27T01:28:05+00:00\",\"mainEntityOfPage\":{\"@id\":\"https:\\\/\\\/www.quebakan.com\\\/v15\\\/natura-es-la-marca-lider-en-belleza-en-america-latina-por-noveno-ano-consecutivo-informa-euromonitor\\\/\"},\"wordCount\":748,\"publisher\":{\"@id\":\"https:\\\/\\\/www.quebakan.com\\\/v15\\\/#organization\"},\"image\":{\"@id\":\"https:\\\/\\\/www.quebakan.com\\\/v15\\\/natura-es-la-marca-lider-en-belleza-en-america-latina-por-noveno-ano-consecutivo-informa-euromonitor\\\/#primaryimage\"},\"thumbnailUrl\":\"https:\\\/\\\/www.quebakan.com\\\/v15\\\/wp-content\\\/uploads\\\/2026\\\/04\\\/nt126.jpg\",\"articleSection\":[\"Noticias\"],\"inLanguage\":\"es\"},{\"@type\":\"WebPage\",\"@id\":\"https:\\\/\\\/www.quebakan.com\\\/v15\\\/natura-es-la-marca-lider-en-belleza-en-america-latina-por-noveno-ano-consecutivo-informa-euromonitor\\\/\",\"url\":\"https:\\\/\\\/www.quebakan.com\\\/v15\\\/natura-es-la-marca-lider-en-belleza-en-america-latina-por-noveno-ano-consecutivo-informa-euromonitor\\\/\",\"name\":\"Natura es la marca l\u00edder en belleza en Am\u00e9rica Latina por noveno a\u00f1o consecutivo, informa Euromonitor &#8211; QUEBAKAN.COM 2026: Noticias, Eventos, Conciertos y mucho m\u00e1s....\",\"isPartOf\":{\"@id\":\"https:\\\/\\\/www.quebakan.com\\\/v15\\\/#website\"},\"primaryImageOfPage\":{\"@id\":\"https:\\\/\\\/www.quebakan.com\\\/v15\\\/natura-es-la-marca-lider-en-belleza-en-america-latina-por-noveno-ano-consecutivo-informa-euromonitor\\\/#primaryimage\"},\"image\":{\"@id\":\"https:\\\/\\\/www.quebakan.com\\\/v15\\\/natura-es-la-marca-lider-en-belleza-en-america-latina-por-noveno-ano-consecutivo-informa-euromonitor\\\/#primaryimage\"},\"thumbnailUrl\":\"https:\\\/\\\/www.quebakan.com\\\/v15\\\/wp-content\\\/uploads\\\/2026\\\/04\\\/nt126.jpg\",\"datePublished\":\"2026-04-27T01:28:05+00:00\",\"breadcrumb\":{\"@id\":\"https:\\\/\\\/www.quebakan.com\\\/v15\\\/natura-es-la-marca-lider-en-belleza-en-america-latina-por-noveno-ano-consecutivo-informa-euromonitor\\\/#breadcrumb\"},\"inLanguage\":\"es\",\"potentialAction\":[{\"@type\":\"ReadAction\",\"target\":[\"https:\\\/\\\/www.quebakan.com\\\/v15\\\/natura-es-la-marca-lider-en-belleza-en-america-latina-por-noveno-ano-consecutivo-informa-euromonitor\\\/\"]}]},{\"@type\":\"ImageObject\",\"inLanguage\":\"es\",\"@id\":\"https:\\\/\\\/www.quebakan.com\\\/v15\\\/natura-es-la-marca-lider-en-belleza-en-america-latina-por-noveno-ano-consecutivo-informa-euromonitor\\\/#primaryimage\",\"url\":\"https:\\\/\\\/www.quebakan.com\\\/v15\\\/wp-content\\\/uploads\\\/2026\\\/04\\\/nt126.jpg\",\"contentUrl\":\"https:\\\/\\\/www.quebakan.com\\\/v15\\\/wp-content\\\/uploads\\\/2026\\\/04\\\/nt126.jpg\",\"width\":153,\"height\":61},{\"@type\":\"BreadcrumbList\",\"@id\":\"https:\\\/\\\/www.quebakan.com\\\/v15\\\/natura-es-la-marca-lider-en-belleza-en-america-latina-por-noveno-ano-consecutivo-informa-euromonitor\\\/#breadcrumb\",\"itemListElement\":[{\"@type\":\"ListItem\",\"position\":1,\"name\":\"Portada\",\"item\":\"https:\\\/\\\/www.quebakan.com\\\/v15\\\/\"},{\"@type\":\"ListItem\",\"position\":2,\"name\":\"Natura es la marca l\u00edder en belleza en Am\u00e9rica Latina por noveno a\u00f1o consecutivo, informa Euromonitor\"}]},{\"@type\":\"WebSite\",\"@id\":\"https:\\\/\\\/www.quebakan.com\\\/v15\\\/#website\",\"url\":\"https:\\\/\\\/www.quebakan.com\\\/v15\\\/\",\"name\":\"QUEBAKAN\",\"description\":\"..\",\"publisher\":{\"@id\":\"https:\\\/\\\/www.quebakan.com\\\/v15\\\/#organization\"},\"potentialAction\":[{\"@type\":\"SearchAction\",\"target\":{\"@type\":\"EntryPoint\",\"urlTemplate\":\"https:\\\/\\\/www.quebakan.com\\\/v15\\\/?s={search_term_string}\"},\"query-input\":{\"@type\":\"PropertyValueSpecification\",\"valueRequired\":true,\"valueName\":\"search_term_string\"}}],\"inLanguage\":\"es\"},{\"@type\":\"Organization\",\"@id\":\"https:\\\/\\\/www.quebakan.com\\\/v15\\\/#organization\",\"name\":\"Quebakan.com\",\"url\":\"https:\\\/\\\/www.quebakan.com\\\/v15\\\/\",\"logo\":{\"@type\":\"ImageObject\",\"inLanguage\":\"es\",\"@id\":\"https:\\\/\\\/www.quebakan.com\\\/v15\\\/#\\\/schema\\\/logo\\\/image\\\/\",\"url\":\"https:\\\/\\\/www.quebakan.com\\\/v15\\\/wp-content\\\/uploads\\\/2023\\\/07\\\/logoquebakanenero2021.jpg\",\"contentUrl\":\"https:\\\/\\\/www.quebakan.com\\\/v15\\\/wp-content\\\/uploads\\\/2023\\\/07\\\/logoquebakanenero2021.jpg\",\"width\":1920,\"height\":1080,\"caption\":\"Quebakan.com\"},\"image\":{\"@id\":\"https:\\\/\\\/www.quebakan.com\\\/v15\\\/#\\\/schema\\\/logo\\\/image\\\/\"},\"sameAs\":[\"http:\\\/\\\/www.facebook.com\\\/quebakan\",\"https:\\\/\\\/x.com\\\/quebakanec\",\"http:\\\/\\\/www.instagram.com\\\/quebakan\",\"http:\\\/\\\/www.youtube.com\\\/quebakan1\"]},{\"@type\":\"Person\",\"@id\":\"https:\\\/\\\/www.quebakan.com\\\/v15\\\/#\\\/schema\\\/person\\\/d90fa9f9cfa81eb8ace9811e5b7b9118\",\"name\":\"Erick Villafuerte\",\"image\":{\"@type\":\"ImageObject\",\"inLanguage\":\"es\",\"@id\":\"https:\\\/\\\/www.quebakan.com\\\/v15\\\/wp-content\\\/uploads\\\/avatars\\\/4\\\/1731297654-bpfull.png\",\"url\":\"https:\\\/\\\/www.quebakan.com\\\/v15\\\/wp-content\\\/uploads\\\/avatars\\\/4\\\/1731297654-bpfull.png\",\"contentUrl\":\"https:\\\/\\\/www.quebakan.com\\\/v15\\\/wp-content\\\/uploads\\\/avatars\\\/4\\\/1731297654-bpfull.png\",\"caption\":\"Erick Villafuerte\"}}]}<\/script>\n<!-- \/ Yoast SEO plugin. -->","yoast_head_json":{"title":"Natura es la marca l\u00edder en belleza en Am\u00e9rica Latina por noveno a\u00f1o consecutivo, informa Euromonitor &#8211; QUEBAKAN.COM 2026: Noticias, Eventos, Conciertos y mucho m\u00e1s....","robots":{"index":"index","follow":"follow","max-snippet":"max-snippet:-1","max-image-preview":"max-image-preview:large","max-video-preview":"max-video-preview:-1"},"canonical":"https:\/\/www.quebakan.com\/v15\/natura-es-la-marca-lider-en-belleza-en-america-latina-por-noveno-ano-consecutivo-informa-euromonitor\/","og_locale":"es_ES","og_type":"article","og_title":"Natura es la marca l\u00edder en belleza en Am\u00e9rica Latina por noveno a\u00f1o consecutivo, informa Euromonitor &#8211; QUEBAKAN.COM 2026: Noticias, Eventos, Conciertos y mucho m\u00e1s....","og_description":"&nbsp; La marca tambi\u00e9n es l\u00edder en fragancias en Am\u00e9rica Latina desde 2018 y se encuentra entre las cinco primeras a nivel mundial en este segmento. Adem\u00e1s, la marca Natura encabeza el ranking del sector de la belleza y el cuidado personal en Brasil, Argentina, Chile y Colombia, y ocupa el segundo puesto en M\u00e9xico [&hellip;]","og_url":"https:\/\/www.quebakan.com\/v15\/natura-es-la-marca-lider-en-belleza-en-america-latina-por-noveno-ano-consecutivo-informa-euromonitor\/","og_site_name":"QUEBAKAN.COM 2026: Noticias, Eventos, Conciertos y mucho m\u00e1s....","article_publisher":"http:\/\/www.facebook.com\/quebakan","article_published_time":"2026-04-27T01:28:05+00:00","og_image":[{"width":153,"height":61,"url":"https:\/\/www.quebakan.com\/v15\/wp-content\/uploads\/2026\/04\/nt126.jpg","type":"image\/jpeg"}],"author":"Erick Villafuerte","twitter_card":"summary_large_image","twitter_creator":"@quebakanec","twitter_site":"@quebakanec","twitter_misc":{"Escrito por":"Erick Villafuerte","Tiempo de lectura":"4 minutos"},"schema":{"@context":"https:\/\/schema.org","@graph":[{"@type":"Article","@id":"https:\/\/www.quebakan.com\/v15\/natura-es-la-marca-lider-en-belleza-en-america-latina-por-noveno-ano-consecutivo-informa-euromonitor\/#article","isPartOf":{"@id":"https:\/\/www.quebakan.com\/v15\/natura-es-la-marca-lider-en-belleza-en-america-latina-por-noveno-ano-consecutivo-informa-euromonitor\/"},"author":{"name":"Erick Villafuerte","@id":"https:\/\/www.quebakan.com\/v15\/#\/schema\/person\/d90fa9f9cfa81eb8ace9811e5b7b9118"},"headline":"Natura es la marca l\u00edder en belleza en Am\u00e9rica Latina por noveno a\u00f1o consecutivo, informa Euromonitor","datePublished":"2026-04-27T01:28:05+00:00","mainEntityOfPage":{"@id":"https:\/\/www.quebakan.com\/v15\/natura-es-la-marca-lider-en-belleza-en-america-latina-por-noveno-ano-consecutivo-informa-euromonitor\/"},"wordCount":748,"publisher":{"@id":"https:\/\/www.quebakan.com\/v15\/#organization"},"image":{"@id":"https:\/\/www.quebakan.com\/v15\/natura-es-la-marca-lider-en-belleza-en-america-latina-por-noveno-ano-consecutivo-informa-euromonitor\/#primaryimage"},"thumbnailUrl":"https:\/\/www.quebakan.com\/v15\/wp-content\/uploads\/2026\/04\/nt126.jpg","articleSection":["Noticias"],"inLanguage":"es"},{"@type":"WebPage","@id":"https:\/\/www.quebakan.com\/v15\/natura-es-la-marca-lider-en-belleza-en-america-latina-por-noveno-ano-consecutivo-informa-euromonitor\/","url":"https:\/\/www.quebakan.com\/v15\/natura-es-la-marca-lider-en-belleza-en-america-latina-por-noveno-ano-consecutivo-informa-euromonitor\/","name":"Natura es la marca l\u00edder en belleza en Am\u00e9rica Latina por noveno a\u00f1o consecutivo, informa Euromonitor &#8211; QUEBAKAN.COM 2026: Noticias, Eventos, Conciertos y mucho m\u00e1s....","isPartOf":{"@id":"https:\/\/www.quebakan.com\/v15\/#website"},"primaryImageOfPage":{"@id":"https:\/\/www.quebakan.com\/v15\/natura-es-la-marca-lider-en-belleza-en-america-latina-por-noveno-ano-consecutivo-informa-euromonitor\/#primaryimage"},"image":{"@id":"https:\/\/www.quebakan.com\/v15\/natura-es-la-marca-lider-en-belleza-en-america-latina-por-noveno-ano-consecutivo-informa-euromonitor\/#primaryimage"},"thumbnailUrl":"https:\/\/www.quebakan.com\/v15\/wp-content\/uploads\/2026\/04\/nt126.jpg","datePublished":"2026-04-27T01:28:05+00:00","breadcrumb":{"@id":"https:\/\/www.quebakan.com\/v15\/natura-es-la-marca-lider-en-belleza-en-america-latina-por-noveno-ano-consecutivo-informa-euromonitor\/#breadcrumb"},"inLanguage":"es","potentialAction":[{"@type":"ReadAction","target":["https:\/\/www.quebakan.com\/v15\/natura-es-la-marca-lider-en-belleza-en-america-latina-por-noveno-ano-consecutivo-informa-euromonitor\/"]}]},{"@type":"ImageObject","inLanguage":"es","@id":"https:\/\/www.quebakan.com\/v15\/natura-es-la-marca-lider-en-belleza-en-america-latina-por-noveno-ano-consecutivo-informa-euromonitor\/#primaryimage","url":"https:\/\/www.quebakan.com\/v15\/wp-content\/uploads\/2026\/04\/nt126.jpg","contentUrl":"https:\/\/www.quebakan.com\/v15\/wp-content\/uploads\/2026\/04\/nt126.jpg","width":153,"height":61},{"@type":"BreadcrumbList","@id":"https:\/\/www.quebakan.com\/v15\/natura-es-la-marca-lider-en-belleza-en-america-latina-por-noveno-ano-consecutivo-informa-euromonitor\/#breadcrumb","itemListElement":[{"@type":"ListItem","position":1,"name":"Portada","item":"https:\/\/www.quebakan.com\/v15\/"},{"@type":"ListItem","position":2,"name":"Natura es la marca l\u00edder en belleza en Am\u00e9rica Latina por noveno a\u00f1o consecutivo, informa Euromonitor"}]},{"@type":"WebSite","@id":"https:\/\/www.quebakan.com\/v15\/#website","url":"https:\/\/www.quebakan.com\/v15\/","name":"QUEBAKAN","description":"..","publisher":{"@id":"https:\/\/www.quebakan.com\/v15\/#organization"},"potentialAction":[{"@type":"SearchAction","target":{"@type":"EntryPoint","urlTemplate":"https:\/\/www.quebakan.com\/v15\/?s={search_term_string}"},"query-input":{"@type":"PropertyValueSpecification","valueRequired":true,"valueName":"search_term_string"}}],"inLanguage":"es"},{"@type":"Organization","@id":"https:\/\/www.quebakan.com\/v15\/#organization","name":"Quebakan.com","url":"https:\/\/www.quebakan.com\/v15\/","logo":{"@type":"ImageObject","inLanguage":"es","@id":"https:\/\/www.quebakan.com\/v15\/#\/schema\/logo\/image\/","url":"https:\/\/www.quebakan.com\/v15\/wp-content\/uploads\/2023\/07\/logoquebakanenero2021.jpg","contentUrl":"https:\/\/www.quebakan.com\/v15\/wp-content\/uploads\/2023\/07\/logoquebakanenero2021.jpg","width":1920,"height":1080,"caption":"Quebakan.com"},"image":{"@id":"https:\/\/www.quebakan.com\/v15\/#\/schema\/logo\/image\/"},"sameAs":["http:\/\/www.facebook.com\/quebakan","https:\/\/x.com\/quebakanec","http:\/\/www.instagram.com\/quebakan","http:\/\/www.youtube.com\/quebakan1"]},{"@type":"Person","@id":"https:\/\/www.quebakan.com\/v15\/#\/schema\/person\/d90fa9f9cfa81eb8ace9811e5b7b9118","name":"Erick Villafuerte","image":{"@type":"ImageObject","inLanguage":"es","@id":"https:\/\/www.quebakan.com\/v15\/wp-content\/uploads\/avatars\/4\/1731297654-bpfull.png","url":"https:\/\/www.quebakan.com\/v15\/wp-content\/uploads\/avatars\/4\/1731297654-bpfull.png","contentUrl":"https:\/\/www.quebakan.com\/v15\/wp-content\/uploads\/avatars\/4\/1731297654-bpfull.png","caption":"Erick Villafuerte"}}]}},"_links":{"self":[{"href":"https:\/\/www.quebakan.com\/v15\/wp-json\/wp\/v2\/posts\/141981","targetHints":{"allow":["GET"]}}],"collection":[{"href":"https:\/\/www.quebakan.com\/v15\/wp-json\/wp\/v2\/posts"}],"about":[{"href":"https:\/\/www.quebakan.com\/v15\/wp-json\/wp\/v2\/types\/post"}],"author":[{"embeddable":true,"href":"https:\/\/www.quebakan.com\/v15\/wp-json\/wp\/v2\/users\/4"}],"replies":[{"embeddable":true,"href":"https:\/\/www.quebakan.com\/v15\/wp-json\/wp\/v2\/comments?post=141981"}],"version-history":[{"count":1,"href":"https:\/\/www.quebakan.com\/v15\/wp-json\/wp\/v2\/posts\/141981\/revisions"}],"predecessor-version":[{"id":141983,"href":"https:\/\/www.quebakan.com\/v15\/wp-json\/wp\/v2\/posts\/141981\/revisions\/141983"}],"wp:featuredmedia":[{"embeddable":true,"href":"https:\/\/www.quebakan.com\/v15\/wp-json\/wp\/v2\/media\/141982"}],"wp:attachment":[{"href":"https:\/\/www.quebakan.com\/v15\/wp-json\/wp\/v2\/media?parent=141981"}],"wp:term":[{"taxonomy":"category","embeddable":true,"href":"https:\/\/www.quebakan.com\/v15\/wp-json\/wp\/v2\/categories?post=141981"},{"taxonomy":"post_tag","embeddable":true,"href":"https:\/\/www.quebakan.com\/v15\/wp-json\/wp\/v2\/tags?post=141981"}],"curies":[{"name":"wp","href":"https:\/\/api.w.org\/{rel}","templated":true}]}}