{"id":141985,"date":"2026-04-27T11:56:00","date_gmt":"2026-04-27T16:56:00","guid":{"rendered":"https:\/\/www.quebakan.com\/v15\/?p=141985"},"modified":"2026-04-27T11:56:00","modified_gmt":"2026-04-27T16:56:00","slug":"homenaje-a-juan-gabriel-el-regalo-perfecto-para-mama","status":"publish","type":"post","link":"https:\/\/www.quebakan.com\/v15\/homenaje-a-juan-gabriel-el-regalo-perfecto-para-mama\/","title":{"rendered":"Homenaje a Juan Gabriel &#8211; \u00a1El regalo perfecto para mam\u00e1!"},"content":{"rendered":"<p><img fetchpriority=\"high\" decoding=\"async\" class=\"aligncenter size-full wp-image-141986\" src=\"https:\/\/www.quebakan.com\/v15\/wp-content\/uploads\/2026\/04\/JUAN-GABRIEL-CON-FONDO.jpg\" alt=\"\" width=\"467\" height=\"700\" \/><\/p>\n<p style=\"text-align: justify;\"><span style=\"color: #000000;\">En mayo de 1990, en la ciudad de M\u00e9xico, El Divo de Ju\u00e1rez le regal\u00f3 al mundo el mejor show de su carrera en el Teatro Bellas Artes. Es el video con m\u00e1s reproducciones en su historia.\u00a0<strong>Enjoy Producciones<\/strong>\u00a0lo recrear\u00e1 para el p\u00fablico guayaquile\u00f1o que podr\u00e1 disfrutar de este incre\u00edble show con la voz de\u00a0<strong>Leonardo Escalante<\/strong>, quien es ya el mejor imitador de\u00a0<strong>Juan Gabriel<\/strong>\u00a0del mundo.\u00a0Estar\u00e1 acompa\u00f1ado de Mariachis, coro y banda en vivo para hacer de esa noche inolvidable con grandes \u00e9xitos como \u00abQuerida\u00bb,\u00bbTe sigo amando\u00bb, \u00abLa Diferencia\u00bb, \u00abAmor eterno\u00bb, \u00abNoa Noa\u00bb y muchos m\u00e1s.<\/span><\/p>\n<p style=\"text-align: justify;\"><span style=\"color: #000000;\">\u00a1Es el mejor homenaje a\u00a0<strong>Juan Gabriel<\/strong>\u00a0en Guayaquil para festejar a las madres!<\/span><\/p>\n<p style=\"text-align: justify;\"><span style=\"color: #000000;\"><strong>Guayaquil<\/strong><\/span><br \/>\n<span style=\"color: #000000;\">Teatro Centro de Arte<\/span><br \/>\n<span style=\"color: #000000;\">22 de mayo<\/span><br \/>\n<span style=\"color: #000000;\">20h00<\/span><\/p>\n<p style=\"text-align: justify;\"><span style=\"color: #000000;\">Las entradas est\u00e1n disponibles a trav\u00e9s de\u00a0<strong>Ticketshow<\/strong>, en su sitio web\u00a0<a style=\"color: #000000;\" href=\"https:\/\/na01.safelinks.protection.outlook.com\/?url=http%3A%2F%2Fwww.ticketshow.com.ec%2F&amp;data=05%7C02%7C%7C7394ce46d51140e3cc1808dea4632a1b%7C84df9e7fe9f640afb435aaaaaaaaaaaa%7C1%7C0%7C639128943097853956%7CUnknown%7CTWFpbGZsb3d8eyJFbXB0eU1hcGkiOnRydWUsIlYiOiIwLjAuMDAwMCIsIlAiOiJXaW4zMiIsIkFOIjoiTWFpbCIsIldUIjoyfQ%3D%3D%7C0%7C%7C%7C&amp;sdata=EOw8nCgtMwkByfUeR10MWkGSRpZ8D7QAPPoQQbr%2Fbg4%3D&amp;reserved=0\"><strong>www.ticketshow.com.ec<\/strong><\/a>, y en los puntos de venta oficiales:<\/span><\/p>\n<p style=\"text-align: justify;\"><span style=\"color: #000000;\"><strong>Guayaquil:<\/strong><\/span><\/p>\n<ul style=\"text-align: justify;\">\n<li><span style=\"color: #000000;\">Riocentro Entre R\u00edos<\/span><\/li>\n<li><span style=\"color: #000000;\">Riocentro Los Ceibos<\/span><\/li>\n<li><span style=\"color: #000000;\">Mall del Sol<\/span><\/li>\n<\/ul>\n<p style=\"text-align: justify;\"><span style=\"color: #000000;\">El ambate\u00f1o\u00a0<strong>Leonardo Escalante\u00a0<\/strong>conquist\u00f3 el\u00a0coraz\u00f3n de los ecuatorianos al interpretar a<strong>\u00a0Juan Gabriel<\/strong> en Yo Me Llamo. \u00c9l se convirti\u00f3 en el gran ganador de la sexta temporada. Tras presentaciones espectaculares, el \u2018Divo de Ju\u00e1rez\u2019 recibi\u00f3 el trofeo dorado que lo acredita como el mejor imitador del Ecuador. <strong>Leonardo Escalante<\/strong>\u00a0naci\u00f3 en Ambato, tiene 40 a\u00f1os y es un ejemplo de constancia y profesionalismo. Su camino por la m\u00fasica inici\u00f3 desde muy peque\u00f1o.<\/span><\/p>\n<p style=\"text-align: justify;\"><span style=\"color: #000000;\">A los 9 a\u00f1os empez\u00f3 a realizar presentaciones musicales con canciones de diversos g\u00e9neros. <em>\u00a0<\/em>A los 15 a\u00f1os ingres\u00f3 a un grupo de mariachis. Su sue\u00f1o siempre fue participar en Yo Me Llamo y lo logr\u00f3 en su tercer intento, en donde tras una dura y re\u00f1ida competencia se convirti\u00f3 en el ganador de la sexta temporada de. \u201cGracias Dios. Nunca hab\u00eda ganado nada en mi vida\u201d. Hoy tiene millares de seguidores y presentaciones a lo largo del pa\u00eds interpretando a<strong>\u00a0Juan Gabriel<\/strong>.<\/span><\/p>\n<p style=\"text-align: justify;\"><span style=\"color: #000000;\">Instagram<\/span><\/p>\n<p style=\"text-align: justify;\"><span style=\"color: #000000;\">@eldivo_jg<\/span><\/p>\n","protected":false},"excerpt":{"rendered":"<p>En mayo de 1990, en la ciudad de M\u00e9xico, El Divo de Ju\u00e1rez le regal\u00f3 al mundo el mejor show de su carrera en el Teatro Bellas Artes. Es el video con m\u00e1s reproducciones en su historia.\u00a0Enjoy Producciones\u00a0lo recrear\u00e1 para el p\u00fablico guayaquile\u00f1o que podr\u00e1 disfrutar de este incre\u00edble show con la voz de\u00a0Leonardo Escalante, [&hellip;]<\/p>\n","protected":false},"author":4,"featured_media":141986,"comment_status":"closed","ping_status":"closed","sticky":false,"template":"","format":"standard","meta":{"_bbp_topic_count":0,"_bbp_reply_count":0,"_bbp_total_topic_count":0,"_bbp_total_reply_count":0,"_bbp_voice_count":0,"_bbp_anonymous_reply_count":0,"_bbp_topic_count_hidden":0,"_bbp_reply_count_hidden":0,"_bbp_forum_subforum_count":0,"buzzeditor_post_format":"","footnotes":""},"categories":[2],"tags":[],"class_list":["post-141985","post","type-post","status-publish","format-standard","has-post-thumbnail","hentry","category-noticias"],"yoast_head":"<!-- This site is optimized with the Yoast SEO plugin v27.4 - https:\/\/yoast.com\/product\/yoast-seo-wordpress\/ -->\n<title>Homenaje a Juan Gabriel - \u00a1El regalo perfecto para mam\u00e1! &#8211; QUEBAKAN.COM 2026: Noticias, Eventos, Conciertos y mucho m\u00e1s....<\/title>\n<meta name=\"robots\" content=\"index, follow, max-snippet:-1, max-image-preview:large, max-video-preview:-1\" \/>\n<link rel=\"canonical\" href=\"https:\/\/www.quebakan.com\/v15\/homenaje-a-juan-gabriel-el-regalo-perfecto-para-mama\/\" \/>\n<meta property=\"og:locale\" content=\"es_ES\" \/>\n<meta property=\"og:type\" content=\"article\" \/>\n<meta property=\"og:title\" content=\"Homenaje a Juan Gabriel - \u00a1El regalo perfecto para mam\u00e1! &#8211; QUEBAKAN.COM 2026: Noticias, Eventos, Conciertos y mucho m\u00e1s....\" \/>\n<meta property=\"og:description\" content=\"En mayo de 1990, en la ciudad de M\u00e9xico, El Divo de Ju\u00e1rez le regal\u00f3 al mundo el mejor show de su carrera en el Teatro Bellas Artes. Es el video con m\u00e1s reproducciones en su historia.\u00a0Enjoy Producciones\u00a0lo recrear\u00e1 para el p\u00fablico guayaquile\u00f1o que podr\u00e1 disfrutar de este incre\u00edble show con la voz de\u00a0Leonardo Escalante, [&hellip;]\" \/>\n<meta property=\"og:url\" content=\"https:\/\/www.quebakan.com\/v15\/homenaje-a-juan-gabriel-el-regalo-perfecto-para-mama\/\" \/>\n<meta property=\"og:site_name\" content=\"QUEBAKAN.COM 2026: Noticias, Eventos, Conciertos y mucho m\u00e1s....\" \/>\n<meta property=\"article:publisher\" content=\"http:\/\/www.facebook.com\/quebakan\" \/>\n<meta property=\"article:published_time\" content=\"2026-04-27T16:56:00+00:00\" \/>\n<meta property=\"og:image\" content=\"https:\/\/www.quebakan.com\/v15\/wp-content\/uploads\/2026\/04\/JUAN-GABRIEL-CON-FONDO.jpg\" \/>\n\t<meta property=\"og:image:width\" content=\"467\" \/>\n\t<meta property=\"og:image:height\" content=\"700\" \/>\n\t<meta property=\"og:image:type\" content=\"image\/jpeg\" \/>\n<meta name=\"author\" content=\"Erick Villafuerte\" \/>\n<meta name=\"twitter:card\" content=\"summary_large_image\" \/>\n<meta name=\"twitter:creator\" content=\"@quebakanec\" \/>\n<meta name=\"twitter:site\" content=\"@quebakanec\" \/>\n<meta name=\"twitter:label1\" content=\"Escrito por\" \/>\n\t<meta name=\"twitter:data1\" content=\"Erick Villafuerte\" \/>\n\t<meta name=\"twitter:label2\" content=\"Tiempo de lectura\" \/>\n\t<meta name=\"twitter:data2\" content=\"2 minutos\" \/>\n<script type=\"application\/ld+json\" class=\"yoast-schema-graph\">{\"@context\":\"https:\\\/\\\/schema.org\",\"@graph\":[{\"@type\":\"Article\",\"@id\":\"https:\\\/\\\/www.quebakan.com\\\/v15\\\/homenaje-a-juan-gabriel-el-regalo-perfecto-para-mama\\\/#article\",\"isPartOf\":{\"@id\":\"https:\\\/\\\/www.quebakan.com\\\/v15\\\/homenaje-a-juan-gabriel-el-regalo-perfecto-para-mama\\\/\"},\"author\":{\"name\":\"Erick Villafuerte\",\"@id\":\"https:\\\/\\\/www.quebakan.com\\\/v15\\\/#\\\/schema\\\/person\\\/d90fa9f9cfa81eb8ace9811e5b7b9118\"},\"headline\":\"Homenaje a Juan Gabriel &#8211; \u00a1El regalo perfecto para mam\u00e1!\",\"datePublished\":\"2026-04-27T16:56:00+00:00\",\"mainEntityOfPage\":{\"@id\":\"https:\\\/\\\/www.quebakan.com\\\/v15\\\/homenaje-a-juan-gabriel-el-regalo-perfecto-para-mama\\\/\"},\"wordCount\":347,\"publisher\":{\"@id\":\"https:\\\/\\\/www.quebakan.com\\\/v15\\\/#organization\"},\"image\":{\"@id\":\"https:\\\/\\\/www.quebakan.com\\\/v15\\\/homenaje-a-juan-gabriel-el-regalo-perfecto-para-mama\\\/#primaryimage\"},\"thumbnailUrl\":\"https:\\\/\\\/www.quebakan.com\\\/v15\\\/wp-content\\\/uploads\\\/2026\\\/04\\\/JUAN-GABRIEL-CON-FONDO.jpg\",\"articleSection\":[\"Noticias\"],\"inLanguage\":\"es\"},{\"@type\":\"WebPage\",\"@id\":\"https:\\\/\\\/www.quebakan.com\\\/v15\\\/homenaje-a-juan-gabriel-el-regalo-perfecto-para-mama\\\/\",\"url\":\"https:\\\/\\\/www.quebakan.com\\\/v15\\\/homenaje-a-juan-gabriel-el-regalo-perfecto-para-mama\\\/\",\"name\":\"Homenaje a Juan Gabriel - \u00a1El regalo perfecto para mam\u00e1! &#8211; QUEBAKAN.COM 2026: Noticias, Eventos, Conciertos y mucho m\u00e1s....\",\"isPartOf\":{\"@id\":\"https:\\\/\\\/www.quebakan.com\\\/v15\\\/#website\"},\"primaryImageOfPage\":{\"@id\":\"https:\\\/\\\/www.quebakan.com\\\/v15\\\/homenaje-a-juan-gabriel-el-regalo-perfecto-para-mama\\\/#primaryimage\"},\"image\":{\"@id\":\"https:\\\/\\\/www.quebakan.com\\\/v15\\\/homenaje-a-juan-gabriel-el-regalo-perfecto-para-mama\\\/#primaryimage\"},\"thumbnailUrl\":\"https:\\\/\\\/www.quebakan.com\\\/v15\\\/wp-content\\\/uploads\\\/2026\\\/04\\\/JUAN-GABRIEL-CON-FONDO.jpg\",\"datePublished\":\"2026-04-27T16:56:00+00:00\",\"breadcrumb\":{\"@id\":\"https:\\\/\\\/www.quebakan.com\\\/v15\\\/homenaje-a-juan-gabriel-el-regalo-perfecto-para-mama\\\/#breadcrumb\"},\"inLanguage\":\"es\",\"potentialAction\":[{\"@type\":\"ReadAction\",\"target\":[\"https:\\\/\\\/www.quebakan.com\\\/v15\\\/homenaje-a-juan-gabriel-el-regalo-perfecto-para-mama\\\/\"]}]},{\"@type\":\"ImageObject\",\"inLanguage\":\"es\",\"@id\":\"https:\\\/\\\/www.quebakan.com\\\/v15\\\/homenaje-a-juan-gabriel-el-regalo-perfecto-para-mama\\\/#primaryimage\",\"url\":\"https:\\\/\\\/www.quebakan.com\\\/v15\\\/wp-content\\\/uploads\\\/2026\\\/04\\\/JUAN-GABRIEL-CON-FONDO.jpg\",\"contentUrl\":\"https:\\\/\\\/www.quebakan.com\\\/v15\\\/wp-content\\\/uploads\\\/2026\\\/04\\\/JUAN-GABRIEL-CON-FONDO.jpg\",\"width\":467,\"height\":700},{\"@type\":\"BreadcrumbList\",\"@id\":\"https:\\\/\\\/www.quebakan.com\\\/v15\\\/homenaje-a-juan-gabriel-el-regalo-perfecto-para-mama\\\/#breadcrumb\",\"itemListElement\":[{\"@type\":\"ListItem\",\"position\":1,\"name\":\"Portada\",\"item\":\"https:\\\/\\\/www.quebakan.com\\\/v15\\\/\"},{\"@type\":\"ListItem\",\"position\":2,\"name\":\"Homenaje a Juan Gabriel &#8211; \u00a1El regalo perfecto para mam\u00e1!\"}]},{\"@type\":\"WebSite\",\"@id\":\"https:\\\/\\\/www.quebakan.com\\\/v15\\\/#website\",\"url\":\"https:\\\/\\\/www.quebakan.com\\\/v15\\\/\",\"name\":\"QUEBAKAN\",\"description\":\"..\",\"publisher\":{\"@id\":\"https:\\\/\\\/www.quebakan.com\\\/v15\\\/#organization\"},\"potentialAction\":[{\"@type\":\"SearchAction\",\"target\":{\"@type\":\"EntryPoint\",\"urlTemplate\":\"https:\\\/\\\/www.quebakan.com\\\/v15\\\/?s={search_term_string}\"},\"query-input\":{\"@type\":\"PropertyValueSpecification\",\"valueRequired\":true,\"valueName\":\"search_term_string\"}}],\"inLanguage\":\"es\"},{\"@type\":\"Organization\",\"@id\":\"https:\\\/\\\/www.quebakan.com\\\/v15\\\/#organization\",\"name\":\"Quebakan.com\",\"url\":\"https:\\\/\\\/www.quebakan.com\\\/v15\\\/\",\"logo\":{\"@type\":\"ImageObject\",\"inLanguage\":\"es\",\"@id\":\"https:\\\/\\\/www.quebakan.com\\\/v15\\\/#\\\/schema\\\/logo\\\/image\\\/\",\"url\":\"https:\\\/\\\/www.quebakan.com\\\/v15\\\/wp-content\\\/uploads\\\/2023\\\/07\\\/logoquebakanenero2021.jpg\",\"contentUrl\":\"https:\\\/\\\/www.quebakan.com\\\/v15\\\/wp-content\\\/uploads\\\/2023\\\/07\\\/logoquebakanenero2021.jpg\",\"width\":1920,\"height\":1080,\"caption\":\"Quebakan.com\"},\"image\":{\"@id\":\"https:\\\/\\\/www.quebakan.com\\\/v15\\\/#\\\/schema\\\/logo\\\/image\\\/\"},\"sameAs\":[\"http:\\\/\\\/www.facebook.com\\\/quebakan\",\"https:\\\/\\\/x.com\\\/quebakanec\",\"http:\\\/\\\/www.instagram.com\\\/quebakan\",\"http:\\\/\\\/www.youtube.com\\\/quebakan1\"]},{\"@type\":\"Person\",\"@id\":\"https:\\\/\\\/www.quebakan.com\\\/v15\\\/#\\\/schema\\\/person\\\/d90fa9f9cfa81eb8ace9811e5b7b9118\",\"name\":\"Erick Villafuerte\",\"image\":{\"@type\":\"ImageObject\",\"inLanguage\":\"es\",\"@id\":\"https:\\\/\\\/www.quebakan.com\\\/v15\\\/wp-content\\\/uploads\\\/avatars\\\/4\\\/1731297654-bpfull.png\",\"url\":\"https:\\\/\\\/www.quebakan.com\\\/v15\\\/wp-content\\\/uploads\\\/avatars\\\/4\\\/1731297654-bpfull.png\",\"contentUrl\":\"https:\\\/\\\/www.quebakan.com\\\/v15\\\/wp-content\\\/uploads\\\/avatars\\\/4\\\/1731297654-bpfull.png\",\"caption\":\"Erick Villafuerte\"}}]}<\/script>\n<!-- \/ Yoast SEO plugin. -->","yoast_head_json":{"title":"Homenaje a Juan Gabriel - \u00a1El regalo perfecto para mam\u00e1! &#8211; QUEBAKAN.COM 2026: Noticias, Eventos, Conciertos y mucho m\u00e1s....","robots":{"index":"index","follow":"follow","max-snippet":"max-snippet:-1","max-image-preview":"max-image-preview:large","max-video-preview":"max-video-preview:-1"},"canonical":"https:\/\/www.quebakan.com\/v15\/homenaje-a-juan-gabriel-el-regalo-perfecto-para-mama\/","og_locale":"es_ES","og_type":"article","og_title":"Homenaje a Juan Gabriel - \u00a1El regalo perfecto para mam\u00e1! &#8211; QUEBAKAN.COM 2026: Noticias, Eventos, Conciertos y mucho m\u00e1s....","og_description":"En mayo de 1990, en la ciudad de M\u00e9xico, El Divo de Ju\u00e1rez le regal\u00f3 al mundo el mejor show de su carrera en el Teatro Bellas Artes. Es el video con m\u00e1s reproducciones en su historia.\u00a0Enjoy Producciones\u00a0lo recrear\u00e1 para el p\u00fablico guayaquile\u00f1o que podr\u00e1 disfrutar de este incre\u00edble show con la voz de\u00a0Leonardo Escalante, [&hellip;]","og_url":"https:\/\/www.quebakan.com\/v15\/homenaje-a-juan-gabriel-el-regalo-perfecto-para-mama\/","og_site_name":"QUEBAKAN.COM 2026: Noticias, Eventos, Conciertos y mucho m\u00e1s....","article_publisher":"http:\/\/www.facebook.com\/quebakan","article_published_time":"2026-04-27T16:56:00+00:00","og_image":[{"width":467,"height":700,"url":"https:\/\/www.quebakan.com\/v15\/wp-content\/uploads\/2026\/04\/JUAN-GABRIEL-CON-FONDO.jpg","type":"image\/jpeg"}],"author":"Erick Villafuerte","twitter_card":"summary_large_image","twitter_creator":"@quebakanec","twitter_site":"@quebakanec","twitter_misc":{"Escrito por":"Erick Villafuerte","Tiempo de lectura":"2 minutos"},"schema":{"@context":"https:\/\/schema.org","@graph":[{"@type":"Article","@id":"https:\/\/www.quebakan.com\/v15\/homenaje-a-juan-gabriel-el-regalo-perfecto-para-mama\/#article","isPartOf":{"@id":"https:\/\/www.quebakan.com\/v15\/homenaje-a-juan-gabriel-el-regalo-perfecto-para-mama\/"},"author":{"name":"Erick Villafuerte","@id":"https:\/\/www.quebakan.com\/v15\/#\/schema\/person\/d90fa9f9cfa81eb8ace9811e5b7b9118"},"headline":"Homenaje a Juan Gabriel &#8211; \u00a1El regalo perfecto para mam\u00e1!","datePublished":"2026-04-27T16:56:00+00:00","mainEntityOfPage":{"@id":"https:\/\/www.quebakan.com\/v15\/homenaje-a-juan-gabriel-el-regalo-perfecto-para-mama\/"},"wordCount":347,"publisher":{"@id":"https:\/\/www.quebakan.com\/v15\/#organization"},"image":{"@id":"https:\/\/www.quebakan.com\/v15\/homenaje-a-juan-gabriel-el-regalo-perfecto-para-mama\/#primaryimage"},"thumbnailUrl":"https:\/\/www.quebakan.com\/v15\/wp-content\/uploads\/2026\/04\/JUAN-GABRIEL-CON-FONDO.jpg","articleSection":["Noticias"],"inLanguage":"es"},{"@type":"WebPage","@id":"https:\/\/www.quebakan.com\/v15\/homenaje-a-juan-gabriel-el-regalo-perfecto-para-mama\/","url":"https:\/\/www.quebakan.com\/v15\/homenaje-a-juan-gabriel-el-regalo-perfecto-para-mama\/","name":"Homenaje a Juan Gabriel - \u00a1El regalo perfecto para mam\u00e1! &#8211; QUEBAKAN.COM 2026: Noticias, Eventos, Conciertos y mucho m\u00e1s....","isPartOf":{"@id":"https:\/\/www.quebakan.com\/v15\/#website"},"primaryImageOfPage":{"@id":"https:\/\/www.quebakan.com\/v15\/homenaje-a-juan-gabriel-el-regalo-perfecto-para-mama\/#primaryimage"},"image":{"@id":"https:\/\/www.quebakan.com\/v15\/homenaje-a-juan-gabriel-el-regalo-perfecto-para-mama\/#primaryimage"},"thumbnailUrl":"https:\/\/www.quebakan.com\/v15\/wp-content\/uploads\/2026\/04\/JUAN-GABRIEL-CON-FONDO.jpg","datePublished":"2026-04-27T16:56:00+00:00","breadcrumb":{"@id":"https:\/\/www.quebakan.com\/v15\/homenaje-a-juan-gabriel-el-regalo-perfecto-para-mama\/#breadcrumb"},"inLanguage":"es","potentialAction":[{"@type":"ReadAction","target":["https:\/\/www.quebakan.com\/v15\/homenaje-a-juan-gabriel-el-regalo-perfecto-para-mama\/"]}]},{"@type":"ImageObject","inLanguage":"es","@id":"https:\/\/www.quebakan.com\/v15\/homenaje-a-juan-gabriel-el-regalo-perfecto-para-mama\/#primaryimage","url":"https:\/\/www.quebakan.com\/v15\/wp-content\/uploads\/2026\/04\/JUAN-GABRIEL-CON-FONDO.jpg","contentUrl":"https:\/\/www.quebakan.com\/v15\/wp-content\/uploads\/2026\/04\/JUAN-GABRIEL-CON-FONDO.jpg","width":467,"height":700},{"@type":"BreadcrumbList","@id":"https:\/\/www.quebakan.com\/v15\/homenaje-a-juan-gabriel-el-regalo-perfecto-para-mama\/#breadcrumb","itemListElement":[{"@type":"ListItem","position":1,"name":"Portada","item":"https:\/\/www.quebakan.com\/v15\/"},{"@type":"ListItem","position":2,"name":"Homenaje a Juan Gabriel &#8211; \u00a1El regalo perfecto para mam\u00e1!"}]},{"@type":"WebSite","@id":"https:\/\/www.quebakan.com\/v15\/#website","url":"https:\/\/www.quebakan.com\/v15\/","name":"QUEBAKAN","description":"..","publisher":{"@id":"https:\/\/www.quebakan.com\/v15\/#organization"},"potentialAction":[{"@type":"SearchAction","target":{"@type":"EntryPoint","urlTemplate":"https:\/\/www.quebakan.com\/v15\/?s={search_term_string}"},"query-input":{"@type":"PropertyValueSpecification","valueRequired":true,"valueName":"search_term_string"}}],"inLanguage":"es"},{"@type":"Organization","@id":"https:\/\/www.quebakan.com\/v15\/#organization","name":"Quebakan.com","url":"https:\/\/www.quebakan.com\/v15\/","logo":{"@type":"ImageObject","inLanguage":"es","@id":"https:\/\/www.quebakan.com\/v15\/#\/schema\/logo\/image\/","url":"https:\/\/www.quebakan.com\/v15\/wp-content\/uploads\/2023\/07\/logoquebakanenero2021.jpg","contentUrl":"https:\/\/www.quebakan.com\/v15\/wp-content\/uploads\/2023\/07\/logoquebakanenero2021.jpg","width":1920,"height":1080,"caption":"Quebakan.com"},"image":{"@id":"https:\/\/www.quebakan.com\/v15\/#\/schema\/logo\/image\/"},"sameAs":["http:\/\/www.facebook.com\/quebakan","https:\/\/x.com\/quebakanec","http:\/\/www.instagram.com\/quebakan","http:\/\/www.youtube.com\/quebakan1"]},{"@type":"Person","@id":"https:\/\/www.quebakan.com\/v15\/#\/schema\/person\/d90fa9f9cfa81eb8ace9811e5b7b9118","name":"Erick Villafuerte","image":{"@type":"ImageObject","inLanguage":"es","@id":"https:\/\/www.quebakan.com\/v15\/wp-content\/uploads\/avatars\/4\/1731297654-bpfull.png","url":"https:\/\/www.quebakan.com\/v15\/wp-content\/uploads\/avatars\/4\/1731297654-bpfull.png","contentUrl":"https:\/\/www.quebakan.com\/v15\/wp-content\/uploads\/avatars\/4\/1731297654-bpfull.png","caption":"Erick Villafuerte"}}]}},"_links":{"self":[{"href":"https:\/\/www.quebakan.com\/v15\/wp-json\/wp\/v2\/posts\/141985","targetHints":{"allow":["GET"]}}],"collection":[{"href":"https:\/\/www.quebakan.com\/v15\/wp-json\/wp\/v2\/posts"}],"about":[{"href":"https:\/\/www.quebakan.com\/v15\/wp-json\/wp\/v2\/types\/post"}],"author":[{"embeddable":true,"href":"https:\/\/www.quebakan.com\/v15\/wp-json\/wp\/v2\/users\/4"}],"replies":[{"embeddable":true,"href":"https:\/\/www.quebakan.com\/v15\/wp-json\/wp\/v2\/comments?post=141985"}],"version-history":[{"count":1,"href":"https:\/\/www.quebakan.com\/v15\/wp-json\/wp\/v2\/posts\/141985\/revisions"}],"predecessor-version":[{"id":141987,"href":"https:\/\/www.quebakan.com\/v15\/wp-json\/wp\/v2\/posts\/141985\/revisions\/141987"}],"wp:featuredmedia":[{"embeddable":true,"href":"https:\/\/www.quebakan.com\/v15\/wp-json\/wp\/v2\/media\/141986"}],"wp:attachment":[{"href":"https:\/\/www.quebakan.com\/v15\/wp-json\/wp\/v2\/media?parent=141985"}],"wp:term":[{"taxonomy":"category","embeddable":true,"href":"https:\/\/www.quebakan.com\/v15\/wp-json\/wp\/v2\/categories?post=141985"},{"taxonomy":"post_tag","embeddable":true,"href":"https:\/\/www.quebakan.com\/v15\/wp-json\/wp\/v2\/tags?post=141985"}],"curies":[{"name":"wp","href":"https:\/\/api.w.org\/{rel}","templated":true}]}}