{"id":141988,"date":"2026-04-27T12:12:06","date_gmt":"2026-04-27T17:12:06","guid":{"rendered":"https:\/\/www.quebakan.com\/v15\/?p=141988"},"modified":"2026-04-27T12:12:06","modified_gmt":"2026-04-27T17:12:06","slug":"dongfeng-maresa-se-suma-a-galapagos-guardians-para-recuperar-las-riberas-del-rio-san-pedro","status":"publish","type":"post","link":"https:\/\/www.quebakan.com\/v15\/dongfeng-maresa-se-suma-a-galapagos-guardians-para-recuperar-las-riberas-del-rio-san-pedro\/","title":{"rendered":"Dongfeng Maresa se suma a Gal\u00e1pagos Guardians para recuperar las riberas del r\u00edo San Pedro"},"content":{"rendered":"<p><img fetchpriority=\"high\" decoding=\"async\" class=\"aligncenter size-full wp-image-141989\" src=\"https:\/\/www.quebakan.com\/v15\/wp-content\/uploads\/2026\/04\/FOTO-3-4.jpg\" alt=\"\" width=\"700\" height=\"462\" \/><\/p>\n<p style=\"text-align: justify;\"><span style=\"color: #000000;\"><strong>Quito, abril de 2026.- <\/strong>En el marco del D\u00eda de la Tierra, Dongfeng Maresa particip\u00f3 en una jornada de limpieza junto a Gal\u00e1pagos Guardians, como parte de su compromiso con la sostenibilidad y el cuidado del entorno.<\/span><\/p>\n<p style=\"text-align: justify;\"><span style=\"color: #000000;\">La actividad se realiz\u00f3 en las riberas del r\u00edo San Pedro, en Guangopolo, donde colaboradores y aliados estrat\u00e9gicos unieron esfuerzos para aportar a la recuperaci\u00f3n de este ecosistema. Durante la jornada se recolectaron y retiraron m\u00e1s de 457 libras de desechos, generando un impacto ambiental concreto en la zona.<\/span><\/p>\n<p style=\"text-align: justify;\"><span style=\"color: #000000;\">Esta acci\u00f3n forma parte del enfoque de responsabilidad social y ambiental de Maresa, orientado a promover iniciativas que conecten a sus equipos y aliados con causas de valor para las comunidades y el medio ambiente.<\/span><\/p>\n<p style=\"text-align: justify;\"><span style=\"color: #000000;\">\u201c<em>Creemos firmemente que el rol de las empresas va m\u00e1s all\u00e1 de la movilidad. Apostamos por generar impacto real a trav\u00e9s de acciones que contribuyan a un futuro m\u00e1s sostenible<\/em>\u201d, destac\u00f3 Andr\u00e9s Armend\u00e1riz, Gerente de Marketing de Dongfeng.<\/span><\/p>\n<p style=\"text-align: justify;\"><span style=\"color: #000000;\">La articulaci\u00f3n con Gal\u00e1pagos Guardians permiti\u00f3 ejecutar una jornada efectiva de limpieza y, al mismo tiempo, fortalecer la colaboraci\u00f3n entre el sector privado y organizaciones comprometidas con la protecci\u00f3n ambiental.<\/span><\/p>\n<p style=\"text-align: justify;\"><span style=\"color: #000000;\">Con este tipo de iniciativas, Dongfeng Maresa reafirma su compromiso con una gesti\u00f3n empresarial responsable, promoviendo acciones concretas que contribuyen al cuidado del entorno y a la construcci\u00f3n de una cultura m\u00e1s consciente frente a los desaf\u00edos ambientales.<\/span><\/p>\n","protected":false},"excerpt":{"rendered":"<p>Quito, abril de 2026.- En el marco del D\u00eda de la Tierra, Dongfeng Maresa particip\u00f3 en una jornada de limpieza junto a Gal\u00e1pagos Guardians, como parte de su compromiso con la sostenibilidad y el cuidado del entorno. La actividad se realiz\u00f3 en las riberas del r\u00edo San Pedro, en Guangopolo, donde colaboradores y aliados estrat\u00e9gicos [&hellip;]<\/p>\n","protected":false},"author":4,"featured_media":141989,"comment_status":"closed","ping_status":"closed","sticky":false,"template":"","format":"standard","meta":{"_bbp_topic_count":0,"_bbp_reply_count":0,"_bbp_total_topic_count":0,"_bbp_total_reply_count":0,"_bbp_voice_count":0,"_bbp_anonymous_reply_count":0,"_bbp_topic_count_hidden":0,"_bbp_reply_count_hidden":0,"_bbp_forum_subforum_count":0,"buzzeditor_post_format":"","footnotes":""},"categories":[2],"tags":[],"class_list":["post-141988","post","type-post","status-publish","format-standard","has-post-thumbnail","hentry","category-noticias"],"yoast_head":"<!-- This site is optimized with the Yoast SEO plugin v27.4 - https:\/\/yoast.com\/product\/yoast-seo-wordpress\/ -->\n<title>Dongfeng Maresa se suma a Gal\u00e1pagos Guardians para recuperar las riberas del r\u00edo San Pedro &#8211; QUEBAKAN.COM 2026: Noticias, Eventos, Conciertos y mucho m\u00e1s....<\/title>\n<meta name=\"robots\" content=\"index, follow, max-snippet:-1, max-image-preview:large, max-video-preview:-1\" \/>\n<link rel=\"canonical\" href=\"https:\/\/www.quebakan.com\/v15\/dongfeng-maresa-se-suma-a-galapagos-guardians-para-recuperar-las-riberas-del-rio-san-pedro\/\" \/>\n<meta property=\"og:locale\" content=\"es_ES\" \/>\n<meta property=\"og:type\" content=\"article\" \/>\n<meta property=\"og:title\" content=\"Dongfeng Maresa se suma a Gal\u00e1pagos Guardians para recuperar las riberas del r\u00edo San Pedro &#8211; QUEBAKAN.COM 2026: Noticias, Eventos, Conciertos y mucho m\u00e1s....\" \/>\n<meta property=\"og:description\" content=\"Quito, abril de 2026.- En el marco del D\u00eda de la Tierra, Dongfeng Maresa particip\u00f3 en una jornada de limpieza junto a Gal\u00e1pagos Guardians, como parte de su compromiso con la sostenibilidad y el cuidado del entorno. La actividad se realiz\u00f3 en las riberas del r\u00edo San Pedro, en Guangopolo, donde colaboradores y aliados estrat\u00e9gicos [&hellip;]\" \/>\n<meta property=\"og:url\" content=\"https:\/\/www.quebakan.com\/v15\/dongfeng-maresa-se-suma-a-galapagos-guardians-para-recuperar-las-riberas-del-rio-san-pedro\/\" \/>\n<meta property=\"og:site_name\" content=\"QUEBAKAN.COM 2026: Noticias, Eventos, Conciertos y mucho m\u00e1s....\" \/>\n<meta property=\"article:publisher\" content=\"http:\/\/www.facebook.com\/quebakan\" \/>\n<meta property=\"article:published_time\" content=\"2026-04-27T17:12:06+00:00\" \/>\n<meta property=\"og:image\" content=\"https:\/\/www.quebakan.com\/v15\/wp-content\/uploads\/2026\/04\/FOTO-3-4.jpg\" \/>\n\t<meta property=\"og:image:width\" content=\"700\" \/>\n\t<meta property=\"og:image:height\" content=\"462\" \/>\n\t<meta property=\"og:image:type\" content=\"image\/jpeg\" \/>\n<meta name=\"author\" content=\"Erick Villafuerte\" \/>\n<meta name=\"twitter:card\" content=\"summary_large_image\" \/>\n<meta name=\"twitter:creator\" content=\"@quebakanec\" \/>\n<meta name=\"twitter:site\" content=\"@quebakanec\" \/>\n<meta name=\"twitter:label1\" content=\"Escrito por\" \/>\n\t<meta name=\"twitter:data1\" content=\"Erick Villafuerte\" \/>\n\t<meta name=\"twitter:label2\" content=\"Tiempo de lectura\" \/>\n\t<meta name=\"twitter:data2\" content=\"2 minutos\" \/>\n<script type=\"application\/ld+json\" class=\"yoast-schema-graph\">{\"@context\":\"https:\\\/\\\/schema.org\",\"@graph\":[{\"@type\":\"Article\",\"@id\":\"https:\\\/\\\/www.quebakan.com\\\/v15\\\/dongfeng-maresa-se-suma-a-galapagos-guardians-para-recuperar-las-riberas-del-rio-san-pedro\\\/#article\",\"isPartOf\":{\"@id\":\"https:\\\/\\\/www.quebakan.com\\\/v15\\\/dongfeng-maresa-se-suma-a-galapagos-guardians-para-recuperar-las-riberas-del-rio-san-pedro\\\/\"},\"author\":{\"name\":\"Erick Villafuerte\",\"@id\":\"https:\\\/\\\/www.quebakan.com\\\/v15\\\/#\\\/schema\\\/person\\\/d90fa9f9cfa81eb8ace9811e5b7b9118\"},\"headline\":\"Dongfeng Maresa se suma a Gal\u00e1pagos Guardians para recuperar las riberas del r\u00edo San Pedro\",\"datePublished\":\"2026-04-27T17:12:06+00:00\",\"mainEntityOfPage\":{\"@id\":\"https:\\\/\\\/www.quebakan.com\\\/v15\\\/dongfeng-maresa-se-suma-a-galapagos-guardians-para-recuperar-las-riberas-del-rio-san-pedro\\\/\"},\"wordCount\":263,\"publisher\":{\"@id\":\"https:\\\/\\\/www.quebakan.com\\\/v15\\\/#organization\"},\"image\":{\"@id\":\"https:\\\/\\\/www.quebakan.com\\\/v15\\\/dongfeng-maresa-se-suma-a-galapagos-guardians-para-recuperar-las-riberas-del-rio-san-pedro\\\/#primaryimage\"},\"thumbnailUrl\":\"https:\\\/\\\/www.quebakan.com\\\/v15\\\/wp-content\\\/uploads\\\/2026\\\/04\\\/FOTO-3-4.jpg\",\"articleSection\":[\"Noticias\"],\"inLanguage\":\"es\"},{\"@type\":\"WebPage\",\"@id\":\"https:\\\/\\\/www.quebakan.com\\\/v15\\\/dongfeng-maresa-se-suma-a-galapagos-guardians-para-recuperar-las-riberas-del-rio-san-pedro\\\/\",\"url\":\"https:\\\/\\\/www.quebakan.com\\\/v15\\\/dongfeng-maresa-se-suma-a-galapagos-guardians-para-recuperar-las-riberas-del-rio-san-pedro\\\/\",\"name\":\"Dongfeng Maresa se suma a Gal\u00e1pagos Guardians para recuperar las riberas del r\u00edo San Pedro &#8211; QUEBAKAN.COM 2026: Noticias, Eventos, Conciertos y mucho m\u00e1s....\",\"isPartOf\":{\"@id\":\"https:\\\/\\\/www.quebakan.com\\\/v15\\\/#website\"},\"primaryImageOfPage\":{\"@id\":\"https:\\\/\\\/www.quebakan.com\\\/v15\\\/dongfeng-maresa-se-suma-a-galapagos-guardians-para-recuperar-las-riberas-del-rio-san-pedro\\\/#primaryimage\"},\"image\":{\"@id\":\"https:\\\/\\\/www.quebakan.com\\\/v15\\\/dongfeng-maresa-se-suma-a-galapagos-guardians-para-recuperar-las-riberas-del-rio-san-pedro\\\/#primaryimage\"},\"thumbnailUrl\":\"https:\\\/\\\/www.quebakan.com\\\/v15\\\/wp-content\\\/uploads\\\/2026\\\/04\\\/FOTO-3-4.jpg\",\"datePublished\":\"2026-04-27T17:12:06+00:00\",\"breadcrumb\":{\"@id\":\"https:\\\/\\\/www.quebakan.com\\\/v15\\\/dongfeng-maresa-se-suma-a-galapagos-guardians-para-recuperar-las-riberas-del-rio-san-pedro\\\/#breadcrumb\"},\"inLanguage\":\"es\",\"potentialAction\":[{\"@type\":\"ReadAction\",\"target\":[\"https:\\\/\\\/www.quebakan.com\\\/v15\\\/dongfeng-maresa-se-suma-a-galapagos-guardians-para-recuperar-las-riberas-del-rio-san-pedro\\\/\"]}]},{\"@type\":\"ImageObject\",\"inLanguage\":\"es\",\"@id\":\"https:\\\/\\\/www.quebakan.com\\\/v15\\\/dongfeng-maresa-se-suma-a-galapagos-guardians-para-recuperar-las-riberas-del-rio-san-pedro\\\/#primaryimage\",\"url\":\"https:\\\/\\\/www.quebakan.com\\\/v15\\\/wp-content\\\/uploads\\\/2026\\\/04\\\/FOTO-3-4.jpg\",\"contentUrl\":\"https:\\\/\\\/www.quebakan.com\\\/v15\\\/wp-content\\\/uploads\\\/2026\\\/04\\\/FOTO-3-4.jpg\",\"width\":700,\"height\":462},{\"@type\":\"BreadcrumbList\",\"@id\":\"https:\\\/\\\/www.quebakan.com\\\/v15\\\/dongfeng-maresa-se-suma-a-galapagos-guardians-para-recuperar-las-riberas-del-rio-san-pedro\\\/#breadcrumb\",\"itemListElement\":[{\"@type\":\"ListItem\",\"position\":1,\"name\":\"Portada\",\"item\":\"https:\\\/\\\/www.quebakan.com\\\/v15\\\/\"},{\"@type\":\"ListItem\",\"position\":2,\"name\":\"Dongfeng Maresa se suma a Gal\u00e1pagos Guardians para recuperar las riberas del r\u00edo San Pedro\"}]},{\"@type\":\"WebSite\",\"@id\":\"https:\\\/\\\/www.quebakan.com\\\/v15\\\/#website\",\"url\":\"https:\\\/\\\/www.quebakan.com\\\/v15\\\/\",\"name\":\"QUEBAKAN\",\"description\":\"..\",\"publisher\":{\"@id\":\"https:\\\/\\\/www.quebakan.com\\\/v15\\\/#organization\"},\"potentialAction\":[{\"@type\":\"SearchAction\",\"target\":{\"@type\":\"EntryPoint\",\"urlTemplate\":\"https:\\\/\\\/www.quebakan.com\\\/v15\\\/?s={search_term_string}\"},\"query-input\":{\"@type\":\"PropertyValueSpecification\",\"valueRequired\":true,\"valueName\":\"search_term_string\"}}],\"inLanguage\":\"es\"},{\"@type\":\"Organization\",\"@id\":\"https:\\\/\\\/www.quebakan.com\\\/v15\\\/#organization\",\"name\":\"Quebakan.com\",\"url\":\"https:\\\/\\\/www.quebakan.com\\\/v15\\\/\",\"logo\":{\"@type\":\"ImageObject\",\"inLanguage\":\"es\",\"@id\":\"https:\\\/\\\/www.quebakan.com\\\/v15\\\/#\\\/schema\\\/logo\\\/image\\\/\",\"url\":\"https:\\\/\\\/www.quebakan.com\\\/v15\\\/wp-content\\\/uploads\\\/2023\\\/07\\\/logoquebakanenero2021.jpg\",\"contentUrl\":\"https:\\\/\\\/www.quebakan.com\\\/v15\\\/wp-content\\\/uploads\\\/2023\\\/07\\\/logoquebakanenero2021.jpg\",\"width\":1920,\"height\":1080,\"caption\":\"Quebakan.com\"},\"image\":{\"@id\":\"https:\\\/\\\/www.quebakan.com\\\/v15\\\/#\\\/schema\\\/logo\\\/image\\\/\"},\"sameAs\":[\"http:\\\/\\\/www.facebook.com\\\/quebakan\",\"https:\\\/\\\/x.com\\\/quebakanec\",\"http:\\\/\\\/www.instagram.com\\\/quebakan\",\"http:\\\/\\\/www.youtube.com\\\/quebakan1\"]},{\"@type\":\"Person\",\"@id\":\"https:\\\/\\\/www.quebakan.com\\\/v15\\\/#\\\/schema\\\/person\\\/d90fa9f9cfa81eb8ace9811e5b7b9118\",\"name\":\"Erick Villafuerte\",\"image\":{\"@type\":\"ImageObject\",\"inLanguage\":\"es\",\"@id\":\"https:\\\/\\\/www.quebakan.com\\\/v15\\\/wp-content\\\/uploads\\\/avatars\\\/4\\\/1731297654-bpfull.png\",\"url\":\"https:\\\/\\\/www.quebakan.com\\\/v15\\\/wp-content\\\/uploads\\\/avatars\\\/4\\\/1731297654-bpfull.png\",\"contentUrl\":\"https:\\\/\\\/www.quebakan.com\\\/v15\\\/wp-content\\\/uploads\\\/avatars\\\/4\\\/1731297654-bpfull.png\",\"caption\":\"Erick Villafuerte\"}}]}<\/script>\n<!-- \/ Yoast SEO plugin. -->","yoast_head_json":{"title":"Dongfeng Maresa se suma a Gal\u00e1pagos Guardians para recuperar las riberas del r\u00edo San Pedro &#8211; QUEBAKAN.COM 2026: Noticias, Eventos, Conciertos y mucho m\u00e1s....","robots":{"index":"index","follow":"follow","max-snippet":"max-snippet:-1","max-image-preview":"max-image-preview:large","max-video-preview":"max-video-preview:-1"},"canonical":"https:\/\/www.quebakan.com\/v15\/dongfeng-maresa-se-suma-a-galapagos-guardians-para-recuperar-las-riberas-del-rio-san-pedro\/","og_locale":"es_ES","og_type":"article","og_title":"Dongfeng Maresa se suma a Gal\u00e1pagos Guardians para recuperar las riberas del r\u00edo San Pedro &#8211; QUEBAKAN.COM 2026: Noticias, Eventos, Conciertos y mucho m\u00e1s....","og_description":"Quito, abril de 2026.- En el marco del D\u00eda de la Tierra, Dongfeng Maresa particip\u00f3 en una jornada de limpieza junto a Gal\u00e1pagos Guardians, como parte de su compromiso con la sostenibilidad y el cuidado del entorno. La actividad se realiz\u00f3 en las riberas del r\u00edo San Pedro, en Guangopolo, donde colaboradores y aliados estrat\u00e9gicos [&hellip;]","og_url":"https:\/\/www.quebakan.com\/v15\/dongfeng-maresa-se-suma-a-galapagos-guardians-para-recuperar-las-riberas-del-rio-san-pedro\/","og_site_name":"QUEBAKAN.COM 2026: Noticias, Eventos, Conciertos y mucho m\u00e1s....","article_publisher":"http:\/\/www.facebook.com\/quebakan","article_published_time":"2026-04-27T17:12:06+00:00","og_image":[{"width":700,"height":462,"url":"https:\/\/www.quebakan.com\/v15\/wp-content\/uploads\/2026\/04\/FOTO-3-4.jpg","type":"image\/jpeg"}],"author":"Erick Villafuerte","twitter_card":"summary_large_image","twitter_creator":"@quebakanec","twitter_site":"@quebakanec","twitter_misc":{"Escrito por":"Erick Villafuerte","Tiempo de lectura":"2 minutos"},"schema":{"@context":"https:\/\/schema.org","@graph":[{"@type":"Article","@id":"https:\/\/www.quebakan.com\/v15\/dongfeng-maresa-se-suma-a-galapagos-guardians-para-recuperar-las-riberas-del-rio-san-pedro\/#article","isPartOf":{"@id":"https:\/\/www.quebakan.com\/v15\/dongfeng-maresa-se-suma-a-galapagos-guardians-para-recuperar-las-riberas-del-rio-san-pedro\/"},"author":{"name":"Erick Villafuerte","@id":"https:\/\/www.quebakan.com\/v15\/#\/schema\/person\/d90fa9f9cfa81eb8ace9811e5b7b9118"},"headline":"Dongfeng Maresa se suma a Gal\u00e1pagos Guardians para recuperar las riberas del r\u00edo San Pedro","datePublished":"2026-04-27T17:12:06+00:00","mainEntityOfPage":{"@id":"https:\/\/www.quebakan.com\/v15\/dongfeng-maresa-se-suma-a-galapagos-guardians-para-recuperar-las-riberas-del-rio-san-pedro\/"},"wordCount":263,"publisher":{"@id":"https:\/\/www.quebakan.com\/v15\/#organization"},"image":{"@id":"https:\/\/www.quebakan.com\/v15\/dongfeng-maresa-se-suma-a-galapagos-guardians-para-recuperar-las-riberas-del-rio-san-pedro\/#primaryimage"},"thumbnailUrl":"https:\/\/www.quebakan.com\/v15\/wp-content\/uploads\/2026\/04\/FOTO-3-4.jpg","articleSection":["Noticias"],"inLanguage":"es"},{"@type":"WebPage","@id":"https:\/\/www.quebakan.com\/v15\/dongfeng-maresa-se-suma-a-galapagos-guardians-para-recuperar-las-riberas-del-rio-san-pedro\/","url":"https:\/\/www.quebakan.com\/v15\/dongfeng-maresa-se-suma-a-galapagos-guardians-para-recuperar-las-riberas-del-rio-san-pedro\/","name":"Dongfeng Maresa se suma a Gal\u00e1pagos Guardians para recuperar las riberas del r\u00edo San Pedro &#8211; QUEBAKAN.COM 2026: Noticias, Eventos, Conciertos y mucho m\u00e1s....","isPartOf":{"@id":"https:\/\/www.quebakan.com\/v15\/#website"},"primaryImageOfPage":{"@id":"https:\/\/www.quebakan.com\/v15\/dongfeng-maresa-se-suma-a-galapagos-guardians-para-recuperar-las-riberas-del-rio-san-pedro\/#primaryimage"},"image":{"@id":"https:\/\/www.quebakan.com\/v15\/dongfeng-maresa-se-suma-a-galapagos-guardians-para-recuperar-las-riberas-del-rio-san-pedro\/#primaryimage"},"thumbnailUrl":"https:\/\/www.quebakan.com\/v15\/wp-content\/uploads\/2026\/04\/FOTO-3-4.jpg","datePublished":"2026-04-27T17:12:06+00:00","breadcrumb":{"@id":"https:\/\/www.quebakan.com\/v15\/dongfeng-maresa-se-suma-a-galapagos-guardians-para-recuperar-las-riberas-del-rio-san-pedro\/#breadcrumb"},"inLanguage":"es","potentialAction":[{"@type":"ReadAction","target":["https:\/\/www.quebakan.com\/v15\/dongfeng-maresa-se-suma-a-galapagos-guardians-para-recuperar-las-riberas-del-rio-san-pedro\/"]}]},{"@type":"ImageObject","inLanguage":"es","@id":"https:\/\/www.quebakan.com\/v15\/dongfeng-maresa-se-suma-a-galapagos-guardians-para-recuperar-las-riberas-del-rio-san-pedro\/#primaryimage","url":"https:\/\/www.quebakan.com\/v15\/wp-content\/uploads\/2026\/04\/FOTO-3-4.jpg","contentUrl":"https:\/\/www.quebakan.com\/v15\/wp-content\/uploads\/2026\/04\/FOTO-3-4.jpg","width":700,"height":462},{"@type":"BreadcrumbList","@id":"https:\/\/www.quebakan.com\/v15\/dongfeng-maresa-se-suma-a-galapagos-guardians-para-recuperar-las-riberas-del-rio-san-pedro\/#breadcrumb","itemListElement":[{"@type":"ListItem","position":1,"name":"Portada","item":"https:\/\/www.quebakan.com\/v15\/"},{"@type":"ListItem","position":2,"name":"Dongfeng Maresa se suma a Gal\u00e1pagos Guardians para recuperar las riberas del r\u00edo San Pedro"}]},{"@type":"WebSite","@id":"https:\/\/www.quebakan.com\/v15\/#website","url":"https:\/\/www.quebakan.com\/v15\/","name":"QUEBAKAN","description":"..","publisher":{"@id":"https:\/\/www.quebakan.com\/v15\/#organization"},"potentialAction":[{"@type":"SearchAction","target":{"@type":"EntryPoint","urlTemplate":"https:\/\/www.quebakan.com\/v15\/?s={search_term_string}"},"query-input":{"@type":"PropertyValueSpecification","valueRequired":true,"valueName":"search_term_string"}}],"inLanguage":"es"},{"@type":"Organization","@id":"https:\/\/www.quebakan.com\/v15\/#organization","name":"Quebakan.com","url":"https:\/\/www.quebakan.com\/v15\/","logo":{"@type":"ImageObject","inLanguage":"es","@id":"https:\/\/www.quebakan.com\/v15\/#\/schema\/logo\/image\/","url":"https:\/\/www.quebakan.com\/v15\/wp-content\/uploads\/2023\/07\/logoquebakanenero2021.jpg","contentUrl":"https:\/\/www.quebakan.com\/v15\/wp-content\/uploads\/2023\/07\/logoquebakanenero2021.jpg","width":1920,"height":1080,"caption":"Quebakan.com"},"image":{"@id":"https:\/\/www.quebakan.com\/v15\/#\/schema\/logo\/image\/"},"sameAs":["http:\/\/www.facebook.com\/quebakan","https:\/\/x.com\/quebakanec","http:\/\/www.instagram.com\/quebakan","http:\/\/www.youtube.com\/quebakan1"]},{"@type":"Person","@id":"https:\/\/www.quebakan.com\/v15\/#\/schema\/person\/d90fa9f9cfa81eb8ace9811e5b7b9118","name":"Erick Villafuerte","image":{"@type":"ImageObject","inLanguage":"es","@id":"https:\/\/www.quebakan.com\/v15\/wp-content\/uploads\/avatars\/4\/1731297654-bpfull.png","url":"https:\/\/www.quebakan.com\/v15\/wp-content\/uploads\/avatars\/4\/1731297654-bpfull.png","contentUrl":"https:\/\/www.quebakan.com\/v15\/wp-content\/uploads\/avatars\/4\/1731297654-bpfull.png","caption":"Erick Villafuerte"}}]}},"_links":{"self":[{"href":"https:\/\/www.quebakan.com\/v15\/wp-json\/wp\/v2\/posts\/141988","targetHints":{"allow":["GET"]}}],"collection":[{"href":"https:\/\/www.quebakan.com\/v15\/wp-json\/wp\/v2\/posts"}],"about":[{"href":"https:\/\/www.quebakan.com\/v15\/wp-json\/wp\/v2\/types\/post"}],"author":[{"embeddable":true,"href":"https:\/\/www.quebakan.com\/v15\/wp-json\/wp\/v2\/users\/4"}],"replies":[{"embeddable":true,"href":"https:\/\/www.quebakan.com\/v15\/wp-json\/wp\/v2\/comments?post=141988"}],"version-history":[{"count":1,"href":"https:\/\/www.quebakan.com\/v15\/wp-json\/wp\/v2\/posts\/141988\/revisions"}],"predecessor-version":[{"id":141990,"href":"https:\/\/www.quebakan.com\/v15\/wp-json\/wp\/v2\/posts\/141988\/revisions\/141990"}],"wp:featuredmedia":[{"embeddable":true,"href":"https:\/\/www.quebakan.com\/v15\/wp-json\/wp\/v2\/media\/141989"}],"wp:attachment":[{"href":"https:\/\/www.quebakan.com\/v15\/wp-json\/wp\/v2\/media?parent=141988"}],"wp:term":[{"taxonomy":"category","embeddable":true,"href":"https:\/\/www.quebakan.com\/v15\/wp-json\/wp\/v2\/categories?post=141988"},{"taxonomy":"post_tag","embeddable":true,"href":"https:\/\/www.quebakan.com\/v15\/wp-json\/wp\/v2\/tags?post=141988"}],"curies":[{"name":"wp","href":"https:\/\/api.w.org\/{rel}","templated":true}]}}