{"id":141991,"date":"2026-04-27T12:29:32","date_gmt":"2026-04-27T17:29:32","guid":{"rendered":"https:\/\/www.quebakan.com\/v15\/?p=141991"},"modified":"2026-04-27T12:29:32","modified_gmt":"2026-04-27T17:29:32","slug":"la-vacunacion-a-lo-largo-de-la-vida-es-clave-para-prevenir-enfermedades-y-proteger-a-la-comunidad","status":"publish","type":"post","link":"https:\/\/www.quebakan.com\/v15\/la-vacunacion-a-lo-largo-de-la-vida-es-clave-para-prevenir-enfermedades-y-proteger-a-la-comunidad\/","title":{"rendered":"La vacunaci\u00f3n a lo largo de la vida es clave para prevenir enfermedades y proteger a la comunidad"},"content":{"rendered":"<p><img fetchpriority=\"high\" decoding=\"async\" class=\"aligncenter size-full wp-image-141992\" src=\"https:\/\/www.quebakan.com\/v15\/wp-content\/uploads\/2026\/04\/Semana-de-la-Inmunizacion.jpg\" alt=\"\" width=\"700\" height=\"394\" \/><\/p>\n<p style=\"text-align: justify;\"><span style=\"color: #000000;\"><strong>Ecuador, abril de 2026.-<\/strong> En el marco de la Semana de la Inmunizaci\u00f3n, especialistas destacan la importancia de mantener al d\u00eda el esquema de vacunaci\u00f3n en todas las etapas de la vida, ya que la protecci\u00f3n de algunas vacunas puede disminuir con el tiempo y existen dosis espec\u00edficas seg\u00fan la edad; mantener las vacunas al d\u00eda no solo previene enfermedades graves, sino que tambi\u00e9n evita brotes y protege a la comunidad.<\/span><\/p>\n<p style=\"text-align: justify;\"><span style=\"color: #000000;\">En Ecuador, la inmunizaci\u00f3n sigue siendo una herramienta clave de salud p\u00fablica. De acuerdo con el Ministerio de Salud P\u00fablica (MSP), el esquema regular de vacunaci\u00f3n protege contra m\u00e1s de 15 enfermedades prevenibles, mientras que la Organizaci\u00f3n Panamericana de la Salud (OPS) advierte que la disminuci\u00f3n en coberturas en la regi\u00f3n aumenta el riesgo de reaparici\u00f3n de enfermedades como el sarampi\u00f3n.<\/span><\/p>\n<p style=\"text-align: justify;\"><span style=\"color: #000000;\">Las vacunas previenen enfermedades como sarampi\u00f3n, polio, influenza, hepatitis y VPH, entre otras, no completar los esquemas puede dejar a las personas con protecci\u00f3n insuficiente y aumentar el riesgo de contagio, adem\u00e1s de debilitar la inmunidad colectiva.<\/span><\/p>\n<p style=\"text-align: justify;\"><span style=\"color: #000000;\">\u201cLa vacunaci\u00f3n es importante durante toda la vida, ya que la inmunidad puede disminuir con el tiempo y existen vacunas espec\u00edficas para diferentes etapas. Mantener el esquema al d\u00eda ayuda a prevenir enfermedades graves y a proteger a toda la comunidad\u201d, explica la Dra. Lyssette Cardona, especialista en enfermedades infecciosas de Cleveland Clinic.<\/span><\/p>\n<p style=\"text-align: justify;\"><span style=\"color: #000000;\">Los especialistas recomiendan prestar especial atenci\u00f3n a la vacunaci\u00f3n en grupos como ni\u00f1os, adultos mayores, personas con enfermedades cr\u00f3nicas o sistemas inmunol\u00f3gicos debilitados, mujeres embarazadas y viajeros. Asimismo, destacan la importancia de seguir el calendario de vacunaci\u00f3n, llevar un registro actualizado y consultar regularmente con un profesional de la salud para recibir las vacunas correspondientes seg\u00fan la edad y condici\u00f3n m\u00e9dica.<\/span><\/p>\n<p style=\"text-align: justify;\"><span style=\"color: #000000;\">En un contexto donde las enfermedades prevenibles pueden reaparecer, la vacunaci\u00f3n contin\u00faa siendo una de las herramientas m\u00e1s seguras y eficaces para proteger la salud individual y colectiva.<\/span><\/p>\n","protected":false},"excerpt":{"rendered":"<p>Ecuador, abril de 2026.- En el marco de la Semana de la Inmunizaci\u00f3n, especialistas destacan la importancia de mantener al d\u00eda el esquema de vacunaci\u00f3n en todas las etapas de la vida, ya que la protecci\u00f3n de algunas vacunas puede disminuir con el tiempo y existen dosis espec\u00edficas seg\u00fan la edad; mantener las vacunas al [&hellip;]<\/p>\n","protected":false},"author":4,"featured_media":141992,"comment_status":"closed","ping_status":"closed","sticky":false,"template":"","format":"standard","meta":{"_bbp_topic_count":0,"_bbp_reply_count":0,"_bbp_total_topic_count":0,"_bbp_total_reply_count":0,"_bbp_voice_count":0,"_bbp_anonymous_reply_count":0,"_bbp_topic_count_hidden":0,"_bbp_reply_count_hidden":0,"_bbp_forum_subforum_count":0,"buzzeditor_post_format":"","footnotes":""},"categories":[2],"tags":[],"class_list":["post-141991","post","type-post","status-publish","format-standard","has-post-thumbnail","hentry","category-noticias"],"yoast_head":"<!-- This site is optimized with the Yoast SEO plugin v27.4 - https:\/\/yoast.com\/product\/yoast-seo-wordpress\/ -->\n<title>La vacunaci\u00f3n a lo largo de la vida es clave para prevenir enfermedades y proteger a la comunidad &#8211; QUEBAKAN.COM 2026: Noticias, Eventos, Conciertos y mucho m\u00e1s....<\/title>\n<meta name=\"robots\" content=\"index, follow, max-snippet:-1, max-image-preview:large, max-video-preview:-1\" \/>\n<link rel=\"canonical\" href=\"https:\/\/www.quebakan.com\/v15\/la-vacunacion-a-lo-largo-de-la-vida-es-clave-para-prevenir-enfermedades-y-proteger-a-la-comunidad\/\" \/>\n<meta property=\"og:locale\" content=\"es_ES\" \/>\n<meta property=\"og:type\" content=\"article\" \/>\n<meta property=\"og:title\" content=\"La vacunaci\u00f3n a lo largo de la vida es clave para prevenir enfermedades y proteger a la comunidad &#8211; QUEBAKAN.COM 2026: Noticias, Eventos, Conciertos y mucho m\u00e1s....\" \/>\n<meta property=\"og:description\" content=\"Ecuador, abril de 2026.- En el marco de la Semana de la Inmunizaci\u00f3n, especialistas destacan la importancia de mantener al d\u00eda el esquema de vacunaci\u00f3n en todas las etapas de la vida, ya que la protecci\u00f3n de algunas vacunas puede disminuir con el tiempo y existen dosis espec\u00edficas seg\u00fan la edad; mantener las vacunas al [&hellip;]\" \/>\n<meta property=\"og:url\" content=\"https:\/\/www.quebakan.com\/v15\/la-vacunacion-a-lo-largo-de-la-vida-es-clave-para-prevenir-enfermedades-y-proteger-a-la-comunidad\/\" \/>\n<meta property=\"og:site_name\" content=\"QUEBAKAN.COM 2026: Noticias, Eventos, Conciertos y mucho m\u00e1s....\" \/>\n<meta property=\"article:publisher\" content=\"http:\/\/www.facebook.com\/quebakan\" \/>\n<meta property=\"article:published_time\" content=\"2026-04-27T17:29:32+00:00\" \/>\n<meta property=\"og:image\" content=\"https:\/\/www.quebakan.com\/v15\/wp-content\/uploads\/2026\/04\/Semana-de-la-Inmunizacion.jpg\" \/>\n\t<meta property=\"og:image:width\" content=\"700\" \/>\n\t<meta property=\"og:image:height\" content=\"394\" \/>\n\t<meta property=\"og:image:type\" content=\"image\/jpeg\" \/>\n<meta name=\"author\" content=\"Erick Villafuerte\" \/>\n<meta name=\"twitter:card\" content=\"summary_large_image\" \/>\n<meta name=\"twitter:creator\" content=\"@quebakanec\" \/>\n<meta name=\"twitter:site\" content=\"@quebakanec\" \/>\n<meta name=\"twitter:label1\" content=\"Escrito por\" \/>\n\t<meta name=\"twitter:data1\" content=\"Erick Villafuerte\" \/>\n\t<meta name=\"twitter:label2\" content=\"Tiempo de lectura\" \/>\n\t<meta name=\"twitter:data2\" content=\"2 minutos\" \/>\n<script type=\"application\/ld+json\" class=\"yoast-schema-graph\">{\"@context\":\"https:\\\/\\\/schema.org\",\"@graph\":[{\"@type\":\"Article\",\"@id\":\"https:\\\/\\\/www.quebakan.com\\\/v15\\\/la-vacunacion-a-lo-largo-de-la-vida-es-clave-para-prevenir-enfermedades-y-proteger-a-la-comunidad\\\/#article\",\"isPartOf\":{\"@id\":\"https:\\\/\\\/www.quebakan.com\\\/v15\\\/la-vacunacion-a-lo-largo-de-la-vida-es-clave-para-prevenir-enfermedades-y-proteger-a-la-comunidad\\\/\"},\"author\":{\"name\":\"Erick Villafuerte\",\"@id\":\"https:\\\/\\\/www.quebakan.com\\\/v15\\\/#\\\/schema\\\/person\\\/d90fa9f9cfa81eb8ace9811e5b7b9118\"},\"headline\":\"La vacunaci\u00f3n a lo largo de la vida es clave para prevenir enfermedades y proteger a la comunidad\",\"datePublished\":\"2026-04-27T17:29:32+00:00\",\"mainEntityOfPage\":{\"@id\":\"https:\\\/\\\/www.quebakan.com\\\/v15\\\/la-vacunacion-a-lo-largo-de-la-vida-es-clave-para-prevenir-enfermedades-y-proteger-a-la-comunidad\\\/\"},\"wordCount\":365,\"publisher\":{\"@id\":\"https:\\\/\\\/www.quebakan.com\\\/v15\\\/#organization\"},\"image\":{\"@id\":\"https:\\\/\\\/www.quebakan.com\\\/v15\\\/la-vacunacion-a-lo-largo-de-la-vida-es-clave-para-prevenir-enfermedades-y-proteger-a-la-comunidad\\\/#primaryimage\"},\"thumbnailUrl\":\"https:\\\/\\\/www.quebakan.com\\\/v15\\\/wp-content\\\/uploads\\\/2026\\\/04\\\/Semana-de-la-Inmunizacion.jpg\",\"articleSection\":[\"Noticias\"],\"inLanguage\":\"es\"},{\"@type\":\"WebPage\",\"@id\":\"https:\\\/\\\/www.quebakan.com\\\/v15\\\/la-vacunacion-a-lo-largo-de-la-vida-es-clave-para-prevenir-enfermedades-y-proteger-a-la-comunidad\\\/\",\"url\":\"https:\\\/\\\/www.quebakan.com\\\/v15\\\/la-vacunacion-a-lo-largo-de-la-vida-es-clave-para-prevenir-enfermedades-y-proteger-a-la-comunidad\\\/\",\"name\":\"La vacunaci\u00f3n a lo largo de la vida es clave para prevenir enfermedades y proteger a la comunidad &#8211; QUEBAKAN.COM 2026: Noticias, Eventos, Conciertos y mucho m\u00e1s....\",\"isPartOf\":{\"@id\":\"https:\\\/\\\/www.quebakan.com\\\/v15\\\/#website\"},\"primaryImageOfPage\":{\"@id\":\"https:\\\/\\\/www.quebakan.com\\\/v15\\\/la-vacunacion-a-lo-largo-de-la-vida-es-clave-para-prevenir-enfermedades-y-proteger-a-la-comunidad\\\/#primaryimage\"},\"image\":{\"@id\":\"https:\\\/\\\/www.quebakan.com\\\/v15\\\/la-vacunacion-a-lo-largo-de-la-vida-es-clave-para-prevenir-enfermedades-y-proteger-a-la-comunidad\\\/#primaryimage\"},\"thumbnailUrl\":\"https:\\\/\\\/www.quebakan.com\\\/v15\\\/wp-content\\\/uploads\\\/2026\\\/04\\\/Semana-de-la-Inmunizacion.jpg\",\"datePublished\":\"2026-04-27T17:29:32+00:00\",\"breadcrumb\":{\"@id\":\"https:\\\/\\\/www.quebakan.com\\\/v15\\\/la-vacunacion-a-lo-largo-de-la-vida-es-clave-para-prevenir-enfermedades-y-proteger-a-la-comunidad\\\/#breadcrumb\"},\"inLanguage\":\"es\",\"potentialAction\":[{\"@type\":\"ReadAction\",\"target\":[\"https:\\\/\\\/www.quebakan.com\\\/v15\\\/la-vacunacion-a-lo-largo-de-la-vida-es-clave-para-prevenir-enfermedades-y-proteger-a-la-comunidad\\\/\"]}]},{\"@type\":\"ImageObject\",\"inLanguage\":\"es\",\"@id\":\"https:\\\/\\\/www.quebakan.com\\\/v15\\\/la-vacunacion-a-lo-largo-de-la-vida-es-clave-para-prevenir-enfermedades-y-proteger-a-la-comunidad\\\/#primaryimage\",\"url\":\"https:\\\/\\\/www.quebakan.com\\\/v15\\\/wp-content\\\/uploads\\\/2026\\\/04\\\/Semana-de-la-Inmunizacion.jpg\",\"contentUrl\":\"https:\\\/\\\/www.quebakan.com\\\/v15\\\/wp-content\\\/uploads\\\/2026\\\/04\\\/Semana-de-la-Inmunizacion.jpg\",\"width\":700,\"height\":394},{\"@type\":\"BreadcrumbList\",\"@id\":\"https:\\\/\\\/www.quebakan.com\\\/v15\\\/la-vacunacion-a-lo-largo-de-la-vida-es-clave-para-prevenir-enfermedades-y-proteger-a-la-comunidad\\\/#breadcrumb\",\"itemListElement\":[{\"@type\":\"ListItem\",\"position\":1,\"name\":\"Portada\",\"item\":\"https:\\\/\\\/www.quebakan.com\\\/v15\\\/\"},{\"@type\":\"ListItem\",\"position\":2,\"name\":\"La vacunaci\u00f3n a lo largo de la vida es clave para prevenir enfermedades y proteger a la comunidad\"}]},{\"@type\":\"WebSite\",\"@id\":\"https:\\\/\\\/www.quebakan.com\\\/v15\\\/#website\",\"url\":\"https:\\\/\\\/www.quebakan.com\\\/v15\\\/\",\"name\":\"QUEBAKAN\",\"description\":\"..\",\"publisher\":{\"@id\":\"https:\\\/\\\/www.quebakan.com\\\/v15\\\/#organization\"},\"potentialAction\":[{\"@type\":\"SearchAction\",\"target\":{\"@type\":\"EntryPoint\",\"urlTemplate\":\"https:\\\/\\\/www.quebakan.com\\\/v15\\\/?s={search_term_string}\"},\"query-input\":{\"@type\":\"PropertyValueSpecification\",\"valueRequired\":true,\"valueName\":\"search_term_string\"}}],\"inLanguage\":\"es\"},{\"@type\":\"Organization\",\"@id\":\"https:\\\/\\\/www.quebakan.com\\\/v15\\\/#organization\",\"name\":\"Quebakan.com\",\"url\":\"https:\\\/\\\/www.quebakan.com\\\/v15\\\/\",\"logo\":{\"@type\":\"ImageObject\",\"inLanguage\":\"es\",\"@id\":\"https:\\\/\\\/www.quebakan.com\\\/v15\\\/#\\\/schema\\\/logo\\\/image\\\/\",\"url\":\"https:\\\/\\\/www.quebakan.com\\\/v15\\\/wp-content\\\/uploads\\\/2023\\\/07\\\/logoquebakanenero2021.jpg\",\"contentUrl\":\"https:\\\/\\\/www.quebakan.com\\\/v15\\\/wp-content\\\/uploads\\\/2023\\\/07\\\/logoquebakanenero2021.jpg\",\"width\":1920,\"height\":1080,\"caption\":\"Quebakan.com\"},\"image\":{\"@id\":\"https:\\\/\\\/www.quebakan.com\\\/v15\\\/#\\\/schema\\\/logo\\\/image\\\/\"},\"sameAs\":[\"http:\\\/\\\/www.facebook.com\\\/quebakan\",\"https:\\\/\\\/x.com\\\/quebakanec\",\"http:\\\/\\\/www.instagram.com\\\/quebakan\",\"http:\\\/\\\/www.youtube.com\\\/quebakan1\"]},{\"@type\":\"Person\",\"@id\":\"https:\\\/\\\/www.quebakan.com\\\/v15\\\/#\\\/schema\\\/person\\\/d90fa9f9cfa81eb8ace9811e5b7b9118\",\"name\":\"Erick Villafuerte\",\"image\":{\"@type\":\"ImageObject\",\"inLanguage\":\"es\",\"@id\":\"https:\\\/\\\/www.quebakan.com\\\/v15\\\/wp-content\\\/uploads\\\/avatars\\\/4\\\/1731297654-bpfull.png\",\"url\":\"https:\\\/\\\/www.quebakan.com\\\/v15\\\/wp-content\\\/uploads\\\/avatars\\\/4\\\/1731297654-bpfull.png\",\"contentUrl\":\"https:\\\/\\\/www.quebakan.com\\\/v15\\\/wp-content\\\/uploads\\\/avatars\\\/4\\\/1731297654-bpfull.png\",\"caption\":\"Erick Villafuerte\"}}]}<\/script>\n<!-- \/ Yoast SEO plugin. -->","yoast_head_json":{"title":"La vacunaci\u00f3n a lo largo de la vida es clave para prevenir enfermedades y proteger a la comunidad &#8211; QUEBAKAN.COM 2026: Noticias, Eventos, Conciertos y mucho m\u00e1s....","robots":{"index":"index","follow":"follow","max-snippet":"max-snippet:-1","max-image-preview":"max-image-preview:large","max-video-preview":"max-video-preview:-1"},"canonical":"https:\/\/www.quebakan.com\/v15\/la-vacunacion-a-lo-largo-de-la-vida-es-clave-para-prevenir-enfermedades-y-proteger-a-la-comunidad\/","og_locale":"es_ES","og_type":"article","og_title":"La vacunaci\u00f3n a lo largo de la vida es clave para prevenir enfermedades y proteger a la comunidad &#8211; QUEBAKAN.COM 2026: Noticias, Eventos, Conciertos y mucho m\u00e1s....","og_description":"Ecuador, abril de 2026.- En el marco de la Semana de la Inmunizaci\u00f3n, especialistas destacan la importancia de mantener al d\u00eda el esquema de vacunaci\u00f3n en todas las etapas de la vida, ya que la protecci\u00f3n de algunas vacunas puede disminuir con el tiempo y existen dosis espec\u00edficas seg\u00fan la edad; mantener las vacunas al [&hellip;]","og_url":"https:\/\/www.quebakan.com\/v15\/la-vacunacion-a-lo-largo-de-la-vida-es-clave-para-prevenir-enfermedades-y-proteger-a-la-comunidad\/","og_site_name":"QUEBAKAN.COM 2026: Noticias, Eventos, Conciertos y mucho m\u00e1s....","article_publisher":"http:\/\/www.facebook.com\/quebakan","article_published_time":"2026-04-27T17:29:32+00:00","og_image":[{"width":700,"height":394,"url":"https:\/\/www.quebakan.com\/v15\/wp-content\/uploads\/2026\/04\/Semana-de-la-Inmunizacion.jpg","type":"image\/jpeg"}],"author":"Erick Villafuerte","twitter_card":"summary_large_image","twitter_creator":"@quebakanec","twitter_site":"@quebakanec","twitter_misc":{"Escrito por":"Erick Villafuerte","Tiempo de lectura":"2 minutos"},"schema":{"@context":"https:\/\/schema.org","@graph":[{"@type":"Article","@id":"https:\/\/www.quebakan.com\/v15\/la-vacunacion-a-lo-largo-de-la-vida-es-clave-para-prevenir-enfermedades-y-proteger-a-la-comunidad\/#article","isPartOf":{"@id":"https:\/\/www.quebakan.com\/v15\/la-vacunacion-a-lo-largo-de-la-vida-es-clave-para-prevenir-enfermedades-y-proteger-a-la-comunidad\/"},"author":{"name":"Erick Villafuerte","@id":"https:\/\/www.quebakan.com\/v15\/#\/schema\/person\/d90fa9f9cfa81eb8ace9811e5b7b9118"},"headline":"La vacunaci\u00f3n a lo largo de la vida es clave para prevenir enfermedades y proteger a la comunidad","datePublished":"2026-04-27T17:29:32+00:00","mainEntityOfPage":{"@id":"https:\/\/www.quebakan.com\/v15\/la-vacunacion-a-lo-largo-de-la-vida-es-clave-para-prevenir-enfermedades-y-proteger-a-la-comunidad\/"},"wordCount":365,"publisher":{"@id":"https:\/\/www.quebakan.com\/v15\/#organization"},"image":{"@id":"https:\/\/www.quebakan.com\/v15\/la-vacunacion-a-lo-largo-de-la-vida-es-clave-para-prevenir-enfermedades-y-proteger-a-la-comunidad\/#primaryimage"},"thumbnailUrl":"https:\/\/www.quebakan.com\/v15\/wp-content\/uploads\/2026\/04\/Semana-de-la-Inmunizacion.jpg","articleSection":["Noticias"],"inLanguage":"es"},{"@type":"WebPage","@id":"https:\/\/www.quebakan.com\/v15\/la-vacunacion-a-lo-largo-de-la-vida-es-clave-para-prevenir-enfermedades-y-proteger-a-la-comunidad\/","url":"https:\/\/www.quebakan.com\/v15\/la-vacunacion-a-lo-largo-de-la-vida-es-clave-para-prevenir-enfermedades-y-proteger-a-la-comunidad\/","name":"La vacunaci\u00f3n a lo largo de la vida es clave para prevenir enfermedades y proteger a la comunidad &#8211; QUEBAKAN.COM 2026: Noticias, Eventos, Conciertos y mucho m\u00e1s....","isPartOf":{"@id":"https:\/\/www.quebakan.com\/v15\/#website"},"primaryImageOfPage":{"@id":"https:\/\/www.quebakan.com\/v15\/la-vacunacion-a-lo-largo-de-la-vida-es-clave-para-prevenir-enfermedades-y-proteger-a-la-comunidad\/#primaryimage"},"image":{"@id":"https:\/\/www.quebakan.com\/v15\/la-vacunacion-a-lo-largo-de-la-vida-es-clave-para-prevenir-enfermedades-y-proteger-a-la-comunidad\/#primaryimage"},"thumbnailUrl":"https:\/\/www.quebakan.com\/v15\/wp-content\/uploads\/2026\/04\/Semana-de-la-Inmunizacion.jpg","datePublished":"2026-04-27T17:29:32+00:00","breadcrumb":{"@id":"https:\/\/www.quebakan.com\/v15\/la-vacunacion-a-lo-largo-de-la-vida-es-clave-para-prevenir-enfermedades-y-proteger-a-la-comunidad\/#breadcrumb"},"inLanguage":"es","potentialAction":[{"@type":"ReadAction","target":["https:\/\/www.quebakan.com\/v15\/la-vacunacion-a-lo-largo-de-la-vida-es-clave-para-prevenir-enfermedades-y-proteger-a-la-comunidad\/"]}]},{"@type":"ImageObject","inLanguage":"es","@id":"https:\/\/www.quebakan.com\/v15\/la-vacunacion-a-lo-largo-de-la-vida-es-clave-para-prevenir-enfermedades-y-proteger-a-la-comunidad\/#primaryimage","url":"https:\/\/www.quebakan.com\/v15\/wp-content\/uploads\/2026\/04\/Semana-de-la-Inmunizacion.jpg","contentUrl":"https:\/\/www.quebakan.com\/v15\/wp-content\/uploads\/2026\/04\/Semana-de-la-Inmunizacion.jpg","width":700,"height":394},{"@type":"BreadcrumbList","@id":"https:\/\/www.quebakan.com\/v15\/la-vacunacion-a-lo-largo-de-la-vida-es-clave-para-prevenir-enfermedades-y-proteger-a-la-comunidad\/#breadcrumb","itemListElement":[{"@type":"ListItem","position":1,"name":"Portada","item":"https:\/\/www.quebakan.com\/v15\/"},{"@type":"ListItem","position":2,"name":"La vacunaci\u00f3n a lo largo de la vida es clave para prevenir enfermedades y proteger a la comunidad"}]},{"@type":"WebSite","@id":"https:\/\/www.quebakan.com\/v15\/#website","url":"https:\/\/www.quebakan.com\/v15\/","name":"QUEBAKAN","description":"..","publisher":{"@id":"https:\/\/www.quebakan.com\/v15\/#organization"},"potentialAction":[{"@type":"SearchAction","target":{"@type":"EntryPoint","urlTemplate":"https:\/\/www.quebakan.com\/v15\/?s={search_term_string}"},"query-input":{"@type":"PropertyValueSpecification","valueRequired":true,"valueName":"search_term_string"}}],"inLanguage":"es"},{"@type":"Organization","@id":"https:\/\/www.quebakan.com\/v15\/#organization","name":"Quebakan.com","url":"https:\/\/www.quebakan.com\/v15\/","logo":{"@type":"ImageObject","inLanguage":"es","@id":"https:\/\/www.quebakan.com\/v15\/#\/schema\/logo\/image\/","url":"https:\/\/www.quebakan.com\/v15\/wp-content\/uploads\/2023\/07\/logoquebakanenero2021.jpg","contentUrl":"https:\/\/www.quebakan.com\/v15\/wp-content\/uploads\/2023\/07\/logoquebakanenero2021.jpg","width":1920,"height":1080,"caption":"Quebakan.com"},"image":{"@id":"https:\/\/www.quebakan.com\/v15\/#\/schema\/logo\/image\/"},"sameAs":["http:\/\/www.facebook.com\/quebakan","https:\/\/x.com\/quebakanec","http:\/\/www.instagram.com\/quebakan","http:\/\/www.youtube.com\/quebakan1"]},{"@type":"Person","@id":"https:\/\/www.quebakan.com\/v15\/#\/schema\/person\/d90fa9f9cfa81eb8ace9811e5b7b9118","name":"Erick Villafuerte","image":{"@type":"ImageObject","inLanguage":"es","@id":"https:\/\/www.quebakan.com\/v15\/wp-content\/uploads\/avatars\/4\/1731297654-bpfull.png","url":"https:\/\/www.quebakan.com\/v15\/wp-content\/uploads\/avatars\/4\/1731297654-bpfull.png","contentUrl":"https:\/\/www.quebakan.com\/v15\/wp-content\/uploads\/avatars\/4\/1731297654-bpfull.png","caption":"Erick Villafuerte"}}]}},"_links":{"self":[{"href":"https:\/\/www.quebakan.com\/v15\/wp-json\/wp\/v2\/posts\/141991","targetHints":{"allow":["GET"]}}],"collection":[{"href":"https:\/\/www.quebakan.com\/v15\/wp-json\/wp\/v2\/posts"}],"about":[{"href":"https:\/\/www.quebakan.com\/v15\/wp-json\/wp\/v2\/types\/post"}],"author":[{"embeddable":true,"href":"https:\/\/www.quebakan.com\/v15\/wp-json\/wp\/v2\/users\/4"}],"replies":[{"embeddable":true,"href":"https:\/\/www.quebakan.com\/v15\/wp-json\/wp\/v2\/comments?post=141991"}],"version-history":[{"count":1,"href":"https:\/\/www.quebakan.com\/v15\/wp-json\/wp\/v2\/posts\/141991\/revisions"}],"predecessor-version":[{"id":141993,"href":"https:\/\/www.quebakan.com\/v15\/wp-json\/wp\/v2\/posts\/141991\/revisions\/141993"}],"wp:featuredmedia":[{"embeddable":true,"href":"https:\/\/www.quebakan.com\/v15\/wp-json\/wp\/v2\/media\/141992"}],"wp:attachment":[{"href":"https:\/\/www.quebakan.com\/v15\/wp-json\/wp\/v2\/media?parent=141991"}],"wp:term":[{"taxonomy":"category","embeddable":true,"href":"https:\/\/www.quebakan.com\/v15\/wp-json\/wp\/v2\/categories?post=141991"},{"taxonomy":"post_tag","embeddable":true,"href":"https:\/\/www.quebakan.com\/v15\/wp-json\/wp\/v2\/tags?post=141991"}],"curies":[{"name":"wp","href":"https:\/\/api.w.org\/{rel}","templated":true}]}}