{"id":142016,"date":"2026-04-27T17:58:53","date_gmt":"2026-04-27T22:58:53","guid":{"rendered":"https:\/\/www.quebakan.com\/v15\/?p=142016"},"modified":"2026-04-27T17:58:53","modified_gmt":"2026-04-27T22:58:53","slug":"km-solutions-consolida-la-sostenibilidad-como-eje-de-la-transformacion-digital-en-ecuador","status":"publish","type":"post","link":"https:\/\/www.quebakan.com\/v15\/km-solutions-consolida-la-sostenibilidad-como-eje-de-la-transformacion-digital-en-ecuador\/","title":{"rendered":"KM Solutions consolida la sostenibilidad como eje de la transformaci\u00f3n digital en Ecuador"},"content":{"rendered":"<p><img fetchpriority=\"high\" decoding=\"async\" class=\"aligncenter size-full wp-image-142017\" src=\"https:\/\/www.quebakan.com\/v15\/wp-content\/uploads\/2026\/04\/IMG-20260424-WA0049.jpg\" alt=\"\" width=\"525\" height=\"700\" \/><\/p>\n<p style=\"text-align: justify;\"><span style=\"color: #000000;\"><strong><em>En la foto: <\/em><\/strong><em>Tatiana Bol\u00edvar, Angela Ch\u00e1vez y Ricardo Barrera colaboradores de KM Solutions.<\/em><\/span><\/p>\n<ul style=\"text-align: justify;\">\n<li><span style=\"color: #000000;\"><em>La compa\u00f1\u00eda, con 15 a\u00f1os de trayectoria, integra soluciones tecnol\u00f3gicas que reducen la huella de carbono en el sector productivo.<\/em><\/span><\/li>\n<li><span style=\"color: #000000;\"><em>M\u00e1s de 200 organizaciones en Ecuador ya han optimizado sus procesos con impacto directo en reducci\u00f3n de costos y desperdicios.<\/em><\/span><\/li>\n<\/ul>\n<p style=\"text-align: justify;\"><span style=\"color: #000000;\"><strong>Quito, abril de 2026.<\/strong> \u2013 En un entorno empresarial que exige mayor responsabilidad ambiental, KM Solutions ha evolucionado de ser un proveedor de servicios tecnol\u00f3gicos a convertirse en un aliado estrat\u00e9gico para la descarbonizaci\u00f3n de las organizaciones.<\/span><\/p>\n<p style=\"text-align: justify;\"><span style=\"color: #000000;\">A trav\u00e9s de la optimizaci\u00f3n de recursos y la digitalizaci\u00f3n, la firma ecuatoriana demuestra que la eficiencia operativa es el camino m\u00e1s corto hacia la sostenibilidad. A la fecha, la compa\u00f1\u00eda ha transformado la operaci\u00f3n de m\u00e1s de 200 organizaciones entre privadas y gubernamentales a nivel nacional, logrando automatizar sus procesos cr\u00edticos y mejorar significativamente el aprovechamiento de sus recursos, lo que se traduce en una reducci\u00f3n tangible de desperdicios y costos operativos.<\/span><\/p>\n<p style=\"text-align: justify;\"><span style=\"color: #000000;\">La gesti\u00f3n documental inteligente y la automatizaci\u00f3n de procesos se han convertido en las herramientas principales de la compa\u00f1\u00eda para combatir el impacto ambiental. Al digitalizar flujos de trabajo, KM Solutions no solo incrementa la productividad, sino que reduce dr\u00e1sticamente el uso de insumos f\u00edsicos y energ\u00eda en las oficinas.<\/span><\/p>\n<p style=\"text-align: justify;\"><span style=\"color: #000000;\"><em>\u00abLa sostenibilidad ha dejado de ser un discurso \u00e9tico para convertirse en una m\u00e9trica de competitividad. En KM Solutions, entendemos que cada proceso que automatizamos es una oportunidad para reducir el impacto ambiental de nuestros clientes. Tenemos una visi\u00f3n clara de liderar la transici\u00f3n hacia modelos de negocio donde el crecimiento econ\u00f3mico y el cuidado del entorno sean innegociables\u00bb,<\/em> afirma Diana Lara, CEO de KM Solutions.<\/span><\/p>\n<p style=\"text-align: justify;\"><span style=\"color: #000000;\">La apuesta de la compa\u00f1\u00eda ha trascendido el entorno corporativo. Conscientes de los retos de la transici\u00f3n energ\u00e9tica en el pa\u00eds, KM Solutions ha diversificado su portafolio para incluir tecnolog\u00edas orientadas a la movilidad el\u00e9ctrica y el consumo eficiente en el hogar. Esta diversificaci\u00f3n busca facilitar que tanto empresas como ciudadanos adopten h\u00e1bitos que contribuyan a un futuro m\u00e1s limpio.<\/span><\/p>\n<p style=\"text-align: justify;\"><span style=\"color: #000000;\">Lara enfatiza que el compromiso de la marca no es est\u00e1tico: <em>\u00abNo solo acompa\u00f1amos a las empresas en su transformaci\u00f3n digital; hoy impulsamos soluciones de movilidad y energ\u00eda que responden a una demanda ciudadana por un estilo de vida m\u00e1s responsable. La tecnolog\u00eda debe ser el veh\u00edculo para proteger nuestro ecosistema\u00bb.<\/em><\/span><\/p>\n<p style=\"text-align: justify;\"><span style=\"color: #000000;\">Con m\u00e1s de una d\u00e9cada y media en el mercado, KM Solutions reafirma su posici\u00f3n como referente en el ecosistema de innovaci\u00f3n ecuatoriano, alineando su estrategia de negocio con los Objetivos de Desarrollo Sostenible (ODS) y la eficiencia de recursos.<\/span><\/p>\n","protected":false},"excerpt":{"rendered":"<p>En la foto: Tatiana Bol\u00edvar, Angela Ch\u00e1vez y Ricardo Barrera colaboradores de KM Solutions. La compa\u00f1\u00eda, con 15 a\u00f1os de trayectoria, integra soluciones tecnol\u00f3gicas que reducen la huella de carbono en el sector productivo. M\u00e1s de 200 organizaciones en Ecuador ya han optimizado sus procesos con impacto directo en reducci\u00f3n de costos y desperdicios. Quito, [&hellip;]<\/p>\n","protected":false},"author":4,"featured_media":142017,"comment_status":"closed","ping_status":"closed","sticky":false,"template":"","format":"standard","meta":{"_bbp_topic_count":0,"_bbp_reply_count":0,"_bbp_total_topic_count":0,"_bbp_total_reply_count":0,"_bbp_voice_count":0,"_bbp_anonymous_reply_count":0,"_bbp_topic_count_hidden":0,"_bbp_reply_count_hidden":0,"_bbp_forum_subforum_count":0,"buzzeditor_post_format":"","footnotes":""},"categories":[2],"tags":[],"class_list":["post-142016","post","type-post","status-publish","format-standard","has-post-thumbnail","hentry","category-noticias"],"yoast_head":"<!-- This site is optimized with the Yoast SEO plugin v27.5 - https:\/\/yoast.com\/product\/yoast-seo-wordpress\/ -->\n<title>KM Solutions consolida la sostenibilidad como eje de la transformaci\u00f3n digital en Ecuador &#8211; QUEBAKAN.COM 2026: Noticias, Eventos, Conciertos y mucho m\u00e1s....<\/title>\n<meta name=\"robots\" content=\"index, follow, max-snippet:-1, max-image-preview:large, max-video-preview:-1\" \/>\n<link rel=\"canonical\" href=\"https:\/\/www.quebakan.com\/v15\/km-solutions-consolida-la-sostenibilidad-como-eje-de-la-transformacion-digital-en-ecuador\/\" \/>\n<meta property=\"og:locale\" content=\"es_ES\" \/>\n<meta property=\"og:type\" content=\"article\" \/>\n<meta property=\"og:title\" content=\"KM Solutions consolida la sostenibilidad como eje de la transformaci\u00f3n digital en Ecuador &#8211; QUEBAKAN.COM 2026: Noticias, Eventos, Conciertos y mucho m\u00e1s....\" \/>\n<meta property=\"og:description\" content=\"En la foto: Tatiana Bol\u00edvar, Angela Ch\u00e1vez y Ricardo Barrera colaboradores de KM Solutions. La compa\u00f1\u00eda, con 15 a\u00f1os de trayectoria, integra soluciones tecnol\u00f3gicas que reducen la huella de carbono en el sector productivo. M\u00e1s de 200 organizaciones en Ecuador ya han optimizado sus procesos con impacto directo en reducci\u00f3n de costos y desperdicios. Quito, [&hellip;]\" \/>\n<meta property=\"og:url\" content=\"https:\/\/www.quebakan.com\/v15\/km-solutions-consolida-la-sostenibilidad-como-eje-de-la-transformacion-digital-en-ecuador\/\" \/>\n<meta property=\"og:site_name\" content=\"QUEBAKAN.COM 2026: Noticias, Eventos, Conciertos y mucho m\u00e1s....\" \/>\n<meta property=\"article:publisher\" content=\"http:\/\/www.facebook.com\/quebakan\" \/>\n<meta property=\"article:published_time\" content=\"2026-04-27T22:58:53+00:00\" \/>\n<meta property=\"og:image\" content=\"https:\/\/www.quebakan.com\/v15\/wp-content\/uploads\/2026\/04\/IMG-20260424-WA0049.jpg\" \/>\n\t<meta property=\"og:image:width\" content=\"525\" \/>\n\t<meta property=\"og:image:height\" content=\"700\" \/>\n\t<meta property=\"og:image:type\" content=\"image\/jpeg\" \/>\n<meta name=\"author\" content=\"Erick Villafuerte\" \/>\n<meta name=\"twitter:card\" content=\"summary_large_image\" \/>\n<meta name=\"twitter:creator\" content=\"@quebakanec\" \/>\n<meta name=\"twitter:site\" content=\"@quebakanec\" \/>\n<meta name=\"twitter:label1\" content=\"Escrito por\" \/>\n\t<meta name=\"twitter:data1\" content=\"Erick Villafuerte\" \/>\n\t<meta name=\"twitter:label2\" content=\"Tiempo de lectura\" \/>\n\t<meta name=\"twitter:data2\" content=\"3 minutos\" \/>\n<script type=\"application\/ld+json\" class=\"yoast-schema-graph\">{\"@context\":\"https:\\\/\\\/schema.org\",\"@graph\":[{\"@type\":\"Article\",\"@id\":\"https:\\\/\\\/www.quebakan.com\\\/v15\\\/km-solutions-consolida-la-sostenibilidad-como-eje-de-la-transformacion-digital-en-ecuador\\\/#article\",\"isPartOf\":{\"@id\":\"https:\\\/\\\/www.quebakan.com\\\/v15\\\/km-solutions-consolida-la-sostenibilidad-como-eje-de-la-transformacion-digital-en-ecuador\\\/\"},\"author\":{\"name\":\"Erick Villafuerte\",\"@id\":\"https:\\\/\\\/www.quebakan.com\\\/v15\\\/#\\\/schema\\\/person\\\/d90fa9f9cfa81eb8ace9811e5b7b9118\"},\"headline\":\"KM Solutions consolida la sostenibilidad como eje de la transformaci\u00f3n digital en Ecuador\",\"datePublished\":\"2026-04-27T22:58:53+00:00\",\"mainEntityOfPage\":{\"@id\":\"https:\\\/\\\/www.quebakan.com\\\/v15\\\/km-solutions-consolida-la-sostenibilidad-como-eje-de-la-transformacion-digital-en-ecuador\\\/\"},\"wordCount\":489,\"publisher\":{\"@id\":\"https:\\\/\\\/www.quebakan.com\\\/v15\\\/#organization\"},\"image\":{\"@id\":\"https:\\\/\\\/www.quebakan.com\\\/v15\\\/km-solutions-consolida-la-sostenibilidad-como-eje-de-la-transformacion-digital-en-ecuador\\\/#primaryimage\"},\"thumbnailUrl\":\"https:\\\/\\\/www.quebakan.com\\\/v15\\\/wp-content\\\/uploads\\\/2026\\\/04\\\/IMG-20260424-WA0049.jpg\",\"articleSection\":[\"Noticias\"],\"inLanguage\":\"es\"},{\"@type\":\"WebPage\",\"@id\":\"https:\\\/\\\/www.quebakan.com\\\/v15\\\/km-solutions-consolida-la-sostenibilidad-como-eje-de-la-transformacion-digital-en-ecuador\\\/\",\"url\":\"https:\\\/\\\/www.quebakan.com\\\/v15\\\/km-solutions-consolida-la-sostenibilidad-como-eje-de-la-transformacion-digital-en-ecuador\\\/\",\"name\":\"KM Solutions consolida la sostenibilidad como eje de la transformaci\u00f3n digital en Ecuador &#8211; QUEBAKAN.COM 2026: Noticias, Eventos, Conciertos y mucho m\u00e1s....\",\"isPartOf\":{\"@id\":\"https:\\\/\\\/www.quebakan.com\\\/v15\\\/#website\"},\"primaryImageOfPage\":{\"@id\":\"https:\\\/\\\/www.quebakan.com\\\/v15\\\/km-solutions-consolida-la-sostenibilidad-como-eje-de-la-transformacion-digital-en-ecuador\\\/#primaryimage\"},\"image\":{\"@id\":\"https:\\\/\\\/www.quebakan.com\\\/v15\\\/km-solutions-consolida-la-sostenibilidad-como-eje-de-la-transformacion-digital-en-ecuador\\\/#primaryimage\"},\"thumbnailUrl\":\"https:\\\/\\\/www.quebakan.com\\\/v15\\\/wp-content\\\/uploads\\\/2026\\\/04\\\/IMG-20260424-WA0049.jpg\",\"datePublished\":\"2026-04-27T22:58:53+00:00\",\"breadcrumb\":{\"@id\":\"https:\\\/\\\/www.quebakan.com\\\/v15\\\/km-solutions-consolida-la-sostenibilidad-como-eje-de-la-transformacion-digital-en-ecuador\\\/#breadcrumb\"},\"inLanguage\":\"es\",\"potentialAction\":[{\"@type\":\"ReadAction\",\"target\":[\"https:\\\/\\\/www.quebakan.com\\\/v15\\\/km-solutions-consolida-la-sostenibilidad-como-eje-de-la-transformacion-digital-en-ecuador\\\/\"]}]},{\"@type\":\"ImageObject\",\"inLanguage\":\"es\",\"@id\":\"https:\\\/\\\/www.quebakan.com\\\/v15\\\/km-solutions-consolida-la-sostenibilidad-como-eje-de-la-transformacion-digital-en-ecuador\\\/#primaryimage\",\"url\":\"https:\\\/\\\/www.quebakan.com\\\/v15\\\/wp-content\\\/uploads\\\/2026\\\/04\\\/IMG-20260424-WA0049.jpg\",\"contentUrl\":\"https:\\\/\\\/www.quebakan.com\\\/v15\\\/wp-content\\\/uploads\\\/2026\\\/04\\\/IMG-20260424-WA0049.jpg\",\"width\":525,\"height\":700},{\"@type\":\"BreadcrumbList\",\"@id\":\"https:\\\/\\\/www.quebakan.com\\\/v15\\\/km-solutions-consolida-la-sostenibilidad-como-eje-de-la-transformacion-digital-en-ecuador\\\/#breadcrumb\",\"itemListElement\":[{\"@type\":\"ListItem\",\"position\":1,\"name\":\"Portada\",\"item\":\"https:\\\/\\\/www.quebakan.com\\\/v15\\\/\"},{\"@type\":\"ListItem\",\"position\":2,\"name\":\"KM Solutions consolida la sostenibilidad como eje de la transformaci\u00f3n digital en Ecuador\"}]},{\"@type\":\"WebSite\",\"@id\":\"https:\\\/\\\/www.quebakan.com\\\/v15\\\/#website\",\"url\":\"https:\\\/\\\/www.quebakan.com\\\/v15\\\/\",\"name\":\"QUEBAKAN\",\"description\":\"..\",\"publisher\":{\"@id\":\"https:\\\/\\\/www.quebakan.com\\\/v15\\\/#organization\"},\"potentialAction\":[{\"@type\":\"SearchAction\",\"target\":{\"@type\":\"EntryPoint\",\"urlTemplate\":\"https:\\\/\\\/www.quebakan.com\\\/v15\\\/?s={search_term_string}\"},\"query-input\":{\"@type\":\"PropertyValueSpecification\",\"valueRequired\":true,\"valueName\":\"search_term_string\"}}],\"inLanguage\":\"es\"},{\"@type\":\"Organization\",\"@id\":\"https:\\\/\\\/www.quebakan.com\\\/v15\\\/#organization\",\"name\":\"Quebakan.com\",\"url\":\"https:\\\/\\\/www.quebakan.com\\\/v15\\\/\",\"logo\":{\"@type\":\"ImageObject\",\"inLanguage\":\"es\",\"@id\":\"https:\\\/\\\/www.quebakan.com\\\/v15\\\/#\\\/schema\\\/logo\\\/image\\\/\",\"url\":\"https:\\\/\\\/www.quebakan.com\\\/v15\\\/wp-content\\\/uploads\\\/2023\\\/07\\\/logoquebakanenero2021.jpg\",\"contentUrl\":\"https:\\\/\\\/www.quebakan.com\\\/v15\\\/wp-content\\\/uploads\\\/2023\\\/07\\\/logoquebakanenero2021.jpg\",\"width\":1920,\"height\":1080,\"caption\":\"Quebakan.com\"},\"image\":{\"@id\":\"https:\\\/\\\/www.quebakan.com\\\/v15\\\/#\\\/schema\\\/logo\\\/image\\\/\"},\"sameAs\":[\"http:\\\/\\\/www.facebook.com\\\/quebakan\",\"https:\\\/\\\/x.com\\\/quebakanec\",\"http:\\\/\\\/www.instagram.com\\\/quebakan\",\"http:\\\/\\\/www.youtube.com\\\/quebakan1\"]},{\"@type\":\"Person\",\"@id\":\"https:\\\/\\\/www.quebakan.com\\\/v15\\\/#\\\/schema\\\/person\\\/d90fa9f9cfa81eb8ace9811e5b7b9118\",\"name\":\"Erick Villafuerte\",\"image\":{\"@type\":\"ImageObject\",\"inLanguage\":\"es\",\"@id\":\"https:\\\/\\\/www.quebakan.com\\\/v15\\\/wp-content\\\/uploads\\\/avatars\\\/4\\\/1731297654-bpfull.png\",\"url\":\"https:\\\/\\\/www.quebakan.com\\\/v15\\\/wp-content\\\/uploads\\\/avatars\\\/4\\\/1731297654-bpfull.png\",\"contentUrl\":\"https:\\\/\\\/www.quebakan.com\\\/v15\\\/wp-content\\\/uploads\\\/avatars\\\/4\\\/1731297654-bpfull.png\",\"caption\":\"Erick Villafuerte\"}}]}<\/script>\n<!-- \/ Yoast SEO plugin. -->","yoast_head_json":{"title":"KM Solutions consolida la sostenibilidad como eje de la transformaci\u00f3n digital en Ecuador &#8211; QUEBAKAN.COM 2026: Noticias, Eventos, Conciertos y mucho m\u00e1s....","robots":{"index":"index","follow":"follow","max-snippet":"max-snippet:-1","max-image-preview":"max-image-preview:large","max-video-preview":"max-video-preview:-1"},"canonical":"https:\/\/www.quebakan.com\/v15\/km-solutions-consolida-la-sostenibilidad-como-eje-de-la-transformacion-digital-en-ecuador\/","og_locale":"es_ES","og_type":"article","og_title":"KM Solutions consolida la sostenibilidad como eje de la transformaci\u00f3n digital en Ecuador &#8211; QUEBAKAN.COM 2026: Noticias, Eventos, Conciertos y mucho m\u00e1s....","og_description":"En la foto: Tatiana Bol\u00edvar, Angela Ch\u00e1vez y Ricardo Barrera colaboradores de KM Solutions. La compa\u00f1\u00eda, con 15 a\u00f1os de trayectoria, integra soluciones tecnol\u00f3gicas que reducen la huella de carbono en el sector productivo. M\u00e1s de 200 organizaciones en Ecuador ya han optimizado sus procesos con impacto directo en reducci\u00f3n de costos y desperdicios. Quito, [&hellip;]","og_url":"https:\/\/www.quebakan.com\/v15\/km-solutions-consolida-la-sostenibilidad-como-eje-de-la-transformacion-digital-en-ecuador\/","og_site_name":"QUEBAKAN.COM 2026: Noticias, Eventos, Conciertos y mucho m\u00e1s....","article_publisher":"http:\/\/www.facebook.com\/quebakan","article_published_time":"2026-04-27T22:58:53+00:00","og_image":[{"width":525,"height":700,"url":"https:\/\/www.quebakan.com\/v15\/wp-content\/uploads\/2026\/04\/IMG-20260424-WA0049.jpg","type":"image\/jpeg"}],"author":"Erick Villafuerte","twitter_card":"summary_large_image","twitter_creator":"@quebakanec","twitter_site":"@quebakanec","twitter_misc":{"Escrito por":"Erick Villafuerte","Tiempo de lectura":"3 minutos"},"schema":{"@context":"https:\/\/schema.org","@graph":[{"@type":"Article","@id":"https:\/\/www.quebakan.com\/v15\/km-solutions-consolida-la-sostenibilidad-como-eje-de-la-transformacion-digital-en-ecuador\/#article","isPartOf":{"@id":"https:\/\/www.quebakan.com\/v15\/km-solutions-consolida-la-sostenibilidad-como-eje-de-la-transformacion-digital-en-ecuador\/"},"author":{"name":"Erick Villafuerte","@id":"https:\/\/www.quebakan.com\/v15\/#\/schema\/person\/d90fa9f9cfa81eb8ace9811e5b7b9118"},"headline":"KM Solutions consolida la sostenibilidad como eje de la transformaci\u00f3n digital en Ecuador","datePublished":"2026-04-27T22:58:53+00:00","mainEntityOfPage":{"@id":"https:\/\/www.quebakan.com\/v15\/km-solutions-consolida-la-sostenibilidad-como-eje-de-la-transformacion-digital-en-ecuador\/"},"wordCount":489,"publisher":{"@id":"https:\/\/www.quebakan.com\/v15\/#organization"},"image":{"@id":"https:\/\/www.quebakan.com\/v15\/km-solutions-consolida-la-sostenibilidad-como-eje-de-la-transformacion-digital-en-ecuador\/#primaryimage"},"thumbnailUrl":"https:\/\/www.quebakan.com\/v15\/wp-content\/uploads\/2026\/04\/IMG-20260424-WA0049.jpg","articleSection":["Noticias"],"inLanguage":"es"},{"@type":"WebPage","@id":"https:\/\/www.quebakan.com\/v15\/km-solutions-consolida-la-sostenibilidad-como-eje-de-la-transformacion-digital-en-ecuador\/","url":"https:\/\/www.quebakan.com\/v15\/km-solutions-consolida-la-sostenibilidad-como-eje-de-la-transformacion-digital-en-ecuador\/","name":"KM Solutions consolida la sostenibilidad como eje de la transformaci\u00f3n digital en Ecuador &#8211; QUEBAKAN.COM 2026: Noticias, Eventos, Conciertos y mucho m\u00e1s....","isPartOf":{"@id":"https:\/\/www.quebakan.com\/v15\/#website"},"primaryImageOfPage":{"@id":"https:\/\/www.quebakan.com\/v15\/km-solutions-consolida-la-sostenibilidad-como-eje-de-la-transformacion-digital-en-ecuador\/#primaryimage"},"image":{"@id":"https:\/\/www.quebakan.com\/v15\/km-solutions-consolida-la-sostenibilidad-como-eje-de-la-transformacion-digital-en-ecuador\/#primaryimage"},"thumbnailUrl":"https:\/\/www.quebakan.com\/v15\/wp-content\/uploads\/2026\/04\/IMG-20260424-WA0049.jpg","datePublished":"2026-04-27T22:58:53+00:00","breadcrumb":{"@id":"https:\/\/www.quebakan.com\/v15\/km-solutions-consolida-la-sostenibilidad-como-eje-de-la-transformacion-digital-en-ecuador\/#breadcrumb"},"inLanguage":"es","potentialAction":[{"@type":"ReadAction","target":["https:\/\/www.quebakan.com\/v15\/km-solutions-consolida-la-sostenibilidad-como-eje-de-la-transformacion-digital-en-ecuador\/"]}]},{"@type":"ImageObject","inLanguage":"es","@id":"https:\/\/www.quebakan.com\/v15\/km-solutions-consolida-la-sostenibilidad-como-eje-de-la-transformacion-digital-en-ecuador\/#primaryimage","url":"https:\/\/www.quebakan.com\/v15\/wp-content\/uploads\/2026\/04\/IMG-20260424-WA0049.jpg","contentUrl":"https:\/\/www.quebakan.com\/v15\/wp-content\/uploads\/2026\/04\/IMG-20260424-WA0049.jpg","width":525,"height":700},{"@type":"BreadcrumbList","@id":"https:\/\/www.quebakan.com\/v15\/km-solutions-consolida-la-sostenibilidad-como-eje-de-la-transformacion-digital-en-ecuador\/#breadcrumb","itemListElement":[{"@type":"ListItem","position":1,"name":"Portada","item":"https:\/\/www.quebakan.com\/v15\/"},{"@type":"ListItem","position":2,"name":"KM Solutions consolida la sostenibilidad como eje de la transformaci\u00f3n digital en Ecuador"}]},{"@type":"WebSite","@id":"https:\/\/www.quebakan.com\/v15\/#website","url":"https:\/\/www.quebakan.com\/v15\/","name":"QUEBAKAN","description":"..","publisher":{"@id":"https:\/\/www.quebakan.com\/v15\/#organization"},"potentialAction":[{"@type":"SearchAction","target":{"@type":"EntryPoint","urlTemplate":"https:\/\/www.quebakan.com\/v15\/?s={search_term_string}"},"query-input":{"@type":"PropertyValueSpecification","valueRequired":true,"valueName":"search_term_string"}}],"inLanguage":"es"},{"@type":"Organization","@id":"https:\/\/www.quebakan.com\/v15\/#organization","name":"Quebakan.com","url":"https:\/\/www.quebakan.com\/v15\/","logo":{"@type":"ImageObject","inLanguage":"es","@id":"https:\/\/www.quebakan.com\/v15\/#\/schema\/logo\/image\/","url":"https:\/\/www.quebakan.com\/v15\/wp-content\/uploads\/2023\/07\/logoquebakanenero2021.jpg","contentUrl":"https:\/\/www.quebakan.com\/v15\/wp-content\/uploads\/2023\/07\/logoquebakanenero2021.jpg","width":1920,"height":1080,"caption":"Quebakan.com"},"image":{"@id":"https:\/\/www.quebakan.com\/v15\/#\/schema\/logo\/image\/"},"sameAs":["http:\/\/www.facebook.com\/quebakan","https:\/\/x.com\/quebakanec","http:\/\/www.instagram.com\/quebakan","http:\/\/www.youtube.com\/quebakan1"]},{"@type":"Person","@id":"https:\/\/www.quebakan.com\/v15\/#\/schema\/person\/d90fa9f9cfa81eb8ace9811e5b7b9118","name":"Erick Villafuerte","image":{"@type":"ImageObject","inLanguage":"es","@id":"https:\/\/www.quebakan.com\/v15\/wp-content\/uploads\/avatars\/4\/1731297654-bpfull.png","url":"https:\/\/www.quebakan.com\/v15\/wp-content\/uploads\/avatars\/4\/1731297654-bpfull.png","contentUrl":"https:\/\/www.quebakan.com\/v15\/wp-content\/uploads\/avatars\/4\/1731297654-bpfull.png","caption":"Erick Villafuerte"}}]}},"_links":{"self":[{"href":"https:\/\/www.quebakan.com\/v15\/wp-json\/wp\/v2\/posts\/142016","targetHints":{"allow":["GET"]}}],"collection":[{"href":"https:\/\/www.quebakan.com\/v15\/wp-json\/wp\/v2\/posts"}],"about":[{"href":"https:\/\/www.quebakan.com\/v15\/wp-json\/wp\/v2\/types\/post"}],"author":[{"embeddable":true,"href":"https:\/\/www.quebakan.com\/v15\/wp-json\/wp\/v2\/users\/4"}],"replies":[{"embeddable":true,"href":"https:\/\/www.quebakan.com\/v15\/wp-json\/wp\/v2\/comments?post=142016"}],"version-history":[{"count":1,"href":"https:\/\/www.quebakan.com\/v15\/wp-json\/wp\/v2\/posts\/142016\/revisions"}],"predecessor-version":[{"id":142018,"href":"https:\/\/www.quebakan.com\/v15\/wp-json\/wp\/v2\/posts\/142016\/revisions\/142018"}],"wp:featuredmedia":[{"embeddable":true,"href":"https:\/\/www.quebakan.com\/v15\/wp-json\/wp\/v2\/media\/142017"}],"wp:attachment":[{"href":"https:\/\/www.quebakan.com\/v15\/wp-json\/wp\/v2\/media?parent=142016"}],"wp:term":[{"taxonomy":"category","embeddable":true,"href":"https:\/\/www.quebakan.com\/v15\/wp-json\/wp\/v2\/categories?post=142016"},{"taxonomy":"post_tag","embeddable":true,"href":"https:\/\/www.quebakan.com\/v15\/wp-json\/wp\/v2\/tags?post=142016"}],"curies":[{"name":"wp","href":"https:\/\/api.w.org\/{rel}","templated":true}]}}