{"id":142019,"date":"2026-04-27T18:00:58","date_gmt":"2026-04-27T23:00:58","guid":{"rendered":"https:\/\/www.quebakan.com\/v15\/?p=142019"},"modified":"2026-04-27T18:00:58","modified_gmt":"2026-04-27T23:00:58","slug":"telconet-latam-es-reconocida-por-su-compromiso-con-la-sostenibilidad","status":"publish","type":"post","link":"https:\/\/www.quebakan.com\/v15\/telconet-latam-es-reconocida-por-su-compromiso-con-la-sostenibilidad\/","title":{"rendered":"Telconet Latam es reconocida por su compromiso con la sostenibilidad"},"content":{"rendered":"<p><img fetchpriority=\"high\" decoding=\"async\" class=\"aligncenter size-full wp-image-142020\" src=\"https:\/\/www.quebakan.com\/v15\/wp-content\/uploads\/2026\/04\/DSC00193.jpg\" alt=\"\" width=\"700\" height=\"470\" \/><\/p>\n<p style=\"text-align: justify;\"><span style=\"color: #000000;\"><strong><em>En la foto:<\/em><\/strong><em>\u00a0 Ing. Jorge Pilay, jefe Administrativo del Campus Tecnol\u00f3gico TelcoCity, y el Ing. Igor Krochin, presidente ejecutivo de Telconet LATAM.<\/em><\/span><\/p>\n<p style=\"text-align: justify;\"><span style=\"color: #000000;\"><strong>Ecuador, abril 2026.-<\/strong> Telconet Latam incorpora un nuevo reconocimiento a su trayectoria al obtener el <strong>Certificado de Empresa Alineada a los Objetivos de Desarrollo Sostenible (ODS),<\/strong> en categor\u00eda Silver. Este logro respalda su enfoque por integrar criterios de sostenibilidad en su operaci\u00f3n y estrategia de negocio.<\/span><\/p>\n<p style=\"text-align: justify;\"><span style=\"color: #000000;\">El reconocimiento pone en relieve uno de sus proyectos m\u00e1s representativos, la planta fotovoltaica instalada en el campus tecnol\u00f3gico TelcoCity en Guayaquil. Esta iniciativa refleja una apuesta concreta por el uso de energ\u00edas limpias y la optimizaci\u00f3n de recursos, aportando de manera directa al ODS 7, que se refiera a energ\u00eda asequible y no contaminante.<\/span><\/p>\n<p style=\"text-align: justify;\"><span style=\"color: #000000;\">M\u00e1s all\u00e1 del reconocimiento, la certificaci\u00f3n refuerza la propuesta de valor de la compa\u00f1\u00eda, centrada en brindar soluciones tecnol\u00f3gicas de alto nivel bajo un enfoque responsable. En ese camino, Telconet Latam consolida una visi\u00f3n en la que la innovaci\u00f3n se articula con pr\u00e1cticas sostenibles y medibles.<\/span><\/p>\n<p style=\"text-align: justify;\"><span style=\"color: #000000;\">De esta forma, la empresa contin\u00faa avanzando en la construcci\u00f3n de un modelo que integra conectividad, eficiencia y compromiso ambiental, alineado con las demandas actuales del sector y las expectativas de desarrollo a largo plazo.<\/span><\/p>\n","protected":false},"excerpt":{"rendered":"<p>En la foto:\u00a0 Ing. Jorge Pilay, jefe Administrativo del Campus Tecnol\u00f3gico TelcoCity, y el Ing. Igor Krochin, presidente ejecutivo de Telconet LATAM. Ecuador, abril 2026.- Telconet Latam incorpora un nuevo reconocimiento a su trayectoria al obtener el Certificado de Empresa Alineada a los Objetivos de Desarrollo Sostenible (ODS), en categor\u00eda Silver. Este logro respalda su [&hellip;]<\/p>\n","protected":false},"author":4,"featured_media":142020,"comment_status":"closed","ping_status":"closed","sticky":false,"template":"","format":"standard","meta":{"_bbp_topic_count":0,"_bbp_reply_count":0,"_bbp_total_topic_count":0,"_bbp_total_reply_count":0,"_bbp_voice_count":0,"_bbp_anonymous_reply_count":0,"_bbp_topic_count_hidden":0,"_bbp_reply_count_hidden":0,"_bbp_forum_subforum_count":0,"buzzeditor_post_format":"","footnotes":""},"categories":[2],"tags":[],"class_list":["post-142019","post","type-post","status-publish","format-standard","has-post-thumbnail","hentry","category-noticias"],"yoast_head":"<!-- This site is optimized with the Yoast SEO plugin v27.5 - https:\/\/yoast.com\/product\/yoast-seo-wordpress\/ -->\n<title>Telconet Latam es reconocida por su compromiso con la sostenibilidad &#8211; QUEBAKAN.COM 2026: Noticias, Eventos, Conciertos y mucho m\u00e1s....<\/title>\n<meta name=\"robots\" content=\"index, follow, max-snippet:-1, max-image-preview:large, max-video-preview:-1\" \/>\n<link rel=\"canonical\" href=\"https:\/\/www.quebakan.com\/v15\/telconet-latam-es-reconocida-por-su-compromiso-con-la-sostenibilidad\/\" \/>\n<meta property=\"og:locale\" content=\"es_ES\" \/>\n<meta property=\"og:type\" content=\"article\" \/>\n<meta property=\"og:title\" content=\"Telconet Latam es reconocida por su compromiso con la sostenibilidad &#8211; QUEBAKAN.COM 2026: Noticias, Eventos, Conciertos y mucho m\u00e1s....\" \/>\n<meta property=\"og:description\" content=\"En la foto:\u00a0 Ing. Jorge Pilay, jefe Administrativo del Campus Tecnol\u00f3gico TelcoCity, y el Ing. Igor Krochin, presidente ejecutivo de Telconet LATAM. Ecuador, abril 2026.- Telconet Latam incorpora un nuevo reconocimiento a su trayectoria al obtener el Certificado de Empresa Alineada a los Objetivos de Desarrollo Sostenible (ODS), en categor\u00eda Silver. Este logro respalda su [&hellip;]\" \/>\n<meta property=\"og:url\" content=\"https:\/\/www.quebakan.com\/v15\/telconet-latam-es-reconocida-por-su-compromiso-con-la-sostenibilidad\/\" \/>\n<meta property=\"og:site_name\" content=\"QUEBAKAN.COM 2026: Noticias, Eventos, Conciertos y mucho m\u00e1s....\" \/>\n<meta property=\"article:publisher\" content=\"http:\/\/www.facebook.com\/quebakan\" \/>\n<meta property=\"article:published_time\" content=\"2026-04-27T23:00:58+00:00\" \/>\n<meta property=\"og:image\" content=\"https:\/\/www.quebakan.com\/v15\/wp-content\/uploads\/2026\/04\/DSC00193.jpg\" \/>\n\t<meta property=\"og:image:width\" content=\"700\" \/>\n\t<meta property=\"og:image:height\" content=\"470\" \/>\n\t<meta property=\"og:image:type\" content=\"image\/jpeg\" \/>\n<meta name=\"author\" content=\"Erick Villafuerte\" \/>\n<meta name=\"twitter:card\" content=\"summary_large_image\" \/>\n<meta name=\"twitter:creator\" content=\"@quebakanec\" \/>\n<meta name=\"twitter:site\" content=\"@quebakanec\" \/>\n<meta name=\"twitter:label1\" content=\"Escrito por\" \/>\n\t<meta name=\"twitter:data1\" content=\"Erick Villafuerte\" \/>\n\t<meta name=\"twitter:label2\" content=\"Tiempo de lectura\" \/>\n\t<meta name=\"twitter:data2\" content=\"2 minutos\" \/>\n<script type=\"application\/ld+json\" class=\"yoast-schema-graph\">{\"@context\":\"https:\\\/\\\/schema.org\",\"@graph\":[{\"@type\":\"Article\",\"@id\":\"https:\\\/\\\/www.quebakan.com\\\/v15\\\/telconet-latam-es-reconocida-por-su-compromiso-con-la-sostenibilidad\\\/#article\",\"isPartOf\":{\"@id\":\"https:\\\/\\\/www.quebakan.com\\\/v15\\\/telconet-latam-es-reconocida-por-su-compromiso-con-la-sostenibilidad\\\/\"},\"author\":{\"name\":\"Erick Villafuerte\",\"@id\":\"https:\\\/\\\/www.quebakan.com\\\/v15\\\/#\\\/schema\\\/person\\\/d90fa9f9cfa81eb8ace9811e5b7b9118\"},\"headline\":\"Telconet Latam es reconocida por su compromiso con la sostenibilidad\",\"datePublished\":\"2026-04-27T23:00:58+00:00\",\"mainEntityOfPage\":{\"@id\":\"https:\\\/\\\/www.quebakan.com\\\/v15\\\/telconet-latam-es-reconocida-por-su-compromiso-con-la-sostenibilidad\\\/\"},\"wordCount\":230,\"publisher\":{\"@id\":\"https:\\\/\\\/www.quebakan.com\\\/v15\\\/#organization\"},\"image\":{\"@id\":\"https:\\\/\\\/www.quebakan.com\\\/v15\\\/telconet-latam-es-reconocida-por-su-compromiso-con-la-sostenibilidad\\\/#primaryimage\"},\"thumbnailUrl\":\"https:\\\/\\\/www.quebakan.com\\\/v15\\\/wp-content\\\/uploads\\\/2026\\\/04\\\/DSC00193.jpg\",\"articleSection\":[\"Noticias\"],\"inLanguage\":\"es\"},{\"@type\":\"WebPage\",\"@id\":\"https:\\\/\\\/www.quebakan.com\\\/v15\\\/telconet-latam-es-reconocida-por-su-compromiso-con-la-sostenibilidad\\\/\",\"url\":\"https:\\\/\\\/www.quebakan.com\\\/v15\\\/telconet-latam-es-reconocida-por-su-compromiso-con-la-sostenibilidad\\\/\",\"name\":\"Telconet Latam es reconocida por su compromiso con la sostenibilidad &#8211; QUEBAKAN.COM 2026: Noticias, Eventos, Conciertos y mucho m\u00e1s....\",\"isPartOf\":{\"@id\":\"https:\\\/\\\/www.quebakan.com\\\/v15\\\/#website\"},\"primaryImageOfPage\":{\"@id\":\"https:\\\/\\\/www.quebakan.com\\\/v15\\\/telconet-latam-es-reconocida-por-su-compromiso-con-la-sostenibilidad\\\/#primaryimage\"},\"image\":{\"@id\":\"https:\\\/\\\/www.quebakan.com\\\/v15\\\/telconet-latam-es-reconocida-por-su-compromiso-con-la-sostenibilidad\\\/#primaryimage\"},\"thumbnailUrl\":\"https:\\\/\\\/www.quebakan.com\\\/v15\\\/wp-content\\\/uploads\\\/2026\\\/04\\\/DSC00193.jpg\",\"datePublished\":\"2026-04-27T23:00:58+00:00\",\"breadcrumb\":{\"@id\":\"https:\\\/\\\/www.quebakan.com\\\/v15\\\/telconet-latam-es-reconocida-por-su-compromiso-con-la-sostenibilidad\\\/#breadcrumb\"},\"inLanguage\":\"es\",\"potentialAction\":[{\"@type\":\"ReadAction\",\"target\":[\"https:\\\/\\\/www.quebakan.com\\\/v15\\\/telconet-latam-es-reconocida-por-su-compromiso-con-la-sostenibilidad\\\/\"]}]},{\"@type\":\"ImageObject\",\"inLanguage\":\"es\",\"@id\":\"https:\\\/\\\/www.quebakan.com\\\/v15\\\/telconet-latam-es-reconocida-por-su-compromiso-con-la-sostenibilidad\\\/#primaryimage\",\"url\":\"https:\\\/\\\/www.quebakan.com\\\/v15\\\/wp-content\\\/uploads\\\/2026\\\/04\\\/DSC00193.jpg\",\"contentUrl\":\"https:\\\/\\\/www.quebakan.com\\\/v15\\\/wp-content\\\/uploads\\\/2026\\\/04\\\/DSC00193.jpg\",\"width\":700,\"height\":470},{\"@type\":\"BreadcrumbList\",\"@id\":\"https:\\\/\\\/www.quebakan.com\\\/v15\\\/telconet-latam-es-reconocida-por-su-compromiso-con-la-sostenibilidad\\\/#breadcrumb\",\"itemListElement\":[{\"@type\":\"ListItem\",\"position\":1,\"name\":\"Portada\",\"item\":\"https:\\\/\\\/www.quebakan.com\\\/v15\\\/\"},{\"@type\":\"ListItem\",\"position\":2,\"name\":\"Telconet Latam es reconocida por su compromiso con la sostenibilidad\"}]},{\"@type\":\"WebSite\",\"@id\":\"https:\\\/\\\/www.quebakan.com\\\/v15\\\/#website\",\"url\":\"https:\\\/\\\/www.quebakan.com\\\/v15\\\/\",\"name\":\"QUEBAKAN\",\"description\":\"..\",\"publisher\":{\"@id\":\"https:\\\/\\\/www.quebakan.com\\\/v15\\\/#organization\"},\"potentialAction\":[{\"@type\":\"SearchAction\",\"target\":{\"@type\":\"EntryPoint\",\"urlTemplate\":\"https:\\\/\\\/www.quebakan.com\\\/v15\\\/?s={search_term_string}\"},\"query-input\":{\"@type\":\"PropertyValueSpecification\",\"valueRequired\":true,\"valueName\":\"search_term_string\"}}],\"inLanguage\":\"es\"},{\"@type\":\"Organization\",\"@id\":\"https:\\\/\\\/www.quebakan.com\\\/v15\\\/#organization\",\"name\":\"Quebakan.com\",\"url\":\"https:\\\/\\\/www.quebakan.com\\\/v15\\\/\",\"logo\":{\"@type\":\"ImageObject\",\"inLanguage\":\"es\",\"@id\":\"https:\\\/\\\/www.quebakan.com\\\/v15\\\/#\\\/schema\\\/logo\\\/image\\\/\",\"url\":\"https:\\\/\\\/www.quebakan.com\\\/v15\\\/wp-content\\\/uploads\\\/2023\\\/07\\\/logoquebakanenero2021.jpg\",\"contentUrl\":\"https:\\\/\\\/www.quebakan.com\\\/v15\\\/wp-content\\\/uploads\\\/2023\\\/07\\\/logoquebakanenero2021.jpg\",\"width\":1920,\"height\":1080,\"caption\":\"Quebakan.com\"},\"image\":{\"@id\":\"https:\\\/\\\/www.quebakan.com\\\/v15\\\/#\\\/schema\\\/logo\\\/image\\\/\"},\"sameAs\":[\"http:\\\/\\\/www.facebook.com\\\/quebakan\",\"https:\\\/\\\/x.com\\\/quebakanec\",\"http:\\\/\\\/www.instagram.com\\\/quebakan\",\"http:\\\/\\\/www.youtube.com\\\/quebakan1\"]},{\"@type\":\"Person\",\"@id\":\"https:\\\/\\\/www.quebakan.com\\\/v15\\\/#\\\/schema\\\/person\\\/d90fa9f9cfa81eb8ace9811e5b7b9118\",\"name\":\"Erick Villafuerte\",\"image\":{\"@type\":\"ImageObject\",\"inLanguage\":\"es\",\"@id\":\"https:\\\/\\\/www.quebakan.com\\\/v15\\\/wp-content\\\/uploads\\\/avatars\\\/4\\\/1731297654-bpfull.png\",\"url\":\"https:\\\/\\\/www.quebakan.com\\\/v15\\\/wp-content\\\/uploads\\\/avatars\\\/4\\\/1731297654-bpfull.png\",\"contentUrl\":\"https:\\\/\\\/www.quebakan.com\\\/v15\\\/wp-content\\\/uploads\\\/avatars\\\/4\\\/1731297654-bpfull.png\",\"caption\":\"Erick Villafuerte\"}}]}<\/script>\n<!-- \/ Yoast SEO plugin. -->","yoast_head_json":{"title":"Telconet Latam es reconocida por su compromiso con la sostenibilidad &#8211; QUEBAKAN.COM 2026: Noticias, Eventos, Conciertos y mucho m\u00e1s....","robots":{"index":"index","follow":"follow","max-snippet":"max-snippet:-1","max-image-preview":"max-image-preview:large","max-video-preview":"max-video-preview:-1"},"canonical":"https:\/\/www.quebakan.com\/v15\/telconet-latam-es-reconocida-por-su-compromiso-con-la-sostenibilidad\/","og_locale":"es_ES","og_type":"article","og_title":"Telconet Latam es reconocida por su compromiso con la sostenibilidad &#8211; QUEBAKAN.COM 2026: Noticias, Eventos, Conciertos y mucho m\u00e1s....","og_description":"En la foto:\u00a0 Ing. Jorge Pilay, jefe Administrativo del Campus Tecnol\u00f3gico TelcoCity, y el Ing. Igor Krochin, presidente ejecutivo de Telconet LATAM. Ecuador, abril 2026.- Telconet Latam incorpora un nuevo reconocimiento a su trayectoria al obtener el Certificado de Empresa Alineada a los Objetivos de Desarrollo Sostenible (ODS), en categor\u00eda Silver. Este logro respalda su [&hellip;]","og_url":"https:\/\/www.quebakan.com\/v15\/telconet-latam-es-reconocida-por-su-compromiso-con-la-sostenibilidad\/","og_site_name":"QUEBAKAN.COM 2026: Noticias, Eventos, Conciertos y mucho m\u00e1s....","article_publisher":"http:\/\/www.facebook.com\/quebakan","article_published_time":"2026-04-27T23:00:58+00:00","og_image":[{"width":700,"height":470,"url":"https:\/\/www.quebakan.com\/v15\/wp-content\/uploads\/2026\/04\/DSC00193.jpg","type":"image\/jpeg"}],"author":"Erick Villafuerte","twitter_card":"summary_large_image","twitter_creator":"@quebakanec","twitter_site":"@quebakanec","twitter_misc":{"Escrito por":"Erick Villafuerte","Tiempo de lectura":"2 minutos"},"schema":{"@context":"https:\/\/schema.org","@graph":[{"@type":"Article","@id":"https:\/\/www.quebakan.com\/v15\/telconet-latam-es-reconocida-por-su-compromiso-con-la-sostenibilidad\/#article","isPartOf":{"@id":"https:\/\/www.quebakan.com\/v15\/telconet-latam-es-reconocida-por-su-compromiso-con-la-sostenibilidad\/"},"author":{"name":"Erick Villafuerte","@id":"https:\/\/www.quebakan.com\/v15\/#\/schema\/person\/d90fa9f9cfa81eb8ace9811e5b7b9118"},"headline":"Telconet Latam es reconocida por su compromiso con la sostenibilidad","datePublished":"2026-04-27T23:00:58+00:00","mainEntityOfPage":{"@id":"https:\/\/www.quebakan.com\/v15\/telconet-latam-es-reconocida-por-su-compromiso-con-la-sostenibilidad\/"},"wordCount":230,"publisher":{"@id":"https:\/\/www.quebakan.com\/v15\/#organization"},"image":{"@id":"https:\/\/www.quebakan.com\/v15\/telconet-latam-es-reconocida-por-su-compromiso-con-la-sostenibilidad\/#primaryimage"},"thumbnailUrl":"https:\/\/www.quebakan.com\/v15\/wp-content\/uploads\/2026\/04\/DSC00193.jpg","articleSection":["Noticias"],"inLanguage":"es"},{"@type":"WebPage","@id":"https:\/\/www.quebakan.com\/v15\/telconet-latam-es-reconocida-por-su-compromiso-con-la-sostenibilidad\/","url":"https:\/\/www.quebakan.com\/v15\/telconet-latam-es-reconocida-por-su-compromiso-con-la-sostenibilidad\/","name":"Telconet Latam es reconocida por su compromiso con la sostenibilidad &#8211; QUEBAKAN.COM 2026: Noticias, Eventos, Conciertos y mucho m\u00e1s....","isPartOf":{"@id":"https:\/\/www.quebakan.com\/v15\/#website"},"primaryImageOfPage":{"@id":"https:\/\/www.quebakan.com\/v15\/telconet-latam-es-reconocida-por-su-compromiso-con-la-sostenibilidad\/#primaryimage"},"image":{"@id":"https:\/\/www.quebakan.com\/v15\/telconet-latam-es-reconocida-por-su-compromiso-con-la-sostenibilidad\/#primaryimage"},"thumbnailUrl":"https:\/\/www.quebakan.com\/v15\/wp-content\/uploads\/2026\/04\/DSC00193.jpg","datePublished":"2026-04-27T23:00:58+00:00","breadcrumb":{"@id":"https:\/\/www.quebakan.com\/v15\/telconet-latam-es-reconocida-por-su-compromiso-con-la-sostenibilidad\/#breadcrumb"},"inLanguage":"es","potentialAction":[{"@type":"ReadAction","target":["https:\/\/www.quebakan.com\/v15\/telconet-latam-es-reconocida-por-su-compromiso-con-la-sostenibilidad\/"]}]},{"@type":"ImageObject","inLanguage":"es","@id":"https:\/\/www.quebakan.com\/v15\/telconet-latam-es-reconocida-por-su-compromiso-con-la-sostenibilidad\/#primaryimage","url":"https:\/\/www.quebakan.com\/v15\/wp-content\/uploads\/2026\/04\/DSC00193.jpg","contentUrl":"https:\/\/www.quebakan.com\/v15\/wp-content\/uploads\/2026\/04\/DSC00193.jpg","width":700,"height":470},{"@type":"BreadcrumbList","@id":"https:\/\/www.quebakan.com\/v15\/telconet-latam-es-reconocida-por-su-compromiso-con-la-sostenibilidad\/#breadcrumb","itemListElement":[{"@type":"ListItem","position":1,"name":"Portada","item":"https:\/\/www.quebakan.com\/v15\/"},{"@type":"ListItem","position":2,"name":"Telconet Latam es reconocida por su compromiso con la sostenibilidad"}]},{"@type":"WebSite","@id":"https:\/\/www.quebakan.com\/v15\/#website","url":"https:\/\/www.quebakan.com\/v15\/","name":"QUEBAKAN","description":"..","publisher":{"@id":"https:\/\/www.quebakan.com\/v15\/#organization"},"potentialAction":[{"@type":"SearchAction","target":{"@type":"EntryPoint","urlTemplate":"https:\/\/www.quebakan.com\/v15\/?s={search_term_string}"},"query-input":{"@type":"PropertyValueSpecification","valueRequired":true,"valueName":"search_term_string"}}],"inLanguage":"es"},{"@type":"Organization","@id":"https:\/\/www.quebakan.com\/v15\/#organization","name":"Quebakan.com","url":"https:\/\/www.quebakan.com\/v15\/","logo":{"@type":"ImageObject","inLanguage":"es","@id":"https:\/\/www.quebakan.com\/v15\/#\/schema\/logo\/image\/","url":"https:\/\/www.quebakan.com\/v15\/wp-content\/uploads\/2023\/07\/logoquebakanenero2021.jpg","contentUrl":"https:\/\/www.quebakan.com\/v15\/wp-content\/uploads\/2023\/07\/logoquebakanenero2021.jpg","width":1920,"height":1080,"caption":"Quebakan.com"},"image":{"@id":"https:\/\/www.quebakan.com\/v15\/#\/schema\/logo\/image\/"},"sameAs":["http:\/\/www.facebook.com\/quebakan","https:\/\/x.com\/quebakanec","http:\/\/www.instagram.com\/quebakan","http:\/\/www.youtube.com\/quebakan1"]},{"@type":"Person","@id":"https:\/\/www.quebakan.com\/v15\/#\/schema\/person\/d90fa9f9cfa81eb8ace9811e5b7b9118","name":"Erick Villafuerte","image":{"@type":"ImageObject","inLanguage":"es","@id":"https:\/\/www.quebakan.com\/v15\/wp-content\/uploads\/avatars\/4\/1731297654-bpfull.png","url":"https:\/\/www.quebakan.com\/v15\/wp-content\/uploads\/avatars\/4\/1731297654-bpfull.png","contentUrl":"https:\/\/www.quebakan.com\/v15\/wp-content\/uploads\/avatars\/4\/1731297654-bpfull.png","caption":"Erick Villafuerte"}}]}},"_links":{"self":[{"href":"https:\/\/www.quebakan.com\/v15\/wp-json\/wp\/v2\/posts\/142019","targetHints":{"allow":["GET"]}}],"collection":[{"href":"https:\/\/www.quebakan.com\/v15\/wp-json\/wp\/v2\/posts"}],"about":[{"href":"https:\/\/www.quebakan.com\/v15\/wp-json\/wp\/v2\/types\/post"}],"author":[{"embeddable":true,"href":"https:\/\/www.quebakan.com\/v15\/wp-json\/wp\/v2\/users\/4"}],"replies":[{"embeddable":true,"href":"https:\/\/www.quebakan.com\/v15\/wp-json\/wp\/v2\/comments?post=142019"}],"version-history":[{"count":1,"href":"https:\/\/www.quebakan.com\/v15\/wp-json\/wp\/v2\/posts\/142019\/revisions"}],"predecessor-version":[{"id":142021,"href":"https:\/\/www.quebakan.com\/v15\/wp-json\/wp\/v2\/posts\/142019\/revisions\/142021"}],"wp:featuredmedia":[{"embeddable":true,"href":"https:\/\/www.quebakan.com\/v15\/wp-json\/wp\/v2\/media\/142020"}],"wp:attachment":[{"href":"https:\/\/www.quebakan.com\/v15\/wp-json\/wp\/v2\/media?parent=142019"}],"wp:term":[{"taxonomy":"category","embeddable":true,"href":"https:\/\/www.quebakan.com\/v15\/wp-json\/wp\/v2\/categories?post=142019"},{"taxonomy":"post_tag","embeddable":true,"href":"https:\/\/www.quebakan.com\/v15\/wp-json\/wp\/v2\/tags?post=142019"}],"curies":[{"name":"wp","href":"https:\/\/api.w.org\/{rel}","templated":true}]}}