{"id":142022,"date":"2026-04-28T01:01:18","date_gmt":"2026-04-28T06:01:18","guid":{"rendered":"https:\/\/www.quebakan.com\/v15\/?p=142022"},"modified":"2026-04-28T01:01:18","modified_gmt":"2026-04-28T06:01:18","slug":"reciclaje-y-economia-circular-marcan-la-agenda-del-dia-de-la-tierra","status":"publish","type":"post","link":"https:\/\/www.quebakan.com\/v15\/reciclaje-y-economia-circular-marcan-la-agenda-del-dia-de-la-tierra\/","title":{"rendered":"RECICLAJE Y ECONOM\u00cdA CIRCULAR MARCAN LA AGENDA DEL D\u00cdA DE LA TIERRA \u200b"},"content":{"rendered":"<p dir=\"ltr\"><img fetchpriority=\"high\" decoding=\"async\" class=\"aligncenter size-full wp-image-142023\" src=\"https:\/\/www.quebakan.com\/v15\/wp-content\/uploads\/2026\/04\/attachment-5.jpg\" alt=\"\" width=\"700\" height=\"467\" \/><\/p>\n<p dir=\"ltr\" style=\"text-align: justify;\"><span style=\"color: #000000;\">Proyectos locales fortalecen la recuperaci\u00f3n de materiales y la educaci\u00f3n ambiental<\/span><\/p>\n<p dir=\"ltr\" style=\"text-align: justify;\"><span style=\"color: #000000;\">En el marco del D\u00eda de la Tierra, Am\u00e9rica Latina reafirma su compromiso con el cuidado del ambiente a trav\u00e9s de acciones que promueven el reciclaje y la econom\u00eda circular. Cada 22 de abril se consolida como una oportunidad para visibilizar iniciativas que integran a ciudadanos, instituciones y empresas en torno a una gesti\u00f3n m\u00e1s eficiente de los residuos, fortaleciendo pr\u00e1cticas sostenibles en distintos niveles de la sociedad.<\/span><\/p>\n<p dir=\"ltr\" style=\"text-align: justify;\"><span style=\"color: #000000;\">La creciente incorporaci\u00f3n de la sostenibilidad en la agenda p\u00fablica ha permitido avanzar en la adopci\u00f3n de h\u00e1bitos responsables y en el desarrollo de soluciones para la gesti\u00f3n de residuos. Diversos informes regionales sobre desarrollo sostenible destacan que cada vez m\u00e1s ciudades y organizaciones est\u00e1n impulsando modelos de econom\u00eda circular, promoviendo estrategias que optimizan el uso de recursos y reducen el impacto ambiental en el largo plazo.<\/span><\/p>\n<p dir=\"ltr\" style=\"text-align: justify;\"><span style=\"color: #000000;\">En este contexto, el reciclaje se posiciona como un eje clave dentro de un sistema que integra educaci\u00f3n, infraestructura y participaci\u00f3n ciudadana. Iniciativas como \u201cJuntos Reciclamos M\u00e1s\u201d en Ecuador reflejan este enfoque colaborativo. Durante 2025, el programa logr\u00f3 recuperar m\u00e1s de 3.074 toneladas de materiales reciclables en ciudades como Guayaquil, Quito, Daule, Dur\u00e1n y Samborond\u00f3n, con predominio de pl\u00e1stico PET en los procesos de recolecci\u00f3n.<\/span><\/p>\n<p dir=\"ltr\" style=\"text-align: justify;\"><span style=\"color: #000000;\">La iniciativa tambi\u00e9n incluy\u00f3 jornadas de recolecci\u00f3n en espacios p\u00fablicos y universidades, adem\u00e1s de actividades con la comunidad educativa. Este tipo de acciones ha permitido que el reciclaje gane m\u00e1s presencia en espacios cotidianos y que la conversaci\u00f3n ambiental llegue a p\u00fablicos m\u00e1s amplios.<\/span><\/p>\n<p dir=\"ltr\" style=\"text-align: justify;\"><span style=\"color: #000000;\">\u201cHablar del D\u00eda de la Tierra tambi\u00e9n implica preguntarnos qu\u00e9 tan preparados estamos, como regi\u00f3n, para convertir la preocupaci\u00f3n ambiental en h\u00e1bitos sostenidos. Cuando el reciclaje se articula con educaci\u00f3n, participaci\u00f3n ciudadana y fortalecimiento de recicladores de base, deja de ser un gesto aislado y empieza a generar impacto real en la econom\u00eda circular\u201d, se\u00f1al\u00f3 David Alc\u00edvar, encargado de Proyectos de Recicla Latam\u00a0 Ecuador.<\/span><\/p>\n<p dir=\"ltr\" style=\"text-align: justify;\"><span style=\"color: #000000;\">Uno de los puntos que tambi\u00e9n vuelve a cobrar importancia en esta fecha es el papel de los recicladores de base. Su trabajo es parte clave del sistema de recuperaci\u00f3n de materiales, pero todav\u00eda sigue siendo poco visibilizado. Fortalecer sus capacidades y mejorar sus condiciones tambi\u00e9n forma parte de una econom\u00eda circular m\u00e1s inclusiva.<\/span><\/p>\n<p dir=\"ltr\" style=\"text-align: justify;\"><span style=\"color: #000000;\">A esto se suma el rol de escuelas, colegios y universidades, que pueden ayudar a formar h\u00e1bitos desde edades tempranas y a incorporar el reciclaje como parte de la vida diaria, no solo como una actividad ocasional.<\/span><\/p>\n<p dir=\"ltr\" style=\"text-align: justify;\"><span style=\"color: #000000;\">El D\u00eda de la Tierra se convierte en una oportunidad para revisar cu\u00e1nto se ha avanzado, qu\u00e9 barreras siguen presentes y qu\u00e9 tipo de acciones hacen falta para sostener en el tiempo una cultura del reciclaje en la regi\u00f3n.<\/span><\/p>\n","protected":false},"excerpt":{"rendered":"<p>Proyectos locales fortalecen la recuperaci\u00f3n de materiales y la educaci\u00f3n ambiental En el marco del D\u00eda de la Tierra, Am\u00e9rica Latina reafirma su compromiso con el cuidado del ambiente a trav\u00e9s de acciones que promueven el reciclaje y la econom\u00eda circular. Cada 22 de abril se consolida como una oportunidad para visibilizar iniciativas que integran [&hellip;]<\/p>\n","protected":false},"author":4,"featured_media":142023,"comment_status":"closed","ping_status":"closed","sticky":false,"template":"","format":"standard","meta":{"_bbp_topic_count":0,"_bbp_reply_count":0,"_bbp_total_topic_count":0,"_bbp_total_reply_count":0,"_bbp_voice_count":0,"_bbp_anonymous_reply_count":0,"_bbp_topic_count_hidden":0,"_bbp_reply_count_hidden":0,"_bbp_forum_subforum_count":0,"buzzeditor_post_format":"","footnotes":""},"categories":[2],"tags":[],"class_list":["post-142022","post","type-post","status-publish","format-standard","has-post-thumbnail","hentry","category-noticias"],"yoast_head":"<!-- This site is optimized with the Yoast SEO plugin v27.5 - https:\/\/yoast.com\/product\/yoast-seo-wordpress\/ -->\n<title>RECICLAJE Y ECONOM\u00cdA CIRCULAR MARCAN LA AGENDA DEL D\u00cdA DE LA TIERRA \u200b &#8211; QUEBAKAN.COM 2026: Noticias, Eventos, Conciertos y mucho m\u00e1s....<\/title>\n<meta name=\"robots\" content=\"index, follow, max-snippet:-1, max-image-preview:large, max-video-preview:-1\" \/>\n<link rel=\"canonical\" href=\"https:\/\/www.quebakan.com\/v15\/reciclaje-y-economia-circular-marcan-la-agenda-del-dia-de-la-tierra\/\" \/>\n<meta property=\"og:locale\" content=\"es_ES\" \/>\n<meta property=\"og:type\" content=\"article\" \/>\n<meta property=\"og:title\" content=\"RECICLAJE Y ECONOM\u00cdA CIRCULAR MARCAN LA AGENDA DEL D\u00cdA DE LA TIERRA \u200b &#8211; QUEBAKAN.COM 2026: Noticias, Eventos, Conciertos y mucho m\u00e1s....\" \/>\n<meta property=\"og:description\" content=\"Proyectos locales fortalecen la recuperaci\u00f3n de materiales y la educaci\u00f3n ambiental En el marco del D\u00eda de la Tierra, Am\u00e9rica Latina reafirma su compromiso con el cuidado del ambiente a trav\u00e9s de acciones que promueven el reciclaje y la econom\u00eda circular. Cada 22 de abril se consolida como una oportunidad para visibilizar iniciativas que integran [&hellip;]\" \/>\n<meta property=\"og:url\" content=\"https:\/\/www.quebakan.com\/v15\/reciclaje-y-economia-circular-marcan-la-agenda-del-dia-de-la-tierra\/\" \/>\n<meta property=\"og:site_name\" content=\"QUEBAKAN.COM 2026: Noticias, Eventos, Conciertos y mucho m\u00e1s....\" \/>\n<meta property=\"article:publisher\" content=\"http:\/\/www.facebook.com\/quebakan\" \/>\n<meta property=\"article:published_time\" content=\"2026-04-28T06:01:18+00:00\" \/>\n<meta property=\"og:image\" content=\"https:\/\/www.quebakan.com\/v15\/wp-content\/uploads\/2026\/04\/attachment-5.jpg\" \/>\n\t<meta property=\"og:image:width\" content=\"700\" \/>\n\t<meta property=\"og:image:height\" content=\"467\" \/>\n\t<meta property=\"og:image:type\" content=\"image\/jpeg\" \/>\n<meta name=\"author\" content=\"Erick Villafuerte\" \/>\n<meta name=\"twitter:card\" content=\"summary_large_image\" \/>\n<meta name=\"twitter:creator\" content=\"@quebakanec\" \/>\n<meta name=\"twitter:site\" content=\"@quebakanec\" \/>\n<meta name=\"twitter:label1\" content=\"Escrito por\" \/>\n\t<meta name=\"twitter:data1\" content=\"Erick Villafuerte\" \/>\n\t<meta name=\"twitter:label2\" content=\"Tiempo de lectura\" \/>\n\t<meta name=\"twitter:data2\" content=\"3 minutos\" \/>\n<script type=\"application\/ld+json\" class=\"yoast-schema-graph\">{\"@context\":\"https:\\\/\\\/schema.org\",\"@graph\":[{\"@type\":\"Article\",\"@id\":\"https:\\\/\\\/www.quebakan.com\\\/v15\\\/reciclaje-y-economia-circular-marcan-la-agenda-del-dia-de-la-tierra\\\/#article\",\"isPartOf\":{\"@id\":\"https:\\\/\\\/www.quebakan.com\\\/v15\\\/reciclaje-y-economia-circular-marcan-la-agenda-del-dia-de-la-tierra\\\/\"},\"author\":{\"name\":\"Erick Villafuerte\",\"@id\":\"https:\\\/\\\/www.quebakan.com\\\/v15\\\/#\\\/schema\\\/person\\\/d90fa9f9cfa81eb8ace9811e5b7b9118\"},\"headline\":\"RECICLAJE Y ECONOM\u00cdA CIRCULAR MARCAN LA AGENDA DEL D\u00cdA DE LA TIERRA \u200b\",\"datePublished\":\"2026-04-28T06:01:18+00:00\",\"mainEntityOfPage\":{\"@id\":\"https:\\\/\\\/www.quebakan.com\\\/v15\\\/reciclaje-y-economia-circular-marcan-la-agenda-del-dia-de-la-tierra\\\/\"},\"wordCount\":513,\"publisher\":{\"@id\":\"https:\\\/\\\/www.quebakan.com\\\/v15\\\/#organization\"},\"image\":{\"@id\":\"https:\\\/\\\/www.quebakan.com\\\/v15\\\/reciclaje-y-economia-circular-marcan-la-agenda-del-dia-de-la-tierra\\\/#primaryimage\"},\"thumbnailUrl\":\"https:\\\/\\\/www.quebakan.com\\\/v15\\\/wp-content\\\/uploads\\\/2026\\\/04\\\/attachment-5.jpg\",\"articleSection\":[\"Noticias\"],\"inLanguage\":\"es\"},{\"@type\":\"WebPage\",\"@id\":\"https:\\\/\\\/www.quebakan.com\\\/v15\\\/reciclaje-y-economia-circular-marcan-la-agenda-del-dia-de-la-tierra\\\/\",\"url\":\"https:\\\/\\\/www.quebakan.com\\\/v15\\\/reciclaje-y-economia-circular-marcan-la-agenda-del-dia-de-la-tierra\\\/\",\"name\":\"RECICLAJE Y ECONOM\u00cdA CIRCULAR MARCAN LA AGENDA DEL D\u00cdA DE LA TIERRA \u200b &#8211; QUEBAKAN.COM 2026: Noticias, Eventos, Conciertos y mucho m\u00e1s....\",\"isPartOf\":{\"@id\":\"https:\\\/\\\/www.quebakan.com\\\/v15\\\/#website\"},\"primaryImageOfPage\":{\"@id\":\"https:\\\/\\\/www.quebakan.com\\\/v15\\\/reciclaje-y-economia-circular-marcan-la-agenda-del-dia-de-la-tierra\\\/#primaryimage\"},\"image\":{\"@id\":\"https:\\\/\\\/www.quebakan.com\\\/v15\\\/reciclaje-y-economia-circular-marcan-la-agenda-del-dia-de-la-tierra\\\/#primaryimage\"},\"thumbnailUrl\":\"https:\\\/\\\/www.quebakan.com\\\/v15\\\/wp-content\\\/uploads\\\/2026\\\/04\\\/attachment-5.jpg\",\"datePublished\":\"2026-04-28T06:01:18+00:00\",\"breadcrumb\":{\"@id\":\"https:\\\/\\\/www.quebakan.com\\\/v15\\\/reciclaje-y-economia-circular-marcan-la-agenda-del-dia-de-la-tierra\\\/#breadcrumb\"},\"inLanguage\":\"es\",\"potentialAction\":[{\"@type\":\"ReadAction\",\"target\":[\"https:\\\/\\\/www.quebakan.com\\\/v15\\\/reciclaje-y-economia-circular-marcan-la-agenda-del-dia-de-la-tierra\\\/\"]}]},{\"@type\":\"ImageObject\",\"inLanguage\":\"es\",\"@id\":\"https:\\\/\\\/www.quebakan.com\\\/v15\\\/reciclaje-y-economia-circular-marcan-la-agenda-del-dia-de-la-tierra\\\/#primaryimage\",\"url\":\"https:\\\/\\\/www.quebakan.com\\\/v15\\\/wp-content\\\/uploads\\\/2026\\\/04\\\/attachment-5.jpg\",\"contentUrl\":\"https:\\\/\\\/www.quebakan.com\\\/v15\\\/wp-content\\\/uploads\\\/2026\\\/04\\\/attachment-5.jpg\",\"width\":700,\"height\":467},{\"@type\":\"BreadcrumbList\",\"@id\":\"https:\\\/\\\/www.quebakan.com\\\/v15\\\/reciclaje-y-economia-circular-marcan-la-agenda-del-dia-de-la-tierra\\\/#breadcrumb\",\"itemListElement\":[{\"@type\":\"ListItem\",\"position\":1,\"name\":\"Portada\",\"item\":\"https:\\\/\\\/www.quebakan.com\\\/v15\\\/\"},{\"@type\":\"ListItem\",\"position\":2,\"name\":\"RECICLAJE Y ECONOM\u00cdA CIRCULAR MARCAN LA AGENDA DEL D\u00cdA DE LA TIERRA \u200b\"}]},{\"@type\":\"WebSite\",\"@id\":\"https:\\\/\\\/www.quebakan.com\\\/v15\\\/#website\",\"url\":\"https:\\\/\\\/www.quebakan.com\\\/v15\\\/\",\"name\":\"QUEBAKAN\",\"description\":\"..\",\"publisher\":{\"@id\":\"https:\\\/\\\/www.quebakan.com\\\/v15\\\/#organization\"},\"potentialAction\":[{\"@type\":\"SearchAction\",\"target\":{\"@type\":\"EntryPoint\",\"urlTemplate\":\"https:\\\/\\\/www.quebakan.com\\\/v15\\\/?s={search_term_string}\"},\"query-input\":{\"@type\":\"PropertyValueSpecification\",\"valueRequired\":true,\"valueName\":\"search_term_string\"}}],\"inLanguage\":\"es\"},{\"@type\":\"Organization\",\"@id\":\"https:\\\/\\\/www.quebakan.com\\\/v15\\\/#organization\",\"name\":\"Quebakan.com\",\"url\":\"https:\\\/\\\/www.quebakan.com\\\/v15\\\/\",\"logo\":{\"@type\":\"ImageObject\",\"inLanguage\":\"es\",\"@id\":\"https:\\\/\\\/www.quebakan.com\\\/v15\\\/#\\\/schema\\\/logo\\\/image\\\/\",\"url\":\"https:\\\/\\\/www.quebakan.com\\\/v15\\\/wp-content\\\/uploads\\\/2023\\\/07\\\/logoquebakanenero2021.jpg\",\"contentUrl\":\"https:\\\/\\\/www.quebakan.com\\\/v15\\\/wp-content\\\/uploads\\\/2023\\\/07\\\/logoquebakanenero2021.jpg\",\"width\":1920,\"height\":1080,\"caption\":\"Quebakan.com\"},\"image\":{\"@id\":\"https:\\\/\\\/www.quebakan.com\\\/v15\\\/#\\\/schema\\\/logo\\\/image\\\/\"},\"sameAs\":[\"http:\\\/\\\/www.facebook.com\\\/quebakan\",\"https:\\\/\\\/x.com\\\/quebakanec\",\"http:\\\/\\\/www.instagram.com\\\/quebakan\",\"http:\\\/\\\/www.youtube.com\\\/quebakan1\"]},{\"@type\":\"Person\",\"@id\":\"https:\\\/\\\/www.quebakan.com\\\/v15\\\/#\\\/schema\\\/person\\\/d90fa9f9cfa81eb8ace9811e5b7b9118\",\"name\":\"Erick Villafuerte\",\"image\":{\"@type\":\"ImageObject\",\"inLanguage\":\"es\",\"@id\":\"https:\\\/\\\/www.quebakan.com\\\/v15\\\/wp-content\\\/uploads\\\/avatars\\\/4\\\/1731297654-bpfull.png\",\"url\":\"https:\\\/\\\/www.quebakan.com\\\/v15\\\/wp-content\\\/uploads\\\/avatars\\\/4\\\/1731297654-bpfull.png\",\"contentUrl\":\"https:\\\/\\\/www.quebakan.com\\\/v15\\\/wp-content\\\/uploads\\\/avatars\\\/4\\\/1731297654-bpfull.png\",\"caption\":\"Erick Villafuerte\"}}]}<\/script>\n<!-- \/ Yoast SEO plugin. -->","yoast_head_json":{"title":"RECICLAJE Y ECONOM\u00cdA CIRCULAR MARCAN LA AGENDA DEL D\u00cdA DE LA TIERRA \u200b &#8211; QUEBAKAN.COM 2026: Noticias, Eventos, Conciertos y mucho m\u00e1s....","robots":{"index":"index","follow":"follow","max-snippet":"max-snippet:-1","max-image-preview":"max-image-preview:large","max-video-preview":"max-video-preview:-1"},"canonical":"https:\/\/www.quebakan.com\/v15\/reciclaje-y-economia-circular-marcan-la-agenda-del-dia-de-la-tierra\/","og_locale":"es_ES","og_type":"article","og_title":"RECICLAJE Y ECONOM\u00cdA CIRCULAR MARCAN LA AGENDA DEL D\u00cdA DE LA TIERRA \u200b &#8211; QUEBAKAN.COM 2026: Noticias, Eventos, Conciertos y mucho m\u00e1s....","og_description":"Proyectos locales fortalecen la recuperaci\u00f3n de materiales y la educaci\u00f3n ambiental En el marco del D\u00eda de la Tierra, Am\u00e9rica Latina reafirma su compromiso con el cuidado del ambiente a trav\u00e9s de acciones que promueven el reciclaje y la econom\u00eda circular. Cada 22 de abril se consolida como una oportunidad para visibilizar iniciativas que integran [&hellip;]","og_url":"https:\/\/www.quebakan.com\/v15\/reciclaje-y-economia-circular-marcan-la-agenda-del-dia-de-la-tierra\/","og_site_name":"QUEBAKAN.COM 2026: Noticias, Eventos, Conciertos y mucho m\u00e1s....","article_publisher":"http:\/\/www.facebook.com\/quebakan","article_published_time":"2026-04-28T06:01:18+00:00","og_image":[{"width":700,"height":467,"url":"https:\/\/www.quebakan.com\/v15\/wp-content\/uploads\/2026\/04\/attachment-5.jpg","type":"image\/jpeg"}],"author":"Erick Villafuerte","twitter_card":"summary_large_image","twitter_creator":"@quebakanec","twitter_site":"@quebakanec","twitter_misc":{"Escrito por":"Erick Villafuerte","Tiempo de lectura":"3 minutos"},"schema":{"@context":"https:\/\/schema.org","@graph":[{"@type":"Article","@id":"https:\/\/www.quebakan.com\/v15\/reciclaje-y-economia-circular-marcan-la-agenda-del-dia-de-la-tierra\/#article","isPartOf":{"@id":"https:\/\/www.quebakan.com\/v15\/reciclaje-y-economia-circular-marcan-la-agenda-del-dia-de-la-tierra\/"},"author":{"name":"Erick Villafuerte","@id":"https:\/\/www.quebakan.com\/v15\/#\/schema\/person\/d90fa9f9cfa81eb8ace9811e5b7b9118"},"headline":"RECICLAJE Y ECONOM\u00cdA CIRCULAR MARCAN LA AGENDA DEL D\u00cdA DE LA TIERRA \u200b","datePublished":"2026-04-28T06:01:18+00:00","mainEntityOfPage":{"@id":"https:\/\/www.quebakan.com\/v15\/reciclaje-y-economia-circular-marcan-la-agenda-del-dia-de-la-tierra\/"},"wordCount":513,"publisher":{"@id":"https:\/\/www.quebakan.com\/v15\/#organization"},"image":{"@id":"https:\/\/www.quebakan.com\/v15\/reciclaje-y-economia-circular-marcan-la-agenda-del-dia-de-la-tierra\/#primaryimage"},"thumbnailUrl":"https:\/\/www.quebakan.com\/v15\/wp-content\/uploads\/2026\/04\/attachment-5.jpg","articleSection":["Noticias"],"inLanguage":"es"},{"@type":"WebPage","@id":"https:\/\/www.quebakan.com\/v15\/reciclaje-y-economia-circular-marcan-la-agenda-del-dia-de-la-tierra\/","url":"https:\/\/www.quebakan.com\/v15\/reciclaje-y-economia-circular-marcan-la-agenda-del-dia-de-la-tierra\/","name":"RECICLAJE Y ECONOM\u00cdA CIRCULAR MARCAN LA AGENDA DEL D\u00cdA DE LA TIERRA \u200b &#8211; QUEBAKAN.COM 2026: Noticias, Eventos, Conciertos y mucho m\u00e1s....","isPartOf":{"@id":"https:\/\/www.quebakan.com\/v15\/#website"},"primaryImageOfPage":{"@id":"https:\/\/www.quebakan.com\/v15\/reciclaje-y-economia-circular-marcan-la-agenda-del-dia-de-la-tierra\/#primaryimage"},"image":{"@id":"https:\/\/www.quebakan.com\/v15\/reciclaje-y-economia-circular-marcan-la-agenda-del-dia-de-la-tierra\/#primaryimage"},"thumbnailUrl":"https:\/\/www.quebakan.com\/v15\/wp-content\/uploads\/2026\/04\/attachment-5.jpg","datePublished":"2026-04-28T06:01:18+00:00","breadcrumb":{"@id":"https:\/\/www.quebakan.com\/v15\/reciclaje-y-economia-circular-marcan-la-agenda-del-dia-de-la-tierra\/#breadcrumb"},"inLanguage":"es","potentialAction":[{"@type":"ReadAction","target":["https:\/\/www.quebakan.com\/v15\/reciclaje-y-economia-circular-marcan-la-agenda-del-dia-de-la-tierra\/"]}]},{"@type":"ImageObject","inLanguage":"es","@id":"https:\/\/www.quebakan.com\/v15\/reciclaje-y-economia-circular-marcan-la-agenda-del-dia-de-la-tierra\/#primaryimage","url":"https:\/\/www.quebakan.com\/v15\/wp-content\/uploads\/2026\/04\/attachment-5.jpg","contentUrl":"https:\/\/www.quebakan.com\/v15\/wp-content\/uploads\/2026\/04\/attachment-5.jpg","width":700,"height":467},{"@type":"BreadcrumbList","@id":"https:\/\/www.quebakan.com\/v15\/reciclaje-y-economia-circular-marcan-la-agenda-del-dia-de-la-tierra\/#breadcrumb","itemListElement":[{"@type":"ListItem","position":1,"name":"Portada","item":"https:\/\/www.quebakan.com\/v15\/"},{"@type":"ListItem","position":2,"name":"RECICLAJE Y ECONOM\u00cdA CIRCULAR MARCAN LA AGENDA DEL D\u00cdA DE LA TIERRA \u200b"}]},{"@type":"WebSite","@id":"https:\/\/www.quebakan.com\/v15\/#website","url":"https:\/\/www.quebakan.com\/v15\/","name":"QUEBAKAN","description":"..","publisher":{"@id":"https:\/\/www.quebakan.com\/v15\/#organization"},"potentialAction":[{"@type":"SearchAction","target":{"@type":"EntryPoint","urlTemplate":"https:\/\/www.quebakan.com\/v15\/?s={search_term_string}"},"query-input":{"@type":"PropertyValueSpecification","valueRequired":true,"valueName":"search_term_string"}}],"inLanguage":"es"},{"@type":"Organization","@id":"https:\/\/www.quebakan.com\/v15\/#organization","name":"Quebakan.com","url":"https:\/\/www.quebakan.com\/v15\/","logo":{"@type":"ImageObject","inLanguage":"es","@id":"https:\/\/www.quebakan.com\/v15\/#\/schema\/logo\/image\/","url":"https:\/\/www.quebakan.com\/v15\/wp-content\/uploads\/2023\/07\/logoquebakanenero2021.jpg","contentUrl":"https:\/\/www.quebakan.com\/v15\/wp-content\/uploads\/2023\/07\/logoquebakanenero2021.jpg","width":1920,"height":1080,"caption":"Quebakan.com"},"image":{"@id":"https:\/\/www.quebakan.com\/v15\/#\/schema\/logo\/image\/"},"sameAs":["http:\/\/www.facebook.com\/quebakan","https:\/\/x.com\/quebakanec","http:\/\/www.instagram.com\/quebakan","http:\/\/www.youtube.com\/quebakan1"]},{"@type":"Person","@id":"https:\/\/www.quebakan.com\/v15\/#\/schema\/person\/d90fa9f9cfa81eb8ace9811e5b7b9118","name":"Erick Villafuerte","image":{"@type":"ImageObject","inLanguage":"es","@id":"https:\/\/www.quebakan.com\/v15\/wp-content\/uploads\/avatars\/4\/1731297654-bpfull.png","url":"https:\/\/www.quebakan.com\/v15\/wp-content\/uploads\/avatars\/4\/1731297654-bpfull.png","contentUrl":"https:\/\/www.quebakan.com\/v15\/wp-content\/uploads\/avatars\/4\/1731297654-bpfull.png","caption":"Erick Villafuerte"}}]}},"_links":{"self":[{"href":"https:\/\/www.quebakan.com\/v15\/wp-json\/wp\/v2\/posts\/142022","targetHints":{"allow":["GET"]}}],"collection":[{"href":"https:\/\/www.quebakan.com\/v15\/wp-json\/wp\/v2\/posts"}],"about":[{"href":"https:\/\/www.quebakan.com\/v15\/wp-json\/wp\/v2\/types\/post"}],"author":[{"embeddable":true,"href":"https:\/\/www.quebakan.com\/v15\/wp-json\/wp\/v2\/users\/4"}],"replies":[{"embeddable":true,"href":"https:\/\/www.quebakan.com\/v15\/wp-json\/wp\/v2\/comments?post=142022"}],"version-history":[{"count":1,"href":"https:\/\/www.quebakan.com\/v15\/wp-json\/wp\/v2\/posts\/142022\/revisions"}],"predecessor-version":[{"id":142024,"href":"https:\/\/www.quebakan.com\/v15\/wp-json\/wp\/v2\/posts\/142022\/revisions\/142024"}],"wp:featuredmedia":[{"embeddable":true,"href":"https:\/\/www.quebakan.com\/v15\/wp-json\/wp\/v2\/media\/142023"}],"wp:attachment":[{"href":"https:\/\/www.quebakan.com\/v15\/wp-json\/wp\/v2\/media?parent=142022"}],"wp:term":[{"taxonomy":"category","embeddable":true,"href":"https:\/\/www.quebakan.com\/v15\/wp-json\/wp\/v2\/categories?post=142022"},{"taxonomy":"post_tag","embeddable":true,"href":"https:\/\/www.quebakan.com\/v15\/wp-json\/wp\/v2\/tags?post=142022"}],"curies":[{"name":"wp","href":"https:\/\/api.w.org\/{rel}","templated":true}]}}