{"id":142028,"date":"2026-04-28T09:54:07","date_gmt":"2026-04-28T14:54:07","guid":{"rendered":"https:\/\/www.quebakan.com\/v15\/?p=142028"},"modified":"2026-04-28T09:54:07","modified_gmt":"2026-04-28T14:54:07","slug":"quien-es-quien-en-la-casa-de-los-espiritus-la-historia-de-isabel-allende-que-llega-al-streaming","status":"publish","type":"post","link":"https:\/\/www.quebakan.com\/v15\/quien-es-quien-en-la-casa-de-los-espiritus-la-historia-de-isabel-allende-que-llega-al-streaming\/","title":{"rendered":"Qui\u00e9n es qui\u00e9n en \u201cLa casa de los esp\u00edritus\u201d, la historia de Isabel Allende que llega al streaming"},"content":{"rendered":"<p><img fetchpriority=\"high\" decoding=\"async\" class=\"aligncenter size-full wp-image-142029\" src=\"https:\/\/www.quebakan.com\/v15\/wp-content\/uploads\/2026\/04\/Alfonso-Herrera-Esteban-Trueba-1.jpg\" alt=\"\" width=\"700\" height=\"350\" srcset=\"https:\/\/www.quebakan.com\/v15\/wp-content\/uploads\/2026\/04\/Alfonso-Herrera-Esteban-Trueba-1.jpg 700w, https:\/\/www.quebakan.com\/v15\/wp-content\/uploads\/2026\/04\/Alfonso-Herrera-Esteban-Trueba-1-360x180.jpg 360w\" sizes=\"(max-width: 700px) 100vw, 700px\" \/><\/p>\n<p style=\"text-align: justify;\"><span style=\"color: #000000;\"><em>La miniserie que se estrena el 29 de abril est\u00e1 basada en el libro de la reconocida escritora chilena, publicado en 1982. Los usuarios de DIRECTV y DGO podr\u00e1n verla, sin costo adicional. <\/em><a style=\"color: #000000;\" href=\"https:\/\/youtu.be\/JE5jTyvZXmg?si=HB0uJumnqQpRVYFu\"><em>Ver trailer aqu\u00ed<\/em><\/a><em>.<\/em><\/span><\/p>\n<p style=\"text-align: justify;\"><span style=\"color: #000000;\"><strong>Abril de 2026 &#8211;<\/strong> La miniserie \u201cLa Casa de los Esp\u00edritus\u201d, basada en el libro de la escritora chilena Isabel Allende, se posiciona como uno de los estrenos m\u00e1s esperados del streaming y los usuarios de DIRECTV y DGO podr\u00e1n verla, sin costo adicional, para adentrarse a la historia de la familia Trueba, cruzando generaciones, memoria y contexto pol\u00edtico.\u00a0<\/span><\/p>\n<p style=\"text-align: justify;\"><span style=\"color: #000000;\">Filmada en Chile durante 2024, cuenta con ocho cap\u00edtulos y tiene entre sus productoras ejecutivas a <a style=\"color: #000000;\" href=\"https:\/\/www.imdb.com\/name\/nm0519456\/?ref_=nv_sr_srsg_0_tt_7_nm_1_q_eva%2520longoria\">Eva Longoria<\/a>, <a style=\"color: #000000;\" href=\"https:\/\/www.imdb.com\/es\/name\/nm10596753\/\">Courtney Saladino<\/a> y a la propia Isabel Allende. \u00a0<\/span><\/p>\n<p style=\"text-align: justify;\"><span style=\"color: #000000;\">El reparto est\u00e1 encabezado por <a style=\"color: #000000;\" href=\"https:\/\/www.imdb.com\/name\/nm1270781\/\">Alfonso Herrera<\/a>, que personifica a Esteban Trueba, y por <a style=\"color: #000000;\" href=\"https:\/\/www.imdb.com\/name\/nm5913850\/?ref_=nv_sr_srsg_0_tt_0_nm_8_q_nicole%2520wallace\">Nicole Wallace<\/a> y <a style=\"color: #000000;\" href=\"https:\/\/www.imdb.com\/name\/nm0285135\/?ref_=nv_sr_srsg_0_tt_0_nm_8_q_dolores%2520fonzi\">Dolores Fonzi<\/a>, que interpretan distintas etapas de la vida de Clara del Valle. Tambi\u00e9n incluye a Fernanda Castillo, como F\u00e9rula; Aline Kuppenheim, como N\u00edvea del Valle; Eduard Fern\u00e1ndez, como Severo del Valle; Fernanda Urrejola, como Blanca; Juan Pablo Raba, como el T\u00edo Marcos, y Pablo Macaya, como Pedro Tercero, entre otros.<\/span><\/p>\n<p style=\"text-align: justify;\"><span style=\"color: #000000;\">A trav\u00e9s de los personajes la novela construye un relato que combina los \u00e1mbitos \u00edntimos y personales con la pol\u00edtica. Lo cotidiano con lo extraordinario. Y cada figura, no s\u00f3lo cumple un rol en la narraci\u00f3n, sino que adem\u00e1s representa una dimensi\u00f3n de la historia de Chile y Latinoam\u00e9rica.<\/span><\/p>\n<p style=\"text-align: justify;\"><span style=\"color: #000000;\"><strong>Qui\u00e9n es qui\u00e9n en La Casa de los Esp\u00edritus: gu\u00eda de los personajes principales<\/strong><\/span><\/p>\n<p style=\"text-align: justify;\"><span style=\"color: #000000;\"><strong>Esteban Trueba \u201cEl patriarcado, conservador y autoritario\u201d<\/strong><\/span><\/p>\n<p style=\"text-align: justify;\"><span style=\"color: #000000;\">Patriarca central de la novela cuya ambici\u00f3n, car\u00e1cter autoritario y b\u00fasqueda de poder, marcan el destino de la familia y reflejan las tensiones sociales y pol\u00edticas de su \u00e9poca, en una constante tensi\u00f3n entre la violencia y el amor y el control y la redenci\u00f3n. \u00a0<\/span><\/p>\n<p style=\"text-align: justify;\"><span style=\"color: #000000;\"><strong>Clara del Valle \u201cLa conexi\u00f3n entre lo real y lo espiritual\u201d <\/strong><\/span><\/p>\n<p style=\"text-align: justify;\"><span style=\"color: #000000;\">Es el eje emocional de la historia. Su relaci\u00f3n con lo sobrenatural no s\u00f3lo define el tono de realismo m\u00e1gico, sino que tambi\u00e9n articula la memoria familiar a lo largo de las generaciones. Su mirada sensible contrasta con el entorno pol\u00edtico y social que la rodea, convirti\u00e9ndola en un personaje clave para entender la historia.<\/span><\/p>\n<p style=\"text-align: justify;\"><span style=\"color: #000000;\"><strong>Blanca Trueba \u201cEl amor en conflicto con las estructuras sociales\u201d <\/strong><\/span><\/p>\n<p style=\"text-align: justify;\"><span style=\"color: #000000;\">Hija de Clara y Esteban, Blanca representa la rebeld\u00eda silenciosa frente a las imposiciones familiares y sociales. Su relaci\u00f3n con Pedro Tercero Garc\u00eda desaf\u00eda las diferencias de clase y se convierte en uno de los ejes emocionales de la historia.<\/span><\/p>\n<p style=\"text-align: justify;\"><span style=\"color: #000000;\"><strong>Pedro Tercero Garc\u00eda \u201cLa voz del cambio social\u201d <\/strong><\/span><\/p>\n<p style=\"text-align: justify;\"><span style=\"color: #000000;\">Figura clave en el mundo campesino, Pedro Tercero encarna las ideas de la transformaci\u00f3n social y la justicia. Su v\u00ednculo con Blanca no s\u00f3lo es rom\u00e1ntico sino tambi\u00e9n simb\u00f3lico: representa el cruce entre clases en un Chile en plena transformaci\u00f3n.<\/span><\/p>\n<p style=\"text-align: justify;\"><span style=\"color: #000000;\"><strong>Alba Trueba \u201cMemoria, resistencia y futuro\u201d<\/strong><\/span><\/p>\n<p style=\"text-align: justify;\"><span style=\"color: #000000;\">Nieta de Clara, Alba es quien hereda la memoria familiar. A trav\u00e9s de su historia, el relato entra en su etapa m\u00e1s pol\u00edtica, vinculada a la represi\u00f3n y la resiliencia. Es, en muchos sentidos, el puente entre pasado y futuro.<\/span><\/p>\n<p style=\"text-align: justify;\"><span style=\"color: #000000;\"><strong>Esteban Garc\u00eda \u201cLa herencia del resentimiento\u201d<\/strong><\/span><\/p>\n<p style=\"text-align: justify;\"><span style=\"color: #000000;\">Uno de los personajes m\u00e1s oscuros de la novela. Nieto ileg\u00edtimo de Esteban Trueba, su historia est\u00e1 marcada por el abandono y el resentimiento, lo que lo convierte en una figura clave en el desenlace m\u00e1s duro del relato.<\/span><\/p>\n<p style=\"text-align: justify;\"><span style=\"color: #000000;\"><strong>N\u00edvea del Valle \u201cEl origen del cambio\u201d<\/strong><\/span><\/p>\n<p style=\"text-align: justify;\"><span style=\"color: #000000;\">Madre de Clara, N\u00edvea es una mujer adelantada a su tiempo, vinculada a causas como el sufragio femenino. Representa el inicio de una l\u00ednea femenina fuerte y consciente dentro de la historia.<\/span><\/p>\n<p style=\"text-align: justify;\"><span style=\"color: #000000;\"><strong>Severo del Valle \u201cOrden, pol\u00edtica y tradici\u00f3n\u201d <\/strong><\/span><\/p>\n<p style=\"text-align: justify;\"><span style=\"color: #000000;\">Padre de Clara, Severo encarna la estructura pol\u00edtica tradicional. Su rol permite entender el contexto de poder desde el cual se desarrolla la historia familiar.<\/span><\/p>\n<p style=\"text-align: justify;\"><span style=\"color: #000000;\"><strong>Rosa la Bella \u201cLa belleza como s\u00edmbolo\u201d<\/strong><\/span><\/p>\n<p style=\"text-align: justify;\"><span style=\"color: #000000;\">Hermana de Clara, Rosa es uno de los personajes m\u00e1s simb\u00f3licos. Su belleza extraordinaria y su destino marcan uno de los primeros quiebres en la historia, instalando desde el inicio el tono tr\u00e1gico y m\u00e1gico del relato.<\/span><\/p>\n<p style=\"text-align: justify;\"><span style=\"color: #000000;\"><strong>\u00bfD\u00f3nde ver La casa de los esp\u00edritus?<\/strong><\/span><\/p>\n<p style=\"text-align: justify;\"><span style=\"color: #000000;\">La esperada miniserie chilena \u201cLa casa de los esp\u00edritus\u201d se estrenar\u00e1 el pr\u00f3ximo 29 de abril de 2026, en Prime Video, la plataforma a la que acceden sin costo adicional los suscriptores de DIRECTV y DGO.\u00a0<\/span><\/p>\n<p style=\"text-align: justify;\"><span style=\"color: #000000;\">Los primeros tres cap\u00edtulos estar\u00e1n disponibles desde ese mismo d\u00eda. El 6 de mayo se estrenar\u00e1n dos nuevos episodios y los tres \u00faltimos llegar\u00e1n a la plataforma de streaming el 13 de mayo.<\/span><\/p>\n<p style=\"text-align: justify;\"><span style=\"color: #000000;\"><strong>C\u00f3mo activar Prime Video sin costo si eres cliente de DIRECTV: <\/strong><\/span><\/p>\n<p style=\"text-align: justify;\"><span style=\"color: #000000;\">Para los clientes de <a style=\"color: #000000;\" href=\"https:\/\/www.directvla.com\/cl\/home\">DIRECTV<\/a>, la activaci\u00f3n de Prime Video sin costo adicional se realiza de manera simple a trav\u00e9s de la plataforma <a style=\"color: #000000;\" href=\"https:\/\/www.directvla.com\/cl\">MiDIRECTV<\/a>. Aquellos usuarios que ya cuentan con una cuenta pueden iniciar sesi\u00f3n directamente, mientras que quienes a\u00fan no la tengan deben crear su usuario y contrase\u00f1a en el sitio oficial de DIRECTV.<\/span><\/p>\n<p style=\"text-align: justify;\"><span style=\"color: #000000;\">Una vez dentro de MiDIRECTV, el cliente debe buscar el mensaje \u201cActivar Prime Video para comenzar\u201d o dirigirse a la secci\u00f3n de plataformas de streaming. En caso de tener una suscripci\u00f3n previa a Prime Video, es necesario cancelarla previamente desde el <a style=\"color: #000000;\" href=\"http:\/\/www.primevideo.com\/help\">sitio de ayuda de la plataforma<\/a>, para evitar conflictos en la activaci\u00f3n del beneficio.<\/span><\/p>\n<p style=\"text-align: justify;\"><span style=\"color: #000000;\">A continuaci\u00f3n, el sistema redirigir\u00e1 al sitio de Prime Video, donde el usuario deber\u00e1 crear una cuenta ingresando sus datos personales. Durante este proceso, recibir\u00e1 un correo electr\u00f3nico de verificaci\u00f3n con un c\u00f3digo de seguridad, el cual deber\u00e1 copiar y pegar en el campo correspondiente para completar el registro. Tras este paso, la cuenta quedar\u00e1 activada. Finalmente, el usuario solo debe descargar la aplicaci\u00f3n de Prime Video en sus dispositivos e iniciar sesi\u00f3n con su usuario y contrase\u00f1a para comenzar a disfrutar del contenido.<\/span><\/p>\n<p style=\"text-align: justify;\"><span style=\"color: #000000;\">En el caso de los clientes de <a style=\"color: #000000;\" href=\"https:\/\/www.directvgo.com\/home\/main\">DGO<\/a>, la activaci\u00f3n tambi\u00e9n es directa desde la plataforma. El usuario debe ingresar con sus credenciales, dirigirse a la secci\u00f3n \u201cConfiguraci\u00f3n y cuenta\u201d y activar Prime Video siguiendo las indicaciones en pantalla. Una vez completado el proceso, el servicio quedar\u00e1 habilitado para su uso.<\/span><\/p>\n<p><img decoding=\"async\" class=\"aligncenter size-full wp-image-142030\" src=\"https:\/\/www.quebakan.com\/v15\/wp-content\/uploads\/2026\/04\/Dolores-Fonzi-Adult-Clara-1.jpg\" alt=\"\" width=\"700\" height=\"350\" srcset=\"https:\/\/www.quebakan.com\/v15\/wp-content\/uploads\/2026\/04\/Dolores-Fonzi-Adult-Clara-1.jpg 700w, https:\/\/www.quebakan.com\/v15\/wp-content\/uploads\/2026\/04\/Dolores-Fonzi-Adult-Clara-1-360x180.jpg 360w\" sizes=\"(max-width: 700px) 100vw, 700px\" \/><\/p>\n<p>&nbsp;<\/p>\n<p><img decoding=\"async\" class=\"aligncenter size-full wp-image-142031\" src=\"https:\/\/www.quebakan.com\/v15\/wp-content\/uploads\/2026\/04\/Dolores-Fonzi-1.jpg\" alt=\"\" width=\"700\" height=\"350\" srcset=\"https:\/\/www.quebakan.com\/v15\/wp-content\/uploads\/2026\/04\/Dolores-Fonzi-1.jpg 700w, https:\/\/www.quebakan.com\/v15\/wp-content\/uploads\/2026\/04\/Dolores-Fonzi-1-360x180.jpg 360w\" sizes=\"(max-width: 700px) 100vw, 700px\" \/><\/p>\n","protected":false},"excerpt":{"rendered":"<p>La miniserie que se estrena el 29 de abril est\u00e1 basada en el libro de la reconocida escritora chilena, publicado en 1982. Los usuarios de DIRECTV y DGO podr\u00e1n verla, sin costo adicional. Ver trailer aqu\u00ed. Abril de 2026 &#8211; La miniserie \u201cLa Casa de los Esp\u00edritus\u201d, basada en el libro de la escritora chilena [&hellip;]<\/p>\n","protected":false},"author":4,"featured_media":142029,"comment_status":"closed","ping_status":"closed","sticky":false,"template":"","format":"standard","meta":{"_bbp_topic_count":0,"_bbp_reply_count":0,"_bbp_total_topic_count":0,"_bbp_total_reply_count":0,"_bbp_voice_count":0,"_bbp_anonymous_reply_count":0,"_bbp_topic_count_hidden":0,"_bbp_reply_count_hidden":0,"_bbp_forum_subforum_count":0,"buzzeditor_post_format":"","footnotes":""},"categories":[2],"tags":[],"class_list":["post-142028","post","type-post","status-publish","format-standard","has-post-thumbnail","hentry","category-noticias"],"yoast_head":"<!-- This site is optimized with the Yoast SEO plugin v27.5 - https:\/\/yoast.com\/product\/yoast-seo-wordpress\/ -->\n<title>Qui\u00e9n es qui\u00e9n en \u201cLa casa de los esp\u00edritus\u201d, la historia de Isabel Allende que llega al streaming &#8211; QUEBAKAN.COM 2026: Noticias, Eventos, Conciertos y mucho m\u00e1s....<\/title>\n<meta name=\"robots\" content=\"index, follow, max-snippet:-1, max-image-preview:large, max-video-preview:-1\" \/>\n<link rel=\"canonical\" href=\"https:\/\/www.quebakan.com\/v15\/quien-es-quien-en-la-casa-de-los-espiritus-la-historia-de-isabel-allende-que-llega-al-streaming\/\" \/>\n<meta property=\"og:locale\" content=\"es_ES\" \/>\n<meta property=\"og:type\" content=\"article\" \/>\n<meta property=\"og:title\" content=\"Qui\u00e9n es qui\u00e9n en \u201cLa casa de los esp\u00edritus\u201d, la historia de Isabel Allende que llega al streaming &#8211; QUEBAKAN.COM 2026: Noticias, Eventos, Conciertos y mucho m\u00e1s....\" \/>\n<meta property=\"og:description\" content=\"La miniserie que se estrena el 29 de abril est\u00e1 basada en el libro de la reconocida escritora chilena, publicado en 1982. Los usuarios de DIRECTV y DGO podr\u00e1n verla, sin costo adicional. Ver trailer aqu\u00ed. Abril de 2026 &#8211; La miniserie \u201cLa Casa de los Esp\u00edritus\u201d, basada en el libro de la escritora chilena [&hellip;]\" \/>\n<meta property=\"og:url\" content=\"https:\/\/www.quebakan.com\/v15\/quien-es-quien-en-la-casa-de-los-espiritus-la-historia-de-isabel-allende-que-llega-al-streaming\/\" \/>\n<meta property=\"og:site_name\" content=\"QUEBAKAN.COM 2026: Noticias, Eventos, Conciertos y mucho m\u00e1s....\" \/>\n<meta property=\"article:publisher\" content=\"http:\/\/www.facebook.com\/quebakan\" \/>\n<meta property=\"article:published_time\" content=\"2026-04-28T14:54:07+00:00\" \/>\n<meta property=\"og:image\" content=\"https:\/\/www.quebakan.com\/v15\/wp-content\/uploads\/2026\/04\/Alfonso-Herrera-Esteban-Trueba-1.jpg\" \/>\n\t<meta property=\"og:image:width\" content=\"700\" \/>\n\t<meta property=\"og:image:height\" content=\"350\" \/>\n\t<meta property=\"og:image:type\" content=\"image\/jpeg\" \/>\n<meta name=\"author\" content=\"Erick Villafuerte\" \/>\n<meta name=\"twitter:card\" content=\"summary_large_image\" \/>\n<meta name=\"twitter:creator\" content=\"@quebakanec\" \/>\n<meta name=\"twitter:site\" content=\"@quebakanec\" \/>\n<meta name=\"twitter:label1\" content=\"Escrito por\" \/>\n\t<meta name=\"twitter:data1\" content=\"Erick Villafuerte\" \/>\n\t<meta name=\"twitter:label2\" content=\"Tiempo de lectura\" \/>\n\t<meta name=\"twitter:data2\" content=\"6 minutos\" \/>\n<script type=\"application\/ld+json\" class=\"yoast-schema-graph\">{\"@context\":\"https:\\\/\\\/schema.org\",\"@graph\":[{\"@type\":\"Article\",\"@id\":\"https:\\\/\\\/www.quebakan.com\\\/v15\\\/quien-es-quien-en-la-casa-de-los-espiritus-la-historia-de-isabel-allende-que-llega-al-streaming\\\/#article\",\"isPartOf\":{\"@id\":\"https:\\\/\\\/www.quebakan.com\\\/v15\\\/quien-es-quien-en-la-casa-de-los-espiritus-la-historia-de-isabel-allende-que-llega-al-streaming\\\/\"},\"author\":{\"name\":\"Erick Villafuerte\",\"@id\":\"https:\\\/\\\/www.quebakan.com\\\/v15\\\/#\\\/schema\\\/person\\\/d90fa9f9cfa81eb8ace9811e5b7b9118\"},\"headline\":\"Qui\u00e9n es qui\u00e9n en \u201cLa casa de los esp\u00edritus\u201d, la historia de Isabel Allende que llega al streaming\",\"datePublished\":\"2026-04-28T14:54:07+00:00\",\"mainEntityOfPage\":{\"@id\":\"https:\\\/\\\/www.quebakan.com\\\/v15\\\/quien-es-quien-en-la-casa-de-los-espiritus-la-historia-de-isabel-allende-que-llega-al-streaming\\\/\"},\"wordCount\":1115,\"publisher\":{\"@id\":\"https:\\\/\\\/www.quebakan.com\\\/v15\\\/#organization\"},\"image\":{\"@id\":\"https:\\\/\\\/www.quebakan.com\\\/v15\\\/quien-es-quien-en-la-casa-de-los-espiritus-la-historia-de-isabel-allende-que-llega-al-streaming\\\/#primaryimage\"},\"thumbnailUrl\":\"https:\\\/\\\/www.quebakan.com\\\/v15\\\/wp-content\\\/uploads\\\/2026\\\/04\\\/Alfonso-Herrera-Esteban-Trueba-1.jpg\",\"articleSection\":[\"Noticias\"],\"inLanguage\":\"es\"},{\"@type\":\"WebPage\",\"@id\":\"https:\\\/\\\/www.quebakan.com\\\/v15\\\/quien-es-quien-en-la-casa-de-los-espiritus-la-historia-de-isabel-allende-que-llega-al-streaming\\\/\",\"url\":\"https:\\\/\\\/www.quebakan.com\\\/v15\\\/quien-es-quien-en-la-casa-de-los-espiritus-la-historia-de-isabel-allende-que-llega-al-streaming\\\/\",\"name\":\"Qui\u00e9n es qui\u00e9n en \u201cLa casa de los esp\u00edritus\u201d, la historia de Isabel Allende que llega al streaming &#8211; QUEBAKAN.COM 2026: Noticias, Eventos, Conciertos y mucho m\u00e1s....\",\"isPartOf\":{\"@id\":\"https:\\\/\\\/www.quebakan.com\\\/v15\\\/#website\"},\"primaryImageOfPage\":{\"@id\":\"https:\\\/\\\/www.quebakan.com\\\/v15\\\/quien-es-quien-en-la-casa-de-los-espiritus-la-historia-de-isabel-allende-que-llega-al-streaming\\\/#primaryimage\"},\"image\":{\"@id\":\"https:\\\/\\\/www.quebakan.com\\\/v15\\\/quien-es-quien-en-la-casa-de-los-espiritus-la-historia-de-isabel-allende-que-llega-al-streaming\\\/#primaryimage\"},\"thumbnailUrl\":\"https:\\\/\\\/www.quebakan.com\\\/v15\\\/wp-content\\\/uploads\\\/2026\\\/04\\\/Alfonso-Herrera-Esteban-Trueba-1.jpg\",\"datePublished\":\"2026-04-28T14:54:07+00:00\",\"breadcrumb\":{\"@id\":\"https:\\\/\\\/www.quebakan.com\\\/v15\\\/quien-es-quien-en-la-casa-de-los-espiritus-la-historia-de-isabel-allende-que-llega-al-streaming\\\/#breadcrumb\"},\"inLanguage\":\"es\",\"potentialAction\":[{\"@type\":\"ReadAction\",\"target\":[\"https:\\\/\\\/www.quebakan.com\\\/v15\\\/quien-es-quien-en-la-casa-de-los-espiritus-la-historia-de-isabel-allende-que-llega-al-streaming\\\/\"]}]},{\"@type\":\"ImageObject\",\"inLanguage\":\"es\",\"@id\":\"https:\\\/\\\/www.quebakan.com\\\/v15\\\/quien-es-quien-en-la-casa-de-los-espiritus-la-historia-de-isabel-allende-que-llega-al-streaming\\\/#primaryimage\",\"url\":\"https:\\\/\\\/www.quebakan.com\\\/v15\\\/wp-content\\\/uploads\\\/2026\\\/04\\\/Alfonso-Herrera-Esteban-Trueba-1.jpg\",\"contentUrl\":\"https:\\\/\\\/www.quebakan.com\\\/v15\\\/wp-content\\\/uploads\\\/2026\\\/04\\\/Alfonso-Herrera-Esteban-Trueba-1.jpg\",\"width\":700,\"height\":350},{\"@type\":\"BreadcrumbList\",\"@id\":\"https:\\\/\\\/www.quebakan.com\\\/v15\\\/quien-es-quien-en-la-casa-de-los-espiritus-la-historia-de-isabel-allende-que-llega-al-streaming\\\/#breadcrumb\",\"itemListElement\":[{\"@type\":\"ListItem\",\"position\":1,\"name\":\"Portada\",\"item\":\"https:\\\/\\\/www.quebakan.com\\\/v15\\\/\"},{\"@type\":\"ListItem\",\"position\":2,\"name\":\"Qui\u00e9n es qui\u00e9n en \u201cLa casa de los esp\u00edritus\u201d, la historia de Isabel Allende que llega al streaming\"}]},{\"@type\":\"WebSite\",\"@id\":\"https:\\\/\\\/www.quebakan.com\\\/v15\\\/#website\",\"url\":\"https:\\\/\\\/www.quebakan.com\\\/v15\\\/\",\"name\":\"QUEBAKAN\",\"description\":\"..\",\"publisher\":{\"@id\":\"https:\\\/\\\/www.quebakan.com\\\/v15\\\/#organization\"},\"potentialAction\":[{\"@type\":\"SearchAction\",\"target\":{\"@type\":\"EntryPoint\",\"urlTemplate\":\"https:\\\/\\\/www.quebakan.com\\\/v15\\\/?s={search_term_string}\"},\"query-input\":{\"@type\":\"PropertyValueSpecification\",\"valueRequired\":true,\"valueName\":\"search_term_string\"}}],\"inLanguage\":\"es\"},{\"@type\":\"Organization\",\"@id\":\"https:\\\/\\\/www.quebakan.com\\\/v15\\\/#organization\",\"name\":\"Quebakan.com\",\"url\":\"https:\\\/\\\/www.quebakan.com\\\/v15\\\/\",\"logo\":{\"@type\":\"ImageObject\",\"inLanguage\":\"es\",\"@id\":\"https:\\\/\\\/www.quebakan.com\\\/v15\\\/#\\\/schema\\\/logo\\\/image\\\/\",\"url\":\"https:\\\/\\\/www.quebakan.com\\\/v15\\\/wp-content\\\/uploads\\\/2023\\\/07\\\/logoquebakanenero2021.jpg\",\"contentUrl\":\"https:\\\/\\\/www.quebakan.com\\\/v15\\\/wp-content\\\/uploads\\\/2023\\\/07\\\/logoquebakanenero2021.jpg\",\"width\":1920,\"height\":1080,\"caption\":\"Quebakan.com\"},\"image\":{\"@id\":\"https:\\\/\\\/www.quebakan.com\\\/v15\\\/#\\\/schema\\\/logo\\\/image\\\/\"},\"sameAs\":[\"http:\\\/\\\/www.facebook.com\\\/quebakan\",\"https:\\\/\\\/x.com\\\/quebakanec\",\"http:\\\/\\\/www.instagram.com\\\/quebakan\",\"http:\\\/\\\/www.youtube.com\\\/quebakan1\"]},{\"@type\":\"Person\",\"@id\":\"https:\\\/\\\/www.quebakan.com\\\/v15\\\/#\\\/schema\\\/person\\\/d90fa9f9cfa81eb8ace9811e5b7b9118\",\"name\":\"Erick Villafuerte\",\"image\":{\"@type\":\"ImageObject\",\"inLanguage\":\"es\",\"@id\":\"https:\\\/\\\/www.quebakan.com\\\/v15\\\/wp-content\\\/uploads\\\/avatars\\\/4\\\/1731297654-bpfull.png\",\"url\":\"https:\\\/\\\/www.quebakan.com\\\/v15\\\/wp-content\\\/uploads\\\/avatars\\\/4\\\/1731297654-bpfull.png\",\"contentUrl\":\"https:\\\/\\\/www.quebakan.com\\\/v15\\\/wp-content\\\/uploads\\\/avatars\\\/4\\\/1731297654-bpfull.png\",\"caption\":\"Erick Villafuerte\"}}]}<\/script>\n<!-- \/ Yoast SEO plugin. -->","yoast_head_json":{"title":"Qui\u00e9n es qui\u00e9n en \u201cLa casa de los esp\u00edritus\u201d, la historia de Isabel Allende que llega al streaming &#8211; QUEBAKAN.COM 2026: Noticias, Eventos, Conciertos y mucho m\u00e1s....","robots":{"index":"index","follow":"follow","max-snippet":"max-snippet:-1","max-image-preview":"max-image-preview:large","max-video-preview":"max-video-preview:-1"},"canonical":"https:\/\/www.quebakan.com\/v15\/quien-es-quien-en-la-casa-de-los-espiritus-la-historia-de-isabel-allende-que-llega-al-streaming\/","og_locale":"es_ES","og_type":"article","og_title":"Qui\u00e9n es qui\u00e9n en \u201cLa casa de los esp\u00edritus\u201d, la historia de Isabel Allende que llega al streaming &#8211; QUEBAKAN.COM 2026: Noticias, Eventos, Conciertos y mucho m\u00e1s....","og_description":"La miniserie que se estrena el 29 de abril est\u00e1 basada en el libro de la reconocida escritora chilena, publicado en 1982. Los usuarios de DIRECTV y DGO podr\u00e1n verla, sin costo adicional. Ver trailer aqu\u00ed. Abril de 2026 &#8211; La miniserie \u201cLa Casa de los Esp\u00edritus\u201d, basada en el libro de la escritora chilena [&hellip;]","og_url":"https:\/\/www.quebakan.com\/v15\/quien-es-quien-en-la-casa-de-los-espiritus-la-historia-de-isabel-allende-que-llega-al-streaming\/","og_site_name":"QUEBAKAN.COM 2026: Noticias, Eventos, Conciertos y mucho m\u00e1s....","article_publisher":"http:\/\/www.facebook.com\/quebakan","article_published_time":"2026-04-28T14:54:07+00:00","og_image":[{"width":700,"height":350,"url":"https:\/\/www.quebakan.com\/v15\/wp-content\/uploads\/2026\/04\/Alfonso-Herrera-Esteban-Trueba-1.jpg","type":"image\/jpeg"}],"author":"Erick Villafuerte","twitter_card":"summary_large_image","twitter_creator":"@quebakanec","twitter_site":"@quebakanec","twitter_misc":{"Escrito por":"Erick Villafuerte","Tiempo de lectura":"6 minutos"},"schema":{"@context":"https:\/\/schema.org","@graph":[{"@type":"Article","@id":"https:\/\/www.quebakan.com\/v15\/quien-es-quien-en-la-casa-de-los-espiritus-la-historia-de-isabel-allende-que-llega-al-streaming\/#article","isPartOf":{"@id":"https:\/\/www.quebakan.com\/v15\/quien-es-quien-en-la-casa-de-los-espiritus-la-historia-de-isabel-allende-que-llega-al-streaming\/"},"author":{"name":"Erick Villafuerte","@id":"https:\/\/www.quebakan.com\/v15\/#\/schema\/person\/d90fa9f9cfa81eb8ace9811e5b7b9118"},"headline":"Qui\u00e9n es qui\u00e9n en \u201cLa casa de los esp\u00edritus\u201d, la historia de Isabel Allende que llega al streaming","datePublished":"2026-04-28T14:54:07+00:00","mainEntityOfPage":{"@id":"https:\/\/www.quebakan.com\/v15\/quien-es-quien-en-la-casa-de-los-espiritus-la-historia-de-isabel-allende-que-llega-al-streaming\/"},"wordCount":1115,"publisher":{"@id":"https:\/\/www.quebakan.com\/v15\/#organization"},"image":{"@id":"https:\/\/www.quebakan.com\/v15\/quien-es-quien-en-la-casa-de-los-espiritus-la-historia-de-isabel-allende-que-llega-al-streaming\/#primaryimage"},"thumbnailUrl":"https:\/\/www.quebakan.com\/v15\/wp-content\/uploads\/2026\/04\/Alfonso-Herrera-Esteban-Trueba-1.jpg","articleSection":["Noticias"],"inLanguage":"es"},{"@type":"WebPage","@id":"https:\/\/www.quebakan.com\/v15\/quien-es-quien-en-la-casa-de-los-espiritus-la-historia-de-isabel-allende-que-llega-al-streaming\/","url":"https:\/\/www.quebakan.com\/v15\/quien-es-quien-en-la-casa-de-los-espiritus-la-historia-de-isabel-allende-que-llega-al-streaming\/","name":"Qui\u00e9n es qui\u00e9n en \u201cLa casa de los esp\u00edritus\u201d, la historia de Isabel Allende que llega al streaming &#8211; QUEBAKAN.COM 2026: Noticias, Eventos, Conciertos y mucho m\u00e1s....","isPartOf":{"@id":"https:\/\/www.quebakan.com\/v15\/#website"},"primaryImageOfPage":{"@id":"https:\/\/www.quebakan.com\/v15\/quien-es-quien-en-la-casa-de-los-espiritus-la-historia-de-isabel-allende-que-llega-al-streaming\/#primaryimage"},"image":{"@id":"https:\/\/www.quebakan.com\/v15\/quien-es-quien-en-la-casa-de-los-espiritus-la-historia-de-isabel-allende-que-llega-al-streaming\/#primaryimage"},"thumbnailUrl":"https:\/\/www.quebakan.com\/v15\/wp-content\/uploads\/2026\/04\/Alfonso-Herrera-Esteban-Trueba-1.jpg","datePublished":"2026-04-28T14:54:07+00:00","breadcrumb":{"@id":"https:\/\/www.quebakan.com\/v15\/quien-es-quien-en-la-casa-de-los-espiritus-la-historia-de-isabel-allende-que-llega-al-streaming\/#breadcrumb"},"inLanguage":"es","potentialAction":[{"@type":"ReadAction","target":["https:\/\/www.quebakan.com\/v15\/quien-es-quien-en-la-casa-de-los-espiritus-la-historia-de-isabel-allende-que-llega-al-streaming\/"]}]},{"@type":"ImageObject","inLanguage":"es","@id":"https:\/\/www.quebakan.com\/v15\/quien-es-quien-en-la-casa-de-los-espiritus-la-historia-de-isabel-allende-que-llega-al-streaming\/#primaryimage","url":"https:\/\/www.quebakan.com\/v15\/wp-content\/uploads\/2026\/04\/Alfonso-Herrera-Esteban-Trueba-1.jpg","contentUrl":"https:\/\/www.quebakan.com\/v15\/wp-content\/uploads\/2026\/04\/Alfonso-Herrera-Esteban-Trueba-1.jpg","width":700,"height":350},{"@type":"BreadcrumbList","@id":"https:\/\/www.quebakan.com\/v15\/quien-es-quien-en-la-casa-de-los-espiritus-la-historia-de-isabel-allende-que-llega-al-streaming\/#breadcrumb","itemListElement":[{"@type":"ListItem","position":1,"name":"Portada","item":"https:\/\/www.quebakan.com\/v15\/"},{"@type":"ListItem","position":2,"name":"Qui\u00e9n es qui\u00e9n en \u201cLa casa de los esp\u00edritus\u201d, la historia de Isabel Allende que llega al streaming"}]},{"@type":"WebSite","@id":"https:\/\/www.quebakan.com\/v15\/#website","url":"https:\/\/www.quebakan.com\/v15\/","name":"QUEBAKAN","description":"..","publisher":{"@id":"https:\/\/www.quebakan.com\/v15\/#organization"},"potentialAction":[{"@type":"SearchAction","target":{"@type":"EntryPoint","urlTemplate":"https:\/\/www.quebakan.com\/v15\/?s={search_term_string}"},"query-input":{"@type":"PropertyValueSpecification","valueRequired":true,"valueName":"search_term_string"}}],"inLanguage":"es"},{"@type":"Organization","@id":"https:\/\/www.quebakan.com\/v15\/#organization","name":"Quebakan.com","url":"https:\/\/www.quebakan.com\/v15\/","logo":{"@type":"ImageObject","inLanguage":"es","@id":"https:\/\/www.quebakan.com\/v15\/#\/schema\/logo\/image\/","url":"https:\/\/www.quebakan.com\/v15\/wp-content\/uploads\/2023\/07\/logoquebakanenero2021.jpg","contentUrl":"https:\/\/www.quebakan.com\/v15\/wp-content\/uploads\/2023\/07\/logoquebakanenero2021.jpg","width":1920,"height":1080,"caption":"Quebakan.com"},"image":{"@id":"https:\/\/www.quebakan.com\/v15\/#\/schema\/logo\/image\/"},"sameAs":["http:\/\/www.facebook.com\/quebakan","https:\/\/x.com\/quebakanec","http:\/\/www.instagram.com\/quebakan","http:\/\/www.youtube.com\/quebakan1"]},{"@type":"Person","@id":"https:\/\/www.quebakan.com\/v15\/#\/schema\/person\/d90fa9f9cfa81eb8ace9811e5b7b9118","name":"Erick Villafuerte","image":{"@type":"ImageObject","inLanguage":"es","@id":"https:\/\/www.quebakan.com\/v15\/wp-content\/uploads\/avatars\/4\/1731297654-bpfull.png","url":"https:\/\/www.quebakan.com\/v15\/wp-content\/uploads\/avatars\/4\/1731297654-bpfull.png","contentUrl":"https:\/\/www.quebakan.com\/v15\/wp-content\/uploads\/avatars\/4\/1731297654-bpfull.png","caption":"Erick Villafuerte"}}]}},"_links":{"self":[{"href":"https:\/\/www.quebakan.com\/v15\/wp-json\/wp\/v2\/posts\/142028","targetHints":{"allow":["GET"]}}],"collection":[{"href":"https:\/\/www.quebakan.com\/v15\/wp-json\/wp\/v2\/posts"}],"about":[{"href":"https:\/\/www.quebakan.com\/v15\/wp-json\/wp\/v2\/types\/post"}],"author":[{"embeddable":true,"href":"https:\/\/www.quebakan.com\/v15\/wp-json\/wp\/v2\/users\/4"}],"replies":[{"embeddable":true,"href":"https:\/\/www.quebakan.com\/v15\/wp-json\/wp\/v2\/comments?post=142028"}],"version-history":[{"count":1,"href":"https:\/\/www.quebakan.com\/v15\/wp-json\/wp\/v2\/posts\/142028\/revisions"}],"predecessor-version":[{"id":142032,"href":"https:\/\/www.quebakan.com\/v15\/wp-json\/wp\/v2\/posts\/142028\/revisions\/142032"}],"wp:featuredmedia":[{"embeddable":true,"href":"https:\/\/www.quebakan.com\/v15\/wp-json\/wp\/v2\/media\/142029"}],"wp:attachment":[{"href":"https:\/\/www.quebakan.com\/v15\/wp-json\/wp\/v2\/media?parent=142028"}],"wp:term":[{"taxonomy":"category","embeddable":true,"href":"https:\/\/www.quebakan.com\/v15\/wp-json\/wp\/v2\/categories?post=142028"},{"taxonomy":"post_tag","embeddable":true,"href":"https:\/\/www.quebakan.com\/v15\/wp-json\/wp\/v2\/tags?post=142028"}],"curies":[{"name":"wp","href":"https:\/\/api.w.org\/{rel}","templated":true}]}}