{"id":142033,"date":"2026-04-28T11:32:36","date_gmt":"2026-04-28T16:32:36","guid":{"rendered":"https:\/\/www.quebakan.com\/v15\/?p=142033"},"modified":"2026-04-28T11:32:36","modified_gmt":"2026-04-28T16:32:36","slug":"russian-classical-ballet-el-lago-de-los-cisnes-en-ecuador","status":"publish","type":"post","link":"https:\/\/www.quebakan.com\/v15\/russian-classical-ballet-el-lago-de-los-cisnes-en-ecuador\/","title":{"rendered":"RUSSIAN CLASSICAL BALLET \u201cEL LAGO DE LOS CISNES\u201d EN ECUADOR"},"content":{"rendered":"<p><img fetchpriority=\"high\" decoding=\"async\" class=\"aligncenter size-full wp-image-142034\" src=\"https:\/\/www.quebakan.com\/v15\/wp-content\/uploads\/2026\/04\/IMG_3562.jpg\" alt=\"\" width=\"560\" height=\"700\" \/><\/p>\n<p style=\"text-align: justify;\"><span style=\"color: #000000;\">La elegancia y el lirismo del ballet cl\u00e1sico llegan a Ecuador con una de las obras m\u00e1s emblem\u00e1ticas de todos los tiempos: <strong>El Lago de los Cisnes<\/strong>. Esta aclamada producci\u00f3n ser\u00e1 presentada por el <strong>Russian Classical Ballet<\/strong>, compa\u00f1\u00eda internacional integrada por bailarines formados en las m\u00e1s prestigiosas academias de Rusia, reconocida por su excelencia t\u00e9cnica, rigor art\u00edstico y profundo respeto por la tradici\u00f3n.<\/span><\/p>\n<p style=\"text-align: justify;\"><span style=\"color: #000000;\">Con coreograf\u00edas magistrales, deslumbrantes vestuarios y la inmortal m\u00fasica de Piotr Ilich Tchaikovsky, esta puesta en escena transporta al espectador a un universo de magia, belleza y emoci\u00f3n. La obra narra el amor imposible entre el pr\u00edncipe Sigfrido y la princesa Odette, en una historia que ha trascendido generaciones como uno de los grandes s\u00edmbolos del ballet cl\u00e1sico.<\/span><\/p>\n<p style=\"text-align: justify;\"><span style=\"color: #000000;\">Como parte de su gira por Ecuador, la producci\u00f3n contar\u00e1 con la participaci\u00f3n de destacados solistas internacionales: Artemiy Pyzhov, Primer bailar\u00edn del Teatro Nacional de Eslovaquia, graduado con honores de la Academia de Ballet del Bolsh\u00f3i; y Liudmila Khitrova, artista em\u00e9rita y Primera solista del Teatro Bolsh\u00f3i de \u00d3pera y Ballet de Bielorrusia (Minsk), quienes dar\u00e1n vida a los roles principales con una interpretaci\u00f3n de alto nivel t\u00e9cnico y expresivo.<\/span><\/p>\n<p style=\"text-align: justify;\"><span style=\"color: #000000;\">Con una puesta en escena de est\u00e1ndar internacional, El Lago de los Cisnes reafirma su lugar como una de las obras m\u00e1s importantes del repertorio cl\u00e1sico, ofreciendo al p\u00fablico una experiencia \u00fanica que celebra la disciplina, la belleza y la emoci\u00f3n del ballet en su m\u00e1xima expresi\u00f3n.<\/span><\/p>\n<p style=\"text-align: justify;\"><span style=\"color: #000000;\"><strong>RUSSIAN CLASSICAL BALLET <\/strong><\/span><\/p>\n<p style=\"text-align: justify;\"><span style=\"color: #000000;\"><strong>\u201cEL LAGO DE LOS CISNES\u201d<\/strong><\/span><\/p>\n<p style=\"text-align: justify;\"><span style=\"color: #000000;\"><strong>GIRA ECUADOR<\/strong><\/span><\/p>\n<p style=\"text-align: justify;\"><span style=\"color: #000000;\"><strong>\u00a0<\/strong><\/span><\/p>\n<p style=\"text-align: justify;\"><span style=\"color: #000000;\"><strong>LOJA <\/strong><\/span><\/p>\n<p style=\"text-align: justify;\"><span style=\"color: #000000;\">19 de mayo<\/span><\/p>\n<p style=\"text-align: justify;\"><span style=\"color: #000000;\">Teatro Bol\u00edvar<\/span><\/p>\n<p style=\"text-align: justify;\"><span style=\"color: #000000;\">Hora: 20h00\u00a0\u00a0\u00a0<\/span><\/p>\n<p style=\"text-align: justify;\"><span style=\"color: #000000;\">Entradas en: TICKETSHOW<\/span><\/p>\n<p style=\"text-align: justify;\"><span style=\"color: #000000;\">\u00a0\u00a0\u00a0\u00a0\u00a0\u00a0\u00a0\u00a0\u00a0\u00a0\u00a0\u00a0\u00a0\u00a0\u00a0\u00a0\u00a0\u00a0\u00a0\u00a0\u00a0\u00a0\u00a0\u00a0\u00a0\u00a0\u00a0\u00a0\u00a0\u00a0\u00a0\u00a0\u00a0\u00a0\u00a0\u00a0\u00a0\u00a0\u00a0\u00a0\u00a0\u00a0\u00a0\u00a0\u00a0\u00a0<\/span><\/p>\n<p style=\"text-align: justify;\"><span style=\"color: #000000;\"><strong>CUENCA <\/strong><\/span><\/p>\n<p style=\"text-align: justify;\"><span style=\"color: #000000;\">20 de mayo<\/span><\/p>\n<p style=\"text-align: justify;\"><span style=\"color: #000000;\">Teatro Cueva Tamariz<\/span><\/p>\n<p style=\"text-align: justify;\"><span style=\"color: #000000;\">Hora: 19h30\u00a0\u00a0\u00a0<\/span><\/p>\n<p style=\"text-align: justify;\"><span style=\"color: #000000;\">Entradas en: TICKETSHOW<\/span><\/p>\n<p style=\"text-align: justify;\"><span style=\"color: #000000;\">\u00a0\u00a0\u00a0\u00a0\u00a0\u00a0\u00a0\u00a0\u00a0\u00a0\u00a0\u00a0\u00a0\u00a0\u00a0\u00a0\u00a0\u00a0\u00a0\u00a0\u00a0\u00a0\u00a0\u00a0\u00a0\u00a0\u00a0\u00a0\u00a0\u00a0\u00a0\u00a0\u00a0\u00a0\u00a0\u00a0\u00a0\u00a0\u00a0\u00a0\u00a0\u00a0\u00a0\u00a0\u00a0\u00a0<\/span><\/p>\n<p style=\"text-align: justify;\"><span style=\"color: #000000;\"><strong>GUAYAQUIL<\/strong><\/span><\/p>\n<p style=\"text-align: justify;\"><span style=\"color: #000000;\">23 de mayo<\/span><\/p>\n<p style=\"text-align: justify;\"><span style=\"color: #000000;\">Teatro Centro de Arte<\/span><\/p>\n<p style=\"text-align: justify;\"><span style=\"color: #000000;\">Hora: 16h30 y 20h00\u00a0<\/span><\/p>\n<p style=\"text-align: justify;\"><span style=\"color: #000000;\">Entradas en: TICKETSHOW<\/span><\/p>\n<p style=\"text-align: justify;\"><span style=\"color: #000000;\">\u00a0\u00a0\u00a0\u00a0\u00a0\u00a0\u00a0\u00a0\u00a0\u00a0\u00a0\u00a0\u00a0\u00a0\u00a0\u00a0\u00a0\u00a0\u00a0\u00a0\u00a0\u00a0\u00a0\u00a0\u00a0\u00a0\u00a0\u00a0\u00a0\u00a0\u00a0\u00a0\u00a0\u00a0\u00a0\u00a0\u00a0\u00a0\u00a0\u00a0\u00a0\u00a0\u00a0\u00a0\u00a0\u00a0<\/span><\/p>\n<p style=\"text-align: justify;\"><span style=\"color: #000000;\"><strong>AMBATO\u00a0\u00a0\u00a0\u00a0 <\/strong><\/span><\/p>\n<p style=\"text-align: justify;\"><span style=\"color: #000000;\">26 de mayo de 2026\u00a0\u00a0<\/span><\/p>\n<p style=\"text-align: justify;\"><span style=\"color: #000000;\">Teatro Lalama<\/span><\/p>\n<p style=\"text-align: justify;\"><span style=\"color: #000000;\">Hora: 20h00\u00a0\u00a0\u00a0<\/span><\/p>\n<p style=\"text-align: justify;\"><span style=\"color: #000000;\">Entradas en: DUIT<\/span><\/p>\n<p style=\"text-align: justify;\"><span style=\"color: #000000;\">\u00a0\u00a0\u00a0\u00a0\u00a0\u00a0\u00a0\u00a0\u00a0\u00a0\u00a0\u00a0\u00a0\u00a0\u00a0\u00a0\u00a0\u00a0\u00a0\u00a0\u00a0\u00a0\u00a0\u00a0\u00a0\u00a0\u00a0\u00a0\u00a0\u00a0\u00a0\u00a0\u00a0\u00a0\u00a0\u00a0\u00a0\u00a0\u00a0\u00a0\u00a0\u00a0\u00a0\u00a0\u00a0\u00a0<\/span><\/p>\n<p style=\"text-align: justify;\"><span style=\"color: #000000;\"><strong>RIOBAMBA <\/strong><\/span><\/p>\n<p style=\"text-align: justify;\"><span style=\"color: #000000;\">27 de mayo de 2026\u00a0\u00a0<\/span><\/p>\n<p style=\"text-align: justify;\"><span style=\"color: #000000;\">Teatro Universidad de Chimborazo\u00a0\u00a0<\/span><\/p>\n<p style=\"text-align: justify;\"><span style=\"color: #000000;\">Hora: 20h00\u00a0\u00a0\u00a0<\/span><\/p>\n<p style=\"text-align: justify;\"><span style=\"color: #000000;\">Entradas en:DUIT<\/span><\/p>\n<p style=\"text-align: justify;\"><span style=\"color: #000000;\">\u00a0\u00a0\u00a0\u00a0\u00a0\u00a0\u00a0\u00a0\u00a0\u00a0\u00a0\u00a0\u00a0\u00a0\u00a0\u00a0\u00a0\u00a0\u00a0\u00a0\u00a0\u00a0\u00a0\u00a0\u00a0\u00a0\u00a0\u00a0\u00a0\u00a0\u00a0\u00a0\u00a0\u00a0\u00a0\u00a0\u00a0\u00a0\u00a0\u00a0\u00a0\u00a0\u00a0\u00a0\u00a0\u00a0<\/span><\/p>\n<p style=\"text-align: justify;\"><span style=\"color: #000000;\"><strong>IBARRA \u00a0\u00a0\u00a0\u00a0\u00a0\u00a0 <\/strong><\/span><\/p>\n<p style=\"text-align: justify;\"><span style=\"color: #000000;\">28 de mayo<\/span><\/p>\n<p style=\"text-align: justify;\"><span style=\"color: #000000;\">Teatro Gran Colombia<\/span><\/p>\n<p style=\"text-align: justify;\"><span style=\"color: #000000;\">Hora:20h00\u00a0\u00a0\u00a0\u00a0<\/span><\/p>\n<p style=\"text-align: justify;\"><span style=\"color: #000000;\">Entradas en: TICKET \u00c9XITO<\/span><\/p>\n<p style=\"text-align: justify;\"><span style=\"color: #000000;\">\u00a0\u00a0\u00a0\u00a0\u00a0\u00a0\u00a0\u00a0\u00a0\u00a0\u00a0\u00a0\u00a0\u00a0\u00a0\u00a0\u00a0\u00a0\u00a0\u00a0\u00a0\u00a0\u00a0\u00a0\u00a0\u00a0\u00a0\u00a0\u00a0\u00a0\u00a0\u00a0\u00a0\u00a0\u00a0\u00a0\u00a0\u00a0\u00a0\u00a0\u00a0\u00a0\u00a0\u00a0\u00a0\u00a0<\/span><\/p>\n<p style=\"text-align: justify;\"><span style=\"color: #000000;\"><strong>QUITO\u00a0\u00a0\u00a0\u00a0\u00a0\u00a0\u00a0\u00a0\u00a0 <\/strong><\/span><\/p>\n<p style=\"text-align: justify;\"><span style=\"color: #000000;\">30 de mayo<\/span><\/p>\n<p style=\"text-align: justify;\"><span style=\"color: #000000;\">Teatro San Gabriel\u00a0\u00a0\u00a0\u00a0<\/span><\/p>\n<p style=\"text-align: justify;\"><span style=\"color: #000000;\">Hora: 16h30 y 20h00\u00a0<\/span><\/p>\n<p style=\"text-align: justify;\"><span style=\"color: #000000;\">Entradas en: TICKETSHOW<\/span><\/p>\n<p>&nbsp;<\/p>\n<p><img decoding=\"async\" class=\"aligncenter size-full wp-image-142035\" src=\"https:\/\/www.quebakan.com\/v15\/wp-content\/uploads\/2026\/04\/IMG_3563.jpg\" alt=\"\" width=\"560\" height=\"700\" \/><\/p>\n<p>&nbsp;<\/p>\n<p><img decoding=\"async\" class=\"aligncenter size-full wp-image-142036\" src=\"https:\/\/www.quebakan.com\/v15\/wp-content\/uploads\/2026\/04\/IMG_3569.jpg\" alt=\"\" width=\"560\" height=\"700\" \/><\/p>\n","protected":false},"excerpt":{"rendered":"<p>La elegancia y el lirismo del ballet cl\u00e1sico llegan a Ecuador con una de las obras m\u00e1s emblem\u00e1ticas de todos los tiempos: El Lago de los Cisnes. Esta aclamada producci\u00f3n ser\u00e1 presentada por el Russian Classical Ballet, compa\u00f1\u00eda internacional integrada por bailarines formados en las m\u00e1s prestigiosas academias de Rusia, reconocida por su excelencia t\u00e9cnica, [&hellip;]<\/p>\n","protected":false},"author":4,"featured_media":142036,"comment_status":"closed","ping_status":"closed","sticky":false,"template":"","format":"standard","meta":{"_bbp_topic_count":0,"_bbp_reply_count":0,"_bbp_total_topic_count":0,"_bbp_total_reply_count":0,"_bbp_voice_count":0,"_bbp_anonymous_reply_count":0,"_bbp_topic_count_hidden":0,"_bbp_reply_count_hidden":0,"_bbp_forum_subforum_count":0,"buzzeditor_post_format":"","footnotes":""},"categories":[2],"tags":[],"class_list":["post-142033","post","type-post","status-publish","format-standard","has-post-thumbnail","hentry","category-noticias"],"yoast_head":"<!-- This site is optimized with the Yoast SEO plugin v27.5 - https:\/\/yoast.com\/product\/yoast-seo-wordpress\/ -->\n<title>RUSSIAN CLASSICAL BALLET \u201cEL LAGO DE LOS CISNES\u201d EN ECUADOR &#8211; QUEBAKAN.COM 2026: Noticias, Eventos, Conciertos y mucho m\u00e1s....<\/title>\n<meta name=\"robots\" content=\"index, follow, max-snippet:-1, max-image-preview:large, max-video-preview:-1\" \/>\n<link rel=\"canonical\" href=\"https:\/\/www.quebakan.com\/v15\/russian-classical-ballet-el-lago-de-los-cisnes-en-ecuador\/\" \/>\n<meta property=\"og:locale\" content=\"es_ES\" \/>\n<meta property=\"og:type\" content=\"article\" \/>\n<meta property=\"og:title\" content=\"RUSSIAN CLASSICAL BALLET \u201cEL LAGO DE LOS CISNES\u201d EN ECUADOR &#8211; QUEBAKAN.COM 2026: Noticias, Eventos, Conciertos y mucho m\u00e1s....\" \/>\n<meta property=\"og:description\" content=\"La elegancia y el lirismo del ballet cl\u00e1sico llegan a Ecuador con una de las obras m\u00e1s emblem\u00e1ticas de todos los tiempos: El Lago de los Cisnes. Esta aclamada producci\u00f3n ser\u00e1 presentada por el Russian Classical Ballet, compa\u00f1\u00eda internacional integrada por bailarines formados en las m\u00e1s prestigiosas academias de Rusia, reconocida por su excelencia t\u00e9cnica, [&hellip;]\" \/>\n<meta property=\"og:url\" content=\"https:\/\/www.quebakan.com\/v15\/russian-classical-ballet-el-lago-de-los-cisnes-en-ecuador\/\" \/>\n<meta property=\"og:site_name\" content=\"QUEBAKAN.COM 2026: Noticias, Eventos, Conciertos y mucho m\u00e1s....\" \/>\n<meta property=\"article:publisher\" content=\"http:\/\/www.facebook.com\/quebakan\" \/>\n<meta property=\"article:published_time\" content=\"2026-04-28T16:32:36+00:00\" \/>\n<meta property=\"og:image\" content=\"https:\/\/www.quebakan.com\/v15\/wp-content\/uploads\/2026\/04\/IMG_3569.jpg\" \/>\n\t<meta property=\"og:image:width\" content=\"560\" \/>\n\t<meta property=\"og:image:height\" content=\"700\" \/>\n\t<meta property=\"og:image:type\" content=\"image\/jpeg\" \/>\n<meta name=\"author\" content=\"Erick Villafuerte\" \/>\n<meta name=\"twitter:card\" content=\"summary_large_image\" \/>\n<meta name=\"twitter:creator\" content=\"@quebakanec\" \/>\n<meta name=\"twitter:site\" content=\"@quebakanec\" \/>\n<meta name=\"twitter:label1\" content=\"Escrito por\" \/>\n\t<meta name=\"twitter:data1\" content=\"Erick Villafuerte\" \/>\n\t<meta name=\"twitter:label2\" content=\"Tiempo de lectura\" \/>\n\t<meta name=\"twitter:data2\" content=\"3 minutos\" \/>\n<script type=\"application\/ld+json\" class=\"yoast-schema-graph\">{\"@context\":\"https:\\\/\\\/schema.org\",\"@graph\":[{\"@type\":\"Article\",\"@id\":\"https:\\\/\\\/www.quebakan.com\\\/v15\\\/russian-classical-ballet-el-lago-de-los-cisnes-en-ecuador\\\/#article\",\"isPartOf\":{\"@id\":\"https:\\\/\\\/www.quebakan.com\\\/v15\\\/russian-classical-ballet-el-lago-de-los-cisnes-en-ecuador\\\/\"},\"author\":{\"name\":\"Erick Villafuerte\",\"@id\":\"https:\\\/\\\/www.quebakan.com\\\/v15\\\/#\\\/schema\\\/person\\\/d90fa9f9cfa81eb8ace9811e5b7b9118\"},\"headline\":\"RUSSIAN CLASSICAL BALLET \u201cEL LAGO DE LOS CISNES\u201d EN ECUADOR\",\"datePublished\":\"2026-04-28T16:32:36+00:00\",\"mainEntityOfPage\":{\"@id\":\"https:\\\/\\\/www.quebakan.com\\\/v15\\\/russian-classical-ballet-el-lago-de-los-cisnes-en-ecuador\\\/\"},\"wordCount\":376,\"publisher\":{\"@id\":\"https:\\\/\\\/www.quebakan.com\\\/v15\\\/#organization\"},\"image\":{\"@id\":\"https:\\\/\\\/www.quebakan.com\\\/v15\\\/russian-classical-ballet-el-lago-de-los-cisnes-en-ecuador\\\/#primaryimage\"},\"thumbnailUrl\":\"https:\\\/\\\/www.quebakan.com\\\/v15\\\/wp-content\\\/uploads\\\/2026\\\/04\\\/IMG_3569.jpg\",\"articleSection\":[\"Noticias\"],\"inLanguage\":\"es\"},{\"@type\":\"WebPage\",\"@id\":\"https:\\\/\\\/www.quebakan.com\\\/v15\\\/russian-classical-ballet-el-lago-de-los-cisnes-en-ecuador\\\/\",\"url\":\"https:\\\/\\\/www.quebakan.com\\\/v15\\\/russian-classical-ballet-el-lago-de-los-cisnes-en-ecuador\\\/\",\"name\":\"RUSSIAN CLASSICAL BALLET \u201cEL LAGO DE LOS CISNES\u201d EN ECUADOR &#8211; QUEBAKAN.COM 2026: Noticias, Eventos, Conciertos y mucho m\u00e1s....\",\"isPartOf\":{\"@id\":\"https:\\\/\\\/www.quebakan.com\\\/v15\\\/#website\"},\"primaryImageOfPage\":{\"@id\":\"https:\\\/\\\/www.quebakan.com\\\/v15\\\/russian-classical-ballet-el-lago-de-los-cisnes-en-ecuador\\\/#primaryimage\"},\"image\":{\"@id\":\"https:\\\/\\\/www.quebakan.com\\\/v15\\\/russian-classical-ballet-el-lago-de-los-cisnes-en-ecuador\\\/#primaryimage\"},\"thumbnailUrl\":\"https:\\\/\\\/www.quebakan.com\\\/v15\\\/wp-content\\\/uploads\\\/2026\\\/04\\\/IMG_3569.jpg\",\"datePublished\":\"2026-04-28T16:32:36+00:00\",\"breadcrumb\":{\"@id\":\"https:\\\/\\\/www.quebakan.com\\\/v15\\\/russian-classical-ballet-el-lago-de-los-cisnes-en-ecuador\\\/#breadcrumb\"},\"inLanguage\":\"es\",\"potentialAction\":[{\"@type\":\"ReadAction\",\"target\":[\"https:\\\/\\\/www.quebakan.com\\\/v15\\\/russian-classical-ballet-el-lago-de-los-cisnes-en-ecuador\\\/\"]}]},{\"@type\":\"ImageObject\",\"inLanguage\":\"es\",\"@id\":\"https:\\\/\\\/www.quebakan.com\\\/v15\\\/russian-classical-ballet-el-lago-de-los-cisnes-en-ecuador\\\/#primaryimage\",\"url\":\"https:\\\/\\\/www.quebakan.com\\\/v15\\\/wp-content\\\/uploads\\\/2026\\\/04\\\/IMG_3569.jpg\",\"contentUrl\":\"https:\\\/\\\/www.quebakan.com\\\/v15\\\/wp-content\\\/uploads\\\/2026\\\/04\\\/IMG_3569.jpg\",\"width\":560,\"height\":700},{\"@type\":\"BreadcrumbList\",\"@id\":\"https:\\\/\\\/www.quebakan.com\\\/v15\\\/russian-classical-ballet-el-lago-de-los-cisnes-en-ecuador\\\/#breadcrumb\",\"itemListElement\":[{\"@type\":\"ListItem\",\"position\":1,\"name\":\"Portada\",\"item\":\"https:\\\/\\\/www.quebakan.com\\\/v15\\\/\"},{\"@type\":\"ListItem\",\"position\":2,\"name\":\"RUSSIAN CLASSICAL BALLET \u201cEL LAGO DE LOS CISNES\u201d EN ECUADOR\"}]},{\"@type\":\"WebSite\",\"@id\":\"https:\\\/\\\/www.quebakan.com\\\/v15\\\/#website\",\"url\":\"https:\\\/\\\/www.quebakan.com\\\/v15\\\/\",\"name\":\"QUEBAKAN\",\"description\":\"..\",\"publisher\":{\"@id\":\"https:\\\/\\\/www.quebakan.com\\\/v15\\\/#organization\"},\"potentialAction\":[{\"@type\":\"SearchAction\",\"target\":{\"@type\":\"EntryPoint\",\"urlTemplate\":\"https:\\\/\\\/www.quebakan.com\\\/v15\\\/?s={search_term_string}\"},\"query-input\":{\"@type\":\"PropertyValueSpecification\",\"valueRequired\":true,\"valueName\":\"search_term_string\"}}],\"inLanguage\":\"es\"},{\"@type\":\"Organization\",\"@id\":\"https:\\\/\\\/www.quebakan.com\\\/v15\\\/#organization\",\"name\":\"Quebakan.com\",\"url\":\"https:\\\/\\\/www.quebakan.com\\\/v15\\\/\",\"logo\":{\"@type\":\"ImageObject\",\"inLanguage\":\"es\",\"@id\":\"https:\\\/\\\/www.quebakan.com\\\/v15\\\/#\\\/schema\\\/logo\\\/image\\\/\",\"url\":\"https:\\\/\\\/www.quebakan.com\\\/v15\\\/wp-content\\\/uploads\\\/2023\\\/07\\\/logoquebakanenero2021.jpg\",\"contentUrl\":\"https:\\\/\\\/www.quebakan.com\\\/v15\\\/wp-content\\\/uploads\\\/2023\\\/07\\\/logoquebakanenero2021.jpg\",\"width\":1920,\"height\":1080,\"caption\":\"Quebakan.com\"},\"image\":{\"@id\":\"https:\\\/\\\/www.quebakan.com\\\/v15\\\/#\\\/schema\\\/logo\\\/image\\\/\"},\"sameAs\":[\"http:\\\/\\\/www.facebook.com\\\/quebakan\",\"https:\\\/\\\/x.com\\\/quebakanec\",\"http:\\\/\\\/www.instagram.com\\\/quebakan\",\"http:\\\/\\\/www.youtube.com\\\/quebakan1\"]},{\"@type\":\"Person\",\"@id\":\"https:\\\/\\\/www.quebakan.com\\\/v15\\\/#\\\/schema\\\/person\\\/d90fa9f9cfa81eb8ace9811e5b7b9118\",\"name\":\"Erick Villafuerte\",\"image\":{\"@type\":\"ImageObject\",\"inLanguage\":\"es\",\"@id\":\"https:\\\/\\\/www.quebakan.com\\\/v15\\\/wp-content\\\/uploads\\\/avatars\\\/4\\\/1731297654-bpfull.png\",\"url\":\"https:\\\/\\\/www.quebakan.com\\\/v15\\\/wp-content\\\/uploads\\\/avatars\\\/4\\\/1731297654-bpfull.png\",\"contentUrl\":\"https:\\\/\\\/www.quebakan.com\\\/v15\\\/wp-content\\\/uploads\\\/avatars\\\/4\\\/1731297654-bpfull.png\",\"caption\":\"Erick Villafuerte\"}}]}<\/script>\n<!-- \/ Yoast SEO plugin. -->","yoast_head_json":{"title":"RUSSIAN CLASSICAL BALLET \u201cEL LAGO DE LOS CISNES\u201d EN ECUADOR &#8211; QUEBAKAN.COM 2026: Noticias, Eventos, Conciertos y mucho m\u00e1s....","robots":{"index":"index","follow":"follow","max-snippet":"max-snippet:-1","max-image-preview":"max-image-preview:large","max-video-preview":"max-video-preview:-1"},"canonical":"https:\/\/www.quebakan.com\/v15\/russian-classical-ballet-el-lago-de-los-cisnes-en-ecuador\/","og_locale":"es_ES","og_type":"article","og_title":"RUSSIAN CLASSICAL BALLET \u201cEL LAGO DE LOS CISNES\u201d EN ECUADOR &#8211; QUEBAKAN.COM 2026: Noticias, Eventos, Conciertos y mucho m\u00e1s....","og_description":"La elegancia y el lirismo del ballet cl\u00e1sico llegan a Ecuador con una de las obras m\u00e1s emblem\u00e1ticas de todos los tiempos: El Lago de los Cisnes. Esta aclamada producci\u00f3n ser\u00e1 presentada por el Russian Classical Ballet, compa\u00f1\u00eda internacional integrada por bailarines formados en las m\u00e1s prestigiosas academias de Rusia, reconocida por su excelencia t\u00e9cnica, [&hellip;]","og_url":"https:\/\/www.quebakan.com\/v15\/russian-classical-ballet-el-lago-de-los-cisnes-en-ecuador\/","og_site_name":"QUEBAKAN.COM 2026: Noticias, Eventos, Conciertos y mucho m\u00e1s....","article_publisher":"http:\/\/www.facebook.com\/quebakan","article_published_time":"2026-04-28T16:32:36+00:00","og_image":[{"width":560,"height":700,"url":"https:\/\/www.quebakan.com\/v15\/wp-content\/uploads\/2026\/04\/IMG_3569.jpg","type":"image\/jpeg"}],"author":"Erick Villafuerte","twitter_card":"summary_large_image","twitter_creator":"@quebakanec","twitter_site":"@quebakanec","twitter_misc":{"Escrito por":"Erick Villafuerte","Tiempo de lectura":"3 minutos"},"schema":{"@context":"https:\/\/schema.org","@graph":[{"@type":"Article","@id":"https:\/\/www.quebakan.com\/v15\/russian-classical-ballet-el-lago-de-los-cisnes-en-ecuador\/#article","isPartOf":{"@id":"https:\/\/www.quebakan.com\/v15\/russian-classical-ballet-el-lago-de-los-cisnes-en-ecuador\/"},"author":{"name":"Erick Villafuerte","@id":"https:\/\/www.quebakan.com\/v15\/#\/schema\/person\/d90fa9f9cfa81eb8ace9811e5b7b9118"},"headline":"RUSSIAN CLASSICAL BALLET \u201cEL LAGO DE LOS CISNES\u201d EN ECUADOR","datePublished":"2026-04-28T16:32:36+00:00","mainEntityOfPage":{"@id":"https:\/\/www.quebakan.com\/v15\/russian-classical-ballet-el-lago-de-los-cisnes-en-ecuador\/"},"wordCount":376,"publisher":{"@id":"https:\/\/www.quebakan.com\/v15\/#organization"},"image":{"@id":"https:\/\/www.quebakan.com\/v15\/russian-classical-ballet-el-lago-de-los-cisnes-en-ecuador\/#primaryimage"},"thumbnailUrl":"https:\/\/www.quebakan.com\/v15\/wp-content\/uploads\/2026\/04\/IMG_3569.jpg","articleSection":["Noticias"],"inLanguage":"es"},{"@type":"WebPage","@id":"https:\/\/www.quebakan.com\/v15\/russian-classical-ballet-el-lago-de-los-cisnes-en-ecuador\/","url":"https:\/\/www.quebakan.com\/v15\/russian-classical-ballet-el-lago-de-los-cisnes-en-ecuador\/","name":"RUSSIAN CLASSICAL BALLET \u201cEL LAGO DE LOS CISNES\u201d EN ECUADOR &#8211; QUEBAKAN.COM 2026: Noticias, Eventos, Conciertos y mucho m\u00e1s....","isPartOf":{"@id":"https:\/\/www.quebakan.com\/v15\/#website"},"primaryImageOfPage":{"@id":"https:\/\/www.quebakan.com\/v15\/russian-classical-ballet-el-lago-de-los-cisnes-en-ecuador\/#primaryimage"},"image":{"@id":"https:\/\/www.quebakan.com\/v15\/russian-classical-ballet-el-lago-de-los-cisnes-en-ecuador\/#primaryimage"},"thumbnailUrl":"https:\/\/www.quebakan.com\/v15\/wp-content\/uploads\/2026\/04\/IMG_3569.jpg","datePublished":"2026-04-28T16:32:36+00:00","breadcrumb":{"@id":"https:\/\/www.quebakan.com\/v15\/russian-classical-ballet-el-lago-de-los-cisnes-en-ecuador\/#breadcrumb"},"inLanguage":"es","potentialAction":[{"@type":"ReadAction","target":["https:\/\/www.quebakan.com\/v15\/russian-classical-ballet-el-lago-de-los-cisnes-en-ecuador\/"]}]},{"@type":"ImageObject","inLanguage":"es","@id":"https:\/\/www.quebakan.com\/v15\/russian-classical-ballet-el-lago-de-los-cisnes-en-ecuador\/#primaryimage","url":"https:\/\/www.quebakan.com\/v15\/wp-content\/uploads\/2026\/04\/IMG_3569.jpg","contentUrl":"https:\/\/www.quebakan.com\/v15\/wp-content\/uploads\/2026\/04\/IMG_3569.jpg","width":560,"height":700},{"@type":"BreadcrumbList","@id":"https:\/\/www.quebakan.com\/v15\/russian-classical-ballet-el-lago-de-los-cisnes-en-ecuador\/#breadcrumb","itemListElement":[{"@type":"ListItem","position":1,"name":"Portada","item":"https:\/\/www.quebakan.com\/v15\/"},{"@type":"ListItem","position":2,"name":"RUSSIAN CLASSICAL BALLET \u201cEL LAGO DE LOS CISNES\u201d EN ECUADOR"}]},{"@type":"WebSite","@id":"https:\/\/www.quebakan.com\/v15\/#website","url":"https:\/\/www.quebakan.com\/v15\/","name":"QUEBAKAN","description":"..","publisher":{"@id":"https:\/\/www.quebakan.com\/v15\/#organization"},"potentialAction":[{"@type":"SearchAction","target":{"@type":"EntryPoint","urlTemplate":"https:\/\/www.quebakan.com\/v15\/?s={search_term_string}"},"query-input":{"@type":"PropertyValueSpecification","valueRequired":true,"valueName":"search_term_string"}}],"inLanguage":"es"},{"@type":"Organization","@id":"https:\/\/www.quebakan.com\/v15\/#organization","name":"Quebakan.com","url":"https:\/\/www.quebakan.com\/v15\/","logo":{"@type":"ImageObject","inLanguage":"es","@id":"https:\/\/www.quebakan.com\/v15\/#\/schema\/logo\/image\/","url":"https:\/\/www.quebakan.com\/v15\/wp-content\/uploads\/2023\/07\/logoquebakanenero2021.jpg","contentUrl":"https:\/\/www.quebakan.com\/v15\/wp-content\/uploads\/2023\/07\/logoquebakanenero2021.jpg","width":1920,"height":1080,"caption":"Quebakan.com"},"image":{"@id":"https:\/\/www.quebakan.com\/v15\/#\/schema\/logo\/image\/"},"sameAs":["http:\/\/www.facebook.com\/quebakan","https:\/\/x.com\/quebakanec","http:\/\/www.instagram.com\/quebakan","http:\/\/www.youtube.com\/quebakan1"]},{"@type":"Person","@id":"https:\/\/www.quebakan.com\/v15\/#\/schema\/person\/d90fa9f9cfa81eb8ace9811e5b7b9118","name":"Erick Villafuerte","image":{"@type":"ImageObject","inLanguage":"es","@id":"https:\/\/www.quebakan.com\/v15\/wp-content\/uploads\/avatars\/4\/1731297654-bpfull.png","url":"https:\/\/www.quebakan.com\/v15\/wp-content\/uploads\/avatars\/4\/1731297654-bpfull.png","contentUrl":"https:\/\/www.quebakan.com\/v15\/wp-content\/uploads\/avatars\/4\/1731297654-bpfull.png","caption":"Erick Villafuerte"}}]}},"_links":{"self":[{"href":"https:\/\/www.quebakan.com\/v15\/wp-json\/wp\/v2\/posts\/142033","targetHints":{"allow":["GET"]}}],"collection":[{"href":"https:\/\/www.quebakan.com\/v15\/wp-json\/wp\/v2\/posts"}],"about":[{"href":"https:\/\/www.quebakan.com\/v15\/wp-json\/wp\/v2\/types\/post"}],"author":[{"embeddable":true,"href":"https:\/\/www.quebakan.com\/v15\/wp-json\/wp\/v2\/users\/4"}],"replies":[{"embeddable":true,"href":"https:\/\/www.quebakan.com\/v15\/wp-json\/wp\/v2\/comments?post=142033"}],"version-history":[{"count":1,"href":"https:\/\/www.quebakan.com\/v15\/wp-json\/wp\/v2\/posts\/142033\/revisions"}],"predecessor-version":[{"id":142037,"href":"https:\/\/www.quebakan.com\/v15\/wp-json\/wp\/v2\/posts\/142033\/revisions\/142037"}],"wp:featuredmedia":[{"embeddable":true,"href":"https:\/\/www.quebakan.com\/v15\/wp-json\/wp\/v2\/media\/142036"}],"wp:attachment":[{"href":"https:\/\/www.quebakan.com\/v15\/wp-json\/wp\/v2\/media?parent=142033"}],"wp:term":[{"taxonomy":"category","embeddable":true,"href":"https:\/\/www.quebakan.com\/v15\/wp-json\/wp\/v2\/categories?post=142033"},{"taxonomy":"post_tag","embeddable":true,"href":"https:\/\/www.quebakan.com\/v15\/wp-json\/wp\/v2\/tags?post=142033"}],"curies":[{"name":"wp","href":"https:\/\/api.w.org\/{rel}","templated":true}]}}