{"id":142038,"date":"2026-04-28T14:44:35","date_gmt":"2026-04-28T19:44:35","guid":{"rendered":"https:\/\/www.quebakan.com\/v15\/?p=142038"},"modified":"2026-04-28T14:44:35","modified_gmt":"2026-04-28T19:44:35","slug":"bgr-posiciona-la-sostenibilidad-corporativa-en-la-kumbre-ekos-2026","status":"publish","type":"post","link":"https:\/\/www.quebakan.com\/v15\/bgr-posiciona-la-sostenibilidad-corporativa-en-la-kumbre-ekos-2026\/","title":{"rendered":"BGR posiciona la sostenibilidad corporativa en la Kumbre EKOS 2026"},"content":{"rendered":"<p><img fetchpriority=\"high\" decoding=\"async\" class=\"aligncenter size-full wp-image-142039\" src=\"https:\/\/www.quebakan.com\/v15\/wp-content\/uploads\/2026\/04\/KUMBRE-EKOS-2026_2.jpg\" alt=\"\" width=\"700\" height=\"468\" \/><\/p>\n<p style=\"text-align: justify;\"><span style=\"color: #000000;\"><strong><em>Quito, abril 2026<\/em><\/strong>. En el marco de la Kumbre de Sostenibilidad 2026, BGR Banco General Rumi\u00f1ahui fue reconocido como una de las organizaciones m\u00e1s sostenibles del Ecuador, destac\u00e1ndose entre m\u00e1s de 60 empresas que integran la sostenibilidad como un eje transversal en su modelo de negocio y generan impacto real en el entorno ambiental, social y econ\u00f3mico.<\/span><\/p>\n<p style=\"text-align: justify;\"><span style=\"color: #000000;\">Este reconocimiento consolida a BGR como un actor relevante en sostenibilidad corporativa, con una visi\u00f3n que parte desde el interior de la organizaci\u00f3n hacia su relacionamiento con clientes y la sociedad. En este contexto, el Banco comparti\u00f3 su experiencia en el foro <em>\u201c<strong>Buenas Pr\u00e1cticas con el cliente interno y externo<\/strong>\u201d,<\/em> donde se promovi\u00f3 una reflexi\u00f3n estrat\u00e9gica sobre la relaci\u00f3n entre ambos, entendiendo que son pilares clave para mantener y fortalecer pr\u00e1cticas sostenibles.<\/span><\/p>\n<p style=\"text-align: justify;\"><span style=\"color: #000000;\">Durante el espacio, Gabriela L\u00f3pez, jefa de Finanzas Sostenibles de BGR, destac\u00f3 que la sostenibilidad debe comprenderse, en esencia, desde una perspectiva interna, donde la cultura organizacional constituye el principal pilar. En esa l\u00ednea, se enfatiz\u00f3 que contar con colaboradores capacitados, motivados y alineados con los valores institucionales impacta directamente en la calidad de la experiencia del cliente externo.<\/span><\/p>\n<p style=\"text-align: justify;\"><span style=\"color: #000000;\">Como banco de origen militar, BGR resalt\u00f3 que sus valores institucionales deben ser especialmente s\u00f3lidos, en coherencia con un perfil de clientes que se caracteriza por su alto sentido de compromiso, responsabilidad y disciplina. En este marco, se subray\u00f3 la importancia de actuar con consistencia, alineando lo que la instituci\u00f3n comunica con lo que efectivamente ejecuta en su operaci\u00f3n diaria.<\/span><\/p>\n<p style=\"text-align: justify;\"><span style=\"color: #000000;\">El Banco tambi\u00e9n comparti\u00f3 sus buenas pr\u00e1cticas culturales, destacando su filosof\u00eda \u201ceres lo que das y das lo que eres\u201d, como un principio que gu\u00eda la construcci\u00f3n de una cultura interna s\u00f3lida, aut\u00e9ntica y coherente, capaz de proyectarse de manera genuina hacia el exterior.<\/span><\/p>\n<p style=\"text-align: justify;\"><span style=\"color: #000000;\">La conversaci\u00f3n, moderada por Claire Medina, Representante Adjunta del PNUD Ecuador, y que cont\u00f3 con la participaci\u00f3n de l\u00edderes del sector empresarial, coincidi\u00f3 en que la sostenibilidad no solo se proyecta hacia afuera, sino que inicia desde adentro: en la forma en que las organizaciones cuidan, escuchan y desarrollan a su gente.<\/span><\/p>\n<p style=\"text-align: justify;\"><span style=\"color: #000000;\">Este reconocimiento en la Kumbre de Sostenibilidad 2026 reafirma el compromiso de BGR con una gesti\u00f3n responsable y de largo plazo, donde la cultura interna se convierte en el reflejo m\u00e1s aut\u00e9ntico de su impacto externo.<\/span><\/p>\n<p><img decoding=\"async\" class=\"aligncenter size-full wp-image-142040\" src=\"https:\/\/www.quebakan.com\/v15\/wp-content\/uploads\/2026\/04\/EKOS_BGR_1OK.jpg\" alt=\"\" width=\"700\" height=\"467\" \/><\/p>\n","protected":false},"excerpt":{"rendered":"<p>Quito, abril 2026. En el marco de la Kumbre de Sostenibilidad 2026, BGR Banco General Rumi\u00f1ahui fue reconocido como una de las organizaciones m\u00e1s sostenibles del Ecuador, destac\u00e1ndose entre m\u00e1s de 60 empresas que integran la sostenibilidad como un eje transversal en su modelo de negocio y generan impacto real en el entorno ambiental, social [&hellip;]<\/p>\n","protected":false},"author":4,"featured_media":142039,"comment_status":"closed","ping_status":"closed","sticky":false,"template":"","format":"standard","meta":{"_bbp_topic_count":0,"_bbp_reply_count":0,"_bbp_total_topic_count":0,"_bbp_total_reply_count":0,"_bbp_voice_count":0,"_bbp_anonymous_reply_count":0,"_bbp_topic_count_hidden":0,"_bbp_reply_count_hidden":0,"_bbp_forum_subforum_count":0,"buzzeditor_post_format":"","footnotes":""},"categories":[2],"tags":[],"class_list":["post-142038","post","type-post","status-publish","format-standard","has-post-thumbnail","hentry","category-noticias"],"yoast_head":"<!-- This site is optimized with the Yoast SEO plugin v27.5 - https:\/\/yoast.com\/product\/yoast-seo-wordpress\/ -->\n<title>BGR posiciona la sostenibilidad corporativa en la Kumbre EKOS 2026 &#8211; QUEBAKAN.COM 2026: Noticias, Eventos, Conciertos y mucho m\u00e1s....<\/title>\n<meta name=\"robots\" content=\"index, follow, max-snippet:-1, max-image-preview:large, max-video-preview:-1\" \/>\n<link rel=\"canonical\" href=\"https:\/\/www.quebakan.com\/v15\/bgr-posiciona-la-sostenibilidad-corporativa-en-la-kumbre-ekos-2026\/\" \/>\n<meta property=\"og:locale\" content=\"es_ES\" \/>\n<meta property=\"og:type\" content=\"article\" \/>\n<meta property=\"og:title\" content=\"BGR posiciona la sostenibilidad corporativa en la Kumbre EKOS 2026 &#8211; QUEBAKAN.COM 2026: Noticias, Eventos, Conciertos y mucho m\u00e1s....\" \/>\n<meta property=\"og:description\" content=\"Quito, abril 2026. En el marco de la Kumbre de Sostenibilidad 2026, BGR Banco General Rumi\u00f1ahui fue reconocido como una de las organizaciones m\u00e1s sostenibles del Ecuador, destac\u00e1ndose entre m\u00e1s de 60 empresas que integran la sostenibilidad como un eje transversal en su modelo de negocio y generan impacto real en el entorno ambiental, social [&hellip;]\" \/>\n<meta property=\"og:url\" content=\"https:\/\/www.quebakan.com\/v15\/bgr-posiciona-la-sostenibilidad-corporativa-en-la-kumbre-ekos-2026\/\" \/>\n<meta property=\"og:site_name\" content=\"QUEBAKAN.COM 2026: Noticias, Eventos, Conciertos y mucho m\u00e1s....\" \/>\n<meta property=\"article:publisher\" content=\"http:\/\/www.facebook.com\/quebakan\" \/>\n<meta property=\"article:published_time\" content=\"2026-04-28T19:44:35+00:00\" \/>\n<meta property=\"og:image\" content=\"https:\/\/www.quebakan.com\/v15\/wp-content\/uploads\/2026\/04\/KUMBRE-EKOS-2026_2.jpg\" \/>\n\t<meta property=\"og:image:width\" content=\"700\" \/>\n\t<meta property=\"og:image:height\" content=\"468\" \/>\n\t<meta property=\"og:image:type\" content=\"image\/jpeg\" \/>\n<meta name=\"author\" content=\"Erick Villafuerte\" \/>\n<meta name=\"twitter:card\" content=\"summary_large_image\" \/>\n<meta name=\"twitter:creator\" content=\"@quebakanec\" \/>\n<meta name=\"twitter:site\" content=\"@quebakanec\" \/>\n<meta name=\"twitter:label1\" content=\"Escrito por\" \/>\n\t<meta name=\"twitter:data1\" content=\"Erick Villafuerte\" \/>\n\t<meta name=\"twitter:label2\" content=\"Tiempo de lectura\" \/>\n\t<meta name=\"twitter:data2\" content=\"3 minutos\" \/>\n<script type=\"application\/ld+json\" class=\"yoast-schema-graph\">{\"@context\":\"https:\\\/\\\/schema.org\",\"@graph\":[{\"@type\":\"Article\",\"@id\":\"https:\\\/\\\/www.quebakan.com\\\/v15\\\/bgr-posiciona-la-sostenibilidad-corporativa-en-la-kumbre-ekos-2026\\\/#article\",\"isPartOf\":{\"@id\":\"https:\\\/\\\/www.quebakan.com\\\/v15\\\/bgr-posiciona-la-sostenibilidad-corporativa-en-la-kumbre-ekos-2026\\\/\"},\"author\":{\"name\":\"Erick Villafuerte\",\"@id\":\"https:\\\/\\\/www.quebakan.com\\\/v15\\\/#\\\/schema\\\/person\\\/d90fa9f9cfa81eb8ace9811e5b7b9118\"},\"headline\":\"BGR posiciona la sostenibilidad corporativa en la Kumbre EKOS 2026\",\"datePublished\":\"2026-04-28T19:44:35+00:00\",\"mainEntityOfPage\":{\"@id\":\"https:\\\/\\\/www.quebakan.com\\\/v15\\\/bgr-posiciona-la-sostenibilidad-corporativa-en-la-kumbre-ekos-2026\\\/\"},\"wordCount\":415,\"publisher\":{\"@id\":\"https:\\\/\\\/www.quebakan.com\\\/v15\\\/#organization\"},\"image\":{\"@id\":\"https:\\\/\\\/www.quebakan.com\\\/v15\\\/bgr-posiciona-la-sostenibilidad-corporativa-en-la-kumbre-ekos-2026\\\/#primaryimage\"},\"thumbnailUrl\":\"https:\\\/\\\/www.quebakan.com\\\/v15\\\/wp-content\\\/uploads\\\/2026\\\/04\\\/KUMBRE-EKOS-2026_2.jpg\",\"articleSection\":[\"Noticias\"],\"inLanguage\":\"es\"},{\"@type\":\"WebPage\",\"@id\":\"https:\\\/\\\/www.quebakan.com\\\/v15\\\/bgr-posiciona-la-sostenibilidad-corporativa-en-la-kumbre-ekos-2026\\\/\",\"url\":\"https:\\\/\\\/www.quebakan.com\\\/v15\\\/bgr-posiciona-la-sostenibilidad-corporativa-en-la-kumbre-ekos-2026\\\/\",\"name\":\"BGR posiciona la sostenibilidad corporativa en la Kumbre EKOS 2026 &#8211; QUEBAKAN.COM 2026: Noticias, Eventos, Conciertos y mucho m\u00e1s....\",\"isPartOf\":{\"@id\":\"https:\\\/\\\/www.quebakan.com\\\/v15\\\/#website\"},\"primaryImageOfPage\":{\"@id\":\"https:\\\/\\\/www.quebakan.com\\\/v15\\\/bgr-posiciona-la-sostenibilidad-corporativa-en-la-kumbre-ekos-2026\\\/#primaryimage\"},\"image\":{\"@id\":\"https:\\\/\\\/www.quebakan.com\\\/v15\\\/bgr-posiciona-la-sostenibilidad-corporativa-en-la-kumbre-ekos-2026\\\/#primaryimage\"},\"thumbnailUrl\":\"https:\\\/\\\/www.quebakan.com\\\/v15\\\/wp-content\\\/uploads\\\/2026\\\/04\\\/KUMBRE-EKOS-2026_2.jpg\",\"datePublished\":\"2026-04-28T19:44:35+00:00\",\"breadcrumb\":{\"@id\":\"https:\\\/\\\/www.quebakan.com\\\/v15\\\/bgr-posiciona-la-sostenibilidad-corporativa-en-la-kumbre-ekos-2026\\\/#breadcrumb\"},\"inLanguage\":\"es\",\"potentialAction\":[{\"@type\":\"ReadAction\",\"target\":[\"https:\\\/\\\/www.quebakan.com\\\/v15\\\/bgr-posiciona-la-sostenibilidad-corporativa-en-la-kumbre-ekos-2026\\\/\"]}]},{\"@type\":\"ImageObject\",\"inLanguage\":\"es\",\"@id\":\"https:\\\/\\\/www.quebakan.com\\\/v15\\\/bgr-posiciona-la-sostenibilidad-corporativa-en-la-kumbre-ekos-2026\\\/#primaryimage\",\"url\":\"https:\\\/\\\/www.quebakan.com\\\/v15\\\/wp-content\\\/uploads\\\/2026\\\/04\\\/KUMBRE-EKOS-2026_2.jpg\",\"contentUrl\":\"https:\\\/\\\/www.quebakan.com\\\/v15\\\/wp-content\\\/uploads\\\/2026\\\/04\\\/KUMBRE-EKOS-2026_2.jpg\",\"width\":700,\"height\":468},{\"@type\":\"BreadcrumbList\",\"@id\":\"https:\\\/\\\/www.quebakan.com\\\/v15\\\/bgr-posiciona-la-sostenibilidad-corporativa-en-la-kumbre-ekos-2026\\\/#breadcrumb\",\"itemListElement\":[{\"@type\":\"ListItem\",\"position\":1,\"name\":\"Portada\",\"item\":\"https:\\\/\\\/www.quebakan.com\\\/v15\\\/\"},{\"@type\":\"ListItem\",\"position\":2,\"name\":\"BGR posiciona la sostenibilidad corporativa en la Kumbre EKOS 2026\"}]},{\"@type\":\"WebSite\",\"@id\":\"https:\\\/\\\/www.quebakan.com\\\/v15\\\/#website\",\"url\":\"https:\\\/\\\/www.quebakan.com\\\/v15\\\/\",\"name\":\"QUEBAKAN\",\"description\":\"..\",\"publisher\":{\"@id\":\"https:\\\/\\\/www.quebakan.com\\\/v15\\\/#organization\"},\"potentialAction\":[{\"@type\":\"SearchAction\",\"target\":{\"@type\":\"EntryPoint\",\"urlTemplate\":\"https:\\\/\\\/www.quebakan.com\\\/v15\\\/?s={search_term_string}\"},\"query-input\":{\"@type\":\"PropertyValueSpecification\",\"valueRequired\":true,\"valueName\":\"search_term_string\"}}],\"inLanguage\":\"es\"},{\"@type\":\"Organization\",\"@id\":\"https:\\\/\\\/www.quebakan.com\\\/v15\\\/#organization\",\"name\":\"Quebakan.com\",\"url\":\"https:\\\/\\\/www.quebakan.com\\\/v15\\\/\",\"logo\":{\"@type\":\"ImageObject\",\"inLanguage\":\"es\",\"@id\":\"https:\\\/\\\/www.quebakan.com\\\/v15\\\/#\\\/schema\\\/logo\\\/image\\\/\",\"url\":\"https:\\\/\\\/www.quebakan.com\\\/v15\\\/wp-content\\\/uploads\\\/2023\\\/07\\\/logoquebakanenero2021.jpg\",\"contentUrl\":\"https:\\\/\\\/www.quebakan.com\\\/v15\\\/wp-content\\\/uploads\\\/2023\\\/07\\\/logoquebakanenero2021.jpg\",\"width\":1920,\"height\":1080,\"caption\":\"Quebakan.com\"},\"image\":{\"@id\":\"https:\\\/\\\/www.quebakan.com\\\/v15\\\/#\\\/schema\\\/logo\\\/image\\\/\"},\"sameAs\":[\"http:\\\/\\\/www.facebook.com\\\/quebakan\",\"https:\\\/\\\/x.com\\\/quebakanec\",\"http:\\\/\\\/www.instagram.com\\\/quebakan\",\"http:\\\/\\\/www.youtube.com\\\/quebakan1\"]},{\"@type\":\"Person\",\"@id\":\"https:\\\/\\\/www.quebakan.com\\\/v15\\\/#\\\/schema\\\/person\\\/d90fa9f9cfa81eb8ace9811e5b7b9118\",\"name\":\"Erick Villafuerte\",\"image\":{\"@type\":\"ImageObject\",\"inLanguage\":\"es\",\"@id\":\"https:\\\/\\\/www.quebakan.com\\\/v15\\\/wp-content\\\/uploads\\\/avatars\\\/4\\\/1731297654-bpfull.png\",\"url\":\"https:\\\/\\\/www.quebakan.com\\\/v15\\\/wp-content\\\/uploads\\\/avatars\\\/4\\\/1731297654-bpfull.png\",\"contentUrl\":\"https:\\\/\\\/www.quebakan.com\\\/v15\\\/wp-content\\\/uploads\\\/avatars\\\/4\\\/1731297654-bpfull.png\",\"caption\":\"Erick Villafuerte\"}}]}<\/script>\n<!-- \/ Yoast SEO plugin. -->","yoast_head_json":{"title":"BGR posiciona la sostenibilidad corporativa en la Kumbre EKOS 2026 &#8211; QUEBAKAN.COM 2026: Noticias, Eventos, Conciertos y mucho m\u00e1s....","robots":{"index":"index","follow":"follow","max-snippet":"max-snippet:-1","max-image-preview":"max-image-preview:large","max-video-preview":"max-video-preview:-1"},"canonical":"https:\/\/www.quebakan.com\/v15\/bgr-posiciona-la-sostenibilidad-corporativa-en-la-kumbre-ekos-2026\/","og_locale":"es_ES","og_type":"article","og_title":"BGR posiciona la sostenibilidad corporativa en la Kumbre EKOS 2026 &#8211; QUEBAKAN.COM 2026: Noticias, Eventos, Conciertos y mucho m\u00e1s....","og_description":"Quito, abril 2026. En el marco de la Kumbre de Sostenibilidad 2026, BGR Banco General Rumi\u00f1ahui fue reconocido como una de las organizaciones m\u00e1s sostenibles del Ecuador, destac\u00e1ndose entre m\u00e1s de 60 empresas que integran la sostenibilidad como un eje transversal en su modelo de negocio y generan impacto real en el entorno ambiental, social [&hellip;]","og_url":"https:\/\/www.quebakan.com\/v15\/bgr-posiciona-la-sostenibilidad-corporativa-en-la-kumbre-ekos-2026\/","og_site_name":"QUEBAKAN.COM 2026: Noticias, Eventos, Conciertos y mucho m\u00e1s....","article_publisher":"http:\/\/www.facebook.com\/quebakan","article_published_time":"2026-04-28T19:44:35+00:00","og_image":[{"width":700,"height":468,"url":"https:\/\/www.quebakan.com\/v15\/wp-content\/uploads\/2026\/04\/KUMBRE-EKOS-2026_2.jpg","type":"image\/jpeg"}],"author":"Erick Villafuerte","twitter_card":"summary_large_image","twitter_creator":"@quebakanec","twitter_site":"@quebakanec","twitter_misc":{"Escrito por":"Erick Villafuerte","Tiempo de lectura":"3 minutos"},"schema":{"@context":"https:\/\/schema.org","@graph":[{"@type":"Article","@id":"https:\/\/www.quebakan.com\/v15\/bgr-posiciona-la-sostenibilidad-corporativa-en-la-kumbre-ekos-2026\/#article","isPartOf":{"@id":"https:\/\/www.quebakan.com\/v15\/bgr-posiciona-la-sostenibilidad-corporativa-en-la-kumbre-ekos-2026\/"},"author":{"name":"Erick Villafuerte","@id":"https:\/\/www.quebakan.com\/v15\/#\/schema\/person\/d90fa9f9cfa81eb8ace9811e5b7b9118"},"headline":"BGR posiciona la sostenibilidad corporativa en la Kumbre EKOS 2026","datePublished":"2026-04-28T19:44:35+00:00","mainEntityOfPage":{"@id":"https:\/\/www.quebakan.com\/v15\/bgr-posiciona-la-sostenibilidad-corporativa-en-la-kumbre-ekos-2026\/"},"wordCount":415,"publisher":{"@id":"https:\/\/www.quebakan.com\/v15\/#organization"},"image":{"@id":"https:\/\/www.quebakan.com\/v15\/bgr-posiciona-la-sostenibilidad-corporativa-en-la-kumbre-ekos-2026\/#primaryimage"},"thumbnailUrl":"https:\/\/www.quebakan.com\/v15\/wp-content\/uploads\/2026\/04\/KUMBRE-EKOS-2026_2.jpg","articleSection":["Noticias"],"inLanguage":"es"},{"@type":"WebPage","@id":"https:\/\/www.quebakan.com\/v15\/bgr-posiciona-la-sostenibilidad-corporativa-en-la-kumbre-ekos-2026\/","url":"https:\/\/www.quebakan.com\/v15\/bgr-posiciona-la-sostenibilidad-corporativa-en-la-kumbre-ekos-2026\/","name":"BGR posiciona la sostenibilidad corporativa en la Kumbre EKOS 2026 &#8211; QUEBAKAN.COM 2026: Noticias, Eventos, Conciertos y mucho m\u00e1s....","isPartOf":{"@id":"https:\/\/www.quebakan.com\/v15\/#website"},"primaryImageOfPage":{"@id":"https:\/\/www.quebakan.com\/v15\/bgr-posiciona-la-sostenibilidad-corporativa-en-la-kumbre-ekos-2026\/#primaryimage"},"image":{"@id":"https:\/\/www.quebakan.com\/v15\/bgr-posiciona-la-sostenibilidad-corporativa-en-la-kumbre-ekos-2026\/#primaryimage"},"thumbnailUrl":"https:\/\/www.quebakan.com\/v15\/wp-content\/uploads\/2026\/04\/KUMBRE-EKOS-2026_2.jpg","datePublished":"2026-04-28T19:44:35+00:00","breadcrumb":{"@id":"https:\/\/www.quebakan.com\/v15\/bgr-posiciona-la-sostenibilidad-corporativa-en-la-kumbre-ekos-2026\/#breadcrumb"},"inLanguage":"es","potentialAction":[{"@type":"ReadAction","target":["https:\/\/www.quebakan.com\/v15\/bgr-posiciona-la-sostenibilidad-corporativa-en-la-kumbre-ekos-2026\/"]}]},{"@type":"ImageObject","inLanguage":"es","@id":"https:\/\/www.quebakan.com\/v15\/bgr-posiciona-la-sostenibilidad-corporativa-en-la-kumbre-ekos-2026\/#primaryimage","url":"https:\/\/www.quebakan.com\/v15\/wp-content\/uploads\/2026\/04\/KUMBRE-EKOS-2026_2.jpg","contentUrl":"https:\/\/www.quebakan.com\/v15\/wp-content\/uploads\/2026\/04\/KUMBRE-EKOS-2026_2.jpg","width":700,"height":468},{"@type":"BreadcrumbList","@id":"https:\/\/www.quebakan.com\/v15\/bgr-posiciona-la-sostenibilidad-corporativa-en-la-kumbre-ekos-2026\/#breadcrumb","itemListElement":[{"@type":"ListItem","position":1,"name":"Portada","item":"https:\/\/www.quebakan.com\/v15\/"},{"@type":"ListItem","position":2,"name":"BGR posiciona la sostenibilidad corporativa en la Kumbre EKOS 2026"}]},{"@type":"WebSite","@id":"https:\/\/www.quebakan.com\/v15\/#website","url":"https:\/\/www.quebakan.com\/v15\/","name":"QUEBAKAN","description":"..","publisher":{"@id":"https:\/\/www.quebakan.com\/v15\/#organization"},"potentialAction":[{"@type":"SearchAction","target":{"@type":"EntryPoint","urlTemplate":"https:\/\/www.quebakan.com\/v15\/?s={search_term_string}"},"query-input":{"@type":"PropertyValueSpecification","valueRequired":true,"valueName":"search_term_string"}}],"inLanguage":"es"},{"@type":"Organization","@id":"https:\/\/www.quebakan.com\/v15\/#organization","name":"Quebakan.com","url":"https:\/\/www.quebakan.com\/v15\/","logo":{"@type":"ImageObject","inLanguage":"es","@id":"https:\/\/www.quebakan.com\/v15\/#\/schema\/logo\/image\/","url":"https:\/\/www.quebakan.com\/v15\/wp-content\/uploads\/2023\/07\/logoquebakanenero2021.jpg","contentUrl":"https:\/\/www.quebakan.com\/v15\/wp-content\/uploads\/2023\/07\/logoquebakanenero2021.jpg","width":1920,"height":1080,"caption":"Quebakan.com"},"image":{"@id":"https:\/\/www.quebakan.com\/v15\/#\/schema\/logo\/image\/"},"sameAs":["http:\/\/www.facebook.com\/quebakan","https:\/\/x.com\/quebakanec","http:\/\/www.instagram.com\/quebakan","http:\/\/www.youtube.com\/quebakan1"]},{"@type":"Person","@id":"https:\/\/www.quebakan.com\/v15\/#\/schema\/person\/d90fa9f9cfa81eb8ace9811e5b7b9118","name":"Erick Villafuerte","image":{"@type":"ImageObject","inLanguage":"es","@id":"https:\/\/www.quebakan.com\/v15\/wp-content\/uploads\/avatars\/4\/1731297654-bpfull.png","url":"https:\/\/www.quebakan.com\/v15\/wp-content\/uploads\/avatars\/4\/1731297654-bpfull.png","contentUrl":"https:\/\/www.quebakan.com\/v15\/wp-content\/uploads\/avatars\/4\/1731297654-bpfull.png","caption":"Erick Villafuerte"}}]}},"_links":{"self":[{"href":"https:\/\/www.quebakan.com\/v15\/wp-json\/wp\/v2\/posts\/142038","targetHints":{"allow":["GET"]}}],"collection":[{"href":"https:\/\/www.quebakan.com\/v15\/wp-json\/wp\/v2\/posts"}],"about":[{"href":"https:\/\/www.quebakan.com\/v15\/wp-json\/wp\/v2\/types\/post"}],"author":[{"embeddable":true,"href":"https:\/\/www.quebakan.com\/v15\/wp-json\/wp\/v2\/users\/4"}],"replies":[{"embeddable":true,"href":"https:\/\/www.quebakan.com\/v15\/wp-json\/wp\/v2\/comments?post=142038"}],"version-history":[{"count":1,"href":"https:\/\/www.quebakan.com\/v15\/wp-json\/wp\/v2\/posts\/142038\/revisions"}],"predecessor-version":[{"id":142041,"href":"https:\/\/www.quebakan.com\/v15\/wp-json\/wp\/v2\/posts\/142038\/revisions\/142041"}],"wp:featuredmedia":[{"embeddable":true,"href":"https:\/\/www.quebakan.com\/v15\/wp-json\/wp\/v2\/media\/142039"}],"wp:attachment":[{"href":"https:\/\/www.quebakan.com\/v15\/wp-json\/wp\/v2\/media?parent=142038"}],"wp:term":[{"taxonomy":"category","embeddable":true,"href":"https:\/\/www.quebakan.com\/v15\/wp-json\/wp\/v2\/categories?post=142038"},{"taxonomy":"post_tag","embeddable":true,"href":"https:\/\/www.quebakan.com\/v15\/wp-json\/wp\/v2\/tags?post=142038"}],"curies":[{"name":"wp","href":"https:\/\/api.w.org\/{rel}","templated":true}]}}