{"id":142045,"date":"2026-04-28T22:56:41","date_gmt":"2026-04-29T03:56:41","guid":{"rendered":"https:\/\/www.quebakan.com\/v15\/?p=142045"},"modified":"2026-04-28T22:57:22","modified_gmt":"2026-04-29T03:57:22","slug":"pronaca-invierte-usd-26-millones-en-la-ampliacion-de-su-planta-de-quevedo","status":"publish","type":"post","link":"https:\/\/www.quebakan.com\/v15\/pronaca-invierte-usd-26-millones-en-la-ampliacion-de-su-planta-de-quevedo\/","title":{"rendered":"Pronaca invierte USD 26 millones en la ampliaci\u00f3n de su planta de Quevedo"},"content":{"rendered":"<p><img fetchpriority=\"high\" decoding=\"async\" class=\"aligncenter size-full wp-image-142046\" src=\"https:\/\/www.quebakan.com\/v15\/wp-content\/uploads\/2026\/04\/DSC09732.jpg\" alt=\"\" width=\"700\" height=\"467\" \/><\/p>\n<p style=\"text-align: center;\"><span style=\"color: #000000;\"><strong>En la foto: <\/strong>directivos de Pronaca durante la inauguraci\u00f3n oficial de la ampliaci\u00f3n de la Planta de Alimentos Balanceados en Quevedo.<\/span><\/p>\n<p style=\"text-align: justify;\"><span style=\"color: #000000;\"><strong>Quevedo, 28 de abril de 2026.-<\/strong> En un contexto donde la eficiencia productiva y la sostenibilidad son cada vez m\u00e1s determinantes para el desarrollo del pa\u00eds, Pronaca anunci\u00f3 la ampliaci\u00f3n de su Planta de Alimento Balanceado en Quevedo, provincia de Los R\u00edos. Con una inversi\u00f3n aproximada de USD 26 millones, la compa\u00f1\u00eda da un paso estrat\u00e9gico para fortalecer su capacidad de abastecimiento, modernizar su operaci\u00f3n industrial y acompa\u00f1ar el crecimiento del sector agropecuario ecuatoriano.<\/span><\/p>\n<p style=\"text-align: justify;\"><span style=\"color: #000000;\">Este proyecto, alineado a su visi\u00f3n 2030, incorpora nueva infraestructura, tecnolog\u00eda de \u00faltima generaci\u00f3n y procesos automatizados que permitir\u00e1n optimizar la calidad, consistencia y volumen de producci\u00f3n, al tiempo que fortalecen la eficiencia de la cadena de suministro.<\/span><\/p>\n<p style=\"text-align: justify;\"><span style=\"color: #000000;\">Con esta ampliaci\u00f3n, se estima un incremento del 55% en la capacidad productiva total de la planta, lo que permitir\u00e1 superar las 27.000 toneladas mensuales en 2026, con una proyecci\u00f3n de hasta 35.000 toneladas mensuales a plena capacidad, en funci\u00f3n del crecimiento de la demanda.<\/span><\/p>\n<p style=\"text-align: justify;\"><span style=\"color: #000000;\">Ubicada en una zona estrat\u00e9gica para la log\u00edstica y distribuci\u00f3n, la planta de Quevedo fortalecer\u00e1 la capacidad de respuesta hacia clientes y operaciones relacionadas, asegurando una mayor disponibilidad de alimento balanceado para pollos, pavos, porcinos y bovinos, tanto para clientes internos como comerciales.<\/span><\/p>\n<p style=\"text-align: justify;\"><span style=\"color: #000000;\"><em>\u201cEsta ampliaci\u00f3n no solo fortalece nuestra capacidad productiva y la eficiencia de nuestra operaci\u00f3n, sino que refleja nuestra apuesta por un crecimiento sostenible. Incorporamos tecnolog\u00eda, mejoras ambientales y una nueva subestaci\u00f3n el\u00e9ctrica de 18 MVA\u201d, <\/em>se\u00f1al\u00f3 Julio Aguilar, director general de la Unidad de negocio de nutrici\u00f3n y gen\u00e9tica de Pronaca.<\/span><\/p>\n<p style=\"text-align: justify;\"><span style=\"color: #000000;\">El proyecto cumple est\u00e1ndares internacionales en materia ambiental, social y de gobernanza, consolidando adem\u00e1s el relacionamiento con las comunidades aleda\u00f1as y el desarrollo de programas para colaboradores.<\/span><\/p>\n<p style=\"text-align: justify;\"><span style=\"color: #000000;\">En esa l\u00ednea, la ampliaci\u00f3n incorpora mejoras en eficiencia energ\u00e9tica, reducci\u00f3n de emisiones, optimizaci\u00f3n del consumo de agua y gesti\u00f3n responsable de residuos, en cumplimiento con la normativa ambiental vigente.<\/span><\/p>\n<p style=\"text-align: justify;\"><span style=\"color: #000000;\">La ampliaci\u00f3n de la planta de Quevedo se consolida como una apuesta estrat\u00e9gica para fortalecer la competitividad del sector, garantizar el abastecimiento y promover un modelo de producci\u00f3n m\u00e1s eficiente y sostenible para el pa\u00eds.<\/span><\/p>\n<p><img decoding=\"async\" class=\"aligncenter size-full wp-image-142047\" src=\"https:\/\/www.quebakan.com\/v15\/wp-content\/uploads\/2026\/04\/DSC09450.jpg\" alt=\"\" width=\"700\" height=\"541\" \/><\/p>\n<p>&nbsp;<\/p>\n<p><img decoding=\"async\" class=\"aligncenter size-full wp-image-142048\" src=\"https:\/\/www.quebakan.com\/v15\/wp-content\/uploads\/2026\/04\/DSC09435.jpg\" alt=\"\" width=\"467\" height=\"700\" \/><\/p>\n","protected":false},"excerpt":{"rendered":"<p>En la foto: directivos de Pronaca durante la inauguraci\u00f3n oficial de la ampliaci\u00f3n de la Planta de Alimentos Balanceados en Quevedo. Quevedo, 28 de abril de 2026.- En un contexto donde la eficiencia productiva y la sostenibilidad son cada vez m\u00e1s determinantes para el desarrollo del pa\u00eds, Pronaca anunci\u00f3 la ampliaci\u00f3n de su Planta de [&hellip;]<\/p>\n","protected":false},"author":4,"featured_media":142046,"comment_status":"closed","ping_status":"closed","sticky":false,"template":"","format":"standard","meta":{"_bbp_topic_count":0,"_bbp_reply_count":0,"_bbp_total_topic_count":0,"_bbp_total_reply_count":0,"_bbp_voice_count":0,"_bbp_anonymous_reply_count":0,"_bbp_topic_count_hidden":0,"_bbp_reply_count_hidden":0,"_bbp_forum_subforum_count":0,"buzzeditor_post_format":"","footnotes":""},"categories":[2],"tags":[],"class_list":["post-142045","post","type-post","status-publish","format-standard","has-post-thumbnail","hentry","category-noticias"],"yoast_head":"<!-- This site is optimized with the Yoast SEO plugin v27.5 - https:\/\/yoast.com\/product\/yoast-seo-wordpress\/ -->\n<title>Pronaca invierte USD 26 millones en la ampliaci\u00f3n de su planta de Quevedo &#8211; QUEBAKAN.COM 2026: Noticias, Eventos, Conciertos y mucho m\u00e1s....<\/title>\n<meta name=\"robots\" content=\"index, follow, max-snippet:-1, max-image-preview:large, max-video-preview:-1\" \/>\n<link rel=\"canonical\" href=\"https:\/\/www.quebakan.com\/v15\/pronaca-invierte-usd-26-millones-en-la-ampliacion-de-su-planta-de-quevedo\/\" \/>\n<meta property=\"og:locale\" content=\"es_ES\" \/>\n<meta property=\"og:type\" content=\"article\" \/>\n<meta property=\"og:title\" content=\"Pronaca invierte USD 26 millones en la ampliaci\u00f3n de su planta de Quevedo &#8211; QUEBAKAN.COM 2026: Noticias, Eventos, Conciertos y mucho m\u00e1s....\" \/>\n<meta property=\"og:description\" content=\"En la foto: directivos de Pronaca durante la inauguraci\u00f3n oficial de la ampliaci\u00f3n de la Planta de Alimentos Balanceados en Quevedo. Quevedo, 28 de abril de 2026.- En un contexto donde la eficiencia productiva y la sostenibilidad son cada vez m\u00e1s determinantes para el desarrollo del pa\u00eds, Pronaca anunci\u00f3 la ampliaci\u00f3n de su Planta de [&hellip;]\" \/>\n<meta property=\"og:url\" content=\"https:\/\/www.quebakan.com\/v15\/pronaca-invierte-usd-26-millones-en-la-ampliacion-de-su-planta-de-quevedo\/\" \/>\n<meta property=\"og:site_name\" content=\"QUEBAKAN.COM 2026: Noticias, Eventos, Conciertos y mucho m\u00e1s....\" \/>\n<meta property=\"article:publisher\" content=\"http:\/\/www.facebook.com\/quebakan\" \/>\n<meta property=\"article:published_time\" content=\"2026-04-29T03:56:41+00:00\" \/>\n<meta property=\"article:modified_time\" content=\"2026-04-29T03:57:22+00:00\" \/>\n<meta property=\"og:image\" content=\"https:\/\/www.quebakan.com\/v15\/wp-content\/uploads\/2026\/04\/DSC09732.jpg\" \/>\n\t<meta property=\"og:image:width\" content=\"700\" \/>\n\t<meta property=\"og:image:height\" content=\"467\" \/>\n\t<meta property=\"og:image:type\" content=\"image\/jpeg\" \/>\n<meta name=\"author\" content=\"Erick Villafuerte\" \/>\n<meta name=\"twitter:card\" content=\"summary_large_image\" \/>\n<meta name=\"twitter:creator\" content=\"@quebakanec\" \/>\n<meta name=\"twitter:site\" content=\"@quebakanec\" \/>\n<meta name=\"twitter:label1\" content=\"Escrito por\" \/>\n\t<meta name=\"twitter:data1\" content=\"Erick Villafuerte\" \/>\n\t<meta name=\"twitter:label2\" content=\"Tiempo de lectura\" \/>\n\t<meta name=\"twitter:data2\" content=\"3 minutos\" \/>\n<script type=\"application\/ld+json\" class=\"yoast-schema-graph\">{\"@context\":\"https:\\\/\\\/schema.org\",\"@graph\":[{\"@type\":\"Article\",\"@id\":\"https:\\\/\\\/www.quebakan.com\\\/v15\\\/pronaca-invierte-usd-26-millones-en-la-ampliacion-de-su-planta-de-quevedo\\\/#article\",\"isPartOf\":{\"@id\":\"https:\\\/\\\/www.quebakan.com\\\/v15\\\/pronaca-invierte-usd-26-millones-en-la-ampliacion-de-su-planta-de-quevedo\\\/\"},\"author\":{\"name\":\"Erick Villafuerte\",\"@id\":\"https:\\\/\\\/www.quebakan.com\\\/v15\\\/#\\\/schema\\\/person\\\/d90fa9f9cfa81eb8ace9811e5b7b9118\"},\"headline\":\"Pronaca invierte USD 26 millones en la ampliaci\u00f3n de su planta de Quevedo\",\"datePublished\":\"2026-04-29T03:56:41+00:00\",\"dateModified\":\"2026-04-29T03:57:22+00:00\",\"mainEntityOfPage\":{\"@id\":\"https:\\\/\\\/www.quebakan.com\\\/v15\\\/pronaca-invierte-usd-26-millones-en-la-ampliacion-de-su-planta-de-quevedo\\\/\"},\"wordCount\":414,\"publisher\":{\"@id\":\"https:\\\/\\\/www.quebakan.com\\\/v15\\\/#organization\"},\"image\":{\"@id\":\"https:\\\/\\\/www.quebakan.com\\\/v15\\\/pronaca-invierte-usd-26-millones-en-la-ampliacion-de-su-planta-de-quevedo\\\/#primaryimage\"},\"thumbnailUrl\":\"https:\\\/\\\/www.quebakan.com\\\/v15\\\/wp-content\\\/uploads\\\/2026\\\/04\\\/DSC09732.jpg\",\"articleSection\":[\"Noticias\"],\"inLanguage\":\"es\"},{\"@type\":\"WebPage\",\"@id\":\"https:\\\/\\\/www.quebakan.com\\\/v15\\\/pronaca-invierte-usd-26-millones-en-la-ampliacion-de-su-planta-de-quevedo\\\/\",\"url\":\"https:\\\/\\\/www.quebakan.com\\\/v15\\\/pronaca-invierte-usd-26-millones-en-la-ampliacion-de-su-planta-de-quevedo\\\/\",\"name\":\"Pronaca invierte USD 26 millones en la ampliaci\u00f3n de su planta de Quevedo &#8211; QUEBAKAN.COM 2026: Noticias, Eventos, Conciertos y mucho m\u00e1s....\",\"isPartOf\":{\"@id\":\"https:\\\/\\\/www.quebakan.com\\\/v15\\\/#website\"},\"primaryImageOfPage\":{\"@id\":\"https:\\\/\\\/www.quebakan.com\\\/v15\\\/pronaca-invierte-usd-26-millones-en-la-ampliacion-de-su-planta-de-quevedo\\\/#primaryimage\"},\"image\":{\"@id\":\"https:\\\/\\\/www.quebakan.com\\\/v15\\\/pronaca-invierte-usd-26-millones-en-la-ampliacion-de-su-planta-de-quevedo\\\/#primaryimage\"},\"thumbnailUrl\":\"https:\\\/\\\/www.quebakan.com\\\/v15\\\/wp-content\\\/uploads\\\/2026\\\/04\\\/DSC09732.jpg\",\"datePublished\":\"2026-04-29T03:56:41+00:00\",\"dateModified\":\"2026-04-29T03:57:22+00:00\",\"breadcrumb\":{\"@id\":\"https:\\\/\\\/www.quebakan.com\\\/v15\\\/pronaca-invierte-usd-26-millones-en-la-ampliacion-de-su-planta-de-quevedo\\\/#breadcrumb\"},\"inLanguage\":\"es\",\"potentialAction\":[{\"@type\":\"ReadAction\",\"target\":[\"https:\\\/\\\/www.quebakan.com\\\/v15\\\/pronaca-invierte-usd-26-millones-en-la-ampliacion-de-su-planta-de-quevedo\\\/\"]}]},{\"@type\":\"ImageObject\",\"inLanguage\":\"es\",\"@id\":\"https:\\\/\\\/www.quebakan.com\\\/v15\\\/pronaca-invierte-usd-26-millones-en-la-ampliacion-de-su-planta-de-quevedo\\\/#primaryimage\",\"url\":\"https:\\\/\\\/www.quebakan.com\\\/v15\\\/wp-content\\\/uploads\\\/2026\\\/04\\\/DSC09732.jpg\",\"contentUrl\":\"https:\\\/\\\/www.quebakan.com\\\/v15\\\/wp-content\\\/uploads\\\/2026\\\/04\\\/DSC09732.jpg\",\"width\":700,\"height\":467},{\"@type\":\"BreadcrumbList\",\"@id\":\"https:\\\/\\\/www.quebakan.com\\\/v15\\\/pronaca-invierte-usd-26-millones-en-la-ampliacion-de-su-planta-de-quevedo\\\/#breadcrumb\",\"itemListElement\":[{\"@type\":\"ListItem\",\"position\":1,\"name\":\"Portada\",\"item\":\"https:\\\/\\\/www.quebakan.com\\\/v15\\\/\"},{\"@type\":\"ListItem\",\"position\":2,\"name\":\"Pronaca invierte USD 26 millones en la ampliaci\u00f3n de su planta de Quevedo\"}]},{\"@type\":\"WebSite\",\"@id\":\"https:\\\/\\\/www.quebakan.com\\\/v15\\\/#website\",\"url\":\"https:\\\/\\\/www.quebakan.com\\\/v15\\\/\",\"name\":\"QUEBAKAN\",\"description\":\"..\",\"publisher\":{\"@id\":\"https:\\\/\\\/www.quebakan.com\\\/v15\\\/#organization\"},\"potentialAction\":[{\"@type\":\"SearchAction\",\"target\":{\"@type\":\"EntryPoint\",\"urlTemplate\":\"https:\\\/\\\/www.quebakan.com\\\/v15\\\/?s={search_term_string}\"},\"query-input\":{\"@type\":\"PropertyValueSpecification\",\"valueRequired\":true,\"valueName\":\"search_term_string\"}}],\"inLanguage\":\"es\"},{\"@type\":\"Organization\",\"@id\":\"https:\\\/\\\/www.quebakan.com\\\/v15\\\/#organization\",\"name\":\"Quebakan.com\",\"url\":\"https:\\\/\\\/www.quebakan.com\\\/v15\\\/\",\"logo\":{\"@type\":\"ImageObject\",\"inLanguage\":\"es\",\"@id\":\"https:\\\/\\\/www.quebakan.com\\\/v15\\\/#\\\/schema\\\/logo\\\/image\\\/\",\"url\":\"https:\\\/\\\/www.quebakan.com\\\/v15\\\/wp-content\\\/uploads\\\/2023\\\/07\\\/logoquebakanenero2021.jpg\",\"contentUrl\":\"https:\\\/\\\/www.quebakan.com\\\/v15\\\/wp-content\\\/uploads\\\/2023\\\/07\\\/logoquebakanenero2021.jpg\",\"width\":1920,\"height\":1080,\"caption\":\"Quebakan.com\"},\"image\":{\"@id\":\"https:\\\/\\\/www.quebakan.com\\\/v15\\\/#\\\/schema\\\/logo\\\/image\\\/\"},\"sameAs\":[\"http:\\\/\\\/www.facebook.com\\\/quebakan\",\"https:\\\/\\\/x.com\\\/quebakanec\",\"http:\\\/\\\/www.instagram.com\\\/quebakan\",\"http:\\\/\\\/www.youtube.com\\\/quebakan1\"]},{\"@type\":\"Person\",\"@id\":\"https:\\\/\\\/www.quebakan.com\\\/v15\\\/#\\\/schema\\\/person\\\/d90fa9f9cfa81eb8ace9811e5b7b9118\",\"name\":\"Erick Villafuerte\",\"image\":{\"@type\":\"ImageObject\",\"inLanguage\":\"es\",\"@id\":\"https:\\\/\\\/www.quebakan.com\\\/v15\\\/wp-content\\\/uploads\\\/avatars\\\/4\\\/1731297654-bpfull.png\",\"url\":\"https:\\\/\\\/www.quebakan.com\\\/v15\\\/wp-content\\\/uploads\\\/avatars\\\/4\\\/1731297654-bpfull.png\",\"contentUrl\":\"https:\\\/\\\/www.quebakan.com\\\/v15\\\/wp-content\\\/uploads\\\/avatars\\\/4\\\/1731297654-bpfull.png\",\"caption\":\"Erick Villafuerte\"}}]}<\/script>\n<!-- \/ Yoast SEO plugin. -->","yoast_head_json":{"title":"Pronaca invierte USD 26 millones en la ampliaci\u00f3n de su planta de Quevedo &#8211; QUEBAKAN.COM 2026: Noticias, Eventos, Conciertos y mucho m\u00e1s....","robots":{"index":"index","follow":"follow","max-snippet":"max-snippet:-1","max-image-preview":"max-image-preview:large","max-video-preview":"max-video-preview:-1"},"canonical":"https:\/\/www.quebakan.com\/v15\/pronaca-invierte-usd-26-millones-en-la-ampliacion-de-su-planta-de-quevedo\/","og_locale":"es_ES","og_type":"article","og_title":"Pronaca invierte USD 26 millones en la ampliaci\u00f3n de su planta de Quevedo &#8211; QUEBAKAN.COM 2026: Noticias, Eventos, Conciertos y mucho m\u00e1s....","og_description":"En la foto: directivos de Pronaca durante la inauguraci\u00f3n oficial de la ampliaci\u00f3n de la Planta de Alimentos Balanceados en Quevedo. Quevedo, 28 de abril de 2026.- En un contexto donde la eficiencia productiva y la sostenibilidad son cada vez m\u00e1s determinantes para el desarrollo del pa\u00eds, Pronaca anunci\u00f3 la ampliaci\u00f3n de su Planta de [&hellip;]","og_url":"https:\/\/www.quebakan.com\/v15\/pronaca-invierte-usd-26-millones-en-la-ampliacion-de-su-planta-de-quevedo\/","og_site_name":"QUEBAKAN.COM 2026: Noticias, Eventos, Conciertos y mucho m\u00e1s....","article_publisher":"http:\/\/www.facebook.com\/quebakan","article_published_time":"2026-04-29T03:56:41+00:00","article_modified_time":"2026-04-29T03:57:22+00:00","og_image":[{"width":700,"height":467,"url":"https:\/\/www.quebakan.com\/v15\/wp-content\/uploads\/2026\/04\/DSC09732.jpg","type":"image\/jpeg"}],"author":"Erick Villafuerte","twitter_card":"summary_large_image","twitter_creator":"@quebakanec","twitter_site":"@quebakanec","twitter_misc":{"Escrito por":"Erick Villafuerte","Tiempo de lectura":"3 minutos"},"schema":{"@context":"https:\/\/schema.org","@graph":[{"@type":"Article","@id":"https:\/\/www.quebakan.com\/v15\/pronaca-invierte-usd-26-millones-en-la-ampliacion-de-su-planta-de-quevedo\/#article","isPartOf":{"@id":"https:\/\/www.quebakan.com\/v15\/pronaca-invierte-usd-26-millones-en-la-ampliacion-de-su-planta-de-quevedo\/"},"author":{"name":"Erick Villafuerte","@id":"https:\/\/www.quebakan.com\/v15\/#\/schema\/person\/d90fa9f9cfa81eb8ace9811e5b7b9118"},"headline":"Pronaca invierte USD 26 millones en la ampliaci\u00f3n de su planta de Quevedo","datePublished":"2026-04-29T03:56:41+00:00","dateModified":"2026-04-29T03:57:22+00:00","mainEntityOfPage":{"@id":"https:\/\/www.quebakan.com\/v15\/pronaca-invierte-usd-26-millones-en-la-ampliacion-de-su-planta-de-quevedo\/"},"wordCount":414,"publisher":{"@id":"https:\/\/www.quebakan.com\/v15\/#organization"},"image":{"@id":"https:\/\/www.quebakan.com\/v15\/pronaca-invierte-usd-26-millones-en-la-ampliacion-de-su-planta-de-quevedo\/#primaryimage"},"thumbnailUrl":"https:\/\/www.quebakan.com\/v15\/wp-content\/uploads\/2026\/04\/DSC09732.jpg","articleSection":["Noticias"],"inLanguage":"es"},{"@type":"WebPage","@id":"https:\/\/www.quebakan.com\/v15\/pronaca-invierte-usd-26-millones-en-la-ampliacion-de-su-planta-de-quevedo\/","url":"https:\/\/www.quebakan.com\/v15\/pronaca-invierte-usd-26-millones-en-la-ampliacion-de-su-planta-de-quevedo\/","name":"Pronaca invierte USD 26 millones en la ampliaci\u00f3n de su planta de Quevedo &#8211; QUEBAKAN.COM 2026: Noticias, Eventos, Conciertos y mucho m\u00e1s....","isPartOf":{"@id":"https:\/\/www.quebakan.com\/v15\/#website"},"primaryImageOfPage":{"@id":"https:\/\/www.quebakan.com\/v15\/pronaca-invierte-usd-26-millones-en-la-ampliacion-de-su-planta-de-quevedo\/#primaryimage"},"image":{"@id":"https:\/\/www.quebakan.com\/v15\/pronaca-invierte-usd-26-millones-en-la-ampliacion-de-su-planta-de-quevedo\/#primaryimage"},"thumbnailUrl":"https:\/\/www.quebakan.com\/v15\/wp-content\/uploads\/2026\/04\/DSC09732.jpg","datePublished":"2026-04-29T03:56:41+00:00","dateModified":"2026-04-29T03:57:22+00:00","breadcrumb":{"@id":"https:\/\/www.quebakan.com\/v15\/pronaca-invierte-usd-26-millones-en-la-ampliacion-de-su-planta-de-quevedo\/#breadcrumb"},"inLanguage":"es","potentialAction":[{"@type":"ReadAction","target":["https:\/\/www.quebakan.com\/v15\/pronaca-invierte-usd-26-millones-en-la-ampliacion-de-su-planta-de-quevedo\/"]}]},{"@type":"ImageObject","inLanguage":"es","@id":"https:\/\/www.quebakan.com\/v15\/pronaca-invierte-usd-26-millones-en-la-ampliacion-de-su-planta-de-quevedo\/#primaryimage","url":"https:\/\/www.quebakan.com\/v15\/wp-content\/uploads\/2026\/04\/DSC09732.jpg","contentUrl":"https:\/\/www.quebakan.com\/v15\/wp-content\/uploads\/2026\/04\/DSC09732.jpg","width":700,"height":467},{"@type":"BreadcrumbList","@id":"https:\/\/www.quebakan.com\/v15\/pronaca-invierte-usd-26-millones-en-la-ampliacion-de-su-planta-de-quevedo\/#breadcrumb","itemListElement":[{"@type":"ListItem","position":1,"name":"Portada","item":"https:\/\/www.quebakan.com\/v15\/"},{"@type":"ListItem","position":2,"name":"Pronaca invierte USD 26 millones en la ampliaci\u00f3n de su planta de Quevedo"}]},{"@type":"WebSite","@id":"https:\/\/www.quebakan.com\/v15\/#website","url":"https:\/\/www.quebakan.com\/v15\/","name":"QUEBAKAN","description":"..","publisher":{"@id":"https:\/\/www.quebakan.com\/v15\/#organization"},"potentialAction":[{"@type":"SearchAction","target":{"@type":"EntryPoint","urlTemplate":"https:\/\/www.quebakan.com\/v15\/?s={search_term_string}"},"query-input":{"@type":"PropertyValueSpecification","valueRequired":true,"valueName":"search_term_string"}}],"inLanguage":"es"},{"@type":"Organization","@id":"https:\/\/www.quebakan.com\/v15\/#organization","name":"Quebakan.com","url":"https:\/\/www.quebakan.com\/v15\/","logo":{"@type":"ImageObject","inLanguage":"es","@id":"https:\/\/www.quebakan.com\/v15\/#\/schema\/logo\/image\/","url":"https:\/\/www.quebakan.com\/v15\/wp-content\/uploads\/2023\/07\/logoquebakanenero2021.jpg","contentUrl":"https:\/\/www.quebakan.com\/v15\/wp-content\/uploads\/2023\/07\/logoquebakanenero2021.jpg","width":1920,"height":1080,"caption":"Quebakan.com"},"image":{"@id":"https:\/\/www.quebakan.com\/v15\/#\/schema\/logo\/image\/"},"sameAs":["http:\/\/www.facebook.com\/quebakan","https:\/\/x.com\/quebakanec","http:\/\/www.instagram.com\/quebakan","http:\/\/www.youtube.com\/quebakan1"]},{"@type":"Person","@id":"https:\/\/www.quebakan.com\/v15\/#\/schema\/person\/d90fa9f9cfa81eb8ace9811e5b7b9118","name":"Erick Villafuerte","image":{"@type":"ImageObject","inLanguage":"es","@id":"https:\/\/www.quebakan.com\/v15\/wp-content\/uploads\/avatars\/4\/1731297654-bpfull.png","url":"https:\/\/www.quebakan.com\/v15\/wp-content\/uploads\/avatars\/4\/1731297654-bpfull.png","contentUrl":"https:\/\/www.quebakan.com\/v15\/wp-content\/uploads\/avatars\/4\/1731297654-bpfull.png","caption":"Erick Villafuerte"}}]}},"_links":{"self":[{"href":"https:\/\/www.quebakan.com\/v15\/wp-json\/wp\/v2\/posts\/142045","targetHints":{"allow":["GET"]}}],"collection":[{"href":"https:\/\/www.quebakan.com\/v15\/wp-json\/wp\/v2\/posts"}],"about":[{"href":"https:\/\/www.quebakan.com\/v15\/wp-json\/wp\/v2\/types\/post"}],"author":[{"embeddable":true,"href":"https:\/\/www.quebakan.com\/v15\/wp-json\/wp\/v2\/users\/4"}],"replies":[{"embeddable":true,"href":"https:\/\/www.quebakan.com\/v15\/wp-json\/wp\/v2\/comments?post=142045"}],"version-history":[{"count":2,"href":"https:\/\/www.quebakan.com\/v15\/wp-json\/wp\/v2\/posts\/142045\/revisions"}],"predecessor-version":[{"id":142050,"href":"https:\/\/www.quebakan.com\/v15\/wp-json\/wp\/v2\/posts\/142045\/revisions\/142050"}],"wp:featuredmedia":[{"embeddable":true,"href":"https:\/\/www.quebakan.com\/v15\/wp-json\/wp\/v2\/media\/142046"}],"wp:attachment":[{"href":"https:\/\/www.quebakan.com\/v15\/wp-json\/wp\/v2\/media?parent=142045"}],"wp:term":[{"taxonomy":"category","embeddable":true,"href":"https:\/\/www.quebakan.com\/v15\/wp-json\/wp\/v2\/categories?post=142045"},{"taxonomy":"post_tag","embeddable":true,"href":"https:\/\/www.quebakan.com\/v15\/wp-json\/wp\/v2\/tags?post=142045"}],"curies":[{"name":"wp","href":"https:\/\/api.w.org\/{rel}","templated":true}]}}