{"id":142051,"date":"2026-04-28T23:10:00","date_gmt":"2026-04-29T04:10:00","guid":{"rendered":"https:\/\/www.quebakan.com\/v15\/?p=142051"},"modified":"2026-04-28T23:10:00","modified_gmt":"2026-04-29T04:10:00","slug":"regreso-a-clases-el-consumidor-inteligente-que-compra-menos-por-impulso-y-mas-por-estrategia","status":"publish","type":"post","link":"https:\/\/www.quebakan.com\/v15\/regreso-a-clases-el-consumidor-inteligente-que-compra-menos-por-impulso-y-mas-por-estrategia\/","title":{"rendered":"Regreso a clases: el consumidor inteligente que compra menos por impulso y m\u00e1s por estrategia"},"content":{"rendered":"<p><img fetchpriority=\"high\" decoding=\"async\" class=\"aligncenter size-full wp-image-142052\" src=\"https:\/\/www.quebakan.com\/v15\/wp-content\/uploads\/2026\/04\/regreso-a-clases-1.jpg\" alt=\"\" width=\"525\" height=\"700\" \/><\/p>\n<p style=\"text-align: justify;\"><span style=\"color: #000000;\">El regreso a clases en la regi\u00f3n Costa no solo activa el comercio: tambi\u00e9n revela una transformaci\u00f3n en la forma en que los ecuatorianos compran. Hoy, m\u00e1s que nunca, el consumidor prioriza la planificaci\u00f3n, el ahorro y el uso de herramientas digitales para tomar decisiones m\u00e1s acertadas.<\/span><\/p>\n<p style=\"text-align: justify;\"><span style=\"color: #000000;\">Datos de IBOPE muestran que esta temporada est\u00e1 marcada por un comprador m\u00e1s consciente y estrat\u00e9gico.<\/span><\/p>\n<p style=\"text-align: justify;\"><strong><span style=\"color: #000000;\">Comprar s\u00ed, pero con estrategia<\/span><\/strong><\/p>\n<p style=\"text-align: justify;\"><span style=\"color: #000000;\">Atr\u00e1s qued\u00f3 la compra impulsiva. En su lugar, emerge un consumidor que analiza, compara y espera el mejor momento:<\/span><\/p>\n<ul style=\"text-align: justify;\">\n<li><span style=\"color: #000000;\">El <strong>68,5%<\/strong> espera encontrar ofertas antes de comprar.<\/span><\/li>\n<li><span style=\"color: #000000;\">Un <strong>65,2%<\/strong> busca activamente los precios m\u00e1s bajos.<\/span><\/li>\n<li><span style=\"color: #000000;\">El <strong>66,8%<\/strong> planifica la compra de art\u00edculos costosos.<\/span><\/li>\n<li><span style=\"color: #000000;\">El <strong>49,2%<\/strong> utiliza internet para organizar sus compras.<\/span><\/li>\n<li><span style=\"color: #000000;\">Y el <strong>43,2%<\/strong> considera que comprar en l\u00ednea le facilita la vida.<\/span><\/li>\n<\/ul>\n<p style=\"text-align: justify;\"><span style=\"color: #000000;\">La l\u00f3gica es clara: optimizar el presupuesto familiar en una temporada que suele implicar m\u00faltiples gastos.<\/span><\/p>\n<p style=\"text-align: justify;\"><strong><span style=\"color: #000000;\">La decisi\u00f3n se construye entre lo cercano y lo digital<\/span><\/strong><\/p>\n<p style=\"text-align: justify;\"><span style=\"color: #000000;\">A la hora de decidir qu\u00e9 comprar, la confianza sigue siendo clave, pero ahora se distribuye entre distintos canales:<\/span><\/p>\n<ul style=\"text-align: justify;\">\n<li><span style=\"color: #000000;\"><strong>61%<\/strong> se gu\u00eda por recomendaciones de familiares o amistades.<\/span><\/li>\n<li><span style=\"color: #000000;\"><strong>53%<\/strong> conf\u00eda en su experiencia previa.<\/span><\/li>\n<li><span style=\"color: #000000;\"><strong>52%<\/strong> consulta internet y redes sociales.<\/span><\/li>\n<li><span style=\"color: #000000;\"><strong>28%<\/strong> toma en cuenta a influenciadores.<\/span><\/li>\n<\/ul>\n<p style=\"text-align: justify;\"><span style=\"color: #000000;\">Esto confirma que las decisiones de compra son cada vez m\u00e1s informadas y socialmente validadas.<\/span><\/p>\n<p style=\"text-align: justify;\"><strong><span style=\"color: #000000;\">La televisi\u00f3n: vigencia en medio del cambio<\/span><\/strong><\/p>\n<p style=\"text-align: justify;\"><span style=\"color: #000000;\">En un entorno dominado por lo digital, la televisi\u00f3n abierta mantiene un rol relevante en la construcci\u00f3n de recordaci\u00f3n y credibilidad:<\/span><\/p>\n<ul style=\"text-align: justify;\">\n<li><span style=\"color: #000000;\">El <strong>40%<\/strong> presta atenci\u00f3n a la publicidad en TV y 59% conf\u00eda en el medio.<\/span><\/li>\n<\/ul>\n<p style=\"text-align: justify;\"><span style=\"color: #000000;\">De acuerdo con el estudio de audiencias de Kantar IBOPE Media:<\/span><\/p>\n<ul style=\"text-align: justify;\">\n<li><span style=\"color: #000000;\">La <strong>TV abierta alcanza el 94% de cobertura en amas de casa<\/strong><strong>, <\/strong>superando los <strong>1,4 millones de personas en el \u00e1rea urbana de Quito y Guayaquil<\/strong><strong>. <\/strong><\/span><\/li>\n<li><span style=\"color: #000000;\">Este segmento consume en promedio <strong>4 horas y 4 minutos diarios<\/strong> de televisi\u00f3n (lunes a viernes, de 06:00 a 24:00).<\/span><\/li>\n<\/ul>\n<p style=\"text-align: justify;\"><strong><span style=\"color: #000000;\">Amas de casa: el centro de la decisi\u00f3n<\/span><\/strong><\/p>\n<p style=\"text-align: justify;\"><span style=\"color: #000000;\">En el contexto escolar, las amas de casa siguen siendo un p\u00fablico decisor clave. Su alto consumo de medios y su rol en la administraci\u00f3n del hogar las convierten en un target estrat\u00e9gico para marcas y retailers.<\/span><\/p>\n<p style=\"text-align: justify;\"><span style=\"color: #000000;\">El regreso a clases ya no es solo una oportunidad comercial, sino un reflejo de un consumidor que ha evolucionado. Hoy, comprar implica informarse, comparar y elegir con criterio.<\/span><\/p>\n<p style=\"text-align: justify;\"><span style=\"color: #000000;\">Las marcas que entiendan esta l\u00f3gica \u2014combinando <strong>promociones relevantes, presencia digital y mensajes de confianza<\/strong>\u2014 ser\u00e1n las que logren conectar en una temporada cada vez m\u00e1s competitiva.<\/span><\/p>\n<p style=\"text-align: justify;\"><span style=\"color: #000000;\">\u201cHoy m\u00e1s que nunca, los datos nos permiten entender c\u00f3mo las personas planifican, comparan y toman decisiones m\u00e1s informadas. El consumidor ecuatoriano ha evolucionado hacia un modelo mucho m\u00e1s estrat\u00e9gico\u201d indica Doris Reyes, Country Manager Ibope Ecuador.<\/span><\/p>\n<p><img decoding=\"async\" class=\"aligncenter size-full wp-image-142053\" src=\"https:\/\/www.quebakan.com\/v15\/wp-content\/uploads\/2026\/04\/regreso-a-clases-2.jpg\" alt=\"\" width=\"626\" height=\"626\" srcset=\"https:\/\/www.quebakan.com\/v15\/wp-content\/uploads\/2026\/04\/regreso-a-clases-2.jpg 626w, https:\/\/www.quebakan.com\/v15\/wp-content\/uploads\/2026\/04\/regreso-a-clases-2-300x300.jpg 300w, https:\/\/www.quebakan.com\/v15\/wp-content\/uploads\/2026\/04\/regreso-a-clases-2-75x75.jpg 75w\" sizes=\"(max-width: 626px) 100vw, 626px\" \/><\/p>\n","protected":false},"excerpt":{"rendered":"<p>El regreso a clases en la regi\u00f3n Costa no solo activa el comercio: tambi\u00e9n revela una transformaci\u00f3n en la forma en que los ecuatorianos compran. Hoy, m\u00e1s que nunca, el consumidor prioriza la planificaci\u00f3n, el ahorro y el uso de herramientas digitales para tomar decisiones m\u00e1s acertadas. Datos de IBOPE muestran que esta temporada est\u00e1 [&hellip;]<\/p>\n","protected":false},"author":4,"featured_media":142052,"comment_status":"closed","ping_status":"closed","sticky":false,"template":"","format":"standard","meta":{"_bbp_topic_count":0,"_bbp_reply_count":0,"_bbp_total_topic_count":0,"_bbp_total_reply_count":0,"_bbp_voice_count":0,"_bbp_anonymous_reply_count":0,"_bbp_topic_count_hidden":0,"_bbp_reply_count_hidden":0,"_bbp_forum_subforum_count":0,"buzzeditor_post_format":"","footnotes":""},"categories":[2],"tags":[],"class_list":["post-142051","post","type-post","status-publish","format-standard","has-post-thumbnail","hentry","category-noticias"],"yoast_head":"<!-- This site is optimized with the Yoast SEO plugin v27.5 - https:\/\/yoast.com\/product\/yoast-seo-wordpress\/ -->\n<title>Regreso a clases: el consumidor inteligente que compra menos por impulso y m\u00e1s por estrategia &#8211; QUEBAKAN.COM 2026: Noticias, Eventos, Conciertos y mucho m\u00e1s....<\/title>\n<meta name=\"robots\" content=\"index, follow, max-snippet:-1, max-image-preview:large, max-video-preview:-1\" \/>\n<link rel=\"canonical\" href=\"https:\/\/www.quebakan.com\/v15\/regreso-a-clases-el-consumidor-inteligente-que-compra-menos-por-impulso-y-mas-por-estrategia\/\" \/>\n<meta property=\"og:locale\" content=\"es_ES\" \/>\n<meta property=\"og:type\" content=\"article\" \/>\n<meta property=\"og:title\" content=\"Regreso a clases: el consumidor inteligente que compra menos por impulso y m\u00e1s por estrategia &#8211; QUEBAKAN.COM 2026: Noticias, Eventos, Conciertos y mucho m\u00e1s....\" \/>\n<meta property=\"og:description\" content=\"El regreso a clases en la regi\u00f3n Costa no solo activa el comercio: tambi\u00e9n revela una transformaci\u00f3n en la forma en que los ecuatorianos compran. Hoy, m\u00e1s que nunca, el consumidor prioriza la planificaci\u00f3n, el ahorro y el uso de herramientas digitales para tomar decisiones m\u00e1s acertadas. Datos de IBOPE muestran que esta temporada est\u00e1 [&hellip;]\" \/>\n<meta property=\"og:url\" content=\"https:\/\/www.quebakan.com\/v15\/regreso-a-clases-el-consumidor-inteligente-que-compra-menos-por-impulso-y-mas-por-estrategia\/\" \/>\n<meta property=\"og:site_name\" content=\"QUEBAKAN.COM 2026: Noticias, Eventos, Conciertos y mucho m\u00e1s....\" \/>\n<meta property=\"article:publisher\" content=\"http:\/\/www.facebook.com\/quebakan\" \/>\n<meta property=\"article:published_time\" content=\"2026-04-29T04:10:00+00:00\" \/>\n<meta property=\"og:image\" content=\"https:\/\/www.quebakan.com\/v15\/wp-content\/uploads\/2026\/04\/regreso-a-clases-1.jpg\" \/>\n\t<meta property=\"og:image:width\" content=\"525\" \/>\n\t<meta property=\"og:image:height\" content=\"700\" \/>\n\t<meta property=\"og:image:type\" content=\"image\/jpeg\" \/>\n<meta name=\"author\" content=\"Erick Villafuerte\" \/>\n<meta name=\"twitter:card\" content=\"summary_large_image\" \/>\n<meta name=\"twitter:creator\" content=\"@quebakanec\" \/>\n<meta name=\"twitter:site\" content=\"@quebakanec\" \/>\n<meta name=\"twitter:label1\" content=\"Escrito por\" \/>\n\t<meta name=\"twitter:data1\" content=\"Erick Villafuerte\" \/>\n\t<meta name=\"twitter:label2\" content=\"Tiempo de lectura\" \/>\n\t<meta name=\"twitter:data2\" content=\"3 minutos\" \/>\n<script type=\"application\/ld+json\" class=\"yoast-schema-graph\">{\"@context\":\"https:\\\/\\\/schema.org\",\"@graph\":[{\"@type\":\"Article\",\"@id\":\"https:\\\/\\\/www.quebakan.com\\\/v15\\\/regreso-a-clases-el-consumidor-inteligente-que-compra-menos-por-impulso-y-mas-por-estrategia\\\/#article\",\"isPartOf\":{\"@id\":\"https:\\\/\\\/www.quebakan.com\\\/v15\\\/regreso-a-clases-el-consumidor-inteligente-que-compra-menos-por-impulso-y-mas-por-estrategia\\\/\"},\"author\":{\"name\":\"Erick Villafuerte\",\"@id\":\"https:\\\/\\\/www.quebakan.com\\\/v15\\\/#\\\/schema\\\/person\\\/d90fa9f9cfa81eb8ace9811e5b7b9118\"},\"headline\":\"Regreso a clases: el consumidor inteligente que compra menos por impulso y m\u00e1s por estrategia\",\"datePublished\":\"2026-04-29T04:10:00+00:00\",\"mainEntityOfPage\":{\"@id\":\"https:\\\/\\\/www.quebakan.com\\\/v15\\\/regreso-a-clases-el-consumidor-inteligente-que-compra-menos-por-impulso-y-mas-por-estrategia\\\/\"},\"wordCount\":492,\"publisher\":{\"@id\":\"https:\\\/\\\/www.quebakan.com\\\/v15\\\/#organization\"},\"image\":{\"@id\":\"https:\\\/\\\/www.quebakan.com\\\/v15\\\/regreso-a-clases-el-consumidor-inteligente-que-compra-menos-por-impulso-y-mas-por-estrategia\\\/#primaryimage\"},\"thumbnailUrl\":\"https:\\\/\\\/www.quebakan.com\\\/v15\\\/wp-content\\\/uploads\\\/2026\\\/04\\\/regreso-a-clases-1.jpg\",\"articleSection\":[\"Noticias\"],\"inLanguage\":\"es\"},{\"@type\":\"WebPage\",\"@id\":\"https:\\\/\\\/www.quebakan.com\\\/v15\\\/regreso-a-clases-el-consumidor-inteligente-que-compra-menos-por-impulso-y-mas-por-estrategia\\\/\",\"url\":\"https:\\\/\\\/www.quebakan.com\\\/v15\\\/regreso-a-clases-el-consumidor-inteligente-que-compra-menos-por-impulso-y-mas-por-estrategia\\\/\",\"name\":\"Regreso a clases: el consumidor inteligente que compra menos por impulso y m\u00e1s por estrategia &#8211; QUEBAKAN.COM 2026: Noticias, Eventos, Conciertos y mucho m\u00e1s....\",\"isPartOf\":{\"@id\":\"https:\\\/\\\/www.quebakan.com\\\/v15\\\/#website\"},\"primaryImageOfPage\":{\"@id\":\"https:\\\/\\\/www.quebakan.com\\\/v15\\\/regreso-a-clases-el-consumidor-inteligente-que-compra-menos-por-impulso-y-mas-por-estrategia\\\/#primaryimage\"},\"image\":{\"@id\":\"https:\\\/\\\/www.quebakan.com\\\/v15\\\/regreso-a-clases-el-consumidor-inteligente-que-compra-menos-por-impulso-y-mas-por-estrategia\\\/#primaryimage\"},\"thumbnailUrl\":\"https:\\\/\\\/www.quebakan.com\\\/v15\\\/wp-content\\\/uploads\\\/2026\\\/04\\\/regreso-a-clases-1.jpg\",\"datePublished\":\"2026-04-29T04:10:00+00:00\",\"breadcrumb\":{\"@id\":\"https:\\\/\\\/www.quebakan.com\\\/v15\\\/regreso-a-clases-el-consumidor-inteligente-que-compra-menos-por-impulso-y-mas-por-estrategia\\\/#breadcrumb\"},\"inLanguage\":\"es\",\"potentialAction\":[{\"@type\":\"ReadAction\",\"target\":[\"https:\\\/\\\/www.quebakan.com\\\/v15\\\/regreso-a-clases-el-consumidor-inteligente-que-compra-menos-por-impulso-y-mas-por-estrategia\\\/\"]}]},{\"@type\":\"ImageObject\",\"inLanguage\":\"es\",\"@id\":\"https:\\\/\\\/www.quebakan.com\\\/v15\\\/regreso-a-clases-el-consumidor-inteligente-que-compra-menos-por-impulso-y-mas-por-estrategia\\\/#primaryimage\",\"url\":\"https:\\\/\\\/www.quebakan.com\\\/v15\\\/wp-content\\\/uploads\\\/2026\\\/04\\\/regreso-a-clases-1.jpg\",\"contentUrl\":\"https:\\\/\\\/www.quebakan.com\\\/v15\\\/wp-content\\\/uploads\\\/2026\\\/04\\\/regreso-a-clases-1.jpg\",\"width\":525,\"height\":700},{\"@type\":\"BreadcrumbList\",\"@id\":\"https:\\\/\\\/www.quebakan.com\\\/v15\\\/regreso-a-clases-el-consumidor-inteligente-que-compra-menos-por-impulso-y-mas-por-estrategia\\\/#breadcrumb\",\"itemListElement\":[{\"@type\":\"ListItem\",\"position\":1,\"name\":\"Portada\",\"item\":\"https:\\\/\\\/www.quebakan.com\\\/v15\\\/\"},{\"@type\":\"ListItem\",\"position\":2,\"name\":\"Regreso a clases: el consumidor inteligente que compra menos por impulso y m\u00e1s por estrategia\"}]},{\"@type\":\"WebSite\",\"@id\":\"https:\\\/\\\/www.quebakan.com\\\/v15\\\/#website\",\"url\":\"https:\\\/\\\/www.quebakan.com\\\/v15\\\/\",\"name\":\"QUEBAKAN\",\"description\":\"..\",\"publisher\":{\"@id\":\"https:\\\/\\\/www.quebakan.com\\\/v15\\\/#organization\"},\"potentialAction\":[{\"@type\":\"SearchAction\",\"target\":{\"@type\":\"EntryPoint\",\"urlTemplate\":\"https:\\\/\\\/www.quebakan.com\\\/v15\\\/?s={search_term_string}\"},\"query-input\":{\"@type\":\"PropertyValueSpecification\",\"valueRequired\":true,\"valueName\":\"search_term_string\"}}],\"inLanguage\":\"es\"},{\"@type\":\"Organization\",\"@id\":\"https:\\\/\\\/www.quebakan.com\\\/v15\\\/#organization\",\"name\":\"Quebakan.com\",\"url\":\"https:\\\/\\\/www.quebakan.com\\\/v15\\\/\",\"logo\":{\"@type\":\"ImageObject\",\"inLanguage\":\"es\",\"@id\":\"https:\\\/\\\/www.quebakan.com\\\/v15\\\/#\\\/schema\\\/logo\\\/image\\\/\",\"url\":\"https:\\\/\\\/www.quebakan.com\\\/v15\\\/wp-content\\\/uploads\\\/2023\\\/07\\\/logoquebakanenero2021.jpg\",\"contentUrl\":\"https:\\\/\\\/www.quebakan.com\\\/v15\\\/wp-content\\\/uploads\\\/2023\\\/07\\\/logoquebakanenero2021.jpg\",\"width\":1920,\"height\":1080,\"caption\":\"Quebakan.com\"},\"image\":{\"@id\":\"https:\\\/\\\/www.quebakan.com\\\/v15\\\/#\\\/schema\\\/logo\\\/image\\\/\"},\"sameAs\":[\"http:\\\/\\\/www.facebook.com\\\/quebakan\",\"https:\\\/\\\/x.com\\\/quebakanec\",\"http:\\\/\\\/www.instagram.com\\\/quebakan\",\"http:\\\/\\\/www.youtube.com\\\/quebakan1\"]},{\"@type\":\"Person\",\"@id\":\"https:\\\/\\\/www.quebakan.com\\\/v15\\\/#\\\/schema\\\/person\\\/d90fa9f9cfa81eb8ace9811e5b7b9118\",\"name\":\"Erick Villafuerte\",\"image\":{\"@type\":\"ImageObject\",\"inLanguage\":\"es\",\"@id\":\"https:\\\/\\\/www.quebakan.com\\\/v15\\\/wp-content\\\/uploads\\\/avatars\\\/4\\\/1731297654-bpfull.png\",\"url\":\"https:\\\/\\\/www.quebakan.com\\\/v15\\\/wp-content\\\/uploads\\\/avatars\\\/4\\\/1731297654-bpfull.png\",\"contentUrl\":\"https:\\\/\\\/www.quebakan.com\\\/v15\\\/wp-content\\\/uploads\\\/avatars\\\/4\\\/1731297654-bpfull.png\",\"caption\":\"Erick Villafuerte\"}}]}<\/script>\n<!-- \/ Yoast SEO plugin. -->","yoast_head_json":{"title":"Regreso a clases: el consumidor inteligente que compra menos por impulso y m\u00e1s por estrategia &#8211; QUEBAKAN.COM 2026: Noticias, Eventos, Conciertos y mucho m\u00e1s....","robots":{"index":"index","follow":"follow","max-snippet":"max-snippet:-1","max-image-preview":"max-image-preview:large","max-video-preview":"max-video-preview:-1"},"canonical":"https:\/\/www.quebakan.com\/v15\/regreso-a-clases-el-consumidor-inteligente-que-compra-menos-por-impulso-y-mas-por-estrategia\/","og_locale":"es_ES","og_type":"article","og_title":"Regreso a clases: el consumidor inteligente que compra menos por impulso y m\u00e1s por estrategia &#8211; QUEBAKAN.COM 2026: Noticias, Eventos, Conciertos y mucho m\u00e1s....","og_description":"El regreso a clases en la regi\u00f3n Costa no solo activa el comercio: tambi\u00e9n revela una transformaci\u00f3n en la forma en que los ecuatorianos compran. Hoy, m\u00e1s que nunca, el consumidor prioriza la planificaci\u00f3n, el ahorro y el uso de herramientas digitales para tomar decisiones m\u00e1s acertadas. Datos de IBOPE muestran que esta temporada est\u00e1 [&hellip;]","og_url":"https:\/\/www.quebakan.com\/v15\/regreso-a-clases-el-consumidor-inteligente-que-compra-menos-por-impulso-y-mas-por-estrategia\/","og_site_name":"QUEBAKAN.COM 2026: Noticias, Eventos, Conciertos y mucho m\u00e1s....","article_publisher":"http:\/\/www.facebook.com\/quebakan","article_published_time":"2026-04-29T04:10:00+00:00","og_image":[{"width":525,"height":700,"url":"https:\/\/www.quebakan.com\/v15\/wp-content\/uploads\/2026\/04\/regreso-a-clases-1.jpg","type":"image\/jpeg"}],"author":"Erick Villafuerte","twitter_card":"summary_large_image","twitter_creator":"@quebakanec","twitter_site":"@quebakanec","twitter_misc":{"Escrito por":"Erick Villafuerte","Tiempo de lectura":"3 minutos"},"schema":{"@context":"https:\/\/schema.org","@graph":[{"@type":"Article","@id":"https:\/\/www.quebakan.com\/v15\/regreso-a-clases-el-consumidor-inteligente-que-compra-menos-por-impulso-y-mas-por-estrategia\/#article","isPartOf":{"@id":"https:\/\/www.quebakan.com\/v15\/regreso-a-clases-el-consumidor-inteligente-que-compra-menos-por-impulso-y-mas-por-estrategia\/"},"author":{"name":"Erick Villafuerte","@id":"https:\/\/www.quebakan.com\/v15\/#\/schema\/person\/d90fa9f9cfa81eb8ace9811e5b7b9118"},"headline":"Regreso a clases: el consumidor inteligente que compra menos por impulso y m\u00e1s por estrategia","datePublished":"2026-04-29T04:10:00+00:00","mainEntityOfPage":{"@id":"https:\/\/www.quebakan.com\/v15\/regreso-a-clases-el-consumidor-inteligente-que-compra-menos-por-impulso-y-mas-por-estrategia\/"},"wordCount":492,"publisher":{"@id":"https:\/\/www.quebakan.com\/v15\/#organization"},"image":{"@id":"https:\/\/www.quebakan.com\/v15\/regreso-a-clases-el-consumidor-inteligente-que-compra-menos-por-impulso-y-mas-por-estrategia\/#primaryimage"},"thumbnailUrl":"https:\/\/www.quebakan.com\/v15\/wp-content\/uploads\/2026\/04\/regreso-a-clases-1.jpg","articleSection":["Noticias"],"inLanguage":"es"},{"@type":"WebPage","@id":"https:\/\/www.quebakan.com\/v15\/regreso-a-clases-el-consumidor-inteligente-que-compra-menos-por-impulso-y-mas-por-estrategia\/","url":"https:\/\/www.quebakan.com\/v15\/regreso-a-clases-el-consumidor-inteligente-que-compra-menos-por-impulso-y-mas-por-estrategia\/","name":"Regreso a clases: el consumidor inteligente que compra menos por impulso y m\u00e1s por estrategia &#8211; QUEBAKAN.COM 2026: Noticias, Eventos, Conciertos y mucho m\u00e1s....","isPartOf":{"@id":"https:\/\/www.quebakan.com\/v15\/#website"},"primaryImageOfPage":{"@id":"https:\/\/www.quebakan.com\/v15\/regreso-a-clases-el-consumidor-inteligente-que-compra-menos-por-impulso-y-mas-por-estrategia\/#primaryimage"},"image":{"@id":"https:\/\/www.quebakan.com\/v15\/regreso-a-clases-el-consumidor-inteligente-que-compra-menos-por-impulso-y-mas-por-estrategia\/#primaryimage"},"thumbnailUrl":"https:\/\/www.quebakan.com\/v15\/wp-content\/uploads\/2026\/04\/regreso-a-clases-1.jpg","datePublished":"2026-04-29T04:10:00+00:00","breadcrumb":{"@id":"https:\/\/www.quebakan.com\/v15\/regreso-a-clases-el-consumidor-inteligente-que-compra-menos-por-impulso-y-mas-por-estrategia\/#breadcrumb"},"inLanguage":"es","potentialAction":[{"@type":"ReadAction","target":["https:\/\/www.quebakan.com\/v15\/regreso-a-clases-el-consumidor-inteligente-que-compra-menos-por-impulso-y-mas-por-estrategia\/"]}]},{"@type":"ImageObject","inLanguage":"es","@id":"https:\/\/www.quebakan.com\/v15\/regreso-a-clases-el-consumidor-inteligente-que-compra-menos-por-impulso-y-mas-por-estrategia\/#primaryimage","url":"https:\/\/www.quebakan.com\/v15\/wp-content\/uploads\/2026\/04\/regreso-a-clases-1.jpg","contentUrl":"https:\/\/www.quebakan.com\/v15\/wp-content\/uploads\/2026\/04\/regreso-a-clases-1.jpg","width":525,"height":700},{"@type":"BreadcrumbList","@id":"https:\/\/www.quebakan.com\/v15\/regreso-a-clases-el-consumidor-inteligente-que-compra-menos-por-impulso-y-mas-por-estrategia\/#breadcrumb","itemListElement":[{"@type":"ListItem","position":1,"name":"Portada","item":"https:\/\/www.quebakan.com\/v15\/"},{"@type":"ListItem","position":2,"name":"Regreso a clases: el consumidor inteligente que compra menos por impulso y m\u00e1s por estrategia"}]},{"@type":"WebSite","@id":"https:\/\/www.quebakan.com\/v15\/#website","url":"https:\/\/www.quebakan.com\/v15\/","name":"QUEBAKAN","description":"..","publisher":{"@id":"https:\/\/www.quebakan.com\/v15\/#organization"},"potentialAction":[{"@type":"SearchAction","target":{"@type":"EntryPoint","urlTemplate":"https:\/\/www.quebakan.com\/v15\/?s={search_term_string}"},"query-input":{"@type":"PropertyValueSpecification","valueRequired":true,"valueName":"search_term_string"}}],"inLanguage":"es"},{"@type":"Organization","@id":"https:\/\/www.quebakan.com\/v15\/#organization","name":"Quebakan.com","url":"https:\/\/www.quebakan.com\/v15\/","logo":{"@type":"ImageObject","inLanguage":"es","@id":"https:\/\/www.quebakan.com\/v15\/#\/schema\/logo\/image\/","url":"https:\/\/www.quebakan.com\/v15\/wp-content\/uploads\/2023\/07\/logoquebakanenero2021.jpg","contentUrl":"https:\/\/www.quebakan.com\/v15\/wp-content\/uploads\/2023\/07\/logoquebakanenero2021.jpg","width":1920,"height":1080,"caption":"Quebakan.com"},"image":{"@id":"https:\/\/www.quebakan.com\/v15\/#\/schema\/logo\/image\/"},"sameAs":["http:\/\/www.facebook.com\/quebakan","https:\/\/x.com\/quebakanec","http:\/\/www.instagram.com\/quebakan","http:\/\/www.youtube.com\/quebakan1"]},{"@type":"Person","@id":"https:\/\/www.quebakan.com\/v15\/#\/schema\/person\/d90fa9f9cfa81eb8ace9811e5b7b9118","name":"Erick Villafuerte","image":{"@type":"ImageObject","inLanguage":"es","@id":"https:\/\/www.quebakan.com\/v15\/wp-content\/uploads\/avatars\/4\/1731297654-bpfull.png","url":"https:\/\/www.quebakan.com\/v15\/wp-content\/uploads\/avatars\/4\/1731297654-bpfull.png","contentUrl":"https:\/\/www.quebakan.com\/v15\/wp-content\/uploads\/avatars\/4\/1731297654-bpfull.png","caption":"Erick Villafuerte"}}]}},"_links":{"self":[{"href":"https:\/\/www.quebakan.com\/v15\/wp-json\/wp\/v2\/posts\/142051","targetHints":{"allow":["GET"]}}],"collection":[{"href":"https:\/\/www.quebakan.com\/v15\/wp-json\/wp\/v2\/posts"}],"about":[{"href":"https:\/\/www.quebakan.com\/v15\/wp-json\/wp\/v2\/types\/post"}],"author":[{"embeddable":true,"href":"https:\/\/www.quebakan.com\/v15\/wp-json\/wp\/v2\/users\/4"}],"replies":[{"embeddable":true,"href":"https:\/\/www.quebakan.com\/v15\/wp-json\/wp\/v2\/comments?post=142051"}],"version-history":[{"count":1,"href":"https:\/\/www.quebakan.com\/v15\/wp-json\/wp\/v2\/posts\/142051\/revisions"}],"predecessor-version":[{"id":142054,"href":"https:\/\/www.quebakan.com\/v15\/wp-json\/wp\/v2\/posts\/142051\/revisions\/142054"}],"wp:featuredmedia":[{"embeddable":true,"href":"https:\/\/www.quebakan.com\/v15\/wp-json\/wp\/v2\/media\/142052"}],"wp:attachment":[{"href":"https:\/\/www.quebakan.com\/v15\/wp-json\/wp\/v2\/media?parent=142051"}],"wp:term":[{"taxonomy":"category","embeddable":true,"href":"https:\/\/www.quebakan.com\/v15\/wp-json\/wp\/v2\/categories?post=142051"},{"taxonomy":"post_tag","embeddable":true,"href":"https:\/\/www.quebakan.com\/v15\/wp-json\/wp\/v2\/tags?post=142051"}],"curies":[{"name":"wp","href":"https:\/\/api.w.org\/{rel}","templated":true}]}}