{"id":142055,"date":"2026-04-28T23:58:49","date_gmt":"2026-04-29T04:58:49","guid":{"rendered":"https:\/\/www.quebakan.com\/v15\/?p=142055"},"modified":"2026-04-28T23:58:49","modified_gmt":"2026-04-29T04:58:49","slug":"sergio-sacoto-y-andres-cepeda-reinventan-el-clasico-dicen-un-encuentro-magistral-entre-ecuador-y-colombia","status":"publish","type":"post","link":"https:\/\/www.quebakan.com\/v15\/sergio-sacoto-y-andres-cepeda-reinventan-el-clasico-dicen-un-encuentro-magistral-entre-ecuador-y-colombia\/","title":{"rendered":"SERGIO SACOTO Y ANDR\u00c9S CEPEDA REINVENTAN EL CL\u00c1SICO \u201cDICEN\u201d: UN ENCUENTRO MAGISTRAL ENTRE ECUADOR Y COLOMBIA"},"content":{"rendered":"<p><img fetchpriority=\"high\" decoding=\"async\" class=\"aligncenter size-full wp-image-142056\" src=\"https:\/\/www.quebakan.com\/v15\/wp-content\/uploads\/2026\/04\/DICEN-SERGIO-SACOTO-FT.jpg\" alt=\"\" width=\"700\" height=\"700\" srcset=\"https:\/\/www.quebakan.com\/v15\/wp-content\/uploads\/2026\/04\/DICEN-SERGIO-SACOTO-FT.jpg 700w, https:\/\/www.quebakan.com\/v15\/wp-content\/uploads\/2026\/04\/DICEN-SERGIO-SACOTO-FT-300x300.jpg 300w, https:\/\/www.quebakan.com\/v15\/wp-content\/uploads\/2026\/04\/DICEN-SERGIO-SACOTO-FT-75x75.jpg 75w\" sizes=\"(max-width: 700px) 100vw, 700px\" \/><\/p>\n<p class=\"x_MsoNormal\" style=\"text-align: justify;\"><span style=\"color: #000000;\"><b>QUITO, ECUADOR\u00a0<\/b>\u2013 A 25 a\u00f1os de haberse convertido en un himno de la m\u00fasica latinoamericana, la emblem\u00e1tica canci\u00f3n\u00a0<b>\u201cDicen\u201d\u00a0<\/b>renace en una versi\u00f3n de estudio sin precedentes. Su autor y compositor, el reconocido artista ecuatoriano\u00a0<b>Sergio Sacoto<\/b>, une su voz a la del m\u00faltiple ganador del Latin Grammy,\u00a0<b>Andr\u00e9s Cepeda<\/b>, para entregar una interpretaci\u00f3n que rescata la esencia m\u00e1s pura del bolero.<\/span><\/p>\n<p class=\"x_MsoNormal\" style=\"text-align: justify;\"><span style=\"color: #000000;\">Desde su aparici\u00f3n en el a\u00f1o 2000 en la voz de la talentosa Pamela Cort\u00e9s, \u00abDicen\u00bb se consolid\u00f3 como uno de los temas m\u00e1s queridos y escuchados, trascendiendo fronteras y acumulando d\u00e9cadas de vigencia. Hoy, Sacoto decide celebrar este cuarto de siglo grabando, por primera vez, su propia versi\u00f3n de estudio, eligiendo para este hito a un compa\u00f1ero de excepci\u00f3n.<\/span><\/p>\n<p class=\"x_MsoNormal\" style=\"text-align: justify;\"><span style=\"color: #000000;\">\u00a0<i>\u00abAdmiro profundamente la creatividad y el talento de Andr\u00e9s. Su maestr\u00eda para interpretar el bolero es \u00fanica. Gracias a la amistad que forjamos compartiendo escenarios, supe que \u00e9l era la voz indicada para darle un valor especial a esta nueva vida de la canci\u00f3n\u00bb<\/i>, afirma Sergio Sacoto.<\/span><\/p>\n<p class=\"x_MsoNormal\" style=\"text-align: justify;\"><span style=\"color: #000000;\">\u00a0<b>Sonido de anta\u00f1o con alma de presente<\/b><\/span><\/p>\n<p class=\"x_MsoNormal\" style=\"text-align: justify;\"><span style=\"color: #000000;\">La producci\u00f3n de este sencillo estuvo a cargo del prestigioso productor cubano\u00a0<b>Carlos Taboada\u00a0<\/b>(director musical y productor de Cepeda), y cont\u00f3 con la participaci\u00f3n de destacados m\u00fasicos de sesi\u00f3n en Colombia. El resultado es una pieza que viaja al origen est\u00e9tico del g\u00e9nero: un bolero sofisticado, grabado con la calidez de lo an\u00e1logo pero con la frescura de la producci\u00f3n contempor\u00e1nea.<\/span><\/p>\n<p class=\"x_MsoNormal\" style=\"text-align: justify;\"><span style=\"color: #000000;\"><b>Un paso firme en la proyecci\u00f3n internacional<\/b><\/span><\/p>\n<p class=\"x_MsoNormal\" style=\"text-align: justify;\"><span style=\"color: #000000;\">Este lanzamiento no solo celebra la trayectoria de un cl\u00e1sico, sino que marca un paso estrat\u00e9gico en el desarrollo de la carrera internacional de Sergio Sacoto. Al colaborar con una figura de la talla de Andr\u00e9s Cepeda, Sacoto reafirma su posici\u00f3n como uno de los compositores y productores m\u00e1s prol\u00edficos y respetados de la regi\u00f3n.<\/span><\/p>\n<p class=\"x_MsoNormal\" style=\"text-align: justify;\"><span style=\"color: #000000;\">La suma de las virtudes interpretativas de ambos artistas logra una fusi\u00f3n que captura lo mejor del pasado y el presente, devolvi\u00e9ndole a la audiencia una obra que ya es parte de su memoria emocional, pero ahora con un brillo renovado. Con este lanzamiento, Sergio Sacoto reafirma el valor de la canci\u00f3n latinoamericana como puente cultural entre pa\u00edses, estilos y generaciones.<\/span><\/p>\n<p class=\"x_MsoNormal\" style=\"text-align: justify;\"><span style=\"color: #000000;\"><b>\u00abDicen\u00bb\u00a0<\/b>estar\u00e1 disponible en todas las plataformas digitales a partir del 30 de abril de 2026<\/span><\/p>\n<p class=\"x_MsoNormal\" style=\"text-align: justify;\"><span style=\"color: #000000;\">@sergiosacoto<\/span><\/p>\n<p class=\"x_MsoNormal\" style=\"text-align: justify;\"><span style=\"color: #000000;\">@andrescepeda<\/span><\/p>\n<p><img decoding=\"async\" class=\"aligncenter size-full wp-image-142057\" src=\"https:\/\/www.quebakan.com\/v15\/wp-content\/uploads\/2026\/04\/Sacoto-Cepeda-grabacion-Dicen.jpg\" alt=\"\" width=\"700\" height=\"467\" \/><\/p>\n<p>&nbsp;<\/p>\n<audio class=\"wp-audio-shortcode\" id=\"audio-142055-1\" preload=\"none\" style=\"width: 100%;\" controls=\"controls\"><source type=\"audio\/mpeg\" src=\"https:\/\/www.quebakan.com\/v15\/wp-content\/uploads\/2026\/04\/DICEN-SERGIO-SACOTO-FT.-ANDRES-CEPEDA.mp3?_=1\" \/><a href=\"https:\/\/www.quebakan.com\/v15\/wp-content\/uploads\/2026\/04\/DICEN-SERGIO-SACOTO-FT.-ANDRES-CEPEDA.mp3\">https:\/\/www.quebakan.com\/v15\/wp-content\/uploads\/2026\/04\/DICEN-SERGIO-SACOTO-FT.-ANDRES-CEPEDA.mp3<\/a><\/audio>\n","protected":false},"excerpt":{"rendered":"<p>QUITO, ECUADOR\u00a0\u2013 A 25 a\u00f1os de haberse convertido en un himno de la m\u00fasica latinoamericana, la emblem\u00e1tica canci\u00f3n\u00a0\u201cDicen\u201d\u00a0renace en una versi\u00f3n de estudio sin precedentes. Su autor y compositor, el reconocido artista ecuatoriano\u00a0Sergio Sacoto, une su voz a la del m\u00faltiple ganador del Latin Grammy,\u00a0Andr\u00e9s Cepeda, para entregar una interpretaci\u00f3n que rescata la esencia m\u00e1s [&hellip;]<\/p>\n","protected":false},"author":4,"featured_media":142057,"comment_status":"closed","ping_status":"closed","sticky":false,"template":"","format":"standard","meta":{"_bbp_topic_count":0,"_bbp_reply_count":0,"_bbp_total_topic_count":0,"_bbp_total_reply_count":0,"_bbp_voice_count":0,"_bbp_anonymous_reply_count":0,"_bbp_topic_count_hidden":0,"_bbp_reply_count_hidden":0,"_bbp_forum_subforum_count":0,"buzzeditor_post_format":"","footnotes":""},"categories":[2],"tags":[],"class_list":["post-142055","post","type-post","status-publish","format-standard","has-post-thumbnail","hentry","category-noticias"],"yoast_head":"<!-- This site is optimized with the Yoast SEO plugin v27.5 - https:\/\/yoast.com\/product\/yoast-seo-wordpress\/ -->\n<title>SERGIO SACOTO Y ANDR\u00c9S CEPEDA REINVENTAN EL CL\u00c1SICO \u201cDICEN\u201d: UN ENCUENTRO MAGISTRAL ENTRE ECUADOR Y COLOMBIA &#8211; QUEBAKAN.COM 2026: Noticias, Eventos, Conciertos y mucho m\u00e1s....<\/title>\n<meta name=\"robots\" content=\"index, follow, max-snippet:-1, max-image-preview:large, max-video-preview:-1\" \/>\n<link rel=\"canonical\" href=\"https:\/\/www.quebakan.com\/v15\/sergio-sacoto-y-andres-cepeda-reinventan-el-clasico-dicen-un-encuentro-magistral-entre-ecuador-y-colombia\/\" \/>\n<meta property=\"og:locale\" content=\"es_ES\" \/>\n<meta property=\"og:type\" content=\"article\" \/>\n<meta property=\"og:title\" content=\"SERGIO SACOTO Y ANDR\u00c9S CEPEDA REINVENTAN EL CL\u00c1SICO \u201cDICEN\u201d: UN ENCUENTRO MAGISTRAL ENTRE ECUADOR Y COLOMBIA &#8211; QUEBAKAN.COM 2026: Noticias, Eventos, Conciertos y mucho m\u00e1s....\" \/>\n<meta property=\"og:description\" content=\"QUITO, ECUADOR\u00a0\u2013 A 25 a\u00f1os de haberse convertido en un himno de la m\u00fasica latinoamericana, la emblem\u00e1tica canci\u00f3n\u00a0\u201cDicen\u201d\u00a0renace en una versi\u00f3n de estudio sin precedentes. Su autor y compositor, el reconocido artista ecuatoriano\u00a0Sergio Sacoto, une su voz a la del m\u00faltiple ganador del Latin Grammy,\u00a0Andr\u00e9s Cepeda, para entregar una interpretaci\u00f3n que rescata la esencia m\u00e1s [&hellip;]\" \/>\n<meta property=\"og:url\" content=\"https:\/\/www.quebakan.com\/v15\/sergio-sacoto-y-andres-cepeda-reinventan-el-clasico-dicen-un-encuentro-magistral-entre-ecuador-y-colombia\/\" \/>\n<meta property=\"og:site_name\" content=\"QUEBAKAN.COM 2026: Noticias, Eventos, Conciertos y mucho m\u00e1s....\" \/>\n<meta property=\"article:publisher\" content=\"http:\/\/www.facebook.com\/quebakan\" \/>\n<meta property=\"article:published_time\" content=\"2026-04-29T04:58:49+00:00\" \/>\n<meta property=\"og:image\" content=\"https:\/\/www.quebakan.com\/v15\/wp-content\/uploads\/2026\/04\/Sacoto-Cepeda-grabacion-Dicen.jpg\" \/>\n\t<meta property=\"og:image:width\" content=\"700\" \/>\n\t<meta property=\"og:image:height\" content=\"467\" \/>\n\t<meta property=\"og:image:type\" content=\"image\/jpeg\" \/>\n<meta name=\"author\" content=\"Erick Villafuerte\" \/>\n<meta name=\"twitter:card\" content=\"summary_large_image\" \/>\n<meta name=\"twitter:creator\" content=\"@quebakanec\" \/>\n<meta name=\"twitter:site\" content=\"@quebakanec\" \/>\n<meta name=\"twitter:label1\" content=\"Escrito por\" \/>\n\t<meta name=\"twitter:data1\" content=\"Erick Villafuerte\" \/>\n\t<meta name=\"twitter:label2\" content=\"Tiempo de lectura\" \/>\n\t<meta name=\"twitter:data2\" content=\"3 minutos\" \/>\n<script type=\"application\/ld+json\" class=\"yoast-schema-graph\">{\"@context\":\"https:\\\/\\\/schema.org\",\"@graph\":[{\"@type\":\"Article\",\"@id\":\"https:\\\/\\\/www.quebakan.com\\\/v15\\\/sergio-sacoto-y-andres-cepeda-reinventan-el-clasico-dicen-un-encuentro-magistral-entre-ecuador-y-colombia\\\/#article\",\"isPartOf\":{\"@id\":\"https:\\\/\\\/www.quebakan.com\\\/v15\\\/sergio-sacoto-y-andres-cepeda-reinventan-el-clasico-dicen-un-encuentro-magistral-entre-ecuador-y-colombia\\\/\"},\"author\":{\"name\":\"Erick Villafuerte\",\"@id\":\"https:\\\/\\\/www.quebakan.com\\\/v15\\\/#\\\/schema\\\/person\\\/d90fa9f9cfa81eb8ace9811e5b7b9118\"},\"headline\":\"SERGIO SACOTO Y ANDR\u00c9S CEPEDA REINVENTAN EL CL\u00c1SICO \u201cDICEN\u201d: UN ENCUENTRO MAGISTRAL ENTRE ECUADOR Y COLOMBIA\",\"datePublished\":\"2026-04-29T04:58:49+00:00\",\"mainEntityOfPage\":{\"@id\":\"https:\\\/\\\/www.quebakan.com\\\/v15\\\/sergio-sacoto-y-andres-cepeda-reinventan-el-clasico-dicen-un-encuentro-magistral-entre-ecuador-y-colombia\\\/\"},\"wordCount\":449,\"publisher\":{\"@id\":\"https:\\\/\\\/www.quebakan.com\\\/v15\\\/#organization\"},\"image\":{\"@id\":\"https:\\\/\\\/www.quebakan.com\\\/v15\\\/sergio-sacoto-y-andres-cepeda-reinventan-el-clasico-dicen-un-encuentro-magistral-entre-ecuador-y-colombia\\\/#primaryimage\"},\"thumbnailUrl\":\"https:\\\/\\\/www.quebakan.com\\\/v15\\\/wp-content\\\/uploads\\\/2026\\\/04\\\/Sacoto-Cepeda-grabacion-Dicen.jpg\",\"articleSection\":[\"Noticias\"],\"inLanguage\":\"es\"},{\"@type\":\"WebPage\",\"@id\":\"https:\\\/\\\/www.quebakan.com\\\/v15\\\/sergio-sacoto-y-andres-cepeda-reinventan-el-clasico-dicen-un-encuentro-magistral-entre-ecuador-y-colombia\\\/\",\"url\":\"https:\\\/\\\/www.quebakan.com\\\/v15\\\/sergio-sacoto-y-andres-cepeda-reinventan-el-clasico-dicen-un-encuentro-magistral-entre-ecuador-y-colombia\\\/\",\"name\":\"SERGIO SACOTO Y ANDR\u00c9S CEPEDA REINVENTAN EL CL\u00c1SICO \u201cDICEN\u201d: UN ENCUENTRO MAGISTRAL ENTRE ECUADOR Y COLOMBIA &#8211; QUEBAKAN.COM 2026: Noticias, Eventos, Conciertos y mucho m\u00e1s....\",\"isPartOf\":{\"@id\":\"https:\\\/\\\/www.quebakan.com\\\/v15\\\/#website\"},\"primaryImageOfPage\":{\"@id\":\"https:\\\/\\\/www.quebakan.com\\\/v15\\\/sergio-sacoto-y-andres-cepeda-reinventan-el-clasico-dicen-un-encuentro-magistral-entre-ecuador-y-colombia\\\/#primaryimage\"},\"image\":{\"@id\":\"https:\\\/\\\/www.quebakan.com\\\/v15\\\/sergio-sacoto-y-andres-cepeda-reinventan-el-clasico-dicen-un-encuentro-magistral-entre-ecuador-y-colombia\\\/#primaryimage\"},\"thumbnailUrl\":\"https:\\\/\\\/www.quebakan.com\\\/v15\\\/wp-content\\\/uploads\\\/2026\\\/04\\\/Sacoto-Cepeda-grabacion-Dicen.jpg\",\"datePublished\":\"2026-04-29T04:58:49+00:00\",\"breadcrumb\":{\"@id\":\"https:\\\/\\\/www.quebakan.com\\\/v15\\\/sergio-sacoto-y-andres-cepeda-reinventan-el-clasico-dicen-un-encuentro-magistral-entre-ecuador-y-colombia\\\/#breadcrumb\"},\"inLanguage\":\"es\",\"potentialAction\":[{\"@type\":\"ReadAction\",\"target\":[\"https:\\\/\\\/www.quebakan.com\\\/v15\\\/sergio-sacoto-y-andres-cepeda-reinventan-el-clasico-dicen-un-encuentro-magistral-entre-ecuador-y-colombia\\\/\"]}]},{\"@type\":\"ImageObject\",\"inLanguage\":\"es\",\"@id\":\"https:\\\/\\\/www.quebakan.com\\\/v15\\\/sergio-sacoto-y-andres-cepeda-reinventan-el-clasico-dicen-un-encuentro-magistral-entre-ecuador-y-colombia\\\/#primaryimage\",\"url\":\"https:\\\/\\\/www.quebakan.com\\\/v15\\\/wp-content\\\/uploads\\\/2026\\\/04\\\/Sacoto-Cepeda-grabacion-Dicen.jpg\",\"contentUrl\":\"https:\\\/\\\/www.quebakan.com\\\/v15\\\/wp-content\\\/uploads\\\/2026\\\/04\\\/Sacoto-Cepeda-grabacion-Dicen.jpg\",\"width\":700,\"height\":467},{\"@type\":\"BreadcrumbList\",\"@id\":\"https:\\\/\\\/www.quebakan.com\\\/v15\\\/sergio-sacoto-y-andres-cepeda-reinventan-el-clasico-dicen-un-encuentro-magistral-entre-ecuador-y-colombia\\\/#breadcrumb\",\"itemListElement\":[{\"@type\":\"ListItem\",\"position\":1,\"name\":\"Portada\",\"item\":\"https:\\\/\\\/www.quebakan.com\\\/v15\\\/\"},{\"@type\":\"ListItem\",\"position\":2,\"name\":\"SERGIO SACOTO Y ANDR\u00c9S CEPEDA REINVENTAN EL CL\u00c1SICO \u201cDICEN\u201d: UN ENCUENTRO MAGISTRAL ENTRE ECUADOR Y COLOMBIA\"}]},{\"@type\":\"WebSite\",\"@id\":\"https:\\\/\\\/www.quebakan.com\\\/v15\\\/#website\",\"url\":\"https:\\\/\\\/www.quebakan.com\\\/v15\\\/\",\"name\":\"QUEBAKAN\",\"description\":\"..\",\"publisher\":{\"@id\":\"https:\\\/\\\/www.quebakan.com\\\/v15\\\/#organization\"},\"potentialAction\":[{\"@type\":\"SearchAction\",\"target\":{\"@type\":\"EntryPoint\",\"urlTemplate\":\"https:\\\/\\\/www.quebakan.com\\\/v15\\\/?s={search_term_string}\"},\"query-input\":{\"@type\":\"PropertyValueSpecification\",\"valueRequired\":true,\"valueName\":\"search_term_string\"}}],\"inLanguage\":\"es\"},{\"@type\":\"Organization\",\"@id\":\"https:\\\/\\\/www.quebakan.com\\\/v15\\\/#organization\",\"name\":\"Quebakan.com\",\"url\":\"https:\\\/\\\/www.quebakan.com\\\/v15\\\/\",\"logo\":{\"@type\":\"ImageObject\",\"inLanguage\":\"es\",\"@id\":\"https:\\\/\\\/www.quebakan.com\\\/v15\\\/#\\\/schema\\\/logo\\\/image\\\/\",\"url\":\"https:\\\/\\\/www.quebakan.com\\\/v15\\\/wp-content\\\/uploads\\\/2023\\\/07\\\/logoquebakanenero2021.jpg\",\"contentUrl\":\"https:\\\/\\\/www.quebakan.com\\\/v15\\\/wp-content\\\/uploads\\\/2023\\\/07\\\/logoquebakanenero2021.jpg\",\"width\":1920,\"height\":1080,\"caption\":\"Quebakan.com\"},\"image\":{\"@id\":\"https:\\\/\\\/www.quebakan.com\\\/v15\\\/#\\\/schema\\\/logo\\\/image\\\/\"},\"sameAs\":[\"http:\\\/\\\/www.facebook.com\\\/quebakan\",\"https:\\\/\\\/x.com\\\/quebakanec\",\"http:\\\/\\\/www.instagram.com\\\/quebakan\",\"http:\\\/\\\/www.youtube.com\\\/quebakan1\"]},{\"@type\":\"Person\",\"@id\":\"https:\\\/\\\/www.quebakan.com\\\/v15\\\/#\\\/schema\\\/person\\\/d90fa9f9cfa81eb8ace9811e5b7b9118\",\"name\":\"Erick Villafuerte\",\"image\":{\"@type\":\"ImageObject\",\"inLanguage\":\"es\",\"@id\":\"https:\\\/\\\/www.quebakan.com\\\/v15\\\/wp-content\\\/uploads\\\/avatars\\\/4\\\/1731297654-bpfull.png\",\"url\":\"https:\\\/\\\/www.quebakan.com\\\/v15\\\/wp-content\\\/uploads\\\/avatars\\\/4\\\/1731297654-bpfull.png\",\"contentUrl\":\"https:\\\/\\\/www.quebakan.com\\\/v15\\\/wp-content\\\/uploads\\\/avatars\\\/4\\\/1731297654-bpfull.png\",\"caption\":\"Erick Villafuerte\"}}]}<\/script>\n<!-- \/ Yoast SEO plugin. -->","yoast_head_json":{"title":"SERGIO SACOTO Y ANDR\u00c9S CEPEDA REINVENTAN EL CL\u00c1SICO \u201cDICEN\u201d: UN ENCUENTRO MAGISTRAL ENTRE ECUADOR Y COLOMBIA &#8211; QUEBAKAN.COM 2026: Noticias, Eventos, Conciertos y mucho m\u00e1s....","robots":{"index":"index","follow":"follow","max-snippet":"max-snippet:-1","max-image-preview":"max-image-preview:large","max-video-preview":"max-video-preview:-1"},"canonical":"https:\/\/www.quebakan.com\/v15\/sergio-sacoto-y-andres-cepeda-reinventan-el-clasico-dicen-un-encuentro-magistral-entre-ecuador-y-colombia\/","og_locale":"es_ES","og_type":"article","og_title":"SERGIO SACOTO Y ANDR\u00c9S CEPEDA REINVENTAN EL CL\u00c1SICO \u201cDICEN\u201d: UN ENCUENTRO MAGISTRAL ENTRE ECUADOR Y COLOMBIA &#8211; QUEBAKAN.COM 2026: Noticias, Eventos, Conciertos y mucho m\u00e1s....","og_description":"QUITO, ECUADOR\u00a0\u2013 A 25 a\u00f1os de haberse convertido en un himno de la m\u00fasica latinoamericana, la emblem\u00e1tica canci\u00f3n\u00a0\u201cDicen\u201d\u00a0renace en una versi\u00f3n de estudio sin precedentes. Su autor y compositor, el reconocido artista ecuatoriano\u00a0Sergio Sacoto, une su voz a la del m\u00faltiple ganador del Latin Grammy,\u00a0Andr\u00e9s Cepeda, para entregar una interpretaci\u00f3n que rescata la esencia m\u00e1s [&hellip;]","og_url":"https:\/\/www.quebakan.com\/v15\/sergio-sacoto-y-andres-cepeda-reinventan-el-clasico-dicen-un-encuentro-magistral-entre-ecuador-y-colombia\/","og_site_name":"QUEBAKAN.COM 2026: Noticias, Eventos, Conciertos y mucho m\u00e1s....","article_publisher":"http:\/\/www.facebook.com\/quebakan","article_published_time":"2026-04-29T04:58:49+00:00","og_image":[{"width":700,"height":467,"url":"https:\/\/www.quebakan.com\/v15\/wp-content\/uploads\/2026\/04\/Sacoto-Cepeda-grabacion-Dicen.jpg","type":"image\/jpeg"}],"author":"Erick Villafuerte","twitter_card":"summary_large_image","twitter_creator":"@quebakanec","twitter_site":"@quebakanec","twitter_misc":{"Escrito por":"Erick Villafuerte","Tiempo de lectura":"3 minutos"},"schema":{"@context":"https:\/\/schema.org","@graph":[{"@type":"Article","@id":"https:\/\/www.quebakan.com\/v15\/sergio-sacoto-y-andres-cepeda-reinventan-el-clasico-dicen-un-encuentro-magistral-entre-ecuador-y-colombia\/#article","isPartOf":{"@id":"https:\/\/www.quebakan.com\/v15\/sergio-sacoto-y-andres-cepeda-reinventan-el-clasico-dicen-un-encuentro-magistral-entre-ecuador-y-colombia\/"},"author":{"name":"Erick Villafuerte","@id":"https:\/\/www.quebakan.com\/v15\/#\/schema\/person\/d90fa9f9cfa81eb8ace9811e5b7b9118"},"headline":"SERGIO SACOTO Y ANDR\u00c9S CEPEDA REINVENTAN EL CL\u00c1SICO \u201cDICEN\u201d: UN ENCUENTRO MAGISTRAL ENTRE ECUADOR Y COLOMBIA","datePublished":"2026-04-29T04:58:49+00:00","mainEntityOfPage":{"@id":"https:\/\/www.quebakan.com\/v15\/sergio-sacoto-y-andres-cepeda-reinventan-el-clasico-dicen-un-encuentro-magistral-entre-ecuador-y-colombia\/"},"wordCount":449,"publisher":{"@id":"https:\/\/www.quebakan.com\/v15\/#organization"},"image":{"@id":"https:\/\/www.quebakan.com\/v15\/sergio-sacoto-y-andres-cepeda-reinventan-el-clasico-dicen-un-encuentro-magistral-entre-ecuador-y-colombia\/#primaryimage"},"thumbnailUrl":"https:\/\/www.quebakan.com\/v15\/wp-content\/uploads\/2026\/04\/Sacoto-Cepeda-grabacion-Dicen.jpg","articleSection":["Noticias"],"inLanguage":"es"},{"@type":"WebPage","@id":"https:\/\/www.quebakan.com\/v15\/sergio-sacoto-y-andres-cepeda-reinventan-el-clasico-dicen-un-encuentro-magistral-entre-ecuador-y-colombia\/","url":"https:\/\/www.quebakan.com\/v15\/sergio-sacoto-y-andres-cepeda-reinventan-el-clasico-dicen-un-encuentro-magistral-entre-ecuador-y-colombia\/","name":"SERGIO SACOTO Y ANDR\u00c9S CEPEDA REINVENTAN EL CL\u00c1SICO \u201cDICEN\u201d: UN ENCUENTRO MAGISTRAL ENTRE ECUADOR Y COLOMBIA &#8211; QUEBAKAN.COM 2026: Noticias, Eventos, Conciertos y mucho m\u00e1s....","isPartOf":{"@id":"https:\/\/www.quebakan.com\/v15\/#website"},"primaryImageOfPage":{"@id":"https:\/\/www.quebakan.com\/v15\/sergio-sacoto-y-andres-cepeda-reinventan-el-clasico-dicen-un-encuentro-magistral-entre-ecuador-y-colombia\/#primaryimage"},"image":{"@id":"https:\/\/www.quebakan.com\/v15\/sergio-sacoto-y-andres-cepeda-reinventan-el-clasico-dicen-un-encuentro-magistral-entre-ecuador-y-colombia\/#primaryimage"},"thumbnailUrl":"https:\/\/www.quebakan.com\/v15\/wp-content\/uploads\/2026\/04\/Sacoto-Cepeda-grabacion-Dicen.jpg","datePublished":"2026-04-29T04:58:49+00:00","breadcrumb":{"@id":"https:\/\/www.quebakan.com\/v15\/sergio-sacoto-y-andres-cepeda-reinventan-el-clasico-dicen-un-encuentro-magistral-entre-ecuador-y-colombia\/#breadcrumb"},"inLanguage":"es","potentialAction":[{"@type":"ReadAction","target":["https:\/\/www.quebakan.com\/v15\/sergio-sacoto-y-andres-cepeda-reinventan-el-clasico-dicen-un-encuentro-magistral-entre-ecuador-y-colombia\/"]}]},{"@type":"ImageObject","inLanguage":"es","@id":"https:\/\/www.quebakan.com\/v15\/sergio-sacoto-y-andres-cepeda-reinventan-el-clasico-dicen-un-encuentro-magistral-entre-ecuador-y-colombia\/#primaryimage","url":"https:\/\/www.quebakan.com\/v15\/wp-content\/uploads\/2026\/04\/Sacoto-Cepeda-grabacion-Dicen.jpg","contentUrl":"https:\/\/www.quebakan.com\/v15\/wp-content\/uploads\/2026\/04\/Sacoto-Cepeda-grabacion-Dicen.jpg","width":700,"height":467},{"@type":"BreadcrumbList","@id":"https:\/\/www.quebakan.com\/v15\/sergio-sacoto-y-andres-cepeda-reinventan-el-clasico-dicen-un-encuentro-magistral-entre-ecuador-y-colombia\/#breadcrumb","itemListElement":[{"@type":"ListItem","position":1,"name":"Portada","item":"https:\/\/www.quebakan.com\/v15\/"},{"@type":"ListItem","position":2,"name":"SERGIO SACOTO Y ANDR\u00c9S CEPEDA REINVENTAN EL CL\u00c1SICO \u201cDICEN\u201d: UN ENCUENTRO MAGISTRAL ENTRE ECUADOR Y COLOMBIA"}]},{"@type":"WebSite","@id":"https:\/\/www.quebakan.com\/v15\/#website","url":"https:\/\/www.quebakan.com\/v15\/","name":"QUEBAKAN","description":"..","publisher":{"@id":"https:\/\/www.quebakan.com\/v15\/#organization"},"potentialAction":[{"@type":"SearchAction","target":{"@type":"EntryPoint","urlTemplate":"https:\/\/www.quebakan.com\/v15\/?s={search_term_string}"},"query-input":{"@type":"PropertyValueSpecification","valueRequired":true,"valueName":"search_term_string"}}],"inLanguage":"es"},{"@type":"Organization","@id":"https:\/\/www.quebakan.com\/v15\/#organization","name":"Quebakan.com","url":"https:\/\/www.quebakan.com\/v15\/","logo":{"@type":"ImageObject","inLanguage":"es","@id":"https:\/\/www.quebakan.com\/v15\/#\/schema\/logo\/image\/","url":"https:\/\/www.quebakan.com\/v15\/wp-content\/uploads\/2023\/07\/logoquebakanenero2021.jpg","contentUrl":"https:\/\/www.quebakan.com\/v15\/wp-content\/uploads\/2023\/07\/logoquebakanenero2021.jpg","width":1920,"height":1080,"caption":"Quebakan.com"},"image":{"@id":"https:\/\/www.quebakan.com\/v15\/#\/schema\/logo\/image\/"},"sameAs":["http:\/\/www.facebook.com\/quebakan","https:\/\/x.com\/quebakanec","http:\/\/www.instagram.com\/quebakan","http:\/\/www.youtube.com\/quebakan1"]},{"@type":"Person","@id":"https:\/\/www.quebakan.com\/v15\/#\/schema\/person\/d90fa9f9cfa81eb8ace9811e5b7b9118","name":"Erick Villafuerte","image":{"@type":"ImageObject","inLanguage":"es","@id":"https:\/\/www.quebakan.com\/v15\/wp-content\/uploads\/avatars\/4\/1731297654-bpfull.png","url":"https:\/\/www.quebakan.com\/v15\/wp-content\/uploads\/avatars\/4\/1731297654-bpfull.png","contentUrl":"https:\/\/www.quebakan.com\/v15\/wp-content\/uploads\/avatars\/4\/1731297654-bpfull.png","caption":"Erick Villafuerte"}}]}},"_links":{"self":[{"href":"https:\/\/www.quebakan.com\/v15\/wp-json\/wp\/v2\/posts\/142055","targetHints":{"allow":["GET"]}}],"collection":[{"href":"https:\/\/www.quebakan.com\/v15\/wp-json\/wp\/v2\/posts"}],"about":[{"href":"https:\/\/www.quebakan.com\/v15\/wp-json\/wp\/v2\/types\/post"}],"author":[{"embeddable":true,"href":"https:\/\/www.quebakan.com\/v15\/wp-json\/wp\/v2\/users\/4"}],"replies":[{"embeddable":true,"href":"https:\/\/www.quebakan.com\/v15\/wp-json\/wp\/v2\/comments?post=142055"}],"version-history":[{"count":1,"href":"https:\/\/www.quebakan.com\/v15\/wp-json\/wp\/v2\/posts\/142055\/revisions"}],"predecessor-version":[{"id":142059,"href":"https:\/\/www.quebakan.com\/v15\/wp-json\/wp\/v2\/posts\/142055\/revisions\/142059"}],"wp:featuredmedia":[{"embeddable":true,"href":"https:\/\/www.quebakan.com\/v15\/wp-json\/wp\/v2\/media\/142057"}],"wp:attachment":[{"href":"https:\/\/www.quebakan.com\/v15\/wp-json\/wp\/v2\/media?parent=142055"}],"wp:term":[{"taxonomy":"category","embeddable":true,"href":"https:\/\/www.quebakan.com\/v15\/wp-json\/wp\/v2\/categories?post=142055"},{"taxonomy":"post_tag","embeddable":true,"href":"https:\/\/www.quebakan.com\/v15\/wp-json\/wp\/v2\/tags?post=142055"}],"curies":[{"name":"wp","href":"https:\/\/api.w.org\/{rel}","templated":true}]}}