{"id":142067,"date":"2026-04-29T10:51:38","date_gmt":"2026-04-29T15:51:38","guid":{"rendered":"https:\/\/www.quebakan.com\/v15\/?p=142067"},"modified":"2026-04-29T10:51:38","modified_gmt":"2026-04-29T15:51:38","slug":"wwe-abre-la-venta-de-entradas-para-su-esperado-regreso-a-ecuador","status":"publish","type":"post","link":"https:\/\/www.quebakan.com\/v15\/wwe-abre-la-venta-de-entradas-para-su-esperado-regreso-a-ecuador\/","title":{"rendered":"WWE abre la venta de entradas para su esperado regreso a Ecuador"},"content":{"rendered":"<p><img fetchpriority=\"high\" decoding=\"async\" class=\"aligncenter size-full wp-image-142068\" src=\"https:\/\/www.quebakan.com\/v15\/wp-content\/uploads\/2026\/04\/WWE-SOUTH-AMERICA.jpg\" alt=\"\" width=\"700\" height=\"394\" \/><\/p>\n<p style=\"text-align: center;\"><span style=\"color: #000000;\"><em>La preventa estar\u00e1 disponible del 4 al 6 de mayo en buenplan.com.ec<\/em><\/span><\/p>\n<p style=\"text-align: justify;\"><span style=\"color: #000000;\"><strong>Quito, abril de 2026. \u2013<\/strong> La WWE inicia oficialmente la preventa de entradas para su esperado regreso a Ecuador, como parte del <em>South America Live Tour 2026<\/em>, marcando el inicio de una de las experiencias de entretenimiento m\u00e1s esperadas del a\u00f1o en el pa\u00eds.<\/span><\/p>\n<p style=\"text-align: justify;\"><span style=\"color: #000000;\">El evento tendr\u00e1 lugar el mi\u00e9rcoles 9 de septiembre en el Coliseo General Rumi\u00f1ahui, en Quito, bajo un formato 360 que permitir\u00e1 vivir el espect\u00e1culo desde todos los \u00e1ngulos, con la energ\u00eda y puesta en escena que caracteriza a la WWE a nivel global.<\/span><\/p>\n<p style=\"text-align: justify;\"><span style=\"color: #000000;\">La preventa de boletos estar\u00e1 habilitada del 4 al 6 de mayo. Posteriormente, la venta general se abrir\u00e1 desde el 7 de mayo para todo el p\u00fablico. Las entradas podr\u00e1n adquirirse a trav\u00e9s de buenplan.com.ec.<\/span><\/p>\n<p style=\"text-align: justify;\"><span style=\"color: #000000;\">La inclusi\u00f3n de Quito dentro del <em>South America Live Tour 2026<\/em>, que tambi\u00e9n llegar\u00e1 a Bogot\u00e1, Buenos Aires y Santiago, posiciona a Ecuador dentro del circuito regional de grandes espect\u00e1culos en vivo. Esta parada refuerza el atractivo de la capital como destino para eventos internacionales de entretenimiento y conecta al pa\u00eds con una gira de alto impacto para la regi\u00f3n.<\/span><\/p>\n<p style=\"text-align: justify;\"><span style=\"color: #000000;\">Los fans interesados en acceder a una oportunidad de preventa exclusiva para la gira pueden registrarse en el sitio oficial: <a style=\"color: #000000;\" href=\"http:\/\/wwe.com\/south-american-tour\">http:\/\/wwe.com\/south-american-tour<\/a>.<\/span><\/p>\n<p style=\"text-align: justify;\"><span style=\"color: #000000;\">Adem\u00e1s, los asistentes podr\u00e1n ver en acci\u00f3n a algunas de las superestrellas m\u00e1s destacadas de la WWE, entre ellas Stephanie Vaquer, Penta, Seth \u201cFreakin\u201d Rollins, The Usos, Becky Lynch, \u201cOriginal\u201d El Grande Americano, GUNTHER, Oba Femi, y muchas m\u00e1s.<\/span><\/p>\n<p style=\"text-align: justify;\"><span style=\"color: #000000;\">Con la apertura de la venta de entradas, el p\u00fablico podr\u00e1 asegurar su lugar para vivir una experiencia en vivo que combinar\u00e1 entretenimiento, historias que se desarrollan en el ring y la intensidad caracter\u00edstica de la WWE.<\/span><\/p>\n","protected":false},"excerpt":{"rendered":"<p>La preventa estar\u00e1 disponible del 4 al 6 de mayo en buenplan.com.ec Quito, abril de 2026. \u2013 La WWE inicia oficialmente la preventa de entradas para su esperado regreso a Ecuador, como parte del South America Live Tour 2026, marcando el inicio de una de las experiencias de entretenimiento m\u00e1s esperadas del a\u00f1o en el [&hellip;]<\/p>\n","protected":false},"author":4,"featured_media":142068,"comment_status":"closed","ping_status":"closed","sticky":false,"template":"","format":"standard","meta":{"_bbp_topic_count":0,"_bbp_reply_count":0,"_bbp_total_topic_count":0,"_bbp_total_reply_count":0,"_bbp_voice_count":0,"_bbp_anonymous_reply_count":0,"_bbp_topic_count_hidden":0,"_bbp_reply_count_hidden":0,"_bbp_forum_subforum_count":0,"buzzeditor_post_format":"","footnotes":""},"categories":[2],"tags":[],"class_list":["post-142067","post","type-post","status-publish","format-standard","has-post-thumbnail","hentry","category-noticias"],"yoast_head":"<!-- This site is optimized with the Yoast SEO plugin v27.5 - https:\/\/yoast.com\/product\/yoast-seo-wordpress\/ -->\n<title>WWE abre la venta de entradas para su esperado regreso a Ecuador &#8211; QUEBAKAN.COM 2026: Noticias, Eventos, Conciertos y mucho m\u00e1s....<\/title>\n<meta name=\"robots\" content=\"index, follow, max-snippet:-1, max-image-preview:large, max-video-preview:-1\" \/>\n<link rel=\"canonical\" href=\"https:\/\/www.quebakan.com\/v15\/wwe-abre-la-venta-de-entradas-para-su-esperado-regreso-a-ecuador\/\" \/>\n<meta property=\"og:locale\" content=\"es_ES\" \/>\n<meta property=\"og:type\" content=\"article\" \/>\n<meta property=\"og:title\" content=\"WWE abre la venta de entradas para su esperado regreso a Ecuador &#8211; QUEBAKAN.COM 2026: Noticias, Eventos, Conciertos y mucho m\u00e1s....\" \/>\n<meta property=\"og:description\" content=\"La preventa estar\u00e1 disponible del 4 al 6 de mayo en buenplan.com.ec Quito, abril de 2026. \u2013 La WWE inicia oficialmente la preventa de entradas para su esperado regreso a Ecuador, como parte del South America Live Tour 2026, marcando el inicio de una de las experiencias de entretenimiento m\u00e1s esperadas del a\u00f1o en el [&hellip;]\" \/>\n<meta property=\"og:url\" content=\"https:\/\/www.quebakan.com\/v15\/wwe-abre-la-venta-de-entradas-para-su-esperado-regreso-a-ecuador\/\" \/>\n<meta property=\"og:site_name\" content=\"QUEBAKAN.COM 2026: Noticias, Eventos, Conciertos y mucho m\u00e1s....\" \/>\n<meta property=\"article:publisher\" content=\"http:\/\/www.facebook.com\/quebakan\" \/>\n<meta property=\"article:published_time\" content=\"2026-04-29T15:51:38+00:00\" \/>\n<meta property=\"og:image\" content=\"https:\/\/www.quebakan.com\/v15\/wp-content\/uploads\/2026\/04\/WWE-SOUTH-AMERICA.jpg\" \/>\n\t<meta property=\"og:image:width\" content=\"700\" \/>\n\t<meta property=\"og:image:height\" content=\"394\" \/>\n\t<meta property=\"og:image:type\" content=\"image\/jpeg\" \/>\n<meta name=\"author\" content=\"Erick Villafuerte\" \/>\n<meta name=\"twitter:card\" content=\"summary_large_image\" \/>\n<meta name=\"twitter:creator\" content=\"@quebakanec\" \/>\n<meta name=\"twitter:site\" content=\"@quebakanec\" \/>\n<meta name=\"twitter:label1\" content=\"Escrito por\" \/>\n\t<meta name=\"twitter:data1\" content=\"Erick Villafuerte\" \/>\n\t<meta name=\"twitter:label2\" content=\"Tiempo de lectura\" \/>\n\t<meta name=\"twitter:data2\" content=\"2 minutos\" \/>\n<script type=\"application\/ld+json\" class=\"yoast-schema-graph\">{\"@context\":\"https:\\\/\\\/schema.org\",\"@graph\":[{\"@type\":\"Article\",\"@id\":\"https:\\\/\\\/www.quebakan.com\\\/v15\\\/wwe-abre-la-venta-de-entradas-para-su-esperado-regreso-a-ecuador\\\/#article\",\"isPartOf\":{\"@id\":\"https:\\\/\\\/www.quebakan.com\\\/v15\\\/wwe-abre-la-venta-de-entradas-para-su-esperado-regreso-a-ecuador\\\/\"},\"author\":{\"name\":\"Erick Villafuerte\",\"@id\":\"https:\\\/\\\/www.quebakan.com\\\/v15\\\/#\\\/schema\\\/person\\\/d90fa9f9cfa81eb8ace9811e5b7b9118\"},\"headline\":\"WWE abre la venta de entradas para su esperado regreso a Ecuador\",\"datePublished\":\"2026-04-29T15:51:38+00:00\",\"mainEntityOfPage\":{\"@id\":\"https:\\\/\\\/www.quebakan.com\\\/v15\\\/wwe-abre-la-venta-de-entradas-para-su-esperado-regreso-a-ecuador\\\/\"},\"wordCount\":322,\"publisher\":{\"@id\":\"https:\\\/\\\/www.quebakan.com\\\/v15\\\/#organization\"},\"image\":{\"@id\":\"https:\\\/\\\/www.quebakan.com\\\/v15\\\/wwe-abre-la-venta-de-entradas-para-su-esperado-regreso-a-ecuador\\\/#primaryimage\"},\"thumbnailUrl\":\"https:\\\/\\\/www.quebakan.com\\\/v15\\\/wp-content\\\/uploads\\\/2026\\\/04\\\/WWE-SOUTH-AMERICA.jpg\",\"articleSection\":[\"Noticias\"],\"inLanguage\":\"es\"},{\"@type\":\"WebPage\",\"@id\":\"https:\\\/\\\/www.quebakan.com\\\/v15\\\/wwe-abre-la-venta-de-entradas-para-su-esperado-regreso-a-ecuador\\\/\",\"url\":\"https:\\\/\\\/www.quebakan.com\\\/v15\\\/wwe-abre-la-venta-de-entradas-para-su-esperado-regreso-a-ecuador\\\/\",\"name\":\"WWE abre la venta de entradas para su esperado regreso a Ecuador &#8211; QUEBAKAN.COM 2026: Noticias, Eventos, Conciertos y mucho m\u00e1s....\",\"isPartOf\":{\"@id\":\"https:\\\/\\\/www.quebakan.com\\\/v15\\\/#website\"},\"primaryImageOfPage\":{\"@id\":\"https:\\\/\\\/www.quebakan.com\\\/v15\\\/wwe-abre-la-venta-de-entradas-para-su-esperado-regreso-a-ecuador\\\/#primaryimage\"},\"image\":{\"@id\":\"https:\\\/\\\/www.quebakan.com\\\/v15\\\/wwe-abre-la-venta-de-entradas-para-su-esperado-regreso-a-ecuador\\\/#primaryimage\"},\"thumbnailUrl\":\"https:\\\/\\\/www.quebakan.com\\\/v15\\\/wp-content\\\/uploads\\\/2026\\\/04\\\/WWE-SOUTH-AMERICA.jpg\",\"datePublished\":\"2026-04-29T15:51:38+00:00\",\"breadcrumb\":{\"@id\":\"https:\\\/\\\/www.quebakan.com\\\/v15\\\/wwe-abre-la-venta-de-entradas-para-su-esperado-regreso-a-ecuador\\\/#breadcrumb\"},\"inLanguage\":\"es\",\"potentialAction\":[{\"@type\":\"ReadAction\",\"target\":[\"https:\\\/\\\/www.quebakan.com\\\/v15\\\/wwe-abre-la-venta-de-entradas-para-su-esperado-regreso-a-ecuador\\\/\"]}]},{\"@type\":\"ImageObject\",\"inLanguage\":\"es\",\"@id\":\"https:\\\/\\\/www.quebakan.com\\\/v15\\\/wwe-abre-la-venta-de-entradas-para-su-esperado-regreso-a-ecuador\\\/#primaryimage\",\"url\":\"https:\\\/\\\/www.quebakan.com\\\/v15\\\/wp-content\\\/uploads\\\/2026\\\/04\\\/WWE-SOUTH-AMERICA.jpg\",\"contentUrl\":\"https:\\\/\\\/www.quebakan.com\\\/v15\\\/wp-content\\\/uploads\\\/2026\\\/04\\\/WWE-SOUTH-AMERICA.jpg\",\"width\":700,\"height\":394},{\"@type\":\"BreadcrumbList\",\"@id\":\"https:\\\/\\\/www.quebakan.com\\\/v15\\\/wwe-abre-la-venta-de-entradas-para-su-esperado-regreso-a-ecuador\\\/#breadcrumb\",\"itemListElement\":[{\"@type\":\"ListItem\",\"position\":1,\"name\":\"Portada\",\"item\":\"https:\\\/\\\/www.quebakan.com\\\/v15\\\/\"},{\"@type\":\"ListItem\",\"position\":2,\"name\":\"WWE abre la venta de entradas para su esperado regreso a Ecuador\"}]},{\"@type\":\"WebSite\",\"@id\":\"https:\\\/\\\/www.quebakan.com\\\/v15\\\/#website\",\"url\":\"https:\\\/\\\/www.quebakan.com\\\/v15\\\/\",\"name\":\"QUEBAKAN\",\"description\":\"..\",\"publisher\":{\"@id\":\"https:\\\/\\\/www.quebakan.com\\\/v15\\\/#organization\"},\"potentialAction\":[{\"@type\":\"SearchAction\",\"target\":{\"@type\":\"EntryPoint\",\"urlTemplate\":\"https:\\\/\\\/www.quebakan.com\\\/v15\\\/?s={search_term_string}\"},\"query-input\":{\"@type\":\"PropertyValueSpecification\",\"valueRequired\":true,\"valueName\":\"search_term_string\"}}],\"inLanguage\":\"es\"},{\"@type\":\"Organization\",\"@id\":\"https:\\\/\\\/www.quebakan.com\\\/v15\\\/#organization\",\"name\":\"Quebakan.com\",\"url\":\"https:\\\/\\\/www.quebakan.com\\\/v15\\\/\",\"logo\":{\"@type\":\"ImageObject\",\"inLanguage\":\"es\",\"@id\":\"https:\\\/\\\/www.quebakan.com\\\/v15\\\/#\\\/schema\\\/logo\\\/image\\\/\",\"url\":\"https:\\\/\\\/www.quebakan.com\\\/v15\\\/wp-content\\\/uploads\\\/2023\\\/07\\\/logoquebakanenero2021.jpg\",\"contentUrl\":\"https:\\\/\\\/www.quebakan.com\\\/v15\\\/wp-content\\\/uploads\\\/2023\\\/07\\\/logoquebakanenero2021.jpg\",\"width\":1920,\"height\":1080,\"caption\":\"Quebakan.com\"},\"image\":{\"@id\":\"https:\\\/\\\/www.quebakan.com\\\/v15\\\/#\\\/schema\\\/logo\\\/image\\\/\"},\"sameAs\":[\"http:\\\/\\\/www.facebook.com\\\/quebakan\",\"https:\\\/\\\/x.com\\\/quebakanec\",\"http:\\\/\\\/www.instagram.com\\\/quebakan\",\"http:\\\/\\\/www.youtube.com\\\/quebakan1\"]},{\"@type\":\"Person\",\"@id\":\"https:\\\/\\\/www.quebakan.com\\\/v15\\\/#\\\/schema\\\/person\\\/d90fa9f9cfa81eb8ace9811e5b7b9118\",\"name\":\"Erick Villafuerte\",\"image\":{\"@type\":\"ImageObject\",\"inLanguage\":\"es\",\"@id\":\"https:\\\/\\\/www.quebakan.com\\\/v15\\\/wp-content\\\/uploads\\\/avatars\\\/4\\\/1731297654-bpfull.png\",\"url\":\"https:\\\/\\\/www.quebakan.com\\\/v15\\\/wp-content\\\/uploads\\\/avatars\\\/4\\\/1731297654-bpfull.png\",\"contentUrl\":\"https:\\\/\\\/www.quebakan.com\\\/v15\\\/wp-content\\\/uploads\\\/avatars\\\/4\\\/1731297654-bpfull.png\",\"caption\":\"Erick Villafuerte\"}}]}<\/script>\n<!-- \/ Yoast SEO plugin. -->","yoast_head_json":{"title":"WWE abre la venta de entradas para su esperado regreso a Ecuador &#8211; QUEBAKAN.COM 2026: Noticias, Eventos, Conciertos y mucho m\u00e1s....","robots":{"index":"index","follow":"follow","max-snippet":"max-snippet:-1","max-image-preview":"max-image-preview:large","max-video-preview":"max-video-preview:-1"},"canonical":"https:\/\/www.quebakan.com\/v15\/wwe-abre-la-venta-de-entradas-para-su-esperado-regreso-a-ecuador\/","og_locale":"es_ES","og_type":"article","og_title":"WWE abre la venta de entradas para su esperado regreso a Ecuador &#8211; QUEBAKAN.COM 2026: Noticias, Eventos, Conciertos y mucho m\u00e1s....","og_description":"La preventa estar\u00e1 disponible del 4 al 6 de mayo en buenplan.com.ec Quito, abril de 2026. \u2013 La WWE inicia oficialmente la preventa de entradas para su esperado regreso a Ecuador, como parte del South America Live Tour 2026, marcando el inicio de una de las experiencias de entretenimiento m\u00e1s esperadas del a\u00f1o en el [&hellip;]","og_url":"https:\/\/www.quebakan.com\/v15\/wwe-abre-la-venta-de-entradas-para-su-esperado-regreso-a-ecuador\/","og_site_name":"QUEBAKAN.COM 2026: Noticias, Eventos, Conciertos y mucho m\u00e1s....","article_publisher":"http:\/\/www.facebook.com\/quebakan","article_published_time":"2026-04-29T15:51:38+00:00","og_image":[{"width":700,"height":394,"url":"https:\/\/www.quebakan.com\/v15\/wp-content\/uploads\/2026\/04\/WWE-SOUTH-AMERICA.jpg","type":"image\/jpeg"}],"author":"Erick Villafuerte","twitter_card":"summary_large_image","twitter_creator":"@quebakanec","twitter_site":"@quebakanec","twitter_misc":{"Escrito por":"Erick Villafuerte","Tiempo de lectura":"2 minutos"},"schema":{"@context":"https:\/\/schema.org","@graph":[{"@type":"Article","@id":"https:\/\/www.quebakan.com\/v15\/wwe-abre-la-venta-de-entradas-para-su-esperado-regreso-a-ecuador\/#article","isPartOf":{"@id":"https:\/\/www.quebakan.com\/v15\/wwe-abre-la-venta-de-entradas-para-su-esperado-regreso-a-ecuador\/"},"author":{"name":"Erick Villafuerte","@id":"https:\/\/www.quebakan.com\/v15\/#\/schema\/person\/d90fa9f9cfa81eb8ace9811e5b7b9118"},"headline":"WWE abre la venta de entradas para su esperado regreso a Ecuador","datePublished":"2026-04-29T15:51:38+00:00","mainEntityOfPage":{"@id":"https:\/\/www.quebakan.com\/v15\/wwe-abre-la-venta-de-entradas-para-su-esperado-regreso-a-ecuador\/"},"wordCount":322,"publisher":{"@id":"https:\/\/www.quebakan.com\/v15\/#organization"},"image":{"@id":"https:\/\/www.quebakan.com\/v15\/wwe-abre-la-venta-de-entradas-para-su-esperado-regreso-a-ecuador\/#primaryimage"},"thumbnailUrl":"https:\/\/www.quebakan.com\/v15\/wp-content\/uploads\/2026\/04\/WWE-SOUTH-AMERICA.jpg","articleSection":["Noticias"],"inLanguage":"es"},{"@type":"WebPage","@id":"https:\/\/www.quebakan.com\/v15\/wwe-abre-la-venta-de-entradas-para-su-esperado-regreso-a-ecuador\/","url":"https:\/\/www.quebakan.com\/v15\/wwe-abre-la-venta-de-entradas-para-su-esperado-regreso-a-ecuador\/","name":"WWE abre la venta de entradas para su esperado regreso a Ecuador &#8211; QUEBAKAN.COM 2026: Noticias, Eventos, Conciertos y mucho m\u00e1s....","isPartOf":{"@id":"https:\/\/www.quebakan.com\/v15\/#website"},"primaryImageOfPage":{"@id":"https:\/\/www.quebakan.com\/v15\/wwe-abre-la-venta-de-entradas-para-su-esperado-regreso-a-ecuador\/#primaryimage"},"image":{"@id":"https:\/\/www.quebakan.com\/v15\/wwe-abre-la-venta-de-entradas-para-su-esperado-regreso-a-ecuador\/#primaryimage"},"thumbnailUrl":"https:\/\/www.quebakan.com\/v15\/wp-content\/uploads\/2026\/04\/WWE-SOUTH-AMERICA.jpg","datePublished":"2026-04-29T15:51:38+00:00","breadcrumb":{"@id":"https:\/\/www.quebakan.com\/v15\/wwe-abre-la-venta-de-entradas-para-su-esperado-regreso-a-ecuador\/#breadcrumb"},"inLanguage":"es","potentialAction":[{"@type":"ReadAction","target":["https:\/\/www.quebakan.com\/v15\/wwe-abre-la-venta-de-entradas-para-su-esperado-regreso-a-ecuador\/"]}]},{"@type":"ImageObject","inLanguage":"es","@id":"https:\/\/www.quebakan.com\/v15\/wwe-abre-la-venta-de-entradas-para-su-esperado-regreso-a-ecuador\/#primaryimage","url":"https:\/\/www.quebakan.com\/v15\/wp-content\/uploads\/2026\/04\/WWE-SOUTH-AMERICA.jpg","contentUrl":"https:\/\/www.quebakan.com\/v15\/wp-content\/uploads\/2026\/04\/WWE-SOUTH-AMERICA.jpg","width":700,"height":394},{"@type":"BreadcrumbList","@id":"https:\/\/www.quebakan.com\/v15\/wwe-abre-la-venta-de-entradas-para-su-esperado-regreso-a-ecuador\/#breadcrumb","itemListElement":[{"@type":"ListItem","position":1,"name":"Portada","item":"https:\/\/www.quebakan.com\/v15\/"},{"@type":"ListItem","position":2,"name":"WWE abre la venta de entradas para su esperado regreso a Ecuador"}]},{"@type":"WebSite","@id":"https:\/\/www.quebakan.com\/v15\/#website","url":"https:\/\/www.quebakan.com\/v15\/","name":"QUEBAKAN","description":"..","publisher":{"@id":"https:\/\/www.quebakan.com\/v15\/#organization"},"potentialAction":[{"@type":"SearchAction","target":{"@type":"EntryPoint","urlTemplate":"https:\/\/www.quebakan.com\/v15\/?s={search_term_string}"},"query-input":{"@type":"PropertyValueSpecification","valueRequired":true,"valueName":"search_term_string"}}],"inLanguage":"es"},{"@type":"Organization","@id":"https:\/\/www.quebakan.com\/v15\/#organization","name":"Quebakan.com","url":"https:\/\/www.quebakan.com\/v15\/","logo":{"@type":"ImageObject","inLanguage":"es","@id":"https:\/\/www.quebakan.com\/v15\/#\/schema\/logo\/image\/","url":"https:\/\/www.quebakan.com\/v15\/wp-content\/uploads\/2023\/07\/logoquebakanenero2021.jpg","contentUrl":"https:\/\/www.quebakan.com\/v15\/wp-content\/uploads\/2023\/07\/logoquebakanenero2021.jpg","width":1920,"height":1080,"caption":"Quebakan.com"},"image":{"@id":"https:\/\/www.quebakan.com\/v15\/#\/schema\/logo\/image\/"},"sameAs":["http:\/\/www.facebook.com\/quebakan","https:\/\/x.com\/quebakanec","http:\/\/www.instagram.com\/quebakan","http:\/\/www.youtube.com\/quebakan1"]},{"@type":"Person","@id":"https:\/\/www.quebakan.com\/v15\/#\/schema\/person\/d90fa9f9cfa81eb8ace9811e5b7b9118","name":"Erick Villafuerte","image":{"@type":"ImageObject","inLanguage":"es","@id":"https:\/\/www.quebakan.com\/v15\/wp-content\/uploads\/avatars\/4\/1731297654-bpfull.png","url":"https:\/\/www.quebakan.com\/v15\/wp-content\/uploads\/avatars\/4\/1731297654-bpfull.png","contentUrl":"https:\/\/www.quebakan.com\/v15\/wp-content\/uploads\/avatars\/4\/1731297654-bpfull.png","caption":"Erick Villafuerte"}}]}},"_links":{"self":[{"href":"https:\/\/www.quebakan.com\/v15\/wp-json\/wp\/v2\/posts\/142067","targetHints":{"allow":["GET"]}}],"collection":[{"href":"https:\/\/www.quebakan.com\/v15\/wp-json\/wp\/v2\/posts"}],"about":[{"href":"https:\/\/www.quebakan.com\/v15\/wp-json\/wp\/v2\/types\/post"}],"author":[{"embeddable":true,"href":"https:\/\/www.quebakan.com\/v15\/wp-json\/wp\/v2\/users\/4"}],"replies":[{"embeddable":true,"href":"https:\/\/www.quebakan.com\/v15\/wp-json\/wp\/v2\/comments?post=142067"}],"version-history":[{"count":1,"href":"https:\/\/www.quebakan.com\/v15\/wp-json\/wp\/v2\/posts\/142067\/revisions"}],"predecessor-version":[{"id":142069,"href":"https:\/\/www.quebakan.com\/v15\/wp-json\/wp\/v2\/posts\/142067\/revisions\/142069"}],"wp:featuredmedia":[{"embeddable":true,"href":"https:\/\/www.quebakan.com\/v15\/wp-json\/wp\/v2\/media\/142068"}],"wp:attachment":[{"href":"https:\/\/www.quebakan.com\/v15\/wp-json\/wp\/v2\/media?parent=142067"}],"wp:term":[{"taxonomy":"category","embeddable":true,"href":"https:\/\/www.quebakan.com\/v15\/wp-json\/wp\/v2\/categories?post=142067"},{"taxonomy":"post_tag","embeddable":true,"href":"https:\/\/www.quebakan.com\/v15\/wp-json\/wp\/v2\/tags?post=142067"}],"curies":[{"name":"wp","href":"https:\/\/api.w.org\/{rel}","templated":true}]}}