{"id":142075,"date":"2026-04-29T11:05:23","date_gmt":"2026-04-29T16:05:23","guid":{"rendered":"https:\/\/www.quebakan.com\/v15\/?p=142075"},"modified":"2026-04-29T11:05:23","modified_gmt":"2026-04-29T16:05:23","slug":"mcdonalds-traslada-a-cumbre-de-sostenibilidad-su-programa-de-reciclaje-de-vasos-de-polyboard","status":"publish","type":"post","link":"https:\/\/www.quebakan.com\/v15\/mcdonalds-traslada-a-cumbre-de-sostenibilidad-su-programa-de-reciclaje-de-vasos-de-polyboard\/","title":{"rendered":"McDonald\u2019s traslada a cumbre de sostenibilidad  su programa de reciclaje de vasos de polyboard"},"content":{"rendered":"<p style=\"text-align: justify;\"><span style=\"color: #000000;\"><em>Durante evento, cinco empresas instalaron un sistema de reciclaje para explicar c\u00f3mo gestionan desechos para que cumplan un nuevo prop\u00f3sito.<\/em><\/span><\/p>\n<p style=\"text-align: justify;\"><span style=\"color: #000000;\"><em>McDonald\u2019s Ecuador particip\u00f3 con innovador programa que recupera vasos de polyboard postconsumo y los transforma en servilletas y toallas de papel.<\/em><\/span><\/p>\n<p style=\"text-align: justify;\"><span style=\"color: #000000;\"><strong>Abril de 2026.-<\/strong> McDonald\u2019s Ecuador present\u00f3 en la Kumbre de Sostenibilidad de Ekos, celebrada en Quito, una <strong>demostraci\u00f3n en vivo de su modelo de econom\u00eda circular<\/strong> aplicado en sus restaurantes, evidenciando c\u00f3mo la gesti\u00f3n de residuos puede convertirse en una operaci\u00f3n concreta, medible y replicable.<\/span><\/p>\n<p style=\"text-align: justify;\"><span style=\"color: #000000;\">La empresa fue parte de la iniciativa \u201cEl reciclaje est\u00e1 en buenas manos: Del local a la Kumbre\u201d, desarrollada junto a ReciVeci, Tork, Arca Continental y Coca-Cola Ecuador. Esta colaboraci\u00f3n permiti\u00f3 trasladar al evento pr\u00e1cticas que ya forman parte de la operaci\u00f3n diaria de estas organizaciones, invitando a los asistentes a convertirse en actores del cambio mediante acciones simples como la <strong>correcta disposici\u00f3n de residuos<\/strong>.<\/span><\/p>\n<p style=\"text-align: justify;\"><span style=\"color: #000000;\">Durante los dos d\u00edas del encuentro, las empresas implementaron un sistema de recuperaci\u00f3n de materiales <em>in situ<\/em>, que incluy\u00f3 un centro de acopio funcional y un esquema de gesti\u00f3n colaborativa. Como resultado, <strong>se lograron recuperar 278 kilogramos de materiales reciclables<\/strong>, los cuales ser\u00e1n reincorporados a la cadena productiva para su transformaci\u00f3n en nuevos productos. Esto evitar\u00e1 la emisi\u00f3n de aproximadamente 700 kg de CO\u2082 equivalente a la atm\u00f3sfera.<\/span><\/p>\n<p style=\"text-align: justify;\"><span style=\"color: #000000;\">El sistema oper\u00f3 de la siguiente manera:<\/span><\/p>\n<ul style=\"text-align: justify;\">\n<li><span style=\"color: #000000;\"><strong>Ciclo papel y cart\u00f3n:<\/strong> McDonald\u2019s Ecuador y Tork lideraron la recolecci\u00f3n de <em>polyboard<\/em>, cart\u00f3n y papel.<\/span><\/li>\n<li><span style=\"color: #000000;\"><strong>Ciclo pl\u00e1stico:<\/strong> Arca Continental y Coca-Cola Ecuador gestionaron la recuperaci\u00f3n de botellas PET.<\/span><\/li>\n<li><span style=\"color: #000000;\"><strong>Gesti\u00f3n inclusiva:<\/strong> ReciVeci articul\u00f3 la operaci\u00f3n con recicladores de base y promotores ambientales.<\/span><\/li>\n<\/ul>\n<p style=\"text-align: justify;\"><span style=\"color: #000000;\">En el caso de McDonald\u2019s Ecuador, su participaci\u00f3n fue una muestra de c\u00f3mo funciona el programa de recuperaci\u00f3n de vasos de <em>polyboard<\/em> postconsumo, que implementa en sus restaurantes <strong>desde el 2024<\/strong>. Ese material es recolectado de entre los desechos y luego es transformado mediante procesos industriales en nuevos productos que vuelven a los locales, como servilletas y toallas de papel.<\/span><\/p>\n<p style=\"text-align: justify;\"><span style=\"color: #000000;\">Este modelo de econom\u00eda circular, empujado en alianza con la <em>startup<\/em> ecuatoriana ReciVeci y con Tork -marca del Grupo Familia de la empresa Essity-, no solo permite extender la vida \u00fatil de los residuos, sino tambi\u00e9n cerrar el ciclo dentro de la misma cadena de valor, integrando a recicladores de base en el proceso y generando impacto social.<\/span><\/p>\n<p style=\"text-align: justify;\"><span style=\"color: #000000;\">La empresa traslad\u00f3 su experiencia a la Kumbre de Sostenibilidad, desarrollada el 22 y 23 de abril, donde adem\u00e1s intervino como expositora la Gerente de Comunicaciones Corporativas de Arcos Dorados Ecuador, Ver\u00f3nica Vera: <em>\u201cLa iniciativa Del local a la Kumbre demuestra que cuando empresas l\u00edderes y emprendimientos locales colaboramos, las soluciones dejan de ser promesas y se convierten en pr\u00e1cticas reales, capaces de replicarse en otros espacios. En McDonald\u2019s Ecuador estamos comprometidos con la econom\u00eda circular, y diariamente integramos varias acciones que nos permiten avanzar a\u00fan m\u00e1s\u201d.<\/em><\/span><\/p>\n<p style=\"text-align: justify;\"><span style=\"color: #000000;\">Hasta el momento, el programa de McDonald\u2019s ha permitido la recuperaci\u00f3n de m\u00e1s de 1,2 millones de vasos de polyboard, evitando la emisi\u00f3n de m\u00e1s de 36 toneladas de CO\u2082 equivalente.<\/span><\/p>\n<p><img fetchpriority=\"high\" decoding=\"async\" class=\"aligncenter size-full wp-image-142076\" src=\"https:\/\/www.quebakan.com\/v15\/wp-content\/uploads\/2026\/04\/McD001.jpg\" alt=\"\" width=\"700\" height=\"524\" \/><\/p>\n<div style=\"text-align: center;\"><span style=\"color: #000000;\">Sistema de recuperaci\u00f3n de materiales <i>in situ<\/i>, que incluy\u00f3 un centro de acopio funcional y un esquema de gesti\u00f3n colaborativa.<\/span><\/div>\n<div><\/div>\n<div><img decoding=\"async\" class=\"aligncenter size-full wp-image-142077\" src=\"https:\/\/www.quebakan.com\/v15\/wp-content\/uploads\/2026\/04\/McD002.jpg\" alt=\"\" width=\"700\" height=\"467\" \/><\/div>\n<div><\/div>\n<div style=\"text-align: justify;\"><span style=\"color: #000000;\">Ricardo Due\u00f1as, CEO Grupo Ekos; Ver\u00f3nica Vera, Gerente de Comunicaciones de Arcos Dorados Ecuador (McDonald &#8216;s en el pa\u00eds) y Jorge Guerra, Gerente de Supply Chain de Arcos Dorados Ecuador (McDonald &#8216;s en el pa\u00eds) durante el reconocimiento a Empresa M\u00e1s Sostenible.<\/span><\/div>\n<div><\/div>\n<div><img decoding=\"async\" class=\"aligncenter size-full wp-image-142078\" src=\"https:\/\/www.quebakan.com\/v15\/wp-content\/uploads\/2026\/04\/McD003.jpg\" alt=\"\" width=\"700\" height=\"467\" \/><\/div>\n<div style=\"text-align: justify;\">\n<span style=\"color: #000000;\">Manuel Mu\u00f1oz Merizalde, National Sales Manager Tork Ecuador;\u00a0 Lorena Gallardo, Co-fundadora y Gerente de Innovaci\u00f3n y Sostenibilidad; Sof\u00eda Sierra, Gerente de Comunicaci\u00f3n y Sostenibilidad Arca Continental Ecuador; Paola Palacios Gerente Senior de Asuntos P\u00fablicos, Comunicaciones y Sostenibilidad Coca-Cola Ecuador y Jorge Luis Guerra, Gerente de Supply Chain McDonald\u2019s durante la conferencia \u00abAlianzas que transforman: El reciclaje est\u00e1 en buenas manos\u00bb.<\/span><\/div>\n<div><\/div>\n<div><img loading=\"lazy\" decoding=\"async\" class=\"aligncenter size-full wp-image-142079\" src=\"https:\/\/www.quebakan.com\/v15\/wp-content\/uploads\/2026\/04\/McD004.jpg\" alt=\"\" width=\"467\" height=\"700\" \/><\/div>\n<div><\/div>\n<div style=\"text-align: justify;\"><span style=\"color: #000000;\">Ver\u00f3nica Vera, Gerente de Comunicaciones de Arcos Dorados Ecuador (McDonald &#8216;s en el pa\u00eds)\u00a0 durante su intervenci\u00f3n en el foro sobre C\u00f3mo Convertir los Desaf\u00edos Ambientales en Oportunidades.<\/span><\/div>\n","protected":false},"excerpt":{"rendered":"<p>Durante evento, cinco empresas instalaron un sistema de reciclaje para explicar c\u00f3mo gestionan desechos para que cumplan un nuevo prop\u00f3sito. McDonald\u2019s Ecuador particip\u00f3 con innovador programa que recupera vasos de polyboard postconsumo y los transforma en servilletas y toallas de papel. Abril de 2026.- McDonald\u2019s Ecuador present\u00f3 en la Kumbre de Sostenibilidad de Ekos, celebrada [&hellip;]<\/p>\n","protected":false},"author":4,"featured_media":142077,"comment_status":"closed","ping_status":"closed","sticky":false,"template":"","format":"standard","meta":{"_bbp_topic_count":0,"_bbp_reply_count":0,"_bbp_total_topic_count":0,"_bbp_total_reply_count":0,"_bbp_voice_count":0,"_bbp_anonymous_reply_count":0,"_bbp_topic_count_hidden":0,"_bbp_reply_count_hidden":0,"_bbp_forum_subforum_count":0,"buzzeditor_post_format":"","footnotes":""},"categories":[2],"tags":[],"class_list":["post-142075","post","type-post","status-publish","format-standard","has-post-thumbnail","hentry","category-noticias"],"yoast_head":"<!-- This site is optimized with the Yoast SEO plugin v27.5 - https:\/\/yoast.com\/product\/yoast-seo-wordpress\/ -->\n<title>McDonald\u2019s traslada a cumbre de sostenibilidad su programa de reciclaje de vasos de polyboard &#8211; QUEBAKAN.COM 2026: Noticias, Eventos, Conciertos y mucho m\u00e1s....<\/title>\n<meta name=\"robots\" content=\"index, follow, max-snippet:-1, max-image-preview:large, max-video-preview:-1\" \/>\n<link rel=\"canonical\" href=\"https:\/\/www.quebakan.com\/v15\/mcdonalds-traslada-a-cumbre-de-sostenibilidad-su-programa-de-reciclaje-de-vasos-de-polyboard\/\" \/>\n<meta property=\"og:locale\" content=\"es_ES\" \/>\n<meta property=\"og:type\" content=\"article\" \/>\n<meta property=\"og:title\" content=\"McDonald\u2019s traslada a cumbre de sostenibilidad su programa de reciclaje de vasos de polyboard &#8211; QUEBAKAN.COM 2026: Noticias, Eventos, Conciertos y mucho m\u00e1s....\" \/>\n<meta property=\"og:description\" content=\"Durante evento, cinco empresas instalaron un sistema de reciclaje para explicar c\u00f3mo gestionan desechos para que cumplan un nuevo prop\u00f3sito. McDonald\u2019s Ecuador particip\u00f3 con innovador programa que recupera vasos de polyboard postconsumo y los transforma en servilletas y toallas de papel. Abril de 2026.- McDonald\u2019s Ecuador present\u00f3 en la Kumbre de Sostenibilidad de Ekos, celebrada [&hellip;]\" \/>\n<meta property=\"og:url\" content=\"https:\/\/www.quebakan.com\/v15\/mcdonalds-traslada-a-cumbre-de-sostenibilidad-su-programa-de-reciclaje-de-vasos-de-polyboard\/\" \/>\n<meta property=\"og:site_name\" content=\"QUEBAKAN.COM 2026: Noticias, Eventos, Conciertos y mucho m\u00e1s....\" \/>\n<meta property=\"article:publisher\" content=\"http:\/\/www.facebook.com\/quebakan\" \/>\n<meta property=\"article:published_time\" content=\"2026-04-29T16:05:23+00:00\" \/>\n<meta property=\"og:image\" content=\"https:\/\/www.quebakan.com\/v15\/wp-content\/uploads\/2026\/04\/McD002.jpg\" \/>\n\t<meta property=\"og:image:width\" content=\"700\" \/>\n\t<meta property=\"og:image:height\" content=\"467\" \/>\n\t<meta property=\"og:image:type\" content=\"image\/jpeg\" \/>\n<meta name=\"author\" content=\"Erick Villafuerte\" \/>\n<meta name=\"twitter:card\" content=\"summary_large_image\" \/>\n<meta name=\"twitter:creator\" content=\"@quebakanec\" \/>\n<meta name=\"twitter:site\" content=\"@quebakanec\" \/>\n<meta name=\"twitter:label1\" content=\"Escrito por\" \/>\n\t<meta name=\"twitter:data1\" content=\"Erick Villafuerte\" \/>\n\t<meta name=\"twitter:label2\" content=\"Tiempo de lectura\" \/>\n\t<meta name=\"twitter:data2\" content=\"4 minutos\" \/>\n<script type=\"application\/ld+json\" class=\"yoast-schema-graph\">{\"@context\":\"https:\\\/\\\/schema.org\",\"@graph\":[{\"@type\":\"Article\",\"@id\":\"https:\\\/\\\/www.quebakan.com\\\/v15\\\/mcdonalds-traslada-a-cumbre-de-sostenibilidad-su-programa-de-reciclaje-de-vasos-de-polyboard\\\/#article\",\"isPartOf\":{\"@id\":\"https:\\\/\\\/www.quebakan.com\\\/v15\\\/mcdonalds-traslada-a-cumbre-de-sostenibilidad-su-programa-de-reciclaje-de-vasos-de-polyboard\\\/\"},\"author\":{\"name\":\"Erick Villafuerte\",\"@id\":\"https:\\\/\\\/www.quebakan.com\\\/v15\\\/#\\\/schema\\\/person\\\/d90fa9f9cfa81eb8ace9811e5b7b9118\"},\"headline\":\"McDonald\u2019s traslada a cumbre de sostenibilidad su programa de reciclaje de vasos de polyboard\",\"datePublished\":\"2026-04-29T16:05:23+00:00\",\"mainEntityOfPage\":{\"@id\":\"https:\\\/\\\/www.quebakan.com\\\/v15\\\/mcdonalds-traslada-a-cumbre-de-sostenibilidad-su-programa-de-reciclaje-de-vasos-de-polyboard\\\/\"},\"wordCount\":727,\"publisher\":{\"@id\":\"https:\\\/\\\/www.quebakan.com\\\/v15\\\/#organization\"},\"image\":{\"@id\":\"https:\\\/\\\/www.quebakan.com\\\/v15\\\/mcdonalds-traslada-a-cumbre-de-sostenibilidad-su-programa-de-reciclaje-de-vasos-de-polyboard\\\/#primaryimage\"},\"thumbnailUrl\":\"https:\\\/\\\/www.quebakan.com\\\/v15\\\/wp-content\\\/uploads\\\/2026\\\/04\\\/McD002.jpg\",\"articleSection\":[\"Noticias\"],\"inLanguage\":\"es\"},{\"@type\":\"WebPage\",\"@id\":\"https:\\\/\\\/www.quebakan.com\\\/v15\\\/mcdonalds-traslada-a-cumbre-de-sostenibilidad-su-programa-de-reciclaje-de-vasos-de-polyboard\\\/\",\"url\":\"https:\\\/\\\/www.quebakan.com\\\/v15\\\/mcdonalds-traslada-a-cumbre-de-sostenibilidad-su-programa-de-reciclaje-de-vasos-de-polyboard\\\/\",\"name\":\"McDonald\u2019s traslada a cumbre de sostenibilidad su programa de reciclaje de vasos de polyboard &#8211; QUEBAKAN.COM 2026: Noticias, Eventos, Conciertos y mucho m\u00e1s....\",\"isPartOf\":{\"@id\":\"https:\\\/\\\/www.quebakan.com\\\/v15\\\/#website\"},\"primaryImageOfPage\":{\"@id\":\"https:\\\/\\\/www.quebakan.com\\\/v15\\\/mcdonalds-traslada-a-cumbre-de-sostenibilidad-su-programa-de-reciclaje-de-vasos-de-polyboard\\\/#primaryimage\"},\"image\":{\"@id\":\"https:\\\/\\\/www.quebakan.com\\\/v15\\\/mcdonalds-traslada-a-cumbre-de-sostenibilidad-su-programa-de-reciclaje-de-vasos-de-polyboard\\\/#primaryimage\"},\"thumbnailUrl\":\"https:\\\/\\\/www.quebakan.com\\\/v15\\\/wp-content\\\/uploads\\\/2026\\\/04\\\/McD002.jpg\",\"datePublished\":\"2026-04-29T16:05:23+00:00\",\"breadcrumb\":{\"@id\":\"https:\\\/\\\/www.quebakan.com\\\/v15\\\/mcdonalds-traslada-a-cumbre-de-sostenibilidad-su-programa-de-reciclaje-de-vasos-de-polyboard\\\/#breadcrumb\"},\"inLanguage\":\"es\",\"potentialAction\":[{\"@type\":\"ReadAction\",\"target\":[\"https:\\\/\\\/www.quebakan.com\\\/v15\\\/mcdonalds-traslada-a-cumbre-de-sostenibilidad-su-programa-de-reciclaje-de-vasos-de-polyboard\\\/\"]}]},{\"@type\":\"ImageObject\",\"inLanguage\":\"es\",\"@id\":\"https:\\\/\\\/www.quebakan.com\\\/v15\\\/mcdonalds-traslada-a-cumbre-de-sostenibilidad-su-programa-de-reciclaje-de-vasos-de-polyboard\\\/#primaryimage\",\"url\":\"https:\\\/\\\/www.quebakan.com\\\/v15\\\/wp-content\\\/uploads\\\/2026\\\/04\\\/McD002.jpg\",\"contentUrl\":\"https:\\\/\\\/www.quebakan.com\\\/v15\\\/wp-content\\\/uploads\\\/2026\\\/04\\\/McD002.jpg\",\"width\":700,\"height\":467},{\"@type\":\"BreadcrumbList\",\"@id\":\"https:\\\/\\\/www.quebakan.com\\\/v15\\\/mcdonalds-traslada-a-cumbre-de-sostenibilidad-su-programa-de-reciclaje-de-vasos-de-polyboard\\\/#breadcrumb\",\"itemListElement\":[{\"@type\":\"ListItem\",\"position\":1,\"name\":\"Portada\",\"item\":\"https:\\\/\\\/www.quebakan.com\\\/v15\\\/\"},{\"@type\":\"ListItem\",\"position\":2,\"name\":\"McDonald\u2019s traslada a cumbre de sostenibilidad su programa de reciclaje de vasos de polyboard\"}]},{\"@type\":\"WebSite\",\"@id\":\"https:\\\/\\\/www.quebakan.com\\\/v15\\\/#website\",\"url\":\"https:\\\/\\\/www.quebakan.com\\\/v15\\\/\",\"name\":\"QUEBAKAN\",\"description\":\"..\",\"publisher\":{\"@id\":\"https:\\\/\\\/www.quebakan.com\\\/v15\\\/#organization\"},\"potentialAction\":[{\"@type\":\"SearchAction\",\"target\":{\"@type\":\"EntryPoint\",\"urlTemplate\":\"https:\\\/\\\/www.quebakan.com\\\/v15\\\/?s={search_term_string}\"},\"query-input\":{\"@type\":\"PropertyValueSpecification\",\"valueRequired\":true,\"valueName\":\"search_term_string\"}}],\"inLanguage\":\"es\"},{\"@type\":\"Organization\",\"@id\":\"https:\\\/\\\/www.quebakan.com\\\/v15\\\/#organization\",\"name\":\"Quebakan.com\",\"url\":\"https:\\\/\\\/www.quebakan.com\\\/v15\\\/\",\"logo\":{\"@type\":\"ImageObject\",\"inLanguage\":\"es\",\"@id\":\"https:\\\/\\\/www.quebakan.com\\\/v15\\\/#\\\/schema\\\/logo\\\/image\\\/\",\"url\":\"https:\\\/\\\/www.quebakan.com\\\/v15\\\/wp-content\\\/uploads\\\/2023\\\/07\\\/logoquebakanenero2021.jpg\",\"contentUrl\":\"https:\\\/\\\/www.quebakan.com\\\/v15\\\/wp-content\\\/uploads\\\/2023\\\/07\\\/logoquebakanenero2021.jpg\",\"width\":1920,\"height\":1080,\"caption\":\"Quebakan.com\"},\"image\":{\"@id\":\"https:\\\/\\\/www.quebakan.com\\\/v15\\\/#\\\/schema\\\/logo\\\/image\\\/\"},\"sameAs\":[\"http:\\\/\\\/www.facebook.com\\\/quebakan\",\"https:\\\/\\\/x.com\\\/quebakanec\",\"http:\\\/\\\/www.instagram.com\\\/quebakan\",\"http:\\\/\\\/www.youtube.com\\\/quebakan1\"]},{\"@type\":\"Person\",\"@id\":\"https:\\\/\\\/www.quebakan.com\\\/v15\\\/#\\\/schema\\\/person\\\/d90fa9f9cfa81eb8ace9811e5b7b9118\",\"name\":\"Erick Villafuerte\",\"image\":{\"@type\":\"ImageObject\",\"inLanguage\":\"es\",\"@id\":\"https:\\\/\\\/www.quebakan.com\\\/v15\\\/wp-content\\\/uploads\\\/avatars\\\/4\\\/1731297654-bpfull.png\",\"url\":\"https:\\\/\\\/www.quebakan.com\\\/v15\\\/wp-content\\\/uploads\\\/avatars\\\/4\\\/1731297654-bpfull.png\",\"contentUrl\":\"https:\\\/\\\/www.quebakan.com\\\/v15\\\/wp-content\\\/uploads\\\/avatars\\\/4\\\/1731297654-bpfull.png\",\"caption\":\"Erick Villafuerte\"}}]}<\/script>\n<!-- \/ Yoast SEO plugin. -->","yoast_head_json":{"title":"McDonald\u2019s traslada a cumbre de sostenibilidad su programa de reciclaje de vasos de polyboard &#8211; QUEBAKAN.COM 2026: Noticias, Eventos, Conciertos y mucho m\u00e1s....","robots":{"index":"index","follow":"follow","max-snippet":"max-snippet:-1","max-image-preview":"max-image-preview:large","max-video-preview":"max-video-preview:-1"},"canonical":"https:\/\/www.quebakan.com\/v15\/mcdonalds-traslada-a-cumbre-de-sostenibilidad-su-programa-de-reciclaje-de-vasos-de-polyboard\/","og_locale":"es_ES","og_type":"article","og_title":"McDonald\u2019s traslada a cumbre de sostenibilidad su programa de reciclaje de vasos de polyboard &#8211; QUEBAKAN.COM 2026: Noticias, Eventos, Conciertos y mucho m\u00e1s....","og_description":"Durante evento, cinco empresas instalaron un sistema de reciclaje para explicar c\u00f3mo gestionan desechos para que cumplan un nuevo prop\u00f3sito. McDonald\u2019s Ecuador particip\u00f3 con innovador programa que recupera vasos de polyboard postconsumo y los transforma en servilletas y toallas de papel. Abril de 2026.- McDonald\u2019s Ecuador present\u00f3 en la Kumbre de Sostenibilidad de Ekos, celebrada [&hellip;]","og_url":"https:\/\/www.quebakan.com\/v15\/mcdonalds-traslada-a-cumbre-de-sostenibilidad-su-programa-de-reciclaje-de-vasos-de-polyboard\/","og_site_name":"QUEBAKAN.COM 2026: Noticias, Eventos, Conciertos y mucho m\u00e1s....","article_publisher":"http:\/\/www.facebook.com\/quebakan","article_published_time":"2026-04-29T16:05:23+00:00","og_image":[{"width":700,"height":467,"url":"https:\/\/www.quebakan.com\/v15\/wp-content\/uploads\/2026\/04\/McD002.jpg","type":"image\/jpeg"}],"author":"Erick Villafuerte","twitter_card":"summary_large_image","twitter_creator":"@quebakanec","twitter_site":"@quebakanec","twitter_misc":{"Escrito por":"Erick Villafuerte","Tiempo de lectura":"4 minutos"},"schema":{"@context":"https:\/\/schema.org","@graph":[{"@type":"Article","@id":"https:\/\/www.quebakan.com\/v15\/mcdonalds-traslada-a-cumbre-de-sostenibilidad-su-programa-de-reciclaje-de-vasos-de-polyboard\/#article","isPartOf":{"@id":"https:\/\/www.quebakan.com\/v15\/mcdonalds-traslada-a-cumbre-de-sostenibilidad-su-programa-de-reciclaje-de-vasos-de-polyboard\/"},"author":{"name":"Erick Villafuerte","@id":"https:\/\/www.quebakan.com\/v15\/#\/schema\/person\/d90fa9f9cfa81eb8ace9811e5b7b9118"},"headline":"McDonald\u2019s traslada a cumbre de sostenibilidad su programa de reciclaje de vasos de polyboard","datePublished":"2026-04-29T16:05:23+00:00","mainEntityOfPage":{"@id":"https:\/\/www.quebakan.com\/v15\/mcdonalds-traslada-a-cumbre-de-sostenibilidad-su-programa-de-reciclaje-de-vasos-de-polyboard\/"},"wordCount":727,"publisher":{"@id":"https:\/\/www.quebakan.com\/v15\/#organization"},"image":{"@id":"https:\/\/www.quebakan.com\/v15\/mcdonalds-traslada-a-cumbre-de-sostenibilidad-su-programa-de-reciclaje-de-vasos-de-polyboard\/#primaryimage"},"thumbnailUrl":"https:\/\/www.quebakan.com\/v15\/wp-content\/uploads\/2026\/04\/McD002.jpg","articleSection":["Noticias"],"inLanguage":"es"},{"@type":"WebPage","@id":"https:\/\/www.quebakan.com\/v15\/mcdonalds-traslada-a-cumbre-de-sostenibilidad-su-programa-de-reciclaje-de-vasos-de-polyboard\/","url":"https:\/\/www.quebakan.com\/v15\/mcdonalds-traslada-a-cumbre-de-sostenibilidad-su-programa-de-reciclaje-de-vasos-de-polyboard\/","name":"McDonald\u2019s traslada a cumbre de sostenibilidad su programa de reciclaje de vasos de polyboard &#8211; QUEBAKAN.COM 2026: Noticias, Eventos, Conciertos y mucho m\u00e1s....","isPartOf":{"@id":"https:\/\/www.quebakan.com\/v15\/#website"},"primaryImageOfPage":{"@id":"https:\/\/www.quebakan.com\/v15\/mcdonalds-traslada-a-cumbre-de-sostenibilidad-su-programa-de-reciclaje-de-vasos-de-polyboard\/#primaryimage"},"image":{"@id":"https:\/\/www.quebakan.com\/v15\/mcdonalds-traslada-a-cumbre-de-sostenibilidad-su-programa-de-reciclaje-de-vasos-de-polyboard\/#primaryimage"},"thumbnailUrl":"https:\/\/www.quebakan.com\/v15\/wp-content\/uploads\/2026\/04\/McD002.jpg","datePublished":"2026-04-29T16:05:23+00:00","breadcrumb":{"@id":"https:\/\/www.quebakan.com\/v15\/mcdonalds-traslada-a-cumbre-de-sostenibilidad-su-programa-de-reciclaje-de-vasos-de-polyboard\/#breadcrumb"},"inLanguage":"es","potentialAction":[{"@type":"ReadAction","target":["https:\/\/www.quebakan.com\/v15\/mcdonalds-traslada-a-cumbre-de-sostenibilidad-su-programa-de-reciclaje-de-vasos-de-polyboard\/"]}]},{"@type":"ImageObject","inLanguage":"es","@id":"https:\/\/www.quebakan.com\/v15\/mcdonalds-traslada-a-cumbre-de-sostenibilidad-su-programa-de-reciclaje-de-vasos-de-polyboard\/#primaryimage","url":"https:\/\/www.quebakan.com\/v15\/wp-content\/uploads\/2026\/04\/McD002.jpg","contentUrl":"https:\/\/www.quebakan.com\/v15\/wp-content\/uploads\/2026\/04\/McD002.jpg","width":700,"height":467},{"@type":"BreadcrumbList","@id":"https:\/\/www.quebakan.com\/v15\/mcdonalds-traslada-a-cumbre-de-sostenibilidad-su-programa-de-reciclaje-de-vasos-de-polyboard\/#breadcrumb","itemListElement":[{"@type":"ListItem","position":1,"name":"Portada","item":"https:\/\/www.quebakan.com\/v15\/"},{"@type":"ListItem","position":2,"name":"McDonald\u2019s traslada a cumbre de sostenibilidad su programa de reciclaje de vasos de polyboard"}]},{"@type":"WebSite","@id":"https:\/\/www.quebakan.com\/v15\/#website","url":"https:\/\/www.quebakan.com\/v15\/","name":"QUEBAKAN","description":"..","publisher":{"@id":"https:\/\/www.quebakan.com\/v15\/#organization"},"potentialAction":[{"@type":"SearchAction","target":{"@type":"EntryPoint","urlTemplate":"https:\/\/www.quebakan.com\/v15\/?s={search_term_string}"},"query-input":{"@type":"PropertyValueSpecification","valueRequired":true,"valueName":"search_term_string"}}],"inLanguage":"es"},{"@type":"Organization","@id":"https:\/\/www.quebakan.com\/v15\/#organization","name":"Quebakan.com","url":"https:\/\/www.quebakan.com\/v15\/","logo":{"@type":"ImageObject","inLanguage":"es","@id":"https:\/\/www.quebakan.com\/v15\/#\/schema\/logo\/image\/","url":"https:\/\/www.quebakan.com\/v15\/wp-content\/uploads\/2023\/07\/logoquebakanenero2021.jpg","contentUrl":"https:\/\/www.quebakan.com\/v15\/wp-content\/uploads\/2023\/07\/logoquebakanenero2021.jpg","width":1920,"height":1080,"caption":"Quebakan.com"},"image":{"@id":"https:\/\/www.quebakan.com\/v15\/#\/schema\/logo\/image\/"},"sameAs":["http:\/\/www.facebook.com\/quebakan","https:\/\/x.com\/quebakanec","http:\/\/www.instagram.com\/quebakan","http:\/\/www.youtube.com\/quebakan1"]},{"@type":"Person","@id":"https:\/\/www.quebakan.com\/v15\/#\/schema\/person\/d90fa9f9cfa81eb8ace9811e5b7b9118","name":"Erick Villafuerte","image":{"@type":"ImageObject","inLanguage":"es","@id":"https:\/\/www.quebakan.com\/v15\/wp-content\/uploads\/avatars\/4\/1731297654-bpfull.png","url":"https:\/\/www.quebakan.com\/v15\/wp-content\/uploads\/avatars\/4\/1731297654-bpfull.png","contentUrl":"https:\/\/www.quebakan.com\/v15\/wp-content\/uploads\/avatars\/4\/1731297654-bpfull.png","caption":"Erick Villafuerte"}}]}},"_links":{"self":[{"href":"https:\/\/www.quebakan.com\/v15\/wp-json\/wp\/v2\/posts\/142075","targetHints":{"allow":["GET"]}}],"collection":[{"href":"https:\/\/www.quebakan.com\/v15\/wp-json\/wp\/v2\/posts"}],"about":[{"href":"https:\/\/www.quebakan.com\/v15\/wp-json\/wp\/v2\/types\/post"}],"author":[{"embeddable":true,"href":"https:\/\/www.quebakan.com\/v15\/wp-json\/wp\/v2\/users\/4"}],"replies":[{"embeddable":true,"href":"https:\/\/www.quebakan.com\/v15\/wp-json\/wp\/v2\/comments?post=142075"}],"version-history":[{"count":1,"href":"https:\/\/www.quebakan.com\/v15\/wp-json\/wp\/v2\/posts\/142075\/revisions"}],"predecessor-version":[{"id":142080,"href":"https:\/\/www.quebakan.com\/v15\/wp-json\/wp\/v2\/posts\/142075\/revisions\/142080"}],"wp:featuredmedia":[{"embeddable":true,"href":"https:\/\/www.quebakan.com\/v15\/wp-json\/wp\/v2\/media\/142077"}],"wp:attachment":[{"href":"https:\/\/www.quebakan.com\/v15\/wp-json\/wp\/v2\/media?parent=142075"}],"wp:term":[{"taxonomy":"category","embeddable":true,"href":"https:\/\/www.quebakan.com\/v15\/wp-json\/wp\/v2\/categories?post=142075"},{"taxonomy":"post_tag","embeddable":true,"href":"https:\/\/www.quebakan.com\/v15\/wp-json\/wp\/v2\/tags?post=142075"}],"curies":[{"name":"wp","href":"https:\/\/api.w.org\/{rel}","templated":true}]}}