{"id":142098,"date":"2026-04-29T12:17:19","date_gmt":"2026-04-29T17:17:19","guid":{"rendered":"https:\/\/www.quebakan.com\/v15\/?p=142098"},"modified":"2026-04-29T12:17:19","modified_gmt":"2026-04-29T17:17:19","slug":"ecuador-competira-en-el-world-cup-tasters-championship-de-cafe-en-tailandia","status":"publish","type":"post","link":"https:\/\/www.quebakan.com\/v15\/ecuador-competira-en-el-world-cup-tasters-championship-de-cafe-en-tailandia\/","title":{"rendered":"ECUADOR COMPETIR\u00c1 EN EL WORLD CUP TASTERS CHAMPIONSHIP DE CAF\u00c9 EN TAILANDIA"},"content":{"rendered":"<p><img fetchpriority=\"high\" decoding=\"async\" class=\"aligncenter size-full wp-image-142099\" src=\"https:\/\/www.quebakan.com\/v15\/wp-content\/uploads\/2026\/04\/Jonathan-Davila-22-1.jpg\" alt=\"\" width=\"700\" height=\"467\" \/><\/p>\n<p style=\"text-align: center;\"><span style=\"color: #000000;\"><strong>Jonathan D\u00e1vila, actual Campe\u00f3n Nacional de Cata, representar\u00e1 al pa\u00eds ante m\u00e1s de 50 delegaciones internacionales.<\/strong><\/span><\/p>\n<p style=\"text-align: justify;\"><span style=\"color: #000000;\">Bangkok ser\u00e1 sede del <a style=\"color: #000000;\" href=\"https:\/\/wcc.coffee\/\"><strong><em>World Cup Tasters Championship<\/em><\/strong><\/a><a style=\"color: #000000;\" href=\"https:\/\/wcc.coffee\/\"><strong> (WCTC) 2026<\/strong><\/a>, competencia internacional que reunir\u00e1 a campeones nacionales de cata de caf\u00e9 en el marco de <strong>World of Coffee q<\/strong>ue se llevar\u00e1 a cabo del 7 al 9 de mayo. Ecuador estar\u00e1 representado por <a style=\"color: #000000;\" href=\"https:\/\/www.instagram.com\/p\/DUotimwEioN\/\"><strong>Jonathan D\u00e1vila<\/strong><\/a><strong>, quien obtuvo su clasificaci\u00f3n tras ganar el certamen oficial en el pa\u00eds.<\/strong><\/span><\/p>\n<p style=\"text-align: justify;\"><span style=\"color: #000000;\"><strong>El <em>World Cup Tasters Championship<\/em> forma parte de los <em>World Coffee Championships<\/em> y es organizado bajo los est\u00e1ndares t\u00e9cnicos de la Specialty Coffee Association (SCA)<\/strong>, entidad que regula las principales competencias globales del sector. De acuerdo con la informaci\u00f3n oficial publicada por los organizadores, el campeonato eval\u00faa habilidades sensoriales mediante pruebas de triangulaci\u00f3n en las que el competidor debe identificar la taza distinta dentro de grupos de tres muestras, priorizando precisi\u00f3n y tiempo de respuesta.<\/span><\/p>\n<p style=\"text-align: justify;\"><span style=\"color: #000000;\"><strong>La competencia convoca a representantes de m\u00e1s de 50 pa\u00edses<\/strong>. En ediciones recientes han participado campeones nacionales de mercados como <strong>China, Tailandia, Corea del Sur, Estados Unidos, Colombia y Brasil<\/strong>, entre otros, consolidando al WCTC como uno de los escenarios t\u00e9cnicos m\u00e1s relevantes de la industria del caf\u00e9 de especialidad.<\/span><\/p>\n<p style=\"text-align: justify;\"><span style=\"color: #000000;\"><strong>Jonathan D\u00e1vila cuenta con m\u00e1s de 15 a\u00f1os de trayectoria profesional en el sector<\/strong>. Es Q Grader certificado por el Coffee Quality Institute y <strong>posee certificaciones internacionales en tostado, barismo y <em>brewing<\/em> otorgadas por la Specialty Coffee Association.<\/strong> Ha participado como juez en competencias nacionales como <strong>Taza Dorada<\/strong> y actualmente se desempe\u00f1a como Gerente de Operaciones de Cafecom, empresa ecuatoriana vinculada a la comercializaci\u00f3n y exportaci\u00f3n de caf\u00e9.<\/span><\/p>\n<p style=\"text-align: justify;\"><span style=\"color: #000000;\"><em>\u201cCompetir en el Mundial de Cata implica medir precisi\u00f3n sensorial bajo un est\u00e1ndar internacional. Si Ecuador logra avanzar en esta competencia, el mensaje es claro: el pa\u00eds no solo produce caf\u00e9, tambi\u00e9n forma profesionales capaces de competir t\u00e9cnicamente en el escenario global\u201d, se\u00f1al\u00f3 D\u00e1vila.<\/em><\/span><\/p>\n<p style=\"text-align: justify;\"><span style=\"color: #000000;\">La participaci\u00f3n ecuatoriana se produce en un entorno donde la diferenciaci\u00f3n por calidad y valor agregado define la competitividad del caf\u00e9 en los mercados internacionales. <strong>Seg\u00fan datos del Banco Mundial, a trav\u00e9s del sistema World Integrated Trade Solution (WITS), Ecuador registr\u00f3 exportaciones de caf\u00e9 verde por aproximadamente USD 11,3 millones en 2023<\/strong>. <strong>Por su parte, el Observatory of Economic Complexity (OEC) reporta que en 2024 el pa\u00eds export\u00f3 USD 12,3 millones en caf\u00e9 bajo la categor\u00eda HS 0901 (caf\u00e9 sin tostar), ubic\u00e1ndose en el puesto 82 entre 197 econom\u00edas reportantes.<\/strong><\/span><\/p>\n<p style=\"text-align: justify;\"><span style=\"color: #000000;\">M\u00e1s all\u00e1 del resultado competitivo, la presencia ecuatoriana en Bangkok posiciona al pa\u00eds dentro de los espacios donde se definen est\u00e1ndares t\u00e9cnicos, se intercambia conocimiento profesional y se articulan relaciones dentro de la cadena global de valor del caf\u00e9.<\/span><\/p>\n<p><img decoding=\"async\" class=\"aligncenter size-full wp-image-142100\" src=\"https:\/\/www.quebakan.com\/v15\/wp-content\/uploads\/2026\/04\/CAMPEONATO-NACIONAL-EN-PINAS.jpg\" alt=\"\" width=\"525\" height=\"700\" \/><\/p>\n","protected":false},"excerpt":{"rendered":"<p>Jonathan D\u00e1vila, actual Campe\u00f3n Nacional de Cata, representar\u00e1 al pa\u00eds ante m\u00e1s de 50 delegaciones internacionales. Bangkok ser\u00e1 sede del World Cup Tasters Championship (WCTC) 2026, competencia internacional que reunir\u00e1 a campeones nacionales de cata de caf\u00e9 en el marco de World of Coffee que se llevar\u00e1 a cabo del 7 al 9 de mayo. [&hellip;]<\/p>\n","protected":false},"author":4,"featured_media":142099,"comment_status":"closed","ping_status":"closed","sticky":false,"template":"","format":"standard","meta":{"_bbp_topic_count":0,"_bbp_reply_count":0,"_bbp_total_topic_count":0,"_bbp_total_reply_count":0,"_bbp_voice_count":0,"_bbp_anonymous_reply_count":0,"_bbp_topic_count_hidden":0,"_bbp_reply_count_hidden":0,"_bbp_forum_subforum_count":0,"buzzeditor_post_format":"","footnotes":""},"categories":[2],"tags":[],"class_list":["post-142098","post","type-post","status-publish","format-standard","has-post-thumbnail","hentry","category-noticias"],"yoast_head":"<!-- This site is optimized with the Yoast SEO plugin v27.5 - https:\/\/yoast.com\/product\/yoast-seo-wordpress\/ -->\n<title>ECUADOR COMPETIR\u00c1 EN EL WORLD CUP TASTERS CHAMPIONSHIP DE CAF\u00c9 EN TAILANDIA &#8211; QUEBAKAN.COM 2026: Noticias, Eventos, Conciertos y mucho m\u00e1s....<\/title>\n<meta name=\"robots\" content=\"index, follow, max-snippet:-1, max-image-preview:large, max-video-preview:-1\" \/>\n<link rel=\"canonical\" href=\"https:\/\/www.quebakan.com\/v15\/ecuador-competira-en-el-world-cup-tasters-championship-de-cafe-en-tailandia\/\" \/>\n<meta property=\"og:locale\" content=\"es_ES\" \/>\n<meta property=\"og:type\" content=\"article\" \/>\n<meta property=\"og:title\" content=\"ECUADOR COMPETIR\u00c1 EN EL WORLD CUP TASTERS CHAMPIONSHIP DE CAF\u00c9 EN TAILANDIA &#8211; QUEBAKAN.COM 2026: Noticias, Eventos, Conciertos y mucho m\u00e1s....\" \/>\n<meta property=\"og:description\" content=\"Jonathan D\u00e1vila, actual Campe\u00f3n Nacional de Cata, representar\u00e1 al pa\u00eds ante m\u00e1s de 50 delegaciones internacionales. Bangkok ser\u00e1 sede del World Cup Tasters Championship (WCTC) 2026, competencia internacional que reunir\u00e1 a campeones nacionales de cata de caf\u00e9 en el marco de World of Coffee que se llevar\u00e1 a cabo del 7 al 9 de mayo. [&hellip;]\" \/>\n<meta property=\"og:url\" content=\"https:\/\/www.quebakan.com\/v15\/ecuador-competira-en-el-world-cup-tasters-championship-de-cafe-en-tailandia\/\" \/>\n<meta property=\"og:site_name\" content=\"QUEBAKAN.COM 2026: Noticias, Eventos, Conciertos y mucho m\u00e1s....\" \/>\n<meta property=\"article:publisher\" content=\"http:\/\/www.facebook.com\/quebakan\" \/>\n<meta property=\"article:published_time\" content=\"2026-04-29T17:17:19+00:00\" \/>\n<meta property=\"og:image\" content=\"https:\/\/www.quebakan.com\/v15\/wp-content\/uploads\/2026\/04\/Jonathan-Davila-22-1.jpg\" \/>\n\t<meta property=\"og:image:width\" content=\"700\" \/>\n\t<meta property=\"og:image:height\" content=\"467\" \/>\n\t<meta property=\"og:image:type\" content=\"image\/jpeg\" \/>\n<meta name=\"author\" content=\"Erick Villafuerte\" \/>\n<meta name=\"twitter:card\" content=\"summary_large_image\" \/>\n<meta name=\"twitter:creator\" content=\"@quebakanec\" \/>\n<meta name=\"twitter:site\" content=\"@quebakanec\" \/>\n<meta name=\"twitter:label1\" content=\"Escrito por\" \/>\n\t<meta name=\"twitter:data1\" content=\"Erick Villafuerte\" \/>\n\t<meta name=\"twitter:label2\" content=\"Tiempo de lectura\" \/>\n\t<meta name=\"twitter:data2\" content=\"3 minutos\" \/>\n<script type=\"application\/ld+json\" class=\"yoast-schema-graph\">{\"@context\":\"https:\\\/\\\/schema.org\",\"@graph\":[{\"@type\":\"Article\",\"@id\":\"https:\\\/\\\/www.quebakan.com\\\/v15\\\/ecuador-competira-en-el-world-cup-tasters-championship-de-cafe-en-tailandia\\\/#article\",\"isPartOf\":{\"@id\":\"https:\\\/\\\/www.quebakan.com\\\/v15\\\/ecuador-competira-en-el-world-cup-tasters-championship-de-cafe-en-tailandia\\\/\"},\"author\":{\"name\":\"Erick Villafuerte\",\"@id\":\"https:\\\/\\\/www.quebakan.com\\\/v15\\\/#\\\/schema\\\/person\\\/d90fa9f9cfa81eb8ace9811e5b7b9118\"},\"headline\":\"ECUADOR COMPETIR\u00c1 EN EL WORLD CUP TASTERS CHAMPIONSHIP DE CAF\u00c9 EN TAILANDIA\",\"datePublished\":\"2026-04-29T17:17:19+00:00\",\"mainEntityOfPage\":{\"@id\":\"https:\\\/\\\/www.quebakan.com\\\/v15\\\/ecuador-competira-en-el-world-cup-tasters-championship-de-cafe-en-tailandia\\\/\"},\"wordCount\":480,\"publisher\":{\"@id\":\"https:\\\/\\\/www.quebakan.com\\\/v15\\\/#organization\"},\"image\":{\"@id\":\"https:\\\/\\\/www.quebakan.com\\\/v15\\\/ecuador-competira-en-el-world-cup-tasters-championship-de-cafe-en-tailandia\\\/#primaryimage\"},\"thumbnailUrl\":\"https:\\\/\\\/www.quebakan.com\\\/v15\\\/wp-content\\\/uploads\\\/2026\\\/04\\\/Jonathan-Davila-22-1.jpg\",\"articleSection\":[\"Noticias\"],\"inLanguage\":\"es\"},{\"@type\":\"WebPage\",\"@id\":\"https:\\\/\\\/www.quebakan.com\\\/v15\\\/ecuador-competira-en-el-world-cup-tasters-championship-de-cafe-en-tailandia\\\/\",\"url\":\"https:\\\/\\\/www.quebakan.com\\\/v15\\\/ecuador-competira-en-el-world-cup-tasters-championship-de-cafe-en-tailandia\\\/\",\"name\":\"ECUADOR COMPETIR\u00c1 EN EL WORLD CUP TASTERS CHAMPIONSHIP DE CAF\u00c9 EN TAILANDIA &#8211; QUEBAKAN.COM 2026: Noticias, Eventos, Conciertos y mucho m\u00e1s....\",\"isPartOf\":{\"@id\":\"https:\\\/\\\/www.quebakan.com\\\/v15\\\/#website\"},\"primaryImageOfPage\":{\"@id\":\"https:\\\/\\\/www.quebakan.com\\\/v15\\\/ecuador-competira-en-el-world-cup-tasters-championship-de-cafe-en-tailandia\\\/#primaryimage\"},\"image\":{\"@id\":\"https:\\\/\\\/www.quebakan.com\\\/v15\\\/ecuador-competira-en-el-world-cup-tasters-championship-de-cafe-en-tailandia\\\/#primaryimage\"},\"thumbnailUrl\":\"https:\\\/\\\/www.quebakan.com\\\/v15\\\/wp-content\\\/uploads\\\/2026\\\/04\\\/Jonathan-Davila-22-1.jpg\",\"datePublished\":\"2026-04-29T17:17:19+00:00\",\"breadcrumb\":{\"@id\":\"https:\\\/\\\/www.quebakan.com\\\/v15\\\/ecuador-competira-en-el-world-cup-tasters-championship-de-cafe-en-tailandia\\\/#breadcrumb\"},\"inLanguage\":\"es\",\"potentialAction\":[{\"@type\":\"ReadAction\",\"target\":[\"https:\\\/\\\/www.quebakan.com\\\/v15\\\/ecuador-competira-en-el-world-cup-tasters-championship-de-cafe-en-tailandia\\\/\"]}]},{\"@type\":\"ImageObject\",\"inLanguage\":\"es\",\"@id\":\"https:\\\/\\\/www.quebakan.com\\\/v15\\\/ecuador-competira-en-el-world-cup-tasters-championship-de-cafe-en-tailandia\\\/#primaryimage\",\"url\":\"https:\\\/\\\/www.quebakan.com\\\/v15\\\/wp-content\\\/uploads\\\/2026\\\/04\\\/Jonathan-Davila-22-1.jpg\",\"contentUrl\":\"https:\\\/\\\/www.quebakan.com\\\/v15\\\/wp-content\\\/uploads\\\/2026\\\/04\\\/Jonathan-Davila-22-1.jpg\",\"width\":700,\"height\":467},{\"@type\":\"BreadcrumbList\",\"@id\":\"https:\\\/\\\/www.quebakan.com\\\/v15\\\/ecuador-competira-en-el-world-cup-tasters-championship-de-cafe-en-tailandia\\\/#breadcrumb\",\"itemListElement\":[{\"@type\":\"ListItem\",\"position\":1,\"name\":\"Portada\",\"item\":\"https:\\\/\\\/www.quebakan.com\\\/v15\\\/\"},{\"@type\":\"ListItem\",\"position\":2,\"name\":\"ECUADOR COMPETIR\u00c1 EN EL WORLD CUP TASTERS CHAMPIONSHIP DE CAF\u00c9 EN TAILANDIA\"}]},{\"@type\":\"WebSite\",\"@id\":\"https:\\\/\\\/www.quebakan.com\\\/v15\\\/#website\",\"url\":\"https:\\\/\\\/www.quebakan.com\\\/v15\\\/\",\"name\":\"QUEBAKAN\",\"description\":\"..\",\"publisher\":{\"@id\":\"https:\\\/\\\/www.quebakan.com\\\/v15\\\/#organization\"},\"potentialAction\":[{\"@type\":\"SearchAction\",\"target\":{\"@type\":\"EntryPoint\",\"urlTemplate\":\"https:\\\/\\\/www.quebakan.com\\\/v15\\\/?s={search_term_string}\"},\"query-input\":{\"@type\":\"PropertyValueSpecification\",\"valueRequired\":true,\"valueName\":\"search_term_string\"}}],\"inLanguage\":\"es\"},{\"@type\":\"Organization\",\"@id\":\"https:\\\/\\\/www.quebakan.com\\\/v15\\\/#organization\",\"name\":\"Quebakan.com\",\"url\":\"https:\\\/\\\/www.quebakan.com\\\/v15\\\/\",\"logo\":{\"@type\":\"ImageObject\",\"inLanguage\":\"es\",\"@id\":\"https:\\\/\\\/www.quebakan.com\\\/v15\\\/#\\\/schema\\\/logo\\\/image\\\/\",\"url\":\"https:\\\/\\\/www.quebakan.com\\\/v15\\\/wp-content\\\/uploads\\\/2023\\\/07\\\/logoquebakanenero2021.jpg\",\"contentUrl\":\"https:\\\/\\\/www.quebakan.com\\\/v15\\\/wp-content\\\/uploads\\\/2023\\\/07\\\/logoquebakanenero2021.jpg\",\"width\":1920,\"height\":1080,\"caption\":\"Quebakan.com\"},\"image\":{\"@id\":\"https:\\\/\\\/www.quebakan.com\\\/v15\\\/#\\\/schema\\\/logo\\\/image\\\/\"},\"sameAs\":[\"http:\\\/\\\/www.facebook.com\\\/quebakan\",\"https:\\\/\\\/x.com\\\/quebakanec\",\"http:\\\/\\\/www.instagram.com\\\/quebakan\",\"http:\\\/\\\/www.youtube.com\\\/quebakan1\"]},{\"@type\":\"Person\",\"@id\":\"https:\\\/\\\/www.quebakan.com\\\/v15\\\/#\\\/schema\\\/person\\\/d90fa9f9cfa81eb8ace9811e5b7b9118\",\"name\":\"Erick Villafuerte\",\"image\":{\"@type\":\"ImageObject\",\"inLanguage\":\"es\",\"@id\":\"https:\\\/\\\/www.quebakan.com\\\/v15\\\/wp-content\\\/uploads\\\/avatars\\\/4\\\/1731297654-bpfull.png\",\"url\":\"https:\\\/\\\/www.quebakan.com\\\/v15\\\/wp-content\\\/uploads\\\/avatars\\\/4\\\/1731297654-bpfull.png\",\"contentUrl\":\"https:\\\/\\\/www.quebakan.com\\\/v15\\\/wp-content\\\/uploads\\\/avatars\\\/4\\\/1731297654-bpfull.png\",\"caption\":\"Erick Villafuerte\"}}]}<\/script>\n<!-- \/ Yoast SEO plugin. -->","yoast_head_json":{"title":"ECUADOR COMPETIR\u00c1 EN EL WORLD CUP TASTERS CHAMPIONSHIP DE CAF\u00c9 EN TAILANDIA &#8211; QUEBAKAN.COM 2026: Noticias, Eventos, Conciertos y mucho m\u00e1s....","robots":{"index":"index","follow":"follow","max-snippet":"max-snippet:-1","max-image-preview":"max-image-preview:large","max-video-preview":"max-video-preview:-1"},"canonical":"https:\/\/www.quebakan.com\/v15\/ecuador-competira-en-el-world-cup-tasters-championship-de-cafe-en-tailandia\/","og_locale":"es_ES","og_type":"article","og_title":"ECUADOR COMPETIR\u00c1 EN EL WORLD CUP TASTERS CHAMPIONSHIP DE CAF\u00c9 EN TAILANDIA &#8211; QUEBAKAN.COM 2026: Noticias, Eventos, Conciertos y mucho m\u00e1s....","og_description":"Jonathan D\u00e1vila, actual Campe\u00f3n Nacional de Cata, representar\u00e1 al pa\u00eds ante m\u00e1s de 50 delegaciones internacionales. Bangkok ser\u00e1 sede del World Cup Tasters Championship (WCTC) 2026, competencia internacional que reunir\u00e1 a campeones nacionales de cata de caf\u00e9 en el marco de World of Coffee que se llevar\u00e1 a cabo del 7 al 9 de mayo. [&hellip;]","og_url":"https:\/\/www.quebakan.com\/v15\/ecuador-competira-en-el-world-cup-tasters-championship-de-cafe-en-tailandia\/","og_site_name":"QUEBAKAN.COM 2026: Noticias, Eventos, Conciertos y mucho m\u00e1s....","article_publisher":"http:\/\/www.facebook.com\/quebakan","article_published_time":"2026-04-29T17:17:19+00:00","og_image":[{"width":700,"height":467,"url":"https:\/\/www.quebakan.com\/v15\/wp-content\/uploads\/2026\/04\/Jonathan-Davila-22-1.jpg","type":"image\/jpeg"}],"author":"Erick Villafuerte","twitter_card":"summary_large_image","twitter_creator":"@quebakanec","twitter_site":"@quebakanec","twitter_misc":{"Escrito por":"Erick Villafuerte","Tiempo de lectura":"3 minutos"},"schema":{"@context":"https:\/\/schema.org","@graph":[{"@type":"Article","@id":"https:\/\/www.quebakan.com\/v15\/ecuador-competira-en-el-world-cup-tasters-championship-de-cafe-en-tailandia\/#article","isPartOf":{"@id":"https:\/\/www.quebakan.com\/v15\/ecuador-competira-en-el-world-cup-tasters-championship-de-cafe-en-tailandia\/"},"author":{"name":"Erick Villafuerte","@id":"https:\/\/www.quebakan.com\/v15\/#\/schema\/person\/d90fa9f9cfa81eb8ace9811e5b7b9118"},"headline":"ECUADOR COMPETIR\u00c1 EN EL WORLD CUP TASTERS CHAMPIONSHIP DE CAF\u00c9 EN TAILANDIA","datePublished":"2026-04-29T17:17:19+00:00","mainEntityOfPage":{"@id":"https:\/\/www.quebakan.com\/v15\/ecuador-competira-en-el-world-cup-tasters-championship-de-cafe-en-tailandia\/"},"wordCount":480,"publisher":{"@id":"https:\/\/www.quebakan.com\/v15\/#organization"},"image":{"@id":"https:\/\/www.quebakan.com\/v15\/ecuador-competira-en-el-world-cup-tasters-championship-de-cafe-en-tailandia\/#primaryimage"},"thumbnailUrl":"https:\/\/www.quebakan.com\/v15\/wp-content\/uploads\/2026\/04\/Jonathan-Davila-22-1.jpg","articleSection":["Noticias"],"inLanguage":"es"},{"@type":"WebPage","@id":"https:\/\/www.quebakan.com\/v15\/ecuador-competira-en-el-world-cup-tasters-championship-de-cafe-en-tailandia\/","url":"https:\/\/www.quebakan.com\/v15\/ecuador-competira-en-el-world-cup-tasters-championship-de-cafe-en-tailandia\/","name":"ECUADOR COMPETIR\u00c1 EN EL WORLD CUP TASTERS CHAMPIONSHIP DE CAF\u00c9 EN TAILANDIA &#8211; QUEBAKAN.COM 2026: Noticias, Eventos, Conciertos y mucho m\u00e1s....","isPartOf":{"@id":"https:\/\/www.quebakan.com\/v15\/#website"},"primaryImageOfPage":{"@id":"https:\/\/www.quebakan.com\/v15\/ecuador-competira-en-el-world-cup-tasters-championship-de-cafe-en-tailandia\/#primaryimage"},"image":{"@id":"https:\/\/www.quebakan.com\/v15\/ecuador-competira-en-el-world-cup-tasters-championship-de-cafe-en-tailandia\/#primaryimage"},"thumbnailUrl":"https:\/\/www.quebakan.com\/v15\/wp-content\/uploads\/2026\/04\/Jonathan-Davila-22-1.jpg","datePublished":"2026-04-29T17:17:19+00:00","breadcrumb":{"@id":"https:\/\/www.quebakan.com\/v15\/ecuador-competira-en-el-world-cup-tasters-championship-de-cafe-en-tailandia\/#breadcrumb"},"inLanguage":"es","potentialAction":[{"@type":"ReadAction","target":["https:\/\/www.quebakan.com\/v15\/ecuador-competira-en-el-world-cup-tasters-championship-de-cafe-en-tailandia\/"]}]},{"@type":"ImageObject","inLanguage":"es","@id":"https:\/\/www.quebakan.com\/v15\/ecuador-competira-en-el-world-cup-tasters-championship-de-cafe-en-tailandia\/#primaryimage","url":"https:\/\/www.quebakan.com\/v15\/wp-content\/uploads\/2026\/04\/Jonathan-Davila-22-1.jpg","contentUrl":"https:\/\/www.quebakan.com\/v15\/wp-content\/uploads\/2026\/04\/Jonathan-Davila-22-1.jpg","width":700,"height":467},{"@type":"BreadcrumbList","@id":"https:\/\/www.quebakan.com\/v15\/ecuador-competira-en-el-world-cup-tasters-championship-de-cafe-en-tailandia\/#breadcrumb","itemListElement":[{"@type":"ListItem","position":1,"name":"Portada","item":"https:\/\/www.quebakan.com\/v15\/"},{"@type":"ListItem","position":2,"name":"ECUADOR COMPETIR\u00c1 EN EL WORLD CUP TASTERS CHAMPIONSHIP DE CAF\u00c9 EN TAILANDIA"}]},{"@type":"WebSite","@id":"https:\/\/www.quebakan.com\/v15\/#website","url":"https:\/\/www.quebakan.com\/v15\/","name":"QUEBAKAN","description":"..","publisher":{"@id":"https:\/\/www.quebakan.com\/v15\/#organization"},"potentialAction":[{"@type":"SearchAction","target":{"@type":"EntryPoint","urlTemplate":"https:\/\/www.quebakan.com\/v15\/?s={search_term_string}"},"query-input":{"@type":"PropertyValueSpecification","valueRequired":true,"valueName":"search_term_string"}}],"inLanguage":"es"},{"@type":"Organization","@id":"https:\/\/www.quebakan.com\/v15\/#organization","name":"Quebakan.com","url":"https:\/\/www.quebakan.com\/v15\/","logo":{"@type":"ImageObject","inLanguage":"es","@id":"https:\/\/www.quebakan.com\/v15\/#\/schema\/logo\/image\/","url":"https:\/\/www.quebakan.com\/v15\/wp-content\/uploads\/2023\/07\/logoquebakanenero2021.jpg","contentUrl":"https:\/\/www.quebakan.com\/v15\/wp-content\/uploads\/2023\/07\/logoquebakanenero2021.jpg","width":1920,"height":1080,"caption":"Quebakan.com"},"image":{"@id":"https:\/\/www.quebakan.com\/v15\/#\/schema\/logo\/image\/"},"sameAs":["http:\/\/www.facebook.com\/quebakan","https:\/\/x.com\/quebakanec","http:\/\/www.instagram.com\/quebakan","http:\/\/www.youtube.com\/quebakan1"]},{"@type":"Person","@id":"https:\/\/www.quebakan.com\/v15\/#\/schema\/person\/d90fa9f9cfa81eb8ace9811e5b7b9118","name":"Erick Villafuerte","image":{"@type":"ImageObject","inLanguage":"es","@id":"https:\/\/www.quebakan.com\/v15\/wp-content\/uploads\/avatars\/4\/1731297654-bpfull.png","url":"https:\/\/www.quebakan.com\/v15\/wp-content\/uploads\/avatars\/4\/1731297654-bpfull.png","contentUrl":"https:\/\/www.quebakan.com\/v15\/wp-content\/uploads\/avatars\/4\/1731297654-bpfull.png","caption":"Erick Villafuerte"}}]}},"_links":{"self":[{"href":"https:\/\/www.quebakan.com\/v15\/wp-json\/wp\/v2\/posts\/142098","targetHints":{"allow":["GET"]}}],"collection":[{"href":"https:\/\/www.quebakan.com\/v15\/wp-json\/wp\/v2\/posts"}],"about":[{"href":"https:\/\/www.quebakan.com\/v15\/wp-json\/wp\/v2\/types\/post"}],"author":[{"embeddable":true,"href":"https:\/\/www.quebakan.com\/v15\/wp-json\/wp\/v2\/users\/4"}],"replies":[{"embeddable":true,"href":"https:\/\/www.quebakan.com\/v15\/wp-json\/wp\/v2\/comments?post=142098"}],"version-history":[{"count":1,"href":"https:\/\/www.quebakan.com\/v15\/wp-json\/wp\/v2\/posts\/142098\/revisions"}],"predecessor-version":[{"id":142101,"href":"https:\/\/www.quebakan.com\/v15\/wp-json\/wp\/v2\/posts\/142098\/revisions\/142101"}],"wp:featuredmedia":[{"embeddable":true,"href":"https:\/\/www.quebakan.com\/v15\/wp-json\/wp\/v2\/media\/142099"}],"wp:attachment":[{"href":"https:\/\/www.quebakan.com\/v15\/wp-json\/wp\/v2\/media?parent=142098"}],"wp:term":[{"taxonomy":"category","embeddable":true,"href":"https:\/\/www.quebakan.com\/v15\/wp-json\/wp\/v2\/categories?post=142098"},{"taxonomy":"post_tag","embeddable":true,"href":"https:\/\/www.quebakan.com\/v15\/wp-json\/wp\/v2\/tags?post=142098"}],"curies":[{"name":"wp","href":"https:\/\/api.w.org\/{rel}","templated":true}]}}