{"id":142103,"date":"2026-04-29T19:00:21","date_gmt":"2026-04-30T00:00:21","guid":{"rendered":"https:\/\/www.quebakan.com\/v15\/?p=142103"},"modified":"2026-04-29T19:00:21","modified_gmt":"2026-04-30T00:00:21","slug":"local-sweet-coffee-plaza-lagos-se-renueva-y-presenta-una-nueva-propuesta-coffee-bar","status":"publish","type":"post","link":"https:\/\/www.quebakan.com\/v15\/local-sweet-coffee-plaza-lagos-se-renueva-y-presenta-una-nueva-propuesta-coffee-bar\/","title":{"rendered":"Local Sweet &#038; Coffee\u00ae Plaza Lagos se renueva y presenta una nueva propuesta Coffee Bar"},"content":{"rendered":"<p style=\"text-align: justify;\"><span style=\"color: #000000;\"><strong>Sweet &amp; Coffee\u00ae<\/strong>, la cadena de cafeter\u00edas l\u00edder en Ecuador anuncia la reapertura de su emblem\u00e1tico local en Plaza Lagos. Este espacio renovado permitir\u00e1 a los amantes del caf\u00e9 y dulces disfrutar de un ambiente acogedor y moderno.<\/span><\/p>\n<p style=\"text-align: justify;\"><span style=\"color: #000000;\">Como parte de esta reapertura de este local, <strong>Sweet &amp; Coffee\u00ae<\/strong> presenta <strong>Coffee Bar, <\/strong>una secci\u00f3n que introduce su propuesta de c\u00f3cteles, donde el caf\u00e9 se fusiona con licores de alta gama, logrando un equilibrio perfecto entre sofisticaci\u00f3n y sabor. Todas las bebidas de esta secci\u00f3n tienen un costo de $7,90 <em>y su venta est\u00e1 prohibida a menores de edad.<\/em> Entre las opciones disponibles exclusivamente en el local de Plaza Lagos, destacan:<\/span><\/p>\n<ul style=\"text-align: justify;\">\n<li><span style=\"color: #000000;\"><strong>Carajillo:<\/strong> Una mezcla perfectamente equilibrada de espresso con Licor 43\u00ae, creando una bebida intensa, arom\u00e1tica y envolvente.<\/span><\/li>\n<li><span style=\"color: #000000;\"><strong>Espresso Martini:<\/strong> Deliciosa combinaci\u00f3n de caf\u00e9 de la casa S&amp;C\u00ae, licor de caf\u00e9, vodka y alm\u00edbar, creando un equilibro suave y sofisticado.<\/span><\/li>\n<li><span style=\"color: #000000;\"><strong>Baileys\u00ae Cappuccino:<\/strong> Perfecta combinaci\u00f3n entre espresso; Baileys\u00ae Irish Cream y f\u00f3rmula de leche vaporizada, decorado con crema chantilly y un toque de canela.<\/span><\/li>\n<li><span style=\"color: #000000;\"><strong>Jamaica Wine Cocktail: <\/strong>Refrescante Cocktail que combina su Blend de Jamaica&amp;Berries con vino Sauvignon Blanc de Armon\u00eda, decorado con frutas deshidratadas.<\/span><\/li>\n<\/ul>\n<p style=\"text-align: justify;\"><span style=\"color: #000000;\">Con esta reapertura, <strong>Sweet &amp; Coffee\u00ae <\/strong>impulsa su innovaci\u00f3n al sumar la mixolog\u00eda a su men\u00fa como parte de su constante b\u00fasqueda por sorprender a sus clientes, creando experiencias que combinan tradici\u00f3n, sabor y tendencias actuales, que elevan la forma de disfrutar el caf\u00e9.<\/span><\/p>\n<p style=\"text-align: justify;\"><span style=\"color: #000000;\">Invitamos a todos los <strong>Sweet &amp; Coffee\u00ae Lovers <\/strong>a ser parte de esta celebraci\u00f3n y seguir sus cuentas: <strong>@sweetandcoffee<\/strong> y <strong>@universidaddelcafe<\/strong> donde podr\u00e1n conocer m\u00e1s sobre sus productos y pr\u00f3ximas sorpresas.<\/span><\/p>\n<p style=\"text-align: justify;\"><img fetchpriority=\"high\" decoding=\"async\" class=\"aligncenter size-full wp-image-142105\" src=\"https:\/\/www.quebakan.com\/v15\/wp-content\/uploads\/2026\/04\/FOTO1.jpg\" alt=\"\" width=\"621\" height=\"700\" \/><\/p>\n<p style=\"text-align: justify;\"><span style=\"color: #000000;\">(De izquierda a derecha) Durante la reapertura del local <strong>Sweet&amp;Coffee\u00ae Plaza Lagos,<\/strong> observamos a: Jos\u00e9 Morales, gerente formador; Ver\u00f3nica Miranda, repostera m\u00e1ster; Allison S\u00e1enz de Viteri, barista; Arianna Guayamabe, cajera y Juan Moreno, gerente de \u00e1rea.<\/span><\/p>\n<p style=\"text-align: justify;\"><img decoding=\"async\" class=\"aligncenter size-full wp-image-142104\" src=\"https:\/\/www.quebakan.com\/v15\/wp-content\/uploads\/2026\/04\/Espresso-Martini-y-Jamaica-Wine-Cocktail.jpg\" alt=\"\" width=\"469\" height=\"700\" \/><\/p>\n<p style=\"text-align: center;\"><span style=\"color: #000000;\">En <strong>Sweet&amp;Coffee\u00ae Plaza Lagos,<\/strong> ahora encontrar\u00e1s <strong>Coffee Bar, <\/strong>una secci\u00f3n que introduce una propuesta de c\u00f3cteles. En la foto: <strong>Espresso Martini y Jamaica Wine Cocktail.<\/strong><\/span><\/p>\n","protected":false},"excerpt":{"rendered":"<p>Sweet &amp; Coffee\u00ae, la cadena de cafeter\u00edas l\u00edder en Ecuador anuncia la reapertura de su emblem\u00e1tico local en Plaza Lagos. Este espacio renovado permitir\u00e1 a los amantes del caf\u00e9 y dulces disfrutar de un ambiente acogedor y moderno. Como parte de esta reapertura de este local, Sweet &amp; Coffee\u00ae presenta Coffee Bar, una secci\u00f3n que [&hellip;]<\/p>\n","protected":false},"author":4,"featured_media":142104,"comment_status":"closed","ping_status":"closed","sticky":false,"template":"","format":"standard","meta":{"_bbp_topic_count":0,"_bbp_reply_count":0,"_bbp_total_topic_count":0,"_bbp_total_reply_count":0,"_bbp_voice_count":0,"_bbp_anonymous_reply_count":0,"_bbp_topic_count_hidden":0,"_bbp_reply_count_hidden":0,"_bbp_forum_subforum_count":0,"buzzeditor_post_format":"","footnotes":""},"categories":[2],"tags":[],"class_list":["post-142103","post","type-post","status-publish","format-standard","has-post-thumbnail","hentry","category-noticias"],"yoast_head":"<!-- This site is optimized with the Yoast SEO plugin v27.5 - https:\/\/yoast.com\/product\/yoast-seo-wordpress\/ -->\n<title>Local Sweet &amp; Coffee\u00ae Plaza Lagos se renueva y presenta una nueva propuesta Coffee Bar &#8211; QUEBAKAN.COM 2026: Noticias, Eventos, Conciertos y mucho m\u00e1s....<\/title>\n<meta name=\"robots\" content=\"index, follow, max-snippet:-1, max-image-preview:large, max-video-preview:-1\" \/>\n<link rel=\"canonical\" href=\"https:\/\/www.quebakan.com\/v15\/local-sweet-coffee-plaza-lagos-se-renueva-y-presenta-una-nueva-propuesta-coffee-bar\/\" \/>\n<meta property=\"og:locale\" content=\"es_ES\" \/>\n<meta property=\"og:type\" content=\"article\" \/>\n<meta property=\"og:title\" content=\"Local Sweet &amp; Coffee\u00ae Plaza Lagos se renueva y presenta una nueva propuesta Coffee Bar &#8211; QUEBAKAN.COM 2026: Noticias, Eventos, Conciertos y mucho m\u00e1s....\" \/>\n<meta property=\"og:description\" content=\"Sweet &amp; Coffee\u00ae, la cadena de cafeter\u00edas l\u00edder en Ecuador anuncia la reapertura de su emblem\u00e1tico local en Plaza Lagos. Este espacio renovado permitir\u00e1 a los amantes del caf\u00e9 y dulces disfrutar de un ambiente acogedor y moderno. Como parte de esta reapertura de este local, Sweet &amp; Coffee\u00ae presenta Coffee Bar, una secci\u00f3n que [&hellip;]\" \/>\n<meta property=\"og:url\" content=\"https:\/\/www.quebakan.com\/v15\/local-sweet-coffee-plaza-lagos-se-renueva-y-presenta-una-nueva-propuesta-coffee-bar\/\" \/>\n<meta property=\"og:site_name\" content=\"QUEBAKAN.COM 2026: Noticias, Eventos, Conciertos y mucho m\u00e1s....\" \/>\n<meta property=\"article:publisher\" content=\"http:\/\/www.facebook.com\/quebakan\" \/>\n<meta property=\"article:published_time\" content=\"2026-04-30T00:00:21+00:00\" \/>\n<meta property=\"og:image\" content=\"https:\/\/www.quebakan.com\/v15\/wp-content\/uploads\/2026\/04\/Espresso-Martini-y-Jamaica-Wine-Cocktail.jpg\" \/>\n\t<meta property=\"og:image:width\" content=\"469\" \/>\n\t<meta property=\"og:image:height\" content=\"700\" \/>\n\t<meta property=\"og:image:type\" content=\"image\/jpeg\" \/>\n<meta name=\"author\" content=\"Erick Villafuerte\" \/>\n<meta name=\"twitter:card\" content=\"summary_large_image\" \/>\n<meta name=\"twitter:creator\" content=\"@quebakanec\" \/>\n<meta name=\"twitter:site\" content=\"@quebakanec\" \/>\n<meta name=\"twitter:label1\" content=\"Escrito por\" \/>\n\t<meta name=\"twitter:data1\" content=\"Erick Villafuerte\" \/>\n\t<meta name=\"twitter:label2\" content=\"Tiempo de lectura\" \/>\n\t<meta name=\"twitter:data2\" content=\"3 minutos\" \/>\n<script type=\"application\/ld+json\" class=\"yoast-schema-graph\">{\"@context\":\"https:\\\/\\\/schema.org\",\"@graph\":[{\"@type\":\"Article\",\"@id\":\"https:\\\/\\\/www.quebakan.com\\\/v15\\\/local-sweet-coffee-plaza-lagos-se-renueva-y-presenta-una-nueva-propuesta-coffee-bar\\\/#article\",\"isPartOf\":{\"@id\":\"https:\\\/\\\/www.quebakan.com\\\/v15\\\/local-sweet-coffee-plaza-lagos-se-renueva-y-presenta-una-nueva-propuesta-coffee-bar\\\/\"},\"author\":{\"name\":\"Erick Villafuerte\",\"@id\":\"https:\\\/\\\/www.quebakan.com\\\/v15\\\/#\\\/schema\\\/person\\\/d90fa9f9cfa81eb8ace9811e5b7b9118\"},\"headline\":\"Local Sweet &#038; Coffee\u00ae Plaza Lagos se renueva y presenta una nueva propuesta Coffee Bar\",\"datePublished\":\"2026-04-30T00:00:21+00:00\",\"mainEntityOfPage\":{\"@id\":\"https:\\\/\\\/www.quebakan.com\\\/v15\\\/local-sweet-coffee-plaza-lagos-se-renueva-y-presenta-una-nueva-propuesta-coffee-bar\\\/\"},\"wordCount\":376,\"publisher\":{\"@id\":\"https:\\\/\\\/www.quebakan.com\\\/v15\\\/#organization\"},\"image\":{\"@id\":\"https:\\\/\\\/www.quebakan.com\\\/v15\\\/local-sweet-coffee-plaza-lagos-se-renueva-y-presenta-una-nueva-propuesta-coffee-bar\\\/#primaryimage\"},\"thumbnailUrl\":\"https:\\\/\\\/www.quebakan.com\\\/v15\\\/wp-content\\\/uploads\\\/2026\\\/04\\\/Espresso-Martini-y-Jamaica-Wine-Cocktail.jpg\",\"articleSection\":[\"Noticias\"],\"inLanguage\":\"es\"},{\"@type\":\"WebPage\",\"@id\":\"https:\\\/\\\/www.quebakan.com\\\/v15\\\/local-sweet-coffee-plaza-lagos-se-renueva-y-presenta-una-nueva-propuesta-coffee-bar\\\/\",\"url\":\"https:\\\/\\\/www.quebakan.com\\\/v15\\\/local-sweet-coffee-plaza-lagos-se-renueva-y-presenta-una-nueva-propuesta-coffee-bar\\\/\",\"name\":\"Local Sweet & Coffee\u00ae Plaza Lagos se renueva y presenta una nueva propuesta Coffee Bar &#8211; QUEBAKAN.COM 2026: Noticias, Eventos, Conciertos y mucho m\u00e1s....\",\"isPartOf\":{\"@id\":\"https:\\\/\\\/www.quebakan.com\\\/v15\\\/#website\"},\"primaryImageOfPage\":{\"@id\":\"https:\\\/\\\/www.quebakan.com\\\/v15\\\/local-sweet-coffee-plaza-lagos-se-renueva-y-presenta-una-nueva-propuesta-coffee-bar\\\/#primaryimage\"},\"image\":{\"@id\":\"https:\\\/\\\/www.quebakan.com\\\/v15\\\/local-sweet-coffee-plaza-lagos-se-renueva-y-presenta-una-nueva-propuesta-coffee-bar\\\/#primaryimage\"},\"thumbnailUrl\":\"https:\\\/\\\/www.quebakan.com\\\/v15\\\/wp-content\\\/uploads\\\/2026\\\/04\\\/Espresso-Martini-y-Jamaica-Wine-Cocktail.jpg\",\"datePublished\":\"2026-04-30T00:00:21+00:00\",\"breadcrumb\":{\"@id\":\"https:\\\/\\\/www.quebakan.com\\\/v15\\\/local-sweet-coffee-plaza-lagos-se-renueva-y-presenta-una-nueva-propuesta-coffee-bar\\\/#breadcrumb\"},\"inLanguage\":\"es\",\"potentialAction\":[{\"@type\":\"ReadAction\",\"target\":[\"https:\\\/\\\/www.quebakan.com\\\/v15\\\/local-sweet-coffee-plaza-lagos-se-renueva-y-presenta-una-nueva-propuesta-coffee-bar\\\/\"]}]},{\"@type\":\"ImageObject\",\"inLanguage\":\"es\",\"@id\":\"https:\\\/\\\/www.quebakan.com\\\/v15\\\/local-sweet-coffee-plaza-lagos-se-renueva-y-presenta-una-nueva-propuesta-coffee-bar\\\/#primaryimage\",\"url\":\"https:\\\/\\\/www.quebakan.com\\\/v15\\\/wp-content\\\/uploads\\\/2026\\\/04\\\/Espresso-Martini-y-Jamaica-Wine-Cocktail.jpg\",\"contentUrl\":\"https:\\\/\\\/www.quebakan.com\\\/v15\\\/wp-content\\\/uploads\\\/2026\\\/04\\\/Espresso-Martini-y-Jamaica-Wine-Cocktail.jpg\",\"width\":469,\"height\":700},{\"@type\":\"BreadcrumbList\",\"@id\":\"https:\\\/\\\/www.quebakan.com\\\/v15\\\/local-sweet-coffee-plaza-lagos-se-renueva-y-presenta-una-nueva-propuesta-coffee-bar\\\/#breadcrumb\",\"itemListElement\":[{\"@type\":\"ListItem\",\"position\":1,\"name\":\"Portada\",\"item\":\"https:\\\/\\\/www.quebakan.com\\\/v15\\\/\"},{\"@type\":\"ListItem\",\"position\":2,\"name\":\"Local Sweet &#038; Coffee\u00ae Plaza Lagos se renueva y presenta una nueva propuesta Coffee Bar\"}]},{\"@type\":\"WebSite\",\"@id\":\"https:\\\/\\\/www.quebakan.com\\\/v15\\\/#website\",\"url\":\"https:\\\/\\\/www.quebakan.com\\\/v15\\\/\",\"name\":\"QUEBAKAN\",\"description\":\"..\",\"publisher\":{\"@id\":\"https:\\\/\\\/www.quebakan.com\\\/v15\\\/#organization\"},\"potentialAction\":[{\"@type\":\"SearchAction\",\"target\":{\"@type\":\"EntryPoint\",\"urlTemplate\":\"https:\\\/\\\/www.quebakan.com\\\/v15\\\/?s={search_term_string}\"},\"query-input\":{\"@type\":\"PropertyValueSpecification\",\"valueRequired\":true,\"valueName\":\"search_term_string\"}}],\"inLanguage\":\"es\"},{\"@type\":\"Organization\",\"@id\":\"https:\\\/\\\/www.quebakan.com\\\/v15\\\/#organization\",\"name\":\"Quebakan.com\",\"url\":\"https:\\\/\\\/www.quebakan.com\\\/v15\\\/\",\"logo\":{\"@type\":\"ImageObject\",\"inLanguage\":\"es\",\"@id\":\"https:\\\/\\\/www.quebakan.com\\\/v15\\\/#\\\/schema\\\/logo\\\/image\\\/\",\"url\":\"https:\\\/\\\/www.quebakan.com\\\/v15\\\/wp-content\\\/uploads\\\/2023\\\/07\\\/logoquebakanenero2021.jpg\",\"contentUrl\":\"https:\\\/\\\/www.quebakan.com\\\/v15\\\/wp-content\\\/uploads\\\/2023\\\/07\\\/logoquebakanenero2021.jpg\",\"width\":1920,\"height\":1080,\"caption\":\"Quebakan.com\"},\"image\":{\"@id\":\"https:\\\/\\\/www.quebakan.com\\\/v15\\\/#\\\/schema\\\/logo\\\/image\\\/\"},\"sameAs\":[\"http:\\\/\\\/www.facebook.com\\\/quebakan\",\"https:\\\/\\\/x.com\\\/quebakanec\",\"http:\\\/\\\/www.instagram.com\\\/quebakan\",\"http:\\\/\\\/www.youtube.com\\\/quebakan1\"]},{\"@type\":\"Person\",\"@id\":\"https:\\\/\\\/www.quebakan.com\\\/v15\\\/#\\\/schema\\\/person\\\/d90fa9f9cfa81eb8ace9811e5b7b9118\",\"name\":\"Erick Villafuerte\",\"image\":{\"@type\":\"ImageObject\",\"inLanguage\":\"es\",\"@id\":\"https:\\\/\\\/www.quebakan.com\\\/v15\\\/wp-content\\\/uploads\\\/avatars\\\/4\\\/1731297654-bpfull.png\",\"url\":\"https:\\\/\\\/www.quebakan.com\\\/v15\\\/wp-content\\\/uploads\\\/avatars\\\/4\\\/1731297654-bpfull.png\",\"contentUrl\":\"https:\\\/\\\/www.quebakan.com\\\/v15\\\/wp-content\\\/uploads\\\/avatars\\\/4\\\/1731297654-bpfull.png\",\"caption\":\"Erick Villafuerte\"}}]}<\/script>\n<!-- \/ Yoast SEO plugin. -->","yoast_head_json":{"title":"Local Sweet & Coffee\u00ae Plaza Lagos se renueva y presenta una nueva propuesta Coffee Bar &#8211; QUEBAKAN.COM 2026: Noticias, Eventos, Conciertos y mucho m\u00e1s....","robots":{"index":"index","follow":"follow","max-snippet":"max-snippet:-1","max-image-preview":"max-image-preview:large","max-video-preview":"max-video-preview:-1"},"canonical":"https:\/\/www.quebakan.com\/v15\/local-sweet-coffee-plaza-lagos-se-renueva-y-presenta-una-nueva-propuesta-coffee-bar\/","og_locale":"es_ES","og_type":"article","og_title":"Local Sweet & Coffee\u00ae Plaza Lagos se renueva y presenta una nueva propuesta Coffee Bar &#8211; QUEBAKAN.COM 2026: Noticias, Eventos, Conciertos y mucho m\u00e1s....","og_description":"Sweet &amp; Coffee\u00ae, la cadena de cafeter\u00edas l\u00edder en Ecuador anuncia la reapertura de su emblem\u00e1tico local en Plaza Lagos. Este espacio renovado permitir\u00e1 a los amantes del caf\u00e9 y dulces disfrutar de un ambiente acogedor y moderno. Como parte de esta reapertura de este local, Sweet &amp; Coffee\u00ae presenta Coffee Bar, una secci\u00f3n que [&hellip;]","og_url":"https:\/\/www.quebakan.com\/v15\/local-sweet-coffee-plaza-lagos-se-renueva-y-presenta-una-nueva-propuesta-coffee-bar\/","og_site_name":"QUEBAKAN.COM 2026: Noticias, Eventos, Conciertos y mucho m\u00e1s....","article_publisher":"http:\/\/www.facebook.com\/quebakan","article_published_time":"2026-04-30T00:00:21+00:00","og_image":[{"width":469,"height":700,"url":"https:\/\/www.quebakan.com\/v15\/wp-content\/uploads\/2026\/04\/Espresso-Martini-y-Jamaica-Wine-Cocktail.jpg","type":"image\/jpeg"}],"author":"Erick Villafuerte","twitter_card":"summary_large_image","twitter_creator":"@quebakanec","twitter_site":"@quebakanec","twitter_misc":{"Escrito por":"Erick Villafuerte","Tiempo de lectura":"3 minutos"},"schema":{"@context":"https:\/\/schema.org","@graph":[{"@type":"Article","@id":"https:\/\/www.quebakan.com\/v15\/local-sweet-coffee-plaza-lagos-se-renueva-y-presenta-una-nueva-propuesta-coffee-bar\/#article","isPartOf":{"@id":"https:\/\/www.quebakan.com\/v15\/local-sweet-coffee-plaza-lagos-se-renueva-y-presenta-una-nueva-propuesta-coffee-bar\/"},"author":{"name":"Erick Villafuerte","@id":"https:\/\/www.quebakan.com\/v15\/#\/schema\/person\/d90fa9f9cfa81eb8ace9811e5b7b9118"},"headline":"Local Sweet &#038; Coffee\u00ae Plaza Lagos se renueva y presenta una nueva propuesta Coffee Bar","datePublished":"2026-04-30T00:00:21+00:00","mainEntityOfPage":{"@id":"https:\/\/www.quebakan.com\/v15\/local-sweet-coffee-plaza-lagos-se-renueva-y-presenta-una-nueva-propuesta-coffee-bar\/"},"wordCount":376,"publisher":{"@id":"https:\/\/www.quebakan.com\/v15\/#organization"},"image":{"@id":"https:\/\/www.quebakan.com\/v15\/local-sweet-coffee-plaza-lagos-se-renueva-y-presenta-una-nueva-propuesta-coffee-bar\/#primaryimage"},"thumbnailUrl":"https:\/\/www.quebakan.com\/v15\/wp-content\/uploads\/2026\/04\/Espresso-Martini-y-Jamaica-Wine-Cocktail.jpg","articleSection":["Noticias"],"inLanguage":"es"},{"@type":"WebPage","@id":"https:\/\/www.quebakan.com\/v15\/local-sweet-coffee-plaza-lagos-se-renueva-y-presenta-una-nueva-propuesta-coffee-bar\/","url":"https:\/\/www.quebakan.com\/v15\/local-sweet-coffee-plaza-lagos-se-renueva-y-presenta-una-nueva-propuesta-coffee-bar\/","name":"Local Sweet & Coffee\u00ae Plaza Lagos se renueva y presenta una nueva propuesta Coffee Bar &#8211; QUEBAKAN.COM 2026: Noticias, Eventos, Conciertos y mucho m\u00e1s....","isPartOf":{"@id":"https:\/\/www.quebakan.com\/v15\/#website"},"primaryImageOfPage":{"@id":"https:\/\/www.quebakan.com\/v15\/local-sweet-coffee-plaza-lagos-se-renueva-y-presenta-una-nueva-propuesta-coffee-bar\/#primaryimage"},"image":{"@id":"https:\/\/www.quebakan.com\/v15\/local-sweet-coffee-plaza-lagos-se-renueva-y-presenta-una-nueva-propuesta-coffee-bar\/#primaryimage"},"thumbnailUrl":"https:\/\/www.quebakan.com\/v15\/wp-content\/uploads\/2026\/04\/Espresso-Martini-y-Jamaica-Wine-Cocktail.jpg","datePublished":"2026-04-30T00:00:21+00:00","breadcrumb":{"@id":"https:\/\/www.quebakan.com\/v15\/local-sweet-coffee-plaza-lagos-se-renueva-y-presenta-una-nueva-propuesta-coffee-bar\/#breadcrumb"},"inLanguage":"es","potentialAction":[{"@type":"ReadAction","target":["https:\/\/www.quebakan.com\/v15\/local-sweet-coffee-plaza-lagos-se-renueva-y-presenta-una-nueva-propuesta-coffee-bar\/"]}]},{"@type":"ImageObject","inLanguage":"es","@id":"https:\/\/www.quebakan.com\/v15\/local-sweet-coffee-plaza-lagos-se-renueva-y-presenta-una-nueva-propuesta-coffee-bar\/#primaryimage","url":"https:\/\/www.quebakan.com\/v15\/wp-content\/uploads\/2026\/04\/Espresso-Martini-y-Jamaica-Wine-Cocktail.jpg","contentUrl":"https:\/\/www.quebakan.com\/v15\/wp-content\/uploads\/2026\/04\/Espresso-Martini-y-Jamaica-Wine-Cocktail.jpg","width":469,"height":700},{"@type":"BreadcrumbList","@id":"https:\/\/www.quebakan.com\/v15\/local-sweet-coffee-plaza-lagos-se-renueva-y-presenta-una-nueva-propuesta-coffee-bar\/#breadcrumb","itemListElement":[{"@type":"ListItem","position":1,"name":"Portada","item":"https:\/\/www.quebakan.com\/v15\/"},{"@type":"ListItem","position":2,"name":"Local Sweet &#038; Coffee\u00ae Plaza Lagos se renueva y presenta una nueva propuesta Coffee Bar"}]},{"@type":"WebSite","@id":"https:\/\/www.quebakan.com\/v15\/#website","url":"https:\/\/www.quebakan.com\/v15\/","name":"QUEBAKAN","description":"..","publisher":{"@id":"https:\/\/www.quebakan.com\/v15\/#organization"},"potentialAction":[{"@type":"SearchAction","target":{"@type":"EntryPoint","urlTemplate":"https:\/\/www.quebakan.com\/v15\/?s={search_term_string}"},"query-input":{"@type":"PropertyValueSpecification","valueRequired":true,"valueName":"search_term_string"}}],"inLanguage":"es"},{"@type":"Organization","@id":"https:\/\/www.quebakan.com\/v15\/#organization","name":"Quebakan.com","url":"https:\/\/www.quebakan.com\/v15\/","logo":{"@type":"ImageObject","inLanguage":"es","@id":"https:\/\/www.quebakan.com\/v15\/#\/schema\/logo\/image\/","url":"https:\/\/www.quebakan.com\/v15\/wp-content\/uploads\/2023\/07\/logoquebakanenero2021.jpg","contentUrl":"https:\/\/www.quebakan.com\/v15\/wp-content\/uploads\/2023\/07\/logoquebakanenero2021.jpg","width":1920,"height":1080,"caption":"Quebakan.com"},"image":{"@id":"https:\/\/www.quebakan.com\/v15\/#\/schema\/logo\/image\/"},"sameAs":["http:\/\/www.facebook.com\/quebakan","https:\/\/x.com\/quebakanec","http:\/\/www.instagram.com\/quebakan","http:\/\/www.youtube.com\/quebakan1"]},{"@type":"Person","@id":"https:\/\/www.quebakan.com\/v15\/#\/schema\/person\/d90fa9f9cfa81eb8ace9811e5b7b9118","name":"Erick Villafuerte","image":{"@type":"ImageObject","inLanguage":"es","@id":"https:\/\/www.quebakan.com\/v15\/wp-content\/uploads\/avatars\/4\/1731297654-bpfull.png","url":"https:\/\/www.quebakan.com\/v15\/wp-content\/uploads\/avatars\/4\/1731297654-bpfull.png","contentUrl":"https:\/\/www.quebakan.com\/v15\/wp-content\/uploads\/avatars\/4\/1731297654-bpfull.png","caption":"Erick Villafuerte"}}]}},"_links":{"self":[{"href":"https:\/\/www.quebakan.com\/v15\/wp-json\/wp\/v2\/posts\/142103","targetHints":{"allow":["GET"]}}],"collection":[{"href":"https:\/\/www.quebakan.com\/v15\/wp-json\/wp\/v2\/posts"}],"about":[{"href":"https:\/\/www.quebakan.com\/v15\/wp-json\/wp\/v2\/types\/post"}],"author":[{"embeddable":true,"href":"https:\/\/www.quebakan.com\/v15\/wp-json\/wp\/v2\/users\/4"}],"replies":[{"embeddable":true,"href":"https:\/\/www.quebakan.com\/v15\/wp-json\/wp\/v2\/comments?post=142103"}],"version-history":[{"count":1,"href":"https:\/\/www.quebakan.com\/v15\/wp-json\/wp\/v2\/posts\/142103\/revisions"}],"predecessor-version":[{"id":142106,"href":"https:\/\/www.quebakan.com\/v15\/wp-json\/wp\/v2\/posts\/142103\/revisions\/142106"}],"wp:featuredmedia":[{"embeddable":true,"href":"https:\/\/www.quebakan.com\/v15\/wp-json\/wp\/v2\/media\/142104"}],"wp:attachment":[{"href":"https:\/\/www.quebakan.com\/v15\/wp-json\/wp\/v2\/media?parent=142103"}],"wp:term":[{"taxonomy":"category","embeddable":true,"href":"https:\/\/www.quebakan.com\/v15\/wp-json\/wp\/v2\/categories?post=142103"},{"taxonomy":"post_tag","embeddable":true,"href":"https:\/\/www.quebakan.com\/v15\/wp-json\/wp\/v2\/tags?post=142103"}],"curies":[{"name":"wp","href":"https:\/\/api.w.org\/{rel}","templated":true}]}}