{"id":142110,"date":"2026-04-29T19:20:28","date_gmt":"2026-04-30T00:20:28","guid":{"rendered":"https:\/\/www.quebakan.com\/v15\/?p=142110"},"modified":"2026-04-29T19:20:28","modified_gmt":"2026-04-30T00:20:28","slug":"starbucks-abre-su-primera-cafeteria-en-el-aeropuerto-internacional-mariscal-sucre-de-quito","status":"publish","type":"post","link":"https:\/\/www.quebakan.com\/v15\/starbucks-abre-su-primera-cafeteria-en-el-aeropuerto-internacional-mariscal-sucre-de-quito\/","title":{"rendered":"Starbucks abre su primera cafeter\u00eda en el Aeropuerto Internacional Mariscal Sucre de Quito"},"content":{"rendered":"<p><img fetchpriority=\"high\" decoding=\"async\" class=\"aligncenter size-full wp-image-142111\" src=\"https:\/\/www.quebakan.com\/v15\/wp-content\/uploads\/2026\/04\/Starbucks_Aeropuerto.jpg\" alt=\"\" width=\"560\" height=\"700\" \/><\/p>\n<p style=\"text-align: justify;\"><span style=\"color: #000000;\"><em>Este nuevo local, un punto de encuentro donde los viajeros pueden conversar mientras toman un caf\u00e9 y relajarse antes de su vuelo, es la octava cafeter\u00eda Starbucks en Ecuador, en el marco de la continua expansi\u00f3n de la marca en el mercado.<\/em><\/span><\/p>\n<p style=\"text-align: justify;\"><span style=\"color: #000000;\"><strong>Quito, 28 de abril de 2026.-<\/strong> Starbucks, operado en Ecuador por Delonorte S.A., anunci\u00f3 hoy la apertura de una nueva cafeter\u00eda en el <strong>Aeropuerto Internacional Mariscal Sucre de Quito<\/strong>, situada en el \u00e1rea de <strong>preembarque internacional A13<\/strong>.<\/span><\/p>\n<p style=\"text-align: justify;\"><span style=\"color: #000000;\">Con este nuevo establecimiento, la marca cuenta ya con ocho cafeter\u00edas en el mercado ecuatoriano y refuerza su presencia en los principales centros de transporte de Am\u00e9rica Latina y el Caribe, contribuyendo a mejorar la experiencia de los viajeros al ofrecerles espacios acogedores donde pueden hacer una pausa, recargar energ\u00edas y continuar su viaje con una nota de confort.<\/span><\/p>\n<p style=\"text-align: justify;\"><span style=\"color: #000000;\"><em>\u201cEn Starbucks, creemos en el poder de las relaciones humanas. Con la apertura de nuestra primera cafeter\u00eda en el Aeropuerto Internacional Mariscal Sucre de Quito, queremos estar junto a nuestros clientes en uno de los momentos m\u00e1s significativos de la vida: el viaje. Esta cafeter\u00eda invita a los viajeros a hacer una pausa, recargar energ\u00edas con un excelente caf\u00e9 y seguir su camino con tranquilidad y concentraci\u00f3n\u201d, <\/em>afirm\u00f3 Cristel Delgado, Country Manager de Starbucks Ecuador.<\/span><\/p>\n<p style=\"text-align: justify;\"><span style=\"color: #000000;\">La cafeter\u00eda est\u00e1 dise\u00f1ada como una isla de 33 m\u00b2, con un concepto moderno y funcional, y detalles que reflejan la esencia de la marca, junto a una acogedora terraza que invita a los clientes a disfrutar de la experiencia. Adem\u00e1s, incorpora pr\u00e1cticas destinadas a reducir el impacto medioambiental de Starbucks, optimizar el uso de recursos como el agua y la energ\u00eda, e integrar materiales m\u00e1s sostenibles en su dise\u00f1o y construcci\u00f3n.<\/span><\/p>\n<p style=\"text-align: justify;\"><span style=\"color: #000000;\"><em>\u201cLa presencia de una marca global como Starbucks en nuestro aeropuerto env\u00eda un mensaje claro: Quito est\u00e1 a la altura de los grandes aeropuertos del mundo. M\u00e1s all\u00e1 del reconocimiento de marca, lo que realmente valoramos es lo que Starbucks representa. Su enfoque en la experiencia del cliente, en la creaci\u00f3n de espacios acogedores y en la conexi\u00f3n humana, se alinea profundamente con nuestra visi\u00f3n en Quiport: ofrecer la mejor experiencia posible a cada pasajero, en cada etapa de su viaje,<\/em> indic\u00f3 Ram\u00f3n Mir\u00f3, Presidente y Director General de Quiport.<\/span><\/p>\n<p style=\"text-align: justify;\"><span style=\"color: #000000;\">La apertura de esta cafeter\u00eda generar\u00e1 aproximadamente 26 puestos de trabajo, lo que contribuir\u00e1 a la econom\u00eda ecuatoriana y ofrecer\u00e1 nuevas oportunidades a los colaboradores que atender\u00e1n a los viajeros cada d\u00eda.<\/span><\/p>\n<p style=\"text-align: justify;\"><span style=\"color: #000000;\">Desde que Starbucks lleg\u00f3 al mercado ecuatoriano en 2024 con su primera tienda en Quito, sigue comprometido con sus clientes ofreciendo bebidas de caf\u00e9 ar\u00e1bica de alta calidad creadas por baristas apasionados.<\/span><\/p>\n<p style=\"text-align: justify;\"><span style=\"color: #000000;\">Con esta apertura, Starbucks mantiene su compromiso de fomentar las relaciones humanas, acerc\u00e1ndose a sus clientes all\u00ed donde se encuentren y ofreci\u00e9ndoles una experiencia Starbucks sin igual, adaptada a las necesidades de los clientes de Ecuador.<\/span><\/p>\n<p style=\"text-align: justify;\"><span style=\"color: #000000;\">La cafeter\u00eda del Aeropuerto Internacional Mariscal Sucre de Quito estar\u00e1 abierta los siete d\u00edas de la semana, las 24 horas del d\u00eda.<\/span><\/p>\n<p><img decoding=\"async\" class=\"aligncenter size-full wp-image-142112\" src=\"https:\/\/www.quebakan.com\/v15\/wp-content\/uploads\/2026\/04\/Starbucks_Aeropuerto_2.jpg\" alt=\"\" width=\"700\" height=\"467\" \/><\/p>\n","protected":false},"excerpt":{"rendered":"<p>Este nuevo local, un punto de encuentro donde los viajeros pueden conversar mientras toman un caf\u00e9 y relajarse antes de su vuelo, es la octava cafeter\u00eda Starbucks en Ecuador, en el marco de la continua expansi\u00f3n de la marca en el mercado. Quito, 28 de abril de 2026.- Starbucks, operado en Ecuador por Delonorte S.A., [&hellip;]<\/p>\n","protected":false},"author":4,"featured_media":142111,"comment_status":"closed","ping_status":"closed","sticky":false,"template":"","format":"standard","meta":{"_bbp_topic_count":0,"_bbp_reply_count":0,"_bbp_total_topic_count":0,"_bbp_total_reply_count":0,"_bbp_voice_count":0,"_bbp_anonymous_reply_count":0,"_bbp_topic_count_hidden":0,"_bbp_reply_count_hidden":0,"_bbp_forum_subforum_count":0,"buzzeditor_post_format":"","footnotes":""},"categories":[334],"tags":[],"class_list":["post-142110","post","type-post","status-publish","format-standard","has-post-thumbnail","hentry","category-empresarial"],"yoast_head":"<!-- This site is optimized with the Yoast SEO plugin v27.5 - https:\/\/yoast.com\/product\/yoast-seo-wordpress\/ -->\n<title>Starbucks abre su primera cafeter\u00eda en el Aeropuerto Internacional Mariscal Sucre de Quito &#8211; QUEBAKAN.COM 2026: Noticias, Eventos, Conciertos y mucho m\u00e1s....<\/title>\n<meta name=\"robots\" content=\"index, follow, max-snippet:-1, max-image-preview:large, max-video-preview:-1\" \/>\n<link rel=\"canonical\" href=\"https:\/\/www.quebakan.com\/v15\/starbucks-abre-su-primera-cafeteria-en-el-aeropuerto-internacional-mariscal-sucre-de-quito\/\" \/>\n<meta property=\"og:locale\" content=\"es_ES\" \/>\n<meta property=\"og:type\" content=\"article\" \/>\n<meta property=\"og:title\" content=\"Starbucks abre su primera cafeter\u00eda en el Aeropuerto Internacional Mariscal Sucre de Quito &#8211; QUEBAKAN.COM 2026: Noticias, Eventos, Conciertos y mucho m\u00e1s....\" \/>\n<meta property=\"og:description\" content=\"Este nuevo local, un punto de encuentro donde los viajeros pueden conversar mientras toman un caf\u00e9 y relajarse antes de su vuelo, es la octava cafeter\u00eda Starbucks en Ecuador, en el marco de la continua expansi\u00f3n de la marca en el mercado. Quito, 28 de abril de 2026.- Starbucks, operado en Ecuador por Delonorte S.A., [&hellip;]\" \/>\n<meta property=\"og:url\" content=\"https:\/\/www.quebakan.com\/v15\/starbucks-abre-su-primera-cafeteria-en-el-aeropuerto-internacional-mariscal-sucre-de-quito\/\" \/>\n<meta property=\"og:site_name\" content=\"QUEBAKAN.COM 2026: Noticias, Eventos, Conciertos y mucho m\u00e1s....\" \/>\n<meta property=\"article:publisher\" content=\"http:\/\/www.facebook.com\/quebakan\" \/>\n<meta property=\"article:published_time\" content=\"2026-04-30T00:20:28+00:00\" \/>\n<meta property=\"og:image\" content=\"https:\/\/www.quebakan.com\/v15\/wp-content\/uploads\/2026\/04\/Starbucks_Aeropuerto.jpg\" \/>\n\t<meta property=\"og:image:width\" content=\"560\" \/>\n\t<meta property=\"og:image:height\" content=\"700\" \/>\n\t<meta property=\"og:image:type\" content=\"image\/jpeg\" \/>\n<meta name=\"author\" content=\"Erick Villafuerte\" \/>\n<meta name=\"twitter:card\" content=\"summary_large_image\" \/>\n<meta name=\"twitter:creator\" content=\"@quebakanec\" \/>\n<meta name=\"twitter:site\" content=\"@quebakanec\" \/>\n<meta name=\"twitter:label1\" content=\"Escrito por\" \/>\n\t<meta name=\"twitter:data1\" content=\"Erick Villafuerte\" \/>\n\t<meta name=\"twitter:label2\" content=\"Tiempo de lectura\" \/>\n\t<meta name=\"twitter:data2\" content=\"3 minutos\" \/>\n<script type=\"application\/ld+json\" class=\"yoast-schema-graph\">{\"@context\":\"https:\\\/\\\/schema.org\",\"@graph\":[{\"@type\":\"Article\",\"@id\":\"https:\\\/\\\/www.quebakan.com\\\/v15\\\/starbucks-abre-su-primera-cafeteria-en-el-aeropuerto-internacional-mariscal-sucre-de-quito\\\/#article\",\"isPartOf\":{\"@id\":\"https:\\\/\\\/www.quebakan.com\\\/v15\\\/starbucks-abre-su-primera-cafeteria-en-el-aeropuerto-internacional-mariscal-sucre-de-quito\\\/\"},\"author\":{\"name\":\"Erick Villafuerte\",\"@id\":\"https:\\\/\\\/www.quebakan.com\\\/v15\\\/#\\\/schema\\\/person\\\/d90fa9f9cfa81eb8ace9811e5b7b9118\"},\"headline\":\"Starbucks abre su primera cafeter\u00eda en el Aeropuerto Internacional Mariscal Sucre de Quito\",\"datePublished\":\"2026-04-30T00:20:28+00:00\",\"mainEntityOfPage\":{\"@id\":\"https:\\\/\\\/www.quebakan.com\\\/v15\\\/starbucks-abre-su-primera-cafeteria-en-el-aeropuerto-internacional-mariscal-sucre-de-quito\\\/\"},\"wordCount\":542,\"publisher\":{\"@id\":\"https:\\\/\\\/www.quebakan.com\\\/v15\\\/#organization\"},\"image\":{\"@id\":\"https:\\\/\\\/www.quebakan.com\\\/v15\\\/starbucks-abre-su-primera-cafeteria-en-el-aeropuerto-internacional-mariscal-sucre-de-quito\\\/#primaryimage\"},\"thumbnailUrl\":\"https:\\\/\\\/www.quebakan.com\\\/v15\\\/wp-content\\\/uploads\\\/2026\\\/04\\\/Starbucks_Aeropuerto.jpg\",\"articleSection\":[\"Empresarial\"],\"inLanguage\":\"es\"},{\"@type\":\"WebPage\",\"@id\":\"https:\\\/\\\/www.quebakan.com\\\/v15\\\/starbucks-abre-su-primera-cafeteria-en-el-aeropuerto-internacional-mariscal-sucre-de-quito\\\/\",\"url\":\"https:\\\/\\\/www.quebakan.com\\\/v15\\\/starbucks-abre-su-primera-cafeteria-en-el-aeropuerto-internacional-mariscal-sucre-de-quito\\\/\",\"name\":\"Starbucks abre su primera cafeter\u00eda en el Aeropuerto Internacional Mariscal Sucre de Quito &#8211; QUEBAKAN.COM 2026: Noticias, Eventos, Conciertos y mucho m\u00e1s....\",\"isPartOf\":{\"@id\":\"https:\\\/\\\/www.quebakan.com\\\/v15\\\/#website\"},\"primaryImageOfPage\":{\"@id\":\"https:\\\/\\\/www.quebakan.com\\\/v15\\\/starbucks-abre-su-primera-cafeteria-en-el-aeropuerto-internacional-mariscal-sucre-de-quito\\\/#primaryimage\"},\"image\":{\"@id\":\"https:\\\/\\\/www.quebakan.com\\\/v15\\\/starbucks-abre-su-primera-cafeteria-en-el-aeropuerto-internacional-mariscal-sucre-de-quito\\\/#primaryimage\"},\"thumbnailUrl\":\"https:\\\/\\\/www.quebakan.com\\\/v15\\\/wp-content\\\/uploads\\\/2026\\\/04\\\/Starbucks_Aeropuerto.jpg\",\"datePublished\":\"2026-04-30T00:20:28+00:00\",\"breadcrumb\":{\"@id\":\"https:\\\/\\\/www.quebakan.com\\\/v15\\\/starbucks-abre-su-primera-cafeteria-en-el-aeropuerto-internacional-mariscal-sucre-de-quito\\\/#breadcrumb\"},\"inLanguage\":\"es\",\"potentialAction\":[{\"@type\":\"ReadAction\",\"target\":[\"https:\\\/\\\/www.quebakan.com\\\/v15\\\/starbucks-abre-su-primera-cafeteria-en-el-aeropuerto-internacional-mariscal-sucre-de-quito\\\/\"]}]},{\"@type\":\"ImageObject\",\"inLanguage\":\"es\",\"@id\":\"https:\\\/\\\/www.quebakan.com\\\/v15\\\/starbucks-abre-su-primera-cafeteria-en-el-aeropuerto-internacional-mariscal-sucre-de-quito\\\/#primaryimage\",\"url\":\"https:\\\/\\\/www.quebakan.com\\\/v15\\\/wp-content\\\/uploads\\\/2026\\\/04\\\/Starbucks_Aeropuerto.jpg\",\"contentUrl\":\"https:\\\/\\\/www.quebakan.com\\\/v15\\\/wp-content\\\/uploads\\\/2026\\\/04\\\/Starbucks_Aeropuerto.jpg\",\"width\":560,\"height\":700},{\"@type\":\"BreadcrumbList\",\"@id\":\"https:\\\/\\\/www.quebakan.com\\\/v15\\\/starbucks-abre-su-primera-cafeteria-en-el-aeropuerto-internacional-mariscal-sucre-de-quito\\\/#breadcrumb\",\"itemListElement\":[{\"@type\":\"ListItem\",\"position\":1,\"name\":\"Portada\",\"item\":\"https:\\\/\\\/www.quebakan.com\\\/v15\\\/\"},{\"@type\":\"ListItem\",\"position\":2,\"name\":\"Starbucks abre su primera cafeter\u00eda en el Aeropuerto Internacional Mariscal Sucre de Quito\"}]},{\"@type\":\"WebSite\",\"@id\":\"https:\\\/\\\/www.quebakan.com\\\/v15\\\/#website\",\"url\":\"https:\\\/\\\/www.quebakan.com\\\/v15\\\/\",\"name\":\"QUEBAKAN\",\"description\":\"..\",\"publisher\":{\"@id\":\"https:\\\/\\\/www.quebakan.com\\\/v15\\\/#organization\"},\"potentialAction\":[{\"@type\":\"SearchAction\",\"target\":{\"@type\":\"EntryPoint\",\"urlTemplate\":\"https:\\\/\\\/www.quebakan.com\\\/v15\\\/?s={search_term_string}\"},\"query-input\":{\"@type\":\"PropertyValueSpecification\",\"valueRequired\":true,\"valueName\":\"search_term_string\"}}],\"inLanguage\":\"es\"},{\"@type\":\"Organization\",\"@id\":\"https:\\\/\\\/www.quebakan.com\\\/v15\\\/#organization\",\"name\":\"Quebakan.com\",\"url\":\"https:\\\/\\\/www.quebakan.com\\\/v15\\\/\",\"logo\":{\"@type\":\"ImageObject\",\"inLanguage\":\"es\",\"@id\":\"https:\\\/\\\/www.quebakan.com\\\/v15\\\/#\\\/schema\\\/logo\\\/image\\\/\",\"url\":\"https:\\\/\\\/www.quebakan.com\\\/v15\\\/wp-content\\\/uploads\\\/2023\\\/07\\\/logoquebakanenero2021.jpg\",\"contentUrl\":\"https:\\\/\\\/www.quebakan.com\\\/v15\\\/wp-content\\\/uploads\\\/2023\\\/07\\\/logoquebakanenero2021.jpg\",\"width\":1920,\"height\":1080,\"caption\":\"Quebakan.com\"},\"image\":{\"@id\":\"https:\\\/\\\/www.quebakan.com\\\/v15\\\/#\\\/schema\\\/logo\\\/image\\\/\"},\"sameAs\":[\"http:\\\/\\\/www.facebook.com\\\/quebakan\",\"https:\\\/\\\/x.com\\\/quebakanec\",\"http:\\\/\\\/www.instagram.com\\\/quebakan\",\"http:\\\/\\\/www.youtube.com\\\/quebakan1\"]},{\"@type\":\"Person\",\"@id\":\"https:\\\/\\\/www.quebakan.com\\\/v15\\\/#\\\/schema\\\/person\\\/d90fa9f9cfa81eb8ace9811e5b7b9118\",\"name\":\"Erick Villafuerte\",\"image\":{\"@type\":\"ImageObject\",\"inLanguage\":\"es\",\"@id\":\"https:\\\/\\\/www.quebakan.com\\\/v15\\\/wp-content\\\/uploads\\\/avatars\\\/4\\\/1731297654-bpfull.png\",\"url\":\"https:\\\/\\\/www.quebakan.com\\\/v15\\\/wp-content\\\/uploads\\\/avatars\\\/4\\\/1731297654-bpfull.png\",\"contentUrl\":\"https:\\\/\\\/www.quebakan.com\\\/v15\\\/wp-content\\\/uploads\\\/avatars\\\/4\\\/1731297654-bpfull.png\",\"caption\":\"Erick Villafuerte\"}}]}<\/script>\n<!-- \/ Yoast SEO plugin. -->","yoast_head_json":{"title":"Starbucks abre su primera cafeter\u00eda en el Aeropuerto Internacional Mariscal Sucre de Quito &#8211; QUEBAKAN.COM 2026: Noticias, Eventos, Conciertos y mucho m\u00e1s....","robots":{"index":"index","follow":"follow","max-snippet":"max-snippet:-1","max-image-preview":"max-image-preview:large","max-video-preview":"max-video-preview:-1"},"canonical":"https:\/\/www.quebakan.com\/v15\/starbucks-abre-su-primera-cafeteria-en-el-aeropuerto-internacional-mariscal-sucre-de-quito\/","og_locale":"es_ES","og_type":"article","og_title":"Starbucks abre su primera cafeter\u00eda en el Aeropuerto Internacional Mariscal Sucre de Quito &#8211; QUEBAKAN.COM 2026: Noticias, Eventos, Conciertos y mucho m\u00e1s....","og_description":"Este nuevo local, un punto de encuentro donde los viajeros pueden conversar mientras toman un caf\u00e9 y relajarse antes de su vuelo, es la octava cafeter\u00eda Starbucks en Ecuador, en el marco de la continua expansi\u00f3n de la marca en el mercado. Quito, 28 de abril de 2026.- Starbucks, operado en Ecuador por Delonorte S.A., [&hellip;]","og_url":"https:\/\/www.quebakan.com\/v15\/starbucks-abre-su-primera-cafeteria-en-el-aeropuerto-internacional-mariscal-sucre-de-quito\/","og_site_name":"QUEBAKAN.COM 2026: Noticias, Eventos, Conciertos y mucho m\u00e1s....","article_publisher":"http:\/\/www.facebook.com\/quebakan","article_published_time":"2026-04-30T00:20:28+00:00","og_image":[{"width":560,"height":700,"url":"https:\/\/www.quebakan.com\/v15\/wp-content\/uploads\/2026\/04\/Starbucks_Aeropuerto.jpg","type":"image\/jpeg"}],"author":"Erick Villafuerte","twitter_card":"summary_large_image","twitter_creator":"@quebakanec","twitter_site":"@quebakanec","twitter_misc":{"Escrito por":"Erick Villafuerte","Tiempo de lectura":"3 minutos"},"schema":{"@context":"https:\/\/schema.org","@graph":[{"@type":"Article","@id":"https:\/\/www.quebakan.com\/v15\/starbucks-abre-su-primera-cafeteria-en-el-aeropuerto-internacional-mariscal-sucre-de-quito\/#article","isPartOf":{"@id":"https:\/\/www.quebakan.com\/v15\/starbucks-abre-su-primera-cafeteria-en-el-aeropuerto-internacional-mariscal-sucre-de-quito\/"},"author":{"name":"Erick Villafuerte","@id":"https:\/\/www.quebakan.com\/v15\/#\/schema\/person\/d90fa9f9cfa81eb8ace9811e5b7b9118"},"headline":"Starbucks abre su primera cafeter\u00eda en el Aeropuerto Internacional Mariscal Sucre de Quito","datePublished":"2026-04-30T00:20:28+00:00","mainEntityOfPage":{"@id":"https:\/\/www.quebakan.com\/v15\/starbucks-abre-su-primera-cafeteria-en-el-aeropuerto-internacional-mariscal-sucre-de-quito\/"},"wordCount":542,"publisher":{"@id":"https:\/\/www.quebakan.com\/v15\/#organization"},"image":{"@id":"https:\/\/www.quebakan.com\/v15\/starbucks-abre-su-primera-cafeteria-en-el-aeropuerto-internacional-mariscal-sucre-de-quito\/#primaryimage"},"thumbnailUrl":"https:\/\/www.quebakan.com\/v15\/wp-content\/uploads\/2026\/04\/Starbucks_Aeropuerto.jpg","articleSection":["Empresarial"],"inLanguage":"es"},{"@type":"WebPage","@id":"https:\/\/www.quebakan.com\/v15\/starbucks-abre-su-primera-cafeteria-en-el-aeropuerto-internacional-mariscal-sucre-de-quito\/","url":"https:\/\/www.quebakan.com\/v15\/starbucks-abre-su-primera-cafeteria-en-el-aeropuerto-internacional-mariscal-sucre-de-quito\/","name":"Starbucks abre su primera cafeter\u00eda en el Aeropuerto Internacional Mariscal Sucre de Quito &#8211; QUEBAKAN.COM 2026: Noticias, Eventos, Conciertos y mucho m\u00e1s....","isPartOf":{"@id":"https:\/\/www.quebakan.com\/v15\/#website"},"primaryImageOfPage":{"@id":"https:\/\/www.quebakan.com\/v15\/starbucks-abre-su-primera-cafeteria-en-el-aeropuerto-internacional-mariscal-sucre-de-quito\/#primaryimage"},"image":{"@id":"https:\/\/www.quebakan.com\/v15\/starbucks-abre-su-primera-cafeteria-en-el-aeropuerto-internacional-mariscal-sucre-de-quito\/#primaryimage"},"thumbnailUrl":"https:\/\/www.quebakan.com\/v15\/wp-content\/uploads\/2026\/04\/Starbucks_Aeropuerto.jpg","datePublished":"2026-04-30T00:20:28+00:00","breadcrumb":{"@id":"https:\/\/www.quebakan.com\/v15\/starbucks-abre-su-primera-cafeteria-en-el-aeropuerto-internacional-mariscal-sucre-de-quito\/#breadcrumb"},"inLanguage":"es","potentialAction":[{"@type":"ReadAction","target":["https:\/\/www.quebakan.com\/v15\/starbucks-abre-su-primera-cafeteria-en-el-aeropuerto-internacional-mariscal-sucre-de-quito\/"]}]},{"@type":"ImageObject","inLanguage":"es","@id":"https:\/\/www.quebakan.com\/v15\/starbucks-abre-su-primera-cafeteria-en-el-aeropuerto-internacional-mariscal-sucre-de-quito\/#primaryimage","url":"https:\/\/www.quebakan.com\/v15\/wp-content\/uploads\/2026\/04\/Starbucks_Aeropuerto.jpg","contentUrl":"https:\/\/www.quebakan.com\/v15\/wp-content\/uploads\/2026\/04\/Starbucks_Aeropuerto.jpg","width":560,"height":700},{"@type":"BreadcrumbList","@id":"https:\/\/www.quebakan.com\/v15\/starbucks-abre-su-primera-cafeteria-en-el-aeropuerto-internacional-mariscal-sucre-de-quito\/#breadcrumb","itemListElement":[{"@type":"ListItem","position":1,"name":"Portada","item":"https:\/\/www.quebakan.com\/v15\/"},{"@type":"ListItem","position":2,"name":"Starbucks abre su primera cafeter\u00eda en el Aeropuerto Internacional Mariscal Sucre de Quito"}]},{"@type":"WebSite","@id":"https:\/\/www.quebakan.com\/v15\/#website","url":"https:\/\/www.quebakan.com\/v15\/","name":"QUEBAKAN","description":"..","publisher":{"@id":"https:\/\/www.quebakan.com\/v15\/#organization"},"potentialAction":[{"@type":"SearchAction","target":{"@type":"EntryPoint","urlTemplate":"https:\/\/www.quebakan.com\/v15\/?s={search_term_string}"},"query-input":{"@type":"PropertyValueSpecification","valueRequired":true,"valueName":"search_term_string"}}],"inLanguage":"es"},{"@type":"Organization","@id":"https:\/\/www.quebakan.com\/v15\/#organization","name":"Quebakan.com","url":"https:\/\/www.quebakan.com\/v15\/","logo":{"@type":"ImageObject","inLanguage":"es","@id":"https:\/\/www.quebakan.com\/v15\/#\/schema\/logo\/image\/","url":"https:\/\/www.quebakan.com\/v15\/wp-content\/uploads\/2023\/07\/logoquebakanenero2021.jpg","contentUrl":"https:\/\/www.quebakan.com\/v15\/wp-content\/uploads\/2023\/07\/logoquebakanenero2021.jpg","width":1920,"height":1080,"caption":"Quebakan.com"},"image":{"@id":"https:\/\/www.quebakan.com\/v15\/#\/schema\/logo\/image\/"},"sameAs":["http:\/\/www.facebook.com\/quebakan","https:\/\/x.com\/quebakanec","http:\/\/www.instagram.com\/quebakan","http:\/\/www.youtube.com\/quebakan1"]},{"@type":"Person","@id":"https:\/\/www.quebakan.com\/v15\/#\/schema\/person\/d90fa9f9cfa81eb8ace9811e5b7b9118","name":"Erick Villafuerte","image":{"@type":"ImageObject","inLanguage":"es","@id":"https:\/\/www.quebakan.com\/v15\/wp-content\/uploads\/avatars\/4\/1731297654-bpfull.png","url":"https:\/\/www.quebakan.com\/v15\/wp-content\/uploads\/avatars\/4\/1731297654-bpfull.png","contentUrl":"https:\/\/www.quebakan.com\/v15\/wp-content\/uploads\/avatars\/4\/1731297654-bpfull.png","caption":"Erick Villafuerte"}}]}},"_links":{"self":[{"href":"https:\/\/www.quebakan.com\/v15\/wp-json\/wp\/v2\/posts\/142110","targetHints":{"allow":["GET"]}}],"collection":[{"href":"https:\/\/www.quebakan.com\/v15\/wp-json\/wp\/v2\/posts"}],"about":[{"href":"https:\/\/www.quebakan.com\/v15\/wp-json\/wp\/v2\/types\/post"}],"author":[{"embeddable":true,"href":"https:\/\/www.quebakan.com\/v15\/wp-json\/wp\/v2\/users\/4"}],"replies":[{"embeddable":true,"href":"https:\/\/www.quebakan.com\/v15\/wp-json\/wp\/v2\/comments?post=142110"}],"version-history":[{"count":1,"href":"https:\/\/www.quebakan.com\/v15\/wp-json\/wp\/v2\/posts\/142110\/revisions"}],"predecessor-version":[{"id":142113,"href":"https:\/\/www.quebakan.com\/v15\/wp-json\/wp\/v2\/posts\/142110\/revisions\/142113"}],"wp:featuredmedia":[{"embeddable":true,"href":"https:\/\/www.quebakan.com\/v15\/wp-json\/wp\/v2\/media\/142111"}],"wp:attachment":[{"href":"https:\/\/www.quebakan.com\/v15\/wp-json\/wp\/v2\/media?parent=142110"}],"wp:term":[{"taxonomy":"category","embeddable":true,"href":"https:\/\/www.quebakan.com\/v15\/wp-json\/wp\/v2\/categories?post=142110"},{"taxonomy":"post_tag","embeddable":true,"href":"https:\/\/www.quebakan.com\/v15\/wp-json\/wp\/v2\/tags?post=142110"}],"curies":[{"name":"wp","href":"https:\/\/api.w.org\/{rel}","templated":true}]}}