{"id":142114,"date":"2026-04-29T19:27:05","date_gmt":"2026-04-30T00:27:05","guid":{"rendered":"https:\/\/www.quebakan.com\/v15\/?p=142114"},"modified":"2026-04-29T19:27:05","modified_gmt":"2026-04-30T00:27:05","slug":"en-nestle-ecuador-la-seguridad-y-la-salud-en-el-trabajo-son-parte-de-nuestro-compromiso-diario","status":"publish","type":"post","link":"https:\/\/www.quebakan.com\/v15\/en-nestle-ecuador-la-seguridad-y-la-salud-en-el-trabajo-son-parte-de-nuestro-compromiso-diario\/","title":{"rendered":"En Nestl\u00e9 Ecuador, la seguridad y la salud en el trabajo son parte de nuestro compromiso diario"},"content":{"rendered":"<p><img fetchpriority=\"high\" decoding=\"async\" class=\"aligncenter size-full wp-image-142115\" src=\"https:\/\/www.quebakan.com\/v15\/wp-content\/uploads\/2026\/04\/SEGURIDAD-INDUSTRIAL.jpg\" alt=\"\" width=\"700\" height=\"467\" \/><\/p>\n<p style=\"text-align: center;\"><span style=\"color: #000000;\"><em>Karla Su\u00e1rez, supervisor de producci\u00f3n F\u00e1brica Ceibos de Nestl\u00e9 Ecuador<\/em><\/span><\/p>\n<p style=\"text-align: justify;\"><span style=\"color: #000000;\">Nestl\u00e9 Ecuador promueve una gesti\u00f3n responsable orientada a generar un impacto positivo en las personas, las comunidades y el desarrollo del pa\u00eds. <strong>Este enfoque se enmarca en su modelo de Creaci\u00f3n de Valor Compartido, que integra el crecimiento del negocio con el bienestar de sus colaboradores y su entorno.<\/strong><\/span><\/p>\n<p style=\"text-align: justify;\"><span style=\"color: #000000;\">En el marco del D\u00eda Mundial de la Seguridad y la Salud en el Trabajo que se conmemora el 28 de abril, la compa\u00f1\u00eda reafirma que la seguridad y la salud ocupacional son pilares fundamentales para operar de manera eficiente, sostenible y responsable. Esta visi\u00f3n permite fortalecer una cultura preventiva que acompa\u00f1a cada etapa de su operaci\u00f3n.<\/span><\/p>\n<p style=\"text-align: justify;\"><span style=\"color: #000000;\">M\u00e1s all\u00e1 del cumplimiento normativo, Nestl\u00e9 Ecuador ha incorporado la seguridad como un criterio de gesti\u00f3n presente en toda su cadena de valor, desde el abastecimiento hasta la distribuci\u00f3n. Este enfoque permite anticipar riesgos, fortalecer la continuidad operativa y elevar los est\u00e1ndares de manufactura.<\/span><\/p>\n<p style=\"text-align: justify;\"><span style=\"color: #000000;\">En los \u00faltimos tres a\u00f1os, <strong>la compa\u00f1\u00eda ha invertido cerca de diez millones de d\u00f3lares en automatizaci\u00f3n, redise\u00f1o de puestos de trabajo y soluciones<\/strong>. Estas acciones priorizan la reducci\u00f3n de riesgos y se complementan con iniciativas de conciencia y cuidado.<\/span><\/p>\n<p style=\"text-align: justify;\"><span style=\"color: #000000;\">Entre estas iniciativas se incluyen evaluaciones m\u00e9dicas especializadas, fisioterapia, traumatolog\u00eda y programas como OsteofitNest, enfocados en el bienestar integral de los colaboradores. As\u00ed, la seguridad se gestiona desde la prevenci\u00f3n, la salud y la mejora continua de los entornos laborales.<\/span><\/p>\n<p style=\"text-align: justify;\"><span style=\"color: #000000;\"><em>\u201cLa seguridad no es un indicador m\u00e1s dentro del negocio, es el punto de partida de todo lo que hacemos. Cuando una operaci\u00f3n es segura, tambi\u00e9n es m\u00e1s eficiente, m\u00e1s sostenible y humana. Por eso, cada decisi\u00f3n que tomamos tiene un mismo objetivo, proteger a nuestra gente\u201d,<\/em> afirma Melina Andrade, vicepresidenta T\u00e9cnica y Manufactura de Nestl\u00e9 Ecuador.<\/span><\/p>\n<p style=\"text-align: justify;\"><span style=\"color: #000000;\">Este enfoque se sostiene en una cultura compartida, contamos con programas como <strong>Embajadores SHE<\/strong> y herramientas de reporte como <strong>Amigo ayudando amigo<\/strong>, que promueven la participaci\u00f3n de los colaboradores en la identificaci\u00f3n y correcci\u00f3n de riesgos, fortaleciendo una gesti\u00f3n preventiva en todos los niveles de la organizaci\u00f3n.<\/span><\/p>\n<p style=\"text-align: justify;\"><span style=\"color: #000000;\">Otra acci\u00f3n importante, es la capacitaci\u00f3n continua, que refuerza este modelo con <strong>m\u00e1s de 22.000 horas de formaci\u00f3n que han permitido consolidar capacidades t\u00e9cnicas y una disciplina operativa orientada<\/strong> a la mejora constante, reflejada en resultados concretos:<\/span><\/p>\n<ul style=\"text-align: justify;\">\n<li><span style=\"color: #000000;\">Reducci\u00f3n sostenida del ausentismo en los \u00faltimos a\u00f1os.<\/span><\/li>\n<li><span style=\"color: #000000;\">Cierre de cerca de 1.560 condiciones inseguras.<\/span><\/li>\n<li><span style=\"color: #000000;\">M\u00e1s de 4.000 reportes preventivos generados por colaboradores.<\/span><\/li>\n<li><span style=\"color: #000000;\">M\u00e1s de 22.000 horas de capacitaci\u00f3n en seguridad.<\/span><\/li>\n<\/ul>\n<p style=\"text-align: justify;\"><span style=\"color: #000000;\">Iniciativas como: <strong>\u201cVuelve a Casa Seguro\u201d<\/strong> y el enfoque <strong>#TodosUnidosPorCeroDa\u00f1os<\/strong> consolidan una cultura donde la seguridad se vive como una responsabilidad compartida. Para Nestl\u00e9 Ecuador, proteger a las personas no solo sostiene la continuidad de la operaci\u00f3n, tambi\u00e9n eleva la excelencia industrial y reafirma que el crecimiento responsable empieza por garantizar que cada colaborador regrese seguro a casa.<\/span><\/p>\n","protected":false},"excerpt":{"rendered":"<p>Karla Su\u00e1rez, supervisor de producci\u00f3n F\u00e1brica Ceibos de Nestl\u00e9 Ecuador Nestl\u00e9 Ecuador promueve una gesti\u00f3n responsable orientada a generar un impacto positivo en las personas, las comunidades y el desarrollo del pa\u00eds. Este enfoque se enmarca en su modelo de Creaci\u00f3n de Valor Compartido, que integra el crecimiento del negocio con el bienestar de sus [&hellip;]<\/p>\n","protected":false},"author":4,"featured_media":142115,"comment_status":"closed","ping_status":"closed","sticky":false,"template":"","format":"standard","meta":{"_bbp_topic_count":0,"_bbp_reply_count":0,"_bbp_total_topic_count":0,"_bbp_total_reply_count":0,"_bbp_voice_count":0,"_bbp_anonymous_reply_count":0,"_bbp_topic_count_hidden":0,"_bbp_reply_count_hidden":0,"_bbp_forum_subforum_count":0,"buzzeditor_post_format":"","footnotes":""},"categories":[2],"tags":[],"class_list":["post-142114","post","type-post","status-publish","format-standard","has-post-thumbnail","hentry","category-noticias"],"yoast_head":"<!-- This site is optimized with the Yoast SEO plugin v27.5 - https:\/\/yoast.com\/product\/yoast-seo-wordpress\/ -->\n<title>En Nestl\u00e9 Ecuador, la seguridad y la salud en el trabajo son parte de nuestro compromiso diario &#8211; QUEBAKAN.COM 2026: Noticias, Eventos, Conciertos y mucho m\u00e1s....<\/title>\n<meta name=\"robots\" content=\"index, follow, max-snippet:-1, max-image-preview:large, max-video-preview:-1\" \/>\n<link rel=\"canonical\" href=\"https:\/\/www.quebakan.com\/v15\/en-nestle-ecuador-la-seguridad-y-la-salud-en-el-trabajo-son-parte-de-nuestro-compromiso-diario\/\" \/>\n<meta property=\"og:locale\" content=\"es_ES\" \/>\n<meta property=\"og:type\" content=\"article\" \/>\n<meta property=\"og:title\" content=\"En Nestl\u00e9 Ecuador, la seguridad y la salud en el trabajo son parte de nuestro compromiso diario &#8211; QUEBAKAN.COM 2026: Noticias, Eventos, Conciertos y mucho m\u00e1s....\" \/>\n<meta property=\"og:description\" content=\"Karla Su\u00e1rez, supervisor de producci\u00f3n F\u00e1brica Ceibos de Nestl\u00e9 Ecuador Nestl\u00e9 Ecuador promueve una gesti\u00f3n responsable orientada a generar un impacto positivo en las personas, las comunidades y el desarrollo del pa\u00eds. Este enfoque se enmarca en su modelo de Creaci\u00f3n de Valor Compartido, que integra el crecimiento del negocio con el bienestar de sus [&hellip;]\" \/>\n<meta property=\"og:url\" content=\"https:\/\/www.quebakan.com\/v15\/en-nestle-ecuador-la-seguridad-y-la-salud-en-el-trabajo-son-parte-de-nuestro-compromiso-diario\/\" \/>\n<meta property=\"og:site_name\" content=\"QUEBAKAN.COM 2026: Noticias, Eventos, Conciertos y mucho m\u00e1s....\" \/>\n<meta property=\"article:publisher\" content=\"http:\/\/www.facebook.com\/quebakan\" \/>\n<meta property=\"article:published_time\" content=\"2026-04-30T00:27:05+00:00\" \/>\n<meta property=\"og:image\" content=\"https:\/\/www.quebakan.com\/v15\/wp-content\/uploads\/2026\/04\/SEGURIDAD-INDUSTRIAL.jpg\" \/>\n\t<meta property=\"og:image:width\" content=\"700\" \/>\n\t<meta property=\"og:image:height\" content=\"467\" \/>\n\t<meta property=\"og:image:type\" content=\"image\/jpeg\" \/>\n<meta name=\"author\" content=\"Erick Villafuerte\" \/>\n<meta name=\"twitter:card\" content=\"summary_large_image\" \/>\n<meta name=\"twitter:creator\" content=\"@quebakanec\" \/>\n<meta name=\"twitter:site\" content=\"@quebakanec\" \/>\n<meta name=\"twitter:label1\" content=\"Escrito por\" \/>\n\t<meta name=\"twitter:data1\" content=\"Erick Villafuerte\" \/>\n\t<meta name=\"twitter:label2\" content=\"Tiempo de lectura\" \/>\n\t<meta name=\"twitter:data2\" content=\"3 minutos\" \/>\n<script type=\"application\/ld+json\" class=\"yoast-schema-graph\">{\"@context\":\"https:\\\/\\\/schema.org\",\"@graph\":[{\"@type\":\"Article\",\"@id\":\"https:\\\/\\\/www.quebakan.com\\\/v15\\\/en-nestle-ecuador-la-seguridad-y-la-salud-en-el-trabajo-son-parte-de-nuestro-compromiso-diario\\\/#article\",\"isPartOf\":{\"@id\":\"https:\\\/\\\/www.quebakan.com\\\/v15\\\/en-nestle-ecuador-la-seguridad-y-la-salud-en-el-trabajo-son-parte-de-nuestro-compromiso-diario\\\/\"},\"author\":{\"name\":\"Erick Villafuerte\",\"@id\":\"https:\\\/\\\/www.quebakan.com\\\/v15\\\/#\\\/schema\\\/person\\\/d90fa9f9cfa81eb8ace9811e5b7b9118\"},\"headline\":\"En Nestl\u00e9 Ecuador, la seguridad y la salud en el trabajo son parte de nuestro compromiso diario\",\"datePublished\":\"2026-04-30T00:27:05+00:00\",\"mainEntityOfPage\":{\"@id\":\"https:\\\/\\\/www.quebakan.com\\\/v15\\\/en-nestle-ecuador-la-seguridad-y-la-salud-en-el-trabajo-son-parte-de-nuestro-compromiso-diario\\\/\"},\"wordCount\":531,\"publisher\":{\"@id\":\"https:\\\/\\\/www.quebakan.com\\\/v15\\\/#organization\"},\"image\":{\"@id\":\"https:\\\/\\\/www.quebakan.com\\\/v15\\\/en-nestle-ecuador-la-seguridad-y-la-salud-en-el-trabajo-son-parte-de-nuestro-compromiso-diario\\\/#primaryimage\"},\"thumbnailUrl\":\"https:\\\/\\\/www.quebakan.com\\\/v15\\\/wp-content\\\/uploads\\\/2026\\\/04\\\/SEGURIDAD-INDUSTRIAL.jpg\",\"articleSection\":[\"Noticias\"],\"inLanguage\":\"es\"},{\"@type\":\"WebPage\",\"@id\":\"https:\\\/\\\/www.quebakan.com\\\/v15\\\/en-nestle-ecuador-la-seguridad-y-la-salud-en-el-trabajo-son-parte-de-nuestro-compromiso-diario\\\/\",\"url\":\"https:\\\/\\\/www.quebakan.com\\\/v15\\\/en-nestle-ecuador-la-seguridad-y-la-salud-en-el-trabajo-son-parte-de-nuestro-compromiso-diario\\\/\",\"name\":\"En Nestl\u00e9 Ecuador, la seguridad y la salud en el trabajo son parte de nuestro compromiso diario &#8211; QUEBAKAN.COM 2026: Noticias, Eventos, Conciertos y mucho m\u00e1s....\",\"isPartOf\":{\"@id\":\"https:\\\/\\\/www.quebakan.com\\\/v15\\\/#website\"},\"primaryImageOfPage\":{\"@id\":\"https:\\\/\\\/www.quebakan.com\\\/v15\\\/en-nestle-ecuador-la-seguridad-y-la-salud-en-el-trabajo-son-parte-de-nuestro-compromiso-diario\\\/#primaryimage\"},\"image\":{\"@id\":\"https:\\\/\\\/www.quebakan.com\\\/v15\\\/en-nestle-ecuador-la-seguridad-y-la-salud-en-el-trabajo-son-parte-de-nuestro-compromiso-diario\\\/#primaryimage\"},\"thumbnailUrl\":\"https:\\\/\\\/www.quebakan.com\\\/v15\\\/wp-content\\\/uploads\\\/2026\\\/04\\\/SEGURIDAD-INDUSTRIAL.jpg\",\"datePublished\":\"2026-04-30T00:27:05+00:00\",\"breadcrumb\":{\"@id\":\"https:\\\/\\\/www.quebakan.com\\\/v15\\\/en-nestle-ecuador-la-seguridad-y-la-salud-en-el-trabajo-son-parte-de-nuestro-compromiso-diario\\\/#breadcrumb\"},\"inLanguage\":\"es\",\"potentialAction\":[{\"@type\":\"ReadAction\",\"target\":[\"https:\\\/\\\/www.quebakan.com\\\/v15\\\/en-nestle-ecuador-la-seguridad-y-la-salud-en-el-trabajo-son-parte-de-nuestro-compromiso-diario\\\/\"]}]},{\"@type\":\"ImageObject\",\"inLanguage\":\"es\",\"@id\":\"https:\\\/\\\/www.quebakan.com\\\/v15\\\/en-nestle-ecuador-la-seguridad-y-la-salud-en-el-trabajo-son-parte-de-nuestro-compromiso-diario\\\/#primaryimage\",\"url\":\"https:\\\/\\\/www.quebakan.com\\\/v15\\\/wp-content\\\/uploads\\\/2026\\\/04\\\/SEGURIDAD-INDUSTRIAL.jpg\",\"contentUrl\":\"https:\\\/\\\/www.quebakan.com\\\/v15\\\/wp-content\\\/uploads\\\/2026\\\/04\\\/SEGURIDAD-INDUSTRIAL.jpg\",\"width\":700,\"height\":467},{\"@type\":\"BreadcrumbList\",\"@id\":\"https:\\\/\\\/www.quebakan.com\\\/v15\\\/en-nestle-ecuador-la-seguridad-y-la-salud-en-el-trabajo-son-parte-de-nuestro-compromiso-diario\\\/#breadcrumb\",\"itemListElement\":[{\"@type\":\"ListItem\",\"position\":1,\"name\":\"Portada\",\"item\":\"https:\\\/\\\/www.quebakan.com\\\/v15\\\/\"},{\"@type\":\"ListItem\",\"position\":2,\"name\":\"En Nestl\u00e9 Ecuador, la seguridad y la salud en el trabajo son parte de nuestro compromiso diario\"}]},{\"@type\":\"WebSite\",\"@id\":\"https:\\\/\\\/www.quebakan.com\\\/v15\\\/#website\",\"url\":\"https:\\\/\\\/www.quebakan.com\\\/v15\\\/\",\"name\":\"QUEBAKAN\",\"description\":\"..\",\"publisher\":{\"@id\":\"https:\\\/\\\/www.quebakan.com\\\/v15\\\/#organization\"},\"potentialAction\":[{\"@type\":\"SearchAction\",\"target\":{\"@type\":\"EntryPoint\",\"urlTemplate\":\"https:\\\/\\\/www.quebakan.com\\\/v15\\\/?s={search_term_string}\"},\"query-input\":{\"@type\":\"PropertyValueSpecification\",\"valueRequired\":true,\"valueName\":\"search_term_string\"}}],\"inLanguage\":\"es\"},{\"@type\":\"Organization\",\"@id\":\"https:\\\/\\\/www.quebakan.com\\\/v15\\\/#organization\",\"name\":\"Quebakan.com\",\"url\":\"https:\\\/\\\/www.quebakan.com\\\/v15\\\/\",\"logo\":{\"@type\":\"ImageObject\",\"inLanguage\":\"es\",\"@id\":\"https:\\\/\\\/www.quebakan.com\\\/v15\\\/#\\\/schema\\\/logo\\\/image\\\/\",\"url\":\"https:\\\/\\\/www.quebakan.com\\\/v15\\\/wp-content\\\/uploads\\\/2023\\\/07\\\/logoquebakanenero2021.jpg\",\"contentUrl\":\"https:\\\/\\\/www.quebakan.com\\\/v15\\\/wp-content\\\/uploads\\\/2023\\\/07\\\/logoquebakanenero2021.jpg\",\"width\":1920,\"height\":1080,\"caption\":\"Quebakan.com\"},\"image\":{\"@id\":\"https:\\\/\\\/www.quebakan.com\\\/v15\\\/#\\\/schema\\\/logo\\\/image\\\/\"},\"sameAs\":[\"http:\\\/\\\/www.facebook.com\\\/quebakan\",\"https:\\\/\\\/x.com\\\/quebakanec\",\"http:\\\/\\\/www.instagram.com\\\/quebakan\",\"http:\\\/\\\/www.youtube.com\\\/quebakan1\"]},{\"@type\":\"Person\",\"@id\":\"https:\\\/\\\/www.quebakan.com\\\/v15\\\/#\\\/schema\\\/person\\\/d90fa9f9cfa81eb8ace9811e5b7b9118\",\"name\":\"Erick Villafuerte\",\"image\":{\"@type\":\"ImageObject\",\"inLanguage\":\"es\",\"@id\":\"https:\\\/\\\/www.quebakan.com\\\/v15\\\/wp-content\\\/uploads\\\/avatars\\\/4\\\/1731297654-bpfull.png\",\"url\":\"https:\\\/\\\/www.quebakan.com\\\/v15\\\/wp-content\\\/uploads\\\/avatars\\\/4\\\/1731297654-bpfull.png\",\"contentUrl\":\"https:\\\/\\\/www.quebakan.com\\\/v15\\\/wp-content\\\/uploads\\\/avatars\\\/4\\\/1731297654-bpfull.png\",\"caption\":\"Erick Villafuerte\"}}]}<\/script>\n<!-- \/ Yoast SEO plugin. -->","yoast_head_json":{"title":"En Nestl\u00e9 Ecuador, la seguridad y la salud en el trabajo son parte de nuestro compromiso diario &#8211; QUEBAKAN.COM 2026: Noticias, Eventos, Conciertos y mucho m\u00e1s....","robots":{"index":"index","follow":"follow","max-snippet":"max-snippet:-1","max-image-preview":"max-image-preview:large","max-video-preview":"max-video-preview:-1"},"canonical":"https:\/\/www.quebakan.com\/v15\/en-nestle-ecuador-la-seguridad-y-la-salud-en-el-trabajo-son-parte-de-nuestro-compromiso-diario\/","og_locale":"es_ES","og_type":"article","og_title":"En Nestl\u00e9 Ecuador, la seguridad y la salud en el trabajo son parte de nuestro compromiso diario &#8211; QUEBAKAN.COM 2026: Noticias, Eventos, Conciertos y mucho m\u00e1s....","og_description":"Karla Su\u00e1rez, supervisor de producci\u00f3n F\u00e1brica Ceibos de Nestl\u00e9 Ecuador Nestl\u00e9 Ecuador promueve una gesti\u00f3n responsable orientada a generar un impacto positivo en las personas, las comunidades y el desarrollo del pa\u00eds. Este enfoque se enmarca en su modelo de Creaci\u00f3n de Valor Compartido, que integra el crecimiento del negocio con el bienestar de sus [&hellip;]","og_url":"https:\/\/www.quebakan.com\/v15\/en-nestle-ecuador-la-seguridad-y-la-salud-en-el-trabajo-son-parte-de-nuestro-compromiso-diario\/","og_site_name":"QUEBAKAN.COM 2026: Noticias, Eventos, Conciertos y mucho m\u00e1s....","article_publisher":"http:\/\/www.facebook.com\/quebakan","article_published_time":"2026-04-30T00:27:05+00:00","og_image":[{"width":700,"height":467,"url":"https:\/\/www.quebakan.com\/v15\/wp-content\/uploads\/2026\/04\/SEGURIDAD-INDUSTRIAL.jpg","type":"image\/jpeg"}],"author":"Erick Villafuerte","twitter_card":"summary_large_image","twitter_creator":"@quebakanec","twitter_site":"@quebakanec","twitter_misc":{"Escrito por":"Erick Villafuerte","Tiempo de lectura":"3 minutos"},"schema":{"@context":"https:\/\/schema.org","@graph":[{"@type":"Article","@id":"https:\/\/www.quebakan.com\/v15\/en-nestle-ecuador-la-seguridad-y-la-salud-en-el-trabajo-son-parte-de-nuestro-compromiso-diario\/#article","isPartOf":{"@id":"https:\/\/www.quebakan.com\/v15\/en-nestle-ecuador-la-seguridad-y-la-salud-en-el-trabajo-son-parte-de-nuestro-compromiso-diario\/"},"author":{"name":"Erick Villafuerte","@id":"https:\/\/www.quebakan.com\/v15\/#\/schema\/person\/d90fa9f9cfa81eb8ace9811e5b7b9118"},"headline":"En Nestl\u00e9 Ecuador, la seguridad y la salud en el trabajo son parte de nuestro compromiso diario","datePublished":"2026-04-30T00:27:05+00:00","mainEntityOfPage":{"@id":"https:\/\/www.quebakan.com\/v15\/en-nestle-ecuador-la-seguridad-y-la-salud-en-el-trabajo-son-parte-de-nuestro-compromiso-diario\/"},"wordCount":531,"publisher":{"@id":"https:\/\/www.quebakan.com\/v15\/#organization"},"image":{"@id":"https:\/\/www.quebakan.com\/v15\/en-nestle-ecuador-la-seguridad-y-la-salud-en-el-trabajo-son-parte-de-nuestro-compromiso-diario\/#primaryimage"},"thumbnailUrl":"https:\/\/www.quebakan.com\/v15\/wp-content\/uploads\/2026\/04\/SEGURIDAD-INDUSTRIAL.jpg","articleSection":["Noticias"],"inLanguage":"es"},{"@type":"WebPage","@id":"https:\/\/www.quebakan.com\/v15\/en-nestle-ecuador-la-seguridad-y-la-salud-en-el-trabajo-son-parte-de-nuestro-compromiso-diario\/","url":"https:\/\/www.quebakan.com\/v15\/en-nestle-ecuador-la-seguridad-y-la-salud-en-el-trabajo-son-parte-de-nuestro-compromiso-diario\/","name":"En Nestl\u00e9 Ecuador, la seguridad y la salud en el trabajo son parte de nuestro compromiso diario &#8211; QUEBAKAN.COM 2026: Noticias, Eventos, Conciertos y mucho m\u00e1s....","isPartOf":{"@id":"https:\/\/www.quebakan.com\/v15\/#website"},"primaryImageOfPage":{"@id":"https:\/\/www.quebakan.com\/v15\/en-nestle-ecuador-la-seguridad-y-la-salud-en-el-trabajo-son-parte-de-nuestro-compromiso-diario\/#primaryimage"},"image":{"@id":"https:\/\/www.quebakan.com\/v15\/en-nestle-ecuador-la-seguridad-y-la-salud-en-el-trabajo-son-parte-de-nuestro-compromiso-diario\/#primaryimage"},"thumbnailUrl":"https:\/\/www.quebakan.com\/v15\/wp-content\/uploads\/2026\/04\/SEGURIDAD-INDUSTRIAL.jpg","datePublished":"2026-04-30T00:27:05+00:00","breadcrumb":{"@id":"https:\/\/www.quebakan.com\/v15\/en-nestle-ecuador-la-seguridad-y-la-salud-en-el-trabajo-son-parte-de-nuestro-compromiso-diario\/#breadcrumb"},"inLanguage":"es","potentialAction":[{"@type":"ReadAction","target":["https:\/\/www.quebakan.com\/v15\/en-nestle-ecuador-la-seguridad-y-la-salud-en-el-trabajo-son-parte-de-nuestro-compromiso-diario\/"]}]},{"@type":"ImageObject","inLanguage":"es","@id":"https:\/\/www.quebakan.com\/v15\/en-nestle-ecuador-la-seguridad-y-la-salud-en-el-trabajo-son-parte-de-nuestro-compromiso-diario\/#primaryimage","url":"https:\/\/www.quebakan.com\/v15\/wp-content\/uploads\/2026\/04\/SEGURIDAD-INDUSTRIAL.jpg","contentUrl":"https:\/\/www.quebakan.com\/v15\/wp-content\/uploads\/2026\/04\/SEGURIDAD-INDUSTRIAL.jpg","width":700,"height":467},{"@type":"BreadcrumbList","@id":"https:\/\/www.quebakan.com\/v15\/en-nestle-ecuador-la-seguridad-y-la-salud-en-el-trabajo-son-parte-de-nuestro-compromiso-diario\/#breadcrumb","itemListElement":[{"@type":"ListItem","position":1,"name":"Portada","item":"https:\/\/www.quebakan.com\/v15\/"},{"@type":"ListItem","position":2,"name":"En Nestl\u00e9 Ecuador, la seguridad y la salud en el trabajo son parte de nuestro compromiso diario"}]},{"@type":"WebSite","@id":"https:\/\/www.quebakan.com\/v15\/#website","url":"https:\/\/www.quebakan.com\/v15\/","name":"QUEBAKAN","description":"..","publisher":{"@id":"https:\/\/www.quebakan.com\/v15\/#organization"},"potentialAction":[{"@type":"SearchAction","target":{"@type":"EntryPoint","urlTemplate":"https:\/\/www.quebakan.com\/v15\/?s={search_term_string}"},"query-input":{"@type":"PropertyValueSpecification","valueRequired":true,"valueName":"search_term_string"}}],"inLanguage":"es"},{"@type":"Organization","@id":"https:\/\/www.quebakan.com\/v15\/#organization","name":"Quebakan.com","url":"https:\/\/www.quebakan.com\/v15\/","logo":{"@type":"ImageObject","inLanguage":"es","@id":"https:\/\/www.quebakan.com\/v15\/#\/schema\/logo\/image\/","url":"https:\/\/www.quebakan.com\/v15\/wp-content\/uploads\/2023\/07\/logoquebakanenero2021.jpg","contentUrl":"https:\/\/www.quebakan.com\/v15\/wp-content\/uploads\/2023\/07\/logoquebakanenero2021.jpg","width":1920,"height":1080,"caption":"Quebakan.com"},"image":{"@id":"https:\/\/www.quebakan.com\/v15\/#\/schema\/logo\/image\/"},"sameAs":["http:\/\/www.facebook.com\/quebakan","https:\/\/x.com\/quebakanec","http:\/\/www.instagram.com\/quebakan","http:\/\/www.youtube.com\/quebakan1"]},{"@type":"Person","@id":"https:\/\/www.quebakan.com\/v15\/#\/schema\/person\/d90fa9f9cfa81eb8ace9811e5b7b9118","name":"Erick Villafuerte","image":{"@type":"ImageObject","inLanguage":"es","@id":"https:\/\/www.quebakan.com\/v15\/wp-content\/uploads\/avatars\/4\/1731297654-bpfull.png","url":"https:\/\/www.quebakan.com\/v15\/wp-content\/uploads\/avatars\/4\/1731297654-bpfull.png","contentUrl":"https:\/\/www.quebakan.com\/v15\/wp-content\/uploads\/avatars\/4\/1731297654-bpfull.png","caption":"Erick Villafuerte"}}]}},"_links":{"self":[{"href":"https:\/\/www.quebakan.com\/v15\/wp-json\/wp\/v2\/posts\/142114","targetHints":{"allow":["GET"]}}],"collection":[{"href":"https:\/\/www.quebakan.com\/v15\/wp-json\/wp\/v2\/posts"}],"about":[{"href":"https:\/\/www.quebakan.com\/v15\/wp-json\/wp\/v2\/types\/post"}],"author":[{"embeddable":true,"href":"https:\/\/www.quebakan.com\/v15\/wp-json\/wp\/v2\/users\/4"}],"replies":[{"embeddable":true,"href":"https:\/\/www.quebakan.com\/v15\/wp-json\/wp\/v2\/comments?post=142114"}],"version-history":[{"count":1,"href":"https:\/\/www.quebakan.com\/v15\/wp-json\/wp\/v2\/posts\/142114\/revisions"}],"predecessor-version":[{"id":142116,"href":"https:\/\/www.quebakan.com\/v15\/wp-json\/wp\/v2\/posts\/142114\/revisions\/142116"}],"wp:featuredmedia":[{"embeddable":true,"href":"https:\/\/www.quebakan.com\/v15\/wp-json\/wp\/v2\/media\/142115"}],"wp:attachment":[{"href":"https:\/\/www.quebakan.com\/v15\/wp-json\/wp\/v2\/media?parent=142114"}],"wp:term":[{"taxonomy":"category","embeddable":true,"href":"https:\/\/www.quebakan.com\/v15\/wp-json\/wp\/v2\/categories?post=142114"},{"taxonomy":"post_tag","embeddable":true,"href":"https:\/\/www.quebakan.com\/v15\/wp-json\/wp\/v2\/tags?post=142114"}],"curies":[{"name":"wp","href":"https:\/\/api.w.org\/{rel}","templated":true}]}}