{"id":142120,"date":"2026-04-29T19:44:15","date_gmt":"2026-04-30T00:44:15","guid":{"rendered":"https:\/\/www.quebakan.com\/v15\/?p=142120"},"modified":"2026-04-29T19:44:15","modified_gmt":"2026-04-30T00:44:15","slug":"starbucks-presenta-una-nueva-coleccion-de-bebidas-inspirada-en-los-personajes-de-el-diablo-viste-a-la-moda-2-como-parte-de-una-nueva-campana-global","status":"publish","type":"post","link":"https:\/\/www.quebakan.com\/v15\/starbucks-presenta-una-nueva-coleccion-de-bebidas-inspirada-en-los-personajes-de-el-diablo-viste-a-la-moda-2-como-parte-de-una-nueva-campana-global\/","title":{"rendered":"Starbucks presenta una nueva colecci\u00f3n de bebidas inspirada en los personajes de \u201cEl Diablo Viste a la Moda 2\u201d como parte de una nueva campa\u00f1a global"},"content":{"rendered":"<p><img fetchpriority=\"high\" decoding=\"async\" class=\"aligncenter size-full wp-image-142121\" src=\"https:\/\/www.quebakan.com\/v15\/wp-content\/uploads\/2026\/04\/Devil-Wears-Prada-2_1.jpg\" alt=\"\" width=\"700\" height=\"394\" \/><\/p>\n<p style=\"text-align: justify;\"><span style=\"color: #000000;\"><strong>Seattle, WA, 19 de abril de 2026 <\/strong>\u2014 Starbucks anunci\u00f3 hoy una colaboraci\u00f3n global con <em>\u201cEl Diablo Viste a la Moda 2\u201d<\/em> de 20th Century Studios, que llegar\u00e1 a cines el 30 de abril. La campa\u00f1a presenta una selecci\u00f3n curada de cuatro bebidas inspiradas en los ic\u00f3nicos personajes de la pel\u00edcula, dise\u00f1adas para llevar un toque cinematogr\u00e1fico al ritual diario del caf\u00e9.<\/span><\/p>\n<p style=\"text-align: justify;\"><span style=\"color: #000000;\">Desde las inolvidables idas por caf\u00e9 de Andy, hasta los personajes que marcaron a toda una generaci\u00f3n, la colaboraci\u00f3n celebra tanto a Starbucks como al lugar especial que la pel\u00edcula ocupa en la cultura popular.<\/span><\/p>\n<p style=\"text-align: justify;\"><span style=\"color: #000000;\">A partir del 28 de abril, los consumidores podr\u00e1n descubrir cuatro personalizaciones inspiradas en los personajes en la aplicaci\u00f3n de Starbucks, cada una como un reflejo lleno de sabor de las personalidades que los fans han amado en el universo de <em>El Diablo Viste a la Moda.<\/em><\/span><\/p>\n<p style=\"text-align: justify;\"><span style=\"color: #000000;\"><strong>Bebidas de <em>\u201cEl Diablo Viste a la Moda 2\u201d<\/em><\/strong><\/span><\/p>\n<ul style=\"text-align: justify;\">\n<li><span style=\"color: #000000;\"><strong>La de Miranda:<\/strong> Un Latte con leche descremada, extra caliente, sin espuma y con un shot extra. Porque cualquier cosa menos que eso\u2026 generar\u00eda preguntas.<\/span><\/li>\n<li><span style=\"color: #000000;\"><strong>La de Andy:<\/strong> Un Cappuccino con leche de avena, caramelo y canela: sencillo, elevado y listo para caminar la l\u00ednea entre quien era y quien est\u00e1 por convertirse.<\/span><\/li>\n<li><span style=\"color: #000000;\"><strong>La de Nigel <\/strong>Abr\u00f3chense los cinturones\u2026 Un Espresso Doppio (doble) con crema batida y un toque de mocha: intenso y refinado.<\/span><\/li>\n<li><span style=\"color: #000000;\"><strong>La de Emily: <\/strong>Un Chai Latte helado con leche de almendra y caramelo: exigente y bajo en az\u00facar, preparado con calma\u2026 o, mejor a\u00fan, no.<\/span><\/li>\n<\/ul>\n<p style=\"text-align: justify;\"><span style=\"color: #000000;\">\u201cStarbucks ha sido parte del universo de <em>El Diablo Viste a la Moda<\/em> desde la pel\u00edcula original\u201d, dijo Erin Silvoy, vicepresidenta senior de marketing global en Starbucks. \u201cEstamos emocionados de darle vida nuevamente a esa conexi\u00f3n, ofreciendo a los fans una forma de sumergirse en el momento, comenzando con su caf\u00e9 diario\u201d.<\/span><\/p>\n<p style=\"text-align: justify;\"><span style=\"color: #000000;\">La colaboraci\u00f3n forma parte de una alianza m\u00e1s amplia entre Starbucks y <em>\u201cEl Diablo Viste a la Moda 2\u201d, <\/em>que tambi\u00e9n incluir\u00e1 la presencia de la marca dentro de la pel\u00edcula. Las cafeter\u00edas Starbucks Reserve en Nueva York y Chicago ofrecer\u00e1n ejemplares de edici\u00f3n limitada de la revista promocional <em>Runway<\/em>, la publicaci\u00f3n emblem\u00e1tica de la pel\u00edcula, brindando a los fans una forma adicional de adentrarse en el universo de <em>El Diablo Viste a la Moda.<\/em><\/span><\/p>\n<p style=\"text-align: justify;\"><span style=\"color: #000000;\">\u201cTodo es buena energ\u00eda entre Starbucks y nuestra nueva pel\u00edcula, <em>\u2018El Diablo Viste a la Moda 2\u2019\u201d, <\/em>coment\u00f3 Lylle Breier, EVP de Alianzas, Promociones, Sinergia y Eventos en Disney. \u201cEstamos encantados de colaborar de una manera tan importante con Starbucks en un programa global audaz, ingenioso y tem\u00e1tico, dise\u00f1ado para deleitar a los fans en todo el mundo\u201d.<\/span><\/p>\n<p style=\"text-align: justify;\"><span style=\"color: #000000;\">Las bebidas estar\u00e1n disponibles en cafeter\u00edas Starbucks alrededor del mundo. En Ecuador estar\u00e1n disponibles del 28 de abril al 12 de mayo.<\/span><\/p>\n<p style=\"text-align: justify;\"><span style=\"color: #000000;\">\u201cDesde el primer sorbo hasta la escena final, Starbucks invita a los clientes a sumarse al esp\u00edritu de la moda, pedir su bebida favorita y vivir el evento de moda m\u00e1s importante del a\u00f1o: <em>\u2018El Diablo Viste a la Moda 2\u2019<\/em>, en cines el 30 de abril\u201d, concluy\u00f3 Silvoy.<\/span><\/p>\n","protected":false},"excerpt":{"rendered":"<p>Seattle, WA, 19 de abril de 2026 \u2014 Starbucks anunci\u00f3 hoy una colaboraci\u00f3n global con \u201cEl Diablo Viste a la Moda 2\u201d de 20th Century Studios, que llegar\u00e1 a cines el 30 de abril. La campa\u00f1a presenta una selecci\u00f3n curada de cuatro bebidas inspiradas en los ic\u00f3nicos personajes de la pel\u00edcula, dise\u00f1adas para llevar un [&hellip;]<\/p>\n","protected":false},"author":4,"featured_media":142121,"comment_status":"closed","ping_status":"closed","sticky":false,"template":"","format":"standard","meta":{"_bbp_topic_count":0,"_bbp_reply_count":0,"_bbp_total_topic_count":0,"_bbp_total_reply_count":0,"_bbp_voice_count":0,"_bbp_anonymous_reply_count":0,"_bbp_topic_count_hidden":0,"_bbp_reply_count_hidden":0,"_bbp_forum_subforum_count":0,"buzzeditor_post_format":"","footnotes":""},"categories":[2],"tags":[],"class_list":["post-142120","post","type-post","status-publish","format-standard","has-post-thumbnail","hentry","category-noticias"],"yoast_head":"<!-- This site is optimized with the Yoast SEO plugin v27.5 - https:\/\/yoast.com\/product\/yoast-seo-wordpress\/ -->\n<title>Starbucks presenta una nueva colecci\u00f3n de bebidas inspirada en los personajes de \u201cEl Diablo Viste a la Moda 2\u201d como parte de una nueva campa\u00f1a global &#8211; QUEBAKAN.COM 2026: Noticias, Eventos, Conciertos y mucho m\u00e1s....<\/title>\n<meta name=\"robots\" content=\"index, follow, max-snippet:-1, max-image-preview:large, max-video-preview:-1\" \/>\n<link rel=\"canonical\" href=\"https:\/\/www.quebakan.com\/v15\/starbucks-presenta-una-nueva-coleccion-de-bebidas-inspirada-en-los-personajes-de-el-diablo-viste-a-la-moda-2-como-parte-de-una-nueva-campana-global\/\" \/>\n<meta property=\"og:locale\" content=\"es_ES\" \/>\n<meta property=\"og:type\" content=\"article\" \/>\n<meta property=\"og:title\" content=\"Starbucks presenta una nueva colecci\u00f3n de bebidas inspirada en los personajes de \u201cEl Diablo Viste a la Moda 2\u201d como parte de una nueva campa\u00f1a global &#8211; QUEBAKAN.COM 2026: Noticias, Eventos, Conciertos y mucho m\u00e1s....\" \/>\n<meta property=\"og:description\" content=\"Seattle, WA, 19 de abril de 2026 \u2014 Starbucks anunci\u00f3 hoy una colaboraci\u00f3n global con \u201cEl Diablo Viste a la Moda 2\u201d de 20th Century Studios, que llegar\u00e1 a cines el 30 de abril. La campa\u00f1a presenta una selecci\u00f3n curada de cuatro bebidas inspiradas en los ic\u00f3nicos personajes de la pel\u00edcula, dise\u00f1adas para llevar un [&hellip;]\" \/>\n<meta property=\"og:url\" content=\"https:\/\/www.quebakan.com\/v15\/starbucks-presenta-una-nueva-coleccion-de-bebidas-inspirada-en-los-personajes-de-el-diablo-viste-a-la-moda-2-como-parte-de-una-nueva-campana-global\/\" \/>\n<meta property=\"og:site_name\" content=\"QUEBAKAN.COM 2026: Noticias, Eventos, Conciertos y mucho m\u00e1s....\" \/>\n<meta property=\"article:publisher\" content=\"http:\/\/www.facebook.com\/quebakan\" \/>\n<meta property=\"article:published_time\" content=\"2026-04-30T00:44:15+00:00\" \/>\n<meta property=\"og:image\" content=\"https:\/\/www.quebakan.com\/v15\/wp-content\/uploads\/2026\/04\/Devil-Wears-Prada-2_1.jpg\" \/>\n\t<meta property=\"og:image:width\" content=\"700\" \/>\n\t<meta property=\"og:image:height\" content=\"394\" \/>\n\t<meta property=\"og:image:type\" content=\"image\/jpeg\" \/>\n<meta name=\"author\" content=\"Erick Villafuerte\" \/>\n<meta name=\"twitter:card\" content=\"summary_large_image\" \/>\n<meta name=\"twitter:creator\" content=\"@quebakanec\" \/>\n<meta name=\"twitter:site\" content=\"@quebakanec\" \/>\n<meta name=\"twitter:label1\" content=\"Escrito por\" \/>\n\t<meta name=\"twitter:data1\" content=\"Erick Villafuerte\" \/>\n\t<meta name=\"twitter:label2\" content=\"Tiempo de lectura\" \/>\n\t<meta name=\"twitter:data2\" content=\"3 minutos\" \/>\n<script type=\"application\/ld+json\" class=\"yoast-schema-graph\">{\"@context\":\"https:\\\/\\\/schema.org\",\"@graph\":[{\"@type\":\"Article\",\"@id\":\"https:\\\/\\\/www.quebakan.com\\\/v15\\\/starbucks-presenta-una-nueva-coleccion-de-bebidas-inspirada-en-los-personajes-de-el-diablo-viste-a-la-moda-2-como-parte-de-una-nueva-campana-global\\\/#article\",\"isPartOf\":{\"@id\":\"https:\\\/\\\/www.quebakan.com\\\/v15\\\/starbucks-presenta-una-nueva-coleccion-de-bebidas-inspirada-en-los-personajes-de-el-diablo-viste-a-la-moda-2-como-parte-de-una-nueva-campana-global\\\/\"},\"author\":{\"name\":\"Erick Villafuerte\",\"@id\":\"https:\\\/\\\/www.quebakan.com\\\/v15\\\/#\\\/schema\\\/person\\\/d90fa9f9cfa81eb8ace9811e5b7b9118\"},\"headline\":\"Starbucks presenta una nueva colecci\u00f3n de bebidas inspirada en los personajes de \u201cEl Diablo Viste a la Moda 2\u201d como parte de una nueva campa\u00f1a global\",\"datePublished\":\"2026-04-30T00:44:15+00:00\",\"mainEntityOfPage\":{\"@id\":\"https:\\\/\\\/www.quebakan.com\\\/v15\\\/starbucks-presenta-una-nueva-coleccion-de-bebidas-inspirada-en-los-personajes-de-el-diablo-viste-a-la-moda-2-como-parte-de-una-nueva-campana-global\\\/\"},\"wordCount\":561,\"publisher\":{\"@id\":\"https:\\\/\\\/www.quebakan.com\\\/v15\\\/#organization\"},\"image\":{\"@id\":\"https:\\\/\\\/www.quebakan.com\\\/v15\\\/starbucks-presenta-una-nueva-coleccion-de-bebidas-inspirada-en-los-personajes-de-el-diablo-viste-a-la-moda-2-como-parte-de-una-nueva-campana-global\\\/#primaryimage\"},\"thumbnailUrl\":\"https:\\\/\\\/www.quebakan.com\\\/v15\\\/wp-content\\\/uploads\\\/2026\\\/04\\\/Devil-Wears-Prada-2_1.jpg\",\"articleSection\":[\"Noticias\"],\"inLanguage\":\"es\"},{\"@type\":\"WebPage\",\"@id\":\"https:\\\/\\\/www.quebakan.com\\\/v15\\\/starbucks-presenta-una-nueva-coleccion-de-bebidas-inspirada-en-los-personajes-de-el-diablo-viste-a-la-moda-2-como-parte-de-una-nueva-campana-global\\\/\",\"url\":\"https:\\\/\\\/www.quebakan.com\\\/v15\\\/starbucks-presenta-una-nueva-coleccion-de-bebidas-inspirada-en-los-personajes-de-el-diablo-viste-a-la-moda-2-como-parte-de-una-nueva-campana-global\\\/\",\"name\":\"Starbucks presenta una nueva colecci\u00f3n de bebidas inspirada en los personajes de \u201cEl Diablo Viste a la Moda 2\u201d como parte de una nueva campa\u00f1a global &#8211; QUEBAKAN.COM 2026: Noticias, Eventos, Conciertos y mucho m\u00e1s....\",\"isPartOf\":{\"@id\":\"https:\\\/\\\/www.quebakan.com\\\/v15\\\/#website\"},\"primaryImageOfPage\":{\"@id\":\"https:\\\/\\\/www.quebakan.com\\\/v15\\\/starbucks-presenta-una-nueva-coleccion-de-bebidas-inspirada-en-los-personajes-de-el-diablo-viste-a-la-moda-2-como-parte-de-una-nueva-campana-global\\\/#primaryimage\"},\"image\":{\"@id\":\"https:\\\/\\\/www.quebakan.com\\\/v15\\\/starbucks-presenta-una-nueva-coleccion-de-bebidas-inspirada-en-los-personajes-de-el-diablo-viste-a-la-moda-2-como-parte-de-una-nueva-campana-global\\\/#primaryimage\"},\"thumbnailUrl\":\"https:\\\/\\\/www.quebakan.com\\\/v15\\\/wp-content\\\/uploads\\\/2026\\\/04\\\/Devil-Wears-Prada-2_1.jpg\",\"datePublished\":\"2026-04-30T00:44:15+00:00\",\"breadcrumb\":{\"@id\":\"https:\\\/\\\/www.quebakan.com\\\/v15\\\/starbucks-presenta-una-nueva-coleccion-de-bebidas-inspirada-en-los-personajes-de-el-diablo-viste-a-la-moda-2-como-parte-de-una-nueva-campana-global\\\/#breadcrumb\"},\"inLanguage\":\"es\",\"potentialAction\":[{\"@type\":\"ReadAction\",\"target\":[\"https:\\\/\\\/www.quebakan.com\\\/v15\\\/starbucks-presenta-una-nueva-coleccion-de-bebidas-inspirada-en-los-personajes-de-el-diablo-viste-a-la-moda-2-como-parte-de-una-nueva-campana-global\\\/\"]}]},{\"@type\":\"ImageObject\",\"inLanguage\":\"es\",\"@id\":\"https:\\\/\\\/www.quebakan.com\\\/v15\\\/starbucks-presenta-una-nueva-coleccion-de-bebidas-inspirada-en-los-personajes-de-el-diablo-viste-a-la-moda-2-como-parte-de-una-nueva-campana-global\\\/#primaryimage\",\"url\":\"https:\\\/\\\/www.quebakan.com\\\/v15\\\/wp-content\\\/uploads\\\/2026\\\/04\\\/Devil-Wears-Prada-2_1.jpg\",\"contentUrl\":\"https:\\\/\\\/www.quebakan.com\\\/v15\\\/wp-content\\\/uploads\\\/2026\\\/04\\\/Devil-Wears-Prada-2_1.jpg\",\"width\":700,\"height\":394},{\"@type\":\"BreadcrumbList\",\"@id\":\"https:\\\/\\\/www.quebakan.com\\\/v15\\\/starbucks-presenta-una-nueva-coleccion-de-bebidas-inspirada-en-los-personajes-de-el-diablo-viste-a-la-moda-2-como-parte-de-una-nueva-campana-global\\\/#breadcrumb\",\"itemListElement\":[{\"@type\":\"ListItem\",\"position\":1,\"name\":\"Portada\",\"item\":\"https:\\\/\\\/www.quebakan.com\\\/v15\\\/\"},{\"@type\":\"ListItem\",\"position\":2,\"name\":\"Starbucks presenta una nueva colecci\u00f3n de bebidas inspirada en los personajes de \u201cEl Diablo Viste a la Moda 2\u201d como parte de una nueva campa\u00f1a global\"}]},{\"@type\":\"WebSite\",\"@id\":\"https:\\\/\\\/www.quebakan.com\\\/v15\\\/#website\",\"url\":\"https:\\\/\\\/www.quebakan.com\\\/v15\\\/\",\"name\":\"QUEBAKAN\",\"description\":\"..\",\"publisher\":{\"@id\":\"https:\\\/\\\/www.quebakan.com\\\/v15\\\/#organization\"},\"potentialAction\":[{\"@type\":\"SearchAction\",\"target\":{\"@type\":\"EntryPoint\",\"urlTemplate\":\"https:\\\/\\\/www.quebakan.com\\\/v15\\\/?s={search_term_string}\"},\"query-input\":{\"@type\":\"PropertyValueSpecification\",\"valueRequired\":true,\"valueName\":\"search_term_string\"}}],\"inLanguage\":\"es\"},{\"@type\":\"Organization\",\"@id\":\"https:\\\/\\\/www.quebakan.com\\\/v15\\\/#organization\",\"name\":\"Quebakan.com\",\"url\":\"https:\\\/\\\/www.quebakan.com\\\/v15\\\/\",\"logo\":{\"@type\":\"ImageObject\",\"inLanguage\":\"es\",\"@id\":\"https:\\\/\\\/www.quebakan.com\\\/v15\\\/#\\\/schema\\\/logo\\\/image\\\/\",\"url\":\"https:\\\/\\\/www.quebakan.com\\\/v15\\\/wp-content\\\/uploads\\\/2023\\\/07\\\/logoquebakanenero2021.jpg\",\"contentUrl\":\"https:\\\/\\\/www.quebakan.com\\\/v15\\\/wp-content\\\/uploads\\\/2023\\\/07\\\/logoquebakanenero2021.jpg\",\"width\":1920,\"height\":1080,\"caption\":\"Quebakan.com\"},\"image\":{\"@id\":\"https:\\\/\\\/www.quebakan.com\\\/v15\\\/#\\\/schema\\\/logo\\\/image\\\/\"},\"sameAs\":[\"http:\\\/\\\/www.facebook.com\\\/quebakan\",\"https:\\\/\\\/x.com\\\/quebakanec\",\"http:\\\/\\\/www.instagram.com\\\/quebakan\",\"http:\\\/\\\/www.youtube.com\\\/quebakan1\"]},{\"@type\":\"Person\",\"@id\":\"https:\\\/\\\/www.quebakan.com\\\/v15\\\/#\\\/schema\\\/person\\\/d90fa9f9cfa81eb8ace9811e5b7b9118\",\"name\":\"Erick Villafuerte\",\"image\":{\"@type\":\"ImageObject\",\"inLanguage\":\"es\",\"@id\":\"https:\\\/\\\/www.quebakan.com\\\/v15\\\/wp-content\\\/uploads\\\/avatars\\\/4\\\/1731297654-bpfull.png\",\"url\":\"https:\\\/\\\/www.quebakan.com\\\/v15\\\/wp-content\\\/uploads\\\/avatars\\\/4\\\/1731297654-bpfull.png\",\"contentUrl\":\"https:\\\/\\\/www.quebakan.com\\\/v15\\\/wp-content\\\/uploads\\\/avatars\\\/4\\\/1731297654-bpfull.png\",\"caption\":\"Erick Villafuerte\"}}]}<\/script>\n<!-- \/ Yoast SEO plugin. -->","yoast_head_json":{"title":"Starbucks presenta una nueva colecci\u00f3n de bebidas inspirada en los personajes de \u201cEl Diablo Viste a la Moda 2\u201d como parte de una nueva campa\u00f1a global &#8211; QUEBAKAN.COM 2026: Noticias, Eventos, Conciertos y mucho m\u00e1s....","robots":{"index":"index","follow":"follow","max-snippet":"max-snippet:-1","max-image-preview":"max-image-preview:large","max-video-preview":"max-video-preview:-1"},"canonical":"https:\/\/www.quebakan.com\/v15\/starbucks-presenta-una-nueva-coleccion-de-bebidas-inspirada-en-los-personajes-de-el-diablo-viste-a-la-moda-2-como-parte-de-una-nueva-campana-global\/","og_locale":"es_ES","og_type":"article","og_title":"Starbucks presenta una nueva colecci\u00f3n de bebidas inspirada en los personajes de \u201cEl Diablo Viste a la Moda 2\u201d como parte de una nueva campa\u00f1a global &#8211; QUEBAKAN.COM 2026: Noticias, Eventos, Conciertos y mucho m\u00e1s....","og_description":"Seattle, WA, 19 de abril de 2026 \u2014 Starbucks anunci\u00f3 hoy una colaboraci\u00f3n global con \u201cEl Diablo Viste a la Moda 2\u201d de 20th Century Studios, que llegar\u00e1 a cines el 30 de abril. La campa\u00f1a presenta una selecci\u00f3n curada de cuatro bebidas inspiradas en los ic\u00f3nicos personajes de la pel\u00edcula, dise\u00f1adas para llevar un [&hellip;]","og_url":"https:\/\/www.quebakan.com\/v15\/starbucks-presenta-una-nueva-coleccion-de-bebidas-inspirada-en-los-personajes-de-el-diablo-viste-a-la-moda-2-como-parte-de-una-nueva-campana-global\/","og_site_name":"QUEBAKAN.COM 2026: Noticias, Eventos, Conciertos y mucho m\u00e1s....","article_publisher":"http:\/\/www.facebook.com\/quebakan","article_published_time":"2026-04-30T00:44:15+00:00","og_image":[{"width":700,"height":394,"url":"https:\/\/www.quebakan.com\/v15\/wp-content\/uploads\/2026\/04\/Devil-Wears-Prada-2_1.jpg","type":"image\/jpeg"}],"author":"Erick Villafuerte","twitter_card":"summary_large_image","twitter_creator":"@quebakanec","twitter_site":"@quebakanec","twitter_misc":{"Escrito por":"Erick Villafuerte","Tiempo de lectura":"3 minutos"},"schema":{"@context":"https:\/\/schema.org","@graph":[{"@type":"Article","@id":"https:\/\/www.quebakan.com\/v15\/starbucks-presenta-una-nueva-coleccion-de-bebidas-inspirada-en-los-personajes-de-el-diablo-viste-a-la-moda-2-como-parte-de-una-nueva-campana-global\/#article","isPartOf":{"@id":"https:\/\/www.quebakan.com\/v15\/starbucks-presenta-una-nueva-coleccion-de-bebidas-inspirada-en-los-personajes-de-el-diablo-viste-a-la-moda-2-como-parte-de-una-nueva-campana-global\/"},"author":{"name":"Erick Villafuerte","@id":"https:\/\/www.quebakan.com\/v15\/#\/schema\/person\/d90fa9f9cfa81eb8ace9811e5b7b9118"},"headline":"Starbucks presenta una nueva colecci\u00f3n de bebidas inspirada en los personajes de \u201cEl Diablo Viste a la Moda 2\u201d como parte de una nueva campa\u00f1a global","datePublished":"2026-04-30T00:44:15+00:00","mainEntityOfPage":{"@id":"https:\/\/www.quebakan.com\/v15\/starbucks-presenta-una-nueva-coleccion-de-bebidas-inspirada-en-los-personajes-de-el-diablo-viste-a-la-moda-2-como-parte-de-una-nueva-campana-global\/"},"wordCount":561,"publisher":{"@id":"https:\/\/www.quebakan.com\/v15\/#organization"},"image":{"@id":"https:\/\/www.quebakan.com\/v15\/starbucks-presenta-una-nueva-coleccion-de-bebidas-inspirada-en-los-personajes-de-el-diablo-viste-a-la-moda-2-como-parte-de-una-nueva-campana-global\/#primaryimage"},"thumbnailUrl":"https:\/\/www.quebakan.com\/v15\/wp-content\/uploads\/2026\/04\/Devil-Wears-Prada-2_1.jpg","articleSection":["Noticias"],"inLanguage":"es"},{"@type":"WebPage","@id":"https:\/\/www.quebakan.com\/v15\/starbucks-presenta-una-nueva-coleccion-de-bebidas-inspirada-en-los-personajes-de-el-diablo-viste-a-la-moda-2-como-parte-de-una-nueva-campana-global\/","url":"https:\/\/www.quebakan.com\/v15\/starbucks-presenta-una-nueva-coleccion-de-bebidas-inspirada-en-los-personajes-de-el-diablo-viste-a-la-moda-2-como-parte-de-una-nueva-campana-global\/","name":"Starbucks presenta una nueva colecci\u00f3n de bebidas inspirada en los personajes de \u201cEl Diablo Viste a la Moda 2\u201d como parte de una nueva campa\u00f1a global &#8211; QUEBAKAN.COM 2026: Noticias, Eventos, Conciertos y mucho m\u00e1s....","isPartOf":{"@id":"https:\/\/www.quebakan.com\/v15\/#website"},"primaryImageOfPage":{"@id":"https:\/\/www.quebakan.com\/v15\/starbucks-presenta-una-nueva-coleccion-de-bebidas-inspirada-en-los-personajes-de-el-diablo-viste-a-la-moda-2-como-parte-de-una-nueva-campana-global\/#primaryimage"},"image":{"@id":"https:\/\/www.quebakan.com\/v15\/starbucks-presenta-una-nueva-coleccion-de-bebidas-inspirada-en-los-personajes-de-el-diablo-viste-a-la-moda-2-como-parte-de-una-nueva-campana-global\/#primaryimage"},"thumbnailUrl":"https:\/\/www.quebakan.com\/v15\/wp-content\/uploads\/2026\/04\/Devil-Wears-Prada-2_1.jpg","datePublished":"2026-04-30T00:44:15+00:00","breadcrumb":{"@id":"https:\/\/www.quebakan.com\/v15\/starbucks-presenta-una-nueva-coleccion-de-bebidas-inspirada-en-los-personajes-de-el-diablo-viste-a-la-moda-2-como-parte-de-una-nueva-campana-global\/#breadcrumb"},"inLanguage":"es","potentialAction":[{"@type":"ReadAction","target":["https:\/\/www.quebakan.com\/v15\/starbucks-presenta-una-nueva-coleccion-de-bebidas-inspirada-en-los-personajes-de-el-diablo-viste-a-la-moda-2-como-parte-de-una-nueva-campana-global\/"]}]},{"@type":"ImageObject","inLanguage":"es","@id":"https:\/\/www.quebakan.com\/v15\/starbucks-presenta-una-nueva-coleccion-de-bebidas-inspirada-en-los-personajes-de-el-diablo-viste-a-la-moda-2-como-parte-de-una-nueva-campana-global\/#primaryimage","url":"https:\/\/www.quebakan.com\/v15\/wp-content\/uploads\/2026\/04\/Devil-Wears-Prada-2_1.jpg","contentUrl":"https:\/\/www.quebakan.com\/v15\/wp-content\/uploads\/2026\/04\/Devil-Wears-Prada-2_1.jpg","width":700,"height":394},{"@type":"BreadcrumbList","@id":"https:\/\/www.quebakan.com\/v15\/starbucks-presenta-una-nueva-coleccion-de-bebidas-inspirada-en-los-personajes-de-el-diablo-viste-a-la-moda-2-como-parte-de-una-nueva-campana-global\/#breadcrumb","itemListElement":[{"@type":"ListItem","position":1,"name":"Portada","item":"https:\/\/www.quebakan.com\/v15\/"},{"@type":"ListItem","position":2,"name":"Starbucks presenta una nueva colecci\u00f3n de bebidas inspirada en los personajes de \u201cEl Diablo Viste a la Moda 2\u201d como parte de una nueva campa\u00f1a global"}]},{"@type":"WebSite","@id":"https:\/\/www.quebakan.com\/v15\/#website","url":"https:\/\/www.quebakan.com\/v15\/","name":"QUEBAKAN","description":"..","publisher":{"@id":"https:\/\/www.quebakan.com\/v15\/#organization"},"potentialAction":[{"@type":"SearchAction","target":{"@type":"EntryPoint","urlTemplate":"https:\/\/www.quebakan.com\/v15\/?s={search_term_string}"},"query-input":{"@type":"PropertyValueSpecification","valueRequired":true,"valueName":"search_term_string"}}],"inLanguage":"es"},{"@type":"Organization","@id":"https:\/\/www.quebakan.com\/v15\/#organization","name":"Quebakan.com","url":"https:\/\/www.quebakan.com\/v15\/","logo":{"@type":"ImageObject","inLanguage":"es","@id":"https:\/\/www.quebakan.com\/v15\/#\/schema\/logo\/image\/","url":"https:\/\/www.quebakan.com\/v15\/wp-content\/uploads\/2023\/07\/logoquebakanenero2021.jpg","contentUrl":"https:\/\/www.quebakan.com\/v15\/wp-content\/uploads\/2023\/07\/logoquebakanenero2021.jpg","width":1920,"height":1080,"caption":"Quebakan.com"},"image":{"@id":"https:\/\/www.quebakan.com\/v15\/#\/schema\/logo\/image\/"},"sameAs":["http:\/\/www.facebook.com\/quebakan","https:\/\/x.com\/quebakanec","http:\/\/www.instagram.com\/quebakan","http:\/\/www.youtube.com\/quebakan1"]},{"@type":"Person","@id":"https:\/\/www.quebakan.com\/v15\/#\/schema\/person\/d90fa9f9cfa81eb8ace9811e5b7b9118","name":"Erick Villafuerte","image":{"@type":"ImageObject","inLanguage":"es","@id":"https:\/\/www.quebakan.com\/v15\/wp-content\/uploads\/avatars\/4\/1731297654-bpfull.png","url":"https:\/\/www.quebakan.com\/v15\/wp-content\/uploads\/avatars\/4\/1731297654-bpfull.png","contentUrl":"https:\/\/www.quebakan.com\/v15\/wp-content\/uploads\/avatars\/4\/1731297654-bpfull.png","caption":"Erick Villafuerte"}}]}},"_links":{"self":[{"href":"https:\/\/www.quebakan.com\/v15\/wp-json\/wp\/v2\/posts\/142120","targetHints":{"allow":["GET"]}}],"collection":[{"href":"https:\/\/www.quebakan.com\/v15\/wp-json\/wp\/v2\/posts"}],"about":[{"href":"https:\/\/www.quebakan.com\/v15\/wp-json\/wp\/v2\/types\/post"}],"author":[{"embeddable":true,"href":"https:\/\/www.quebakan.com\/v15\/wp-json\/wp\/v2\/users\/4"}],"replies":[{"embeddable":true,"href":"https:\/\/www.quebakan.com\/v15\/wp-json\/wp\/v2\/comments?post=142120"}],"version-history":[{"count":1,"href":"https:\/\/www.quebakan.com\/v15\/wp-json\/wp\/v2\/posts\/142120\/revisions"}],"predecessor-version":[{"id":142122,"href":"https:\/\/www.quebakan.com\/v15\/wp-json\/wp\/v2\/posts\/142120\/revisions\/142122"}],"wp:featuredmedia":[{"embeddable":true,"href":"https:\/\/www.quebakan.com\/v15\/wp-json\/wp\/v2\/media\/142121"}],"wp:attachment":[{"href":"https:\/\/www.quebakan.com\/v15\/wp-json\/wp\/v2\/media?parent=142120"}],"wp:term":[{"taxonomy":"category","embeddable":true,"href":"https:\/\/www.quebakan.com\/v15\/wp-json\/wp\/v2\/categories?post=142120"},{"taxonomy":"post_tag","embeddable":true,"href":"https:\/\/www.quebakan.com\/v15\/wp-json\/wp\/v2\/tags?post=142120"}],"curies":[{"name":"wp","href":"https:\/\/api.w.org\/{rel}","templated":true}]}}