{"id":142134,"date":"2026-04-29T20:17:03","date_gmt":"2026-04-30T01:17:03","guid":{"rendered":"https:\/\/www.quebakan.com\/v15\/?p=142134"},"modified":"2026-04-29T20:17:03","modified_gmt":"2026-04-30T01:17:03","slug":"solo-2-de-cada-10-ecuatorianos-ejerce-la-profesion-que-sonaba-en-su-ninez","status":"publish","type":"post","link":"https:\/\/www.quebakan.com\/v15\/solo-2-de-cada-10-ecuatorianos-ejerce-la-profesion-que-sonaba-en-su-ninez\/","title":{"rendered":"Solo 2 de cada 10 ecuatorianos ejerce la profesi\u00f3n que so\u00f1aba en su ni\u00f1ez"},"content":{"rendered":"<p><img fetchpriority=\"high\" decoding=\"async\" class=\"aligncenter size-full wp-image-142135\" src=\"https:\/\/www.quebakan.com\/v15\/wp-content\/uploads\/2026\/04\/Trabajo.jpg\" alt=\"\" width=\"700\" height=\"394\" \/><\/p>\n<p style=\"text-align: justify;\"><span style=\"color: #000000;\"><em>El dato se desprende del estudio \u201c\u00bfTrabajas en lo que so\u00f1abas?\u201d de Multitrabajos. Sin embargo, 6 de cada 10 talentos se sienten optimistas, aunque trabajan en algo diferente a lo que so\u00f1aban. <\/em><\/span><\/p>\n<p style=\"text-align: justify;\"><span style=\"color: #000000;\"><strong>Ecuador, mayo de 2026<\/strong>.- Seg\u00fan la nueva edici\u00f3n del <strong>estudio<\/strong> <strong><em>\u00bfTrabajas de lo que so\u00f1abas cuando eras ni\u00f1o? <\/em>de<\/strong> <strong>Multitrabajos<\/strong>, el portal de empleo l\u00edder de Latinoam\u00e9rica, el 76% de las personas trabajadoras no ejerce la profesi\u00f3n que so\u00f1aba en su ni\u00f1ez. Panam\u00e1 lidera la tendencia con el 83%, seguido por Argentina (80%), Chile (78%) y Per\u00fa (59%).<\/span><\/p>\n<p style=\"text-align: justify;\"><span style=\"color: #000000;\">Adem\u00e1s, esta tendencia registr\u00f3 un aumento de 3 puntos porcentuales respecto a la edici\u00f3n anterior del estudio en 2025, cuando el 73% de los ecuatorianos afirmaba lo mismo.<\/span><\/p>\n<p style=\"text-align: justify;\"><span style=\"color: #000000;\">Sin embargo, <strong>al consultar a los talentos sobre c\u00f3mo se sienten al trabajar en algo diferente a lo que so\u00f1aban, el 59% de los encuestados se mostr\u00f3 optimista<\/strong>. En contraste, <strong>el 41% dijo sentirse insatisfecho o frustrado<\/strong>, debido a que no est\u00e1n ejerciendo la profesi\u00f3n que so\u00f1aban o estudiaron, aunque buscan enfocar su trabajo actual en su desarrollo profesional.<\/span><\/p>\n<p style=\"text-align: justify;\"><span style=\"color: #000000;\">En este contexto, <strong>el 88% de los talentos cambiar\u00eda su actual ocupaci\u00f3n por la que so\u00f1aba en su ni\u00f1ez si tuviera la oportunidad<\/strong>; mientras que el 12% prefiere mantener su situaci\u00f3n actual.<\/span><\/p>\n<p style=\"text-align: justify;\"><span style=\"color: #000000;\">\u201c<em>La incongruencia entre los sue\u00f1os y la realidad profesional es una tendencia creciente en Ecuador: el 76% de los talentos no trabaja en la profesi\u00f3n que so\u00f1aba en su infancia. Sin embargo, esta diferencia no siempre se traduce en una experiencia negativa, el 59% de las personas trabajadoras se muestra optimista pese a desempe\u00f1arse en un \u00e1rea distinta a la que so\u00f1aba o estudi\u00f3, lo que refleja una alta capacidad de adaptaci\u00f3n y resignificaci\u00f3n del camino laboral<\/em>\u201d, explica <strong>Miguel Bechara, Director de <\/strong><a style=\"color: #000000;\" href=\"http:\/\/multitrabajos.com\"><strong>Multitrabajos.com<\/strong><\/a><strong> en Jobint.<\/strong><\/span><\/p>\n<p style=\"text-align: justify;\"><span style=\"color: #000000;\"><strong><em>\u00bfTrabajas en lo que so\u00f1abas cuando eras ni\u00f1o?<\/em><\/strong> es un estudio de Multitrabajos en el que participaron 2.391 personas trabajadoras de Ecuador, Argentina, Chile, Panam\u00e1 y Per\u00fa. La investigaci\u00f3n explora si los talentos ejercen la profesi\u00f3n con la que so\u00f1aban en su infancia y para la que estudiaron, y c\u00f3mo impacta la incongruencia entre sus aspiraciones y su realidad laboral.<\/span><\/p>\n<p style=\"text-align: justify;\"><span style=\"color: #000000;\"><strong>\u00bfCu\u00e1les son las profesiones so\u00f1adas de las personas trabajadoras?<\/strong><\/span><\/p>\n<p style=\"text-align: justify;\"><span style=\"color: #000000;\">Entre quienes se identifican como <strong>mujeres<\/strong>, el 21% so\u00f1aba en su ni\u00f1ez con <strong>ser m\u00e9dica<\/strong>; el 14% con convertirse en profesora; el 10% deseaba ser ingeniera; y el 8% aspiraba a ser cajera.<\/span><\/p>\n<p style=\"text-align: justify;\"><span style=\"color: #000000;\">\u00bfA qu\u00e9 se dedican actualmente? El 38% trabaja como <strong>vendedora<\/strong>; el 17% como ingeniera; otro 17% como cajera; y el 12% ejerce como profesora.<\/span><\/p>\n<p style=\"text-align: justify;\"><span style=\"color: #000000;\">Por otra parte, entre quienes se identifican como <strong>hombres<\/strong>, el 21% so\u00f1aba con ser <strong>ingeniero<\/strong>; el 15% con convertirse en futbolista; y el 9% deseaba ser m\u00e9dico.<\/span><\/p>\n<p style=\"text-align: justify;\"><span style=\"color: #000000;\">Actualmente, \u00bfa qu\u00e9 se dedican? El 37% trabaja como <strong>vendedor<\/strong>; el 21% como ingeniero; y el 13% como cajero.<\/span><\/p>\n<p style=\"text-align: justify;\"><span style=\"color: #000000;\">Entre las <strong>personas que no se identifican ni con el g\u00e9nero femenino ni con el masculino<\/strong>, el 21% so\u00f1aba con desempe\u00f1arse como futbolista; el 13% con ejercer en dise\u00f1o; un 8% con trabajar en ingenier\u00eda; y otro 8% con laborar en seguridad p\u00fablica.<\/span><\/p>\n<p style=\"text-align: justify;\"><span style=\"color: #000000;\">Actualmente, \u00bfqu\u00e9 carreras ejercen? El 32% trabaja en ventas; el 17% se desarrolla en ingenier\u00eda; otro 17% labora en caja; y el 13% ejerce en dise\u00f1o.<\/span><\/p>\n<p style=\"text-align: justify;\"><span style=\"color: #000000;\"><strong>5 de cada 10 talentos estudi\u00f3 algo relacionado a su trabajo so\u00f1ado<\/strong><\/span><\/p>\n<p style=\"text-align: justify;\"><span style=\"color: #000000;\">En Ecuador, el 51% de las personas trabajadoras estudi\u00f3 algo relacionado con lo que so\u00f1aba en su ni\u00f1ez; mientras que el 49% no lo hizo. No obstante, el 57% de aquellos que siguieron estudios afines a su profesi\u00f3n so\u00f1ada, no trabaja en un \u00e1rea relacionada con su formaci\u00f3n.<\/span><\/p>\n<p style=\"text-align: justify;\"><span style=\"color: #000000;\">En la regi\u00f3n, Argentina lidera esta tendencia con el 61%; le sigue Panam\u00e1, con el 58%; Chile, con el 55%. Mientras que en Per\u00fa la tendencia es m\u00e1s favorable, el 70% de los talentos trabaja en un \u00e1rea relacionada a lo que estudi\u00f3.<\/span><\/p>\n<p style=\"text-align: justify;\"><span style=\"color: #000000;\">\u201cPara todas aquellas personas que desean trabajar en lo que realmente les gusta o encontrar un empleo alineado con sus intereses, <strong>Multitrabajos <\/strong>cuenta con miles de oportunidades laborales en Ecuador. Solo hace falta ingresar en <a style=\"color: #000000;\" href=\"http:\/\/www.multitrabajos.com\">www.multitrabajos.com<\/a> y comenzar a hacer realidad esos sue\u00f1os profesionales\u201d, agrega Bechara.<\/span><\/p>\n","protected":false},"excerpt":{"rendered":"<p>El dato se desprende del estudio \u201c\u00bfTrabajas en lo que so\u00f1abas?\u201d de Multitrabajos. Sin embargo, 6 de cada 10 talentos se sienten optimistas, aunque trabajan en algo diferente a lo que so\u00f1aban. Ecuador, mayo de 2026.- Seg\u00fan la nueva edici\u00f3n del estudio \u00bfTrabajas de lo que so\u00f1abas cuando eras ni\u00f1o? de Multitrabajos, el portal de [&hellip;]<\/p>\n","protected":false},"author":4,"featured_media":142135,"comment_status":"closed","ping_status":"closed","sticky":false,"template":"","format":"standard","meta":{"_bbp_topic_count":0,"_bbp_reply_count":0,"_bbp_total_topic_count":0,"_bbp_total_reply_count":0,"_bbp_voice_count":0,"_bbp_anonymous_reply_count":0,"_bbp_topic_count_hidden":0,"_bbp_reply_count_hidden":0,"_bbp_forum_subforum_count":0,"buzzeditor_post_format":"","footnotes":""},"categories":[2],"tags":[],"class_list":["post-142134","post","type-post","status-publish","format-standard","has-post-thumbnail","hentry","category-noticias"],"yoast_head":"<!-- This site is optimized with the Yoast SEO plugin v27.5 - https:\/\/yoast.com\/product\/yoast-seo-wordpress\/ -->\n<title>Solo 2 de cada 10 ecuatorianos ejerce la profesi\u00f3n que so\u00f1aba en su ni\u00f1ez &#8211; QUEBAKAN.COM 2026: Noticias, Eventos, Conciertos y mucho m\u00e1s....<\/title>\n<meta name=\"robots\" content=\"index, follow, max-snippet:-1, max-image-preview:large, max-video-preview:-1\" \/>\n<link rel=\"canonical\" href=\"https:\/\/www.quebakan.com\/v15\/solo-2-de-cada-10-ecuatorianos-ejerce-la-profesion-que-sonaba-en-su-ninez\/\" \/>\n<meta property=\"og:locale\" content=\"es_ES\" \/>\n<meta property=\"og:type\" content=\"article\" \/>\n<meta property=\"og:title\" content=\"Solo 2 de cada 10 ecuatorianos ejerce la profesi\u00f3n que so\u00f1aba en su ni\u00f1ez &#8211; QUEBAKAN.COM 2026: Noticias, Eventos, Conciertos y mucho m\u00e1s....\" \/>\n<meta property=\"og:description\" content=\"El dato se desprende del estudio \u201c\u00bfTrabajas en lo que so\u00f1abas?\u201d de Multitrabajos. Sin embargo, 6 de cada 10 talentos se sienten optimistas, aunque trabajan en algo diferente a lo que so\u00f1aban. Ecuador, mayo de 2026.- Seg\u00fan la nueva edici\u00f3n del estudio \u00bfTrabajas de lo que so\u00f1abas cuando eras ni\u00f1o? de Multitrabajos, el portal de [&hellip;]\" \/>\n<meta property=\"og:url\" content=\"https:\/\/www.quebakan.com\/v15\/solo-2-de-cada-10-ecuatorianos-ejerce-la-profesion-que-sonaba-en-su-ninez\/\" \/>\n<meta property=\"og:site_name\" content=\"QUEBAKAN.COM 2026: Noticias, Eventos, Conciertos y mucho m\u00e1s....\" \/>\n<meta property=\"article:publisher\" content=\"http:\/\/www.facebook.com\/quebakan\" \/>\n<meta property=\"article:published_time\" content=\"2026-04-30T01:17:03+00:00\" \/>\n<meta property=\"og:image\" content=\"https:\/\/www.quebakan.com\/v15\/wp-content\/uploads\/2026\/04\/Trabajo.jpg\" \/>\n\t<meta property=\"og:image:width\" content=\"700\" \/>\n\t<meta property=\"og:image:height\" content=\"394\" \/>\n\t<meta property=\"og:image:type\" content=\"image\/jpeg\" \/>\n<meta name=\"author\" content=\"Erick Villafuerte\" \/>\n<meta name=\"twitter:card\" content=\"summary_large_image\" \/>\n<meta name=\"twitter:creator\" content=\"@quebakanec\" \/>\n<meta name=\"twitter:site\" content=\"@quebakanec\" \/>\n<meta name=\"twitter:label1\" content=\"Escrito por\" \/>\n\t<meta name=\"twitter:data1\" content=\"Erick Villafuerte\" \/>\n\t<meta name=\"twitter:label2\" content=\"Tiempo de lectura\" \/>\n\t<meta name=\"twitter:data2\" content=\"4 minutos\" \/>\n<script type=\"application\/ld+json\" class=\"yoast-schema-graph\">{\"@context\":\"https:\\\/\\\/schema.org\",\"@graph\":[{\"@type\":\"Article\",\"@id\":\"https:\\\/\\\/www.quebakan.com\\\/v15\\\/solo-2-de-cada-10-ecuatorianos-ejerce-la-profesion-que-sonaba-en-su-ninez\\\/#article\",\"isPartOf\":{\"@id\":\"https:\\\/\\\/www.quebakan.com\\\/v15\\\/solo-2-de-cada-10-ecuatorianos-ejerce-la-profesion-que-sonaba-en-su-ninez\\\/\"},\"author\":{\"name\":\"Erick Villafuerte\",\"@id\":\"https:\\\/\\\/www.quebakan.com\\\/v15\\\/#\\\/schema\\\/person\\\/d90fa9f9cfa81eb8ace9811e5b7b9118\"},\"headline\":\"Solo 2 de cada 10 ecuatorianos ejerce la profesi\u00f3n que so\u00f1aba en su ni\u00f1ez\",\"datePublished\":\"2026-04-30T01:17:03+00:00\",\"mainEntityOfPage\":{\"@id\":\"https:\\\/\\\/www.quebakan.com\\\/v15\\\/solo-2-de-cada-10-ecuatorianos-ejerce-la-profesion-que-sonaba-en-su-ninez\\\/\"},\"wordCount\":714,\"publisher\":{\"@id\":\"https:\\\/\\\/www.quebakan.com\\\/v15\\\/#organization\"},\"image\":{\"@id\":\"https:\\\/\\\/www.quebakan.com\\\/v15\\\/solo-2-de-cada-10-ecuatorianos-ejerce-la-profesion-que-sonaba-en-su-ninez\\\/#primaryimage\"},\"thumbnailUrl\":\"https:\\\/\\\/www.quebakan.com\\\/v15\\\/wp-content\\\/uploads\\\/2026\\\/04\\\/Trabajo.jpg\",\"articleSection\":[\"Noticias\"],\"inLanguage\":\"es\"},{\"@type\":\"WebPage\",\"@id\":\"https:\\\/\\\/www.quebakan.com\\\/v15\\\/solo-2-de-cada-10-ecuatorianos-ejerce-la-profesion-que-sonaba-en-su-ninez\\\/\",\"url\":\"https:\\\/\\\/www.quebakan.com\\\/v15\\\/solo-2-de-cada-10-ecuatorianos-ejerce-la-profesion-que-sonaba-en-su-ninez\\\/\",\"name\":\"Solo 2 de cada 10 ecuatorianos ejerce la profesi\u00f3n que so\u00f1aba en su ni\u00f1ez &#8211; QUEBAKAN.COM 2026: Noticias, Eventos, Conciertos y mucho m\u00e1s....\",\"isPartOf\":{\"@id\":\"https:\\\/\\\/www.quebakan.com\\\/v15\\\/#website\"},\"primaryImageOfPage\":{\"@id\":\"https:\\\/\\\/www.quebakan.com\\\/v15\\\/solo-2-de-cada-10-ecuatorianos-ejerce-la-profesion-que-sonaba-en-su-ninez\\\/#primaryimage\"},\"image\":{\"@id\":\"https:\\\/\\\/www.quebakan.com\\\/v15\\\/solo-2-de-cada-10-ecuatorianos-ejerce-la-profesion-que-sonaba-en-su-ninez\\\/#primaryimage\"},\"thumbnailUrl\":\"https:\\\/\\\/www.quebakan.com\\\/v15\\\/wp-content\\\/uploads\\\/2026\\\/04\\\/Trabajo.jpg\",\"datePublished\":\"2026-04-30T01:17:03+00:00\",\"breadcrumb\":{\"@id\":\"https:\\\/\\\/www.quebakan.com\\\/v15\\\/solo-2-de-cada-10-ecuatorianos-ejerce-la-profesion-que-sonaba-en-su-ninez\\\/#breadcrumb\"},\"inLanguage\":\"es\",\"potentialAction\":[{\"@type\":\"ReadAction\",\"target\":[\"https:\\\/\\\/www.quebakan.com\\\/v15\\\/solo-2-de-cada-10-ecuatorianos-ejerce-la-profesion-que-sonaba-en-su-ninez\\\/\"]}]},{\"@type\":\"ImageObject\",\"inLanguage\":\"es\",\"@id\":\"https:\\\/\\\/www.quebakan.com\\\/v15\\\/solo-2-de-cada-10-ecuatorianos-ejerce-la-profesion-que-sonaba-en-su-ninez\\\/#primaryimage\",\"url\":\"https:\\\/\\\/www.quebakan.com\\\/v15\\\/wp-content\\\/uploads\\\/2026\\\/04\\\/Trabajo.jpg\",\"contentUrl\":\"https:\\\/\\\/www.quebakan.com\\\/v15\\\/wp-content\\\/uploads\\\/2026\\\/04\\\/Trabajo.jpg\",\"width\":700,\"height\":394},{\"@type\":\"BreadcrumbList\",\"@id\":\"https:\\\/\\\/www.quebakan.com\\\/v15\\\/solo-2-de-cada-10-ecuatorianos-ejerce-la-profesion-que-sonaba-en-su-ninez\\\/#breadcrumb\",\"itemListElement\":[{\"@type\":\"ListItem\",\"position\":1,\"name\":\"Portada\",\"item\":\"https:\\\/\\\/www.quebakan.com\\\/v15\\\/\"},{\"@type\":\"ListItem\",\"position\":2,\"name\":\"Solo 2 de cada 10 ecuatorianos ejerce la profesi\u00f3n que so\u00f1aba en su ni\u00f1ez\"}]},{\"@type\":\"WebSite\",\"@id\":\"https:\\\/\\\/www.quebakan.com\\\/v15\\\/#website\",\"url\":\"https:\\\/\\\/www.quebakan.com\\\/v15\\\/\",\"name\":\"QUEBAKAN\",\"description\":\"..\",\"publisher\":{\"@id\":\"https:\\\/\\\/www.quebakan.com\\\/v15\\\/#organization\"},\"potentialAction\":[{\"@type\":\"SearchAction\",\"target\":{\"@type\":\"EntryPoint\",\"urlTemplate\":\"https:\\\/\\\/www.quebakan.com\\\/v15\\\/?s={search_term_string}\"},\"query-input\":{\"@type\":\"PropertyValueSpecification\",\"valueRequired\":true,\"valueName\":\"search_term_string\"}}],\"inLanguage\":\"es\"},{\"@type\":\"Organization\",\"@id\":\"https:\\\/\\\/www.quebakan.com\\\/v15\\\/#organization\",\"name\":\"Quebakan.com\",\"url\":\"https:\\\/\\\/www.quebakan.com\\\/v15\\\/\",\"logo\":{\"@type\":\"ImageObject\",\"inLanguage\":\"es\",\"@id\":\"https:\\\/\\\/www.quebakan.com\\\/v15\\\/#\\\/schema\\\/logo\\\/image\\\/\",\"url\":\"https:\\\/\\\/www.quebakan.com\\\/v15\\\/wp-content\\\/uploads\\\/2023\\\/07\\\/logoquebakanenero2021.jpg\",\"contentUrl\":\"https:\\\/\\\/www.quebakan.com\\\/v15\\\/wp-content\\\/uploads\\\/2023\\\/07\\\/logoquebakanenero2021.jpg\",\"width\":1920,\"height\":1080,\"caption\":\"Quebakan.com\"},\"image\":{\"@id\":\"https:\\\/\\\/www.quebakan.com\\\/v15\\\/#\\\/schema\\\/logo\\\/image\\\/\"},\"sameAs\":[\"http:\\\/\\\/www.facebook.com\\\/quebakan\",\"https:\\\/\\\/x.com\\\/quebakanec\",\"http:\\\/\\\/www.instagram.com\\\/quebakan\",\"http:\\\/\\\/www.youtube.com\\\/quebakan1\"]},{\"@type\":\"Person\",\"@id\":\"https:\\\/\\\/www.quebakan.com\\\/v15\\\/#\\\/schema\\\/person\\\/d90fa9f9cfa81eb8ace9811e5b7b9118\",\"name\":\"Erick Villafuerte\",\"image\":{\"@type\":\"ImageObject\",\"inLanguage\":\"es\",\"@id\":\"https:\\\/\\\/www.quebakan.com\\\/v15\\\/wp-content\\\/uploads\\\/avatars\\\/4\\\/1731297654-bpfull.png\",\"url\":\"https:\\\/\\\/www.quebakan.com\\\/v15\\\/wp-content\\\/uploads\\\/avatars\\\/4\\\/1731297654-bpfull.png\",\"contentUrl\":\"https:\\\/\\\/www.quebakan.com\\\/v15\\\/wp-content\\\/uploads\\\/avatars\\\/4\\\/1731297654-bpfull.png\",\"caption\":\"Erick Villafuerte\"}}]}<\/script>\n<!-- \/ Yoast SEO plugin. -->","yoast_head_json":{"title":"Solo 2 de cada 10 ecuatorianos ejerce la profesi\u00f3n que so\u00f1aba en su ni\u00f1ez &#8211; QUEBAKAN.COM 2026: Noticias, Eventos, Conciertos y mucho m\u00e1s....","robots":{"index":"index","follow":"follow","max-snippet":"max-snippet:-1","max-image-preview":"max-image-preview:large","max-video-preview":"max-video-preview:-1"},"canonical":"https:\/\/www.quebakan.com\/v15\/solo-2-de-cada-10-ecuatorianos-ejerce-la-profesion-que-sonaba-en-su-ninez\/","og_locale":"es_ES","og_type":"article","og_title":"Solo 2 de cada 10 ecuatorianos ejerce la profesi\u00f3n que so\u00f1aba en su ni\u00f1ez &#8211; QUEBAKAN.COM 2026: Noticias, Eventos, Conciertos y mucho m\u00e1s....","og_description":"El dato se desprende del estudio \u201c\u00bfTrabajas en lo que so\u00f1abas?\u201d de Multitrabajos. Sin embargo, 6 de cada 10 talentos se sienten optimistas, aunque trabajan en algo diferente a lo que so\u00f1aban. Ecuador, mayo de 2026.- Seg\u00fan la nueva edici\u00f3n del estudio \u00bfTrabajas de lo que so\u00f1abas cuando eras ni\u00f1o? de Multitrabajos, el portal de [&hellip;]","og_url":"https:\/\/www.quebakan.com\/v15\/solo-2-de-cada-10-ecuatorianos-ejerce-la-profesion-que-sonaba-en-su-ninez\/","og_site_name":"QUEBAKAN.COM 2026: Noticias, Eventos, Conciertos y mucho m\u00e1s....","article_publisher":"http:\/\/www.facebook.com\/quebakan","article_published_time":"2026-04-30T01:17:03+00:00","og_image":[{"width":700,"height":394,"url":"https:\/\/www.quebakan.com\/v15\/wp-content\/uploads\/2026\/04\/Trabajo.jpg","type":"image\/jpeg"}],"author":"Erick Villafuerte","twitter_card":"summary_large_image","twitter_creator":"@quebakanec","twitter_site":"@quebakanec","twitter_misc":{"Escrito por":"Erick Villafuerte","Tiempo de lectura":"4 minutos"},"schema":{"@context":"https:\/\/schema.org","@graph":[{"@type":"Article","@id":"https:\/\/www.quebakan.com\/v15\/solo-2-de-cada-10-ecuatorianos-ejerce-la-profesion-que-sonaba-en-su-ninez\/#article","isPartOf":{"@id":"https:\/\/www.quebakan.com\/v15\/solo-2-de-cada-10-ecuatorianos-ejerce-la-profesion-que-sonaba-en-su-ninez\/"},"author":{"name":"Erick Villafuerte","@id":"https:\/\/www.quebakan.com\/v15\/#\/schema\/person\/d90fa9f9cfa81eb8ace9811e5b7b9118"},"headline":"Solo 2 de cada 10 ecuatorianos ejerce la profesi\u00f3n que so\u00f1aba en su ni\u00f1ez","datePublished":"2026-04-30T01:17:03+00:00","mainEntityOfPage":{"@id":"https:\/\/www.quebakan.com\/v15\/solo-2-de-cada-10-ecuatorianos-ejerce-la-profesion-que-sonaba-en-su-ninez\/"},"wordCount":714,"publisher":{"@id":"https:\/\/www.quebakan.com\/v15\/#organization"},"image":{"@id":"https:\/\/www.quebakan.com\/v15\/solo-2-de-cada-10-ecuatorianos-ejerce-la-profesion-que-sonaba-en-su-ninez\/#primaryimage"},"thumbnailUrl":"https:\/\/www.quebakan.com\/v15\/wp-content\/uploads\/2026\/04\/Trabajo.jpg","articleSection":["Noticias"],"inLanguage":"es"},{"@type":"WebPage","@id":"https:\/\/www.quebakan.com\/v15\/solo-2-de-cada-10-ecuatorianos-ejerce-la-profesion-que-sonaba-en-su-ninez\/","url":"https:\/\/www.quebakan.com\/v15\/solo-2-de-cada-10-ecuatorianos-ejerce-la-profesion-que-sonaba-en-su-ninez\/","name":"Solo 2 de cada 10 ecuatorianos ejerce la profesi\u00f3n que so\u00f1aba en su ni\u00f1ez &#8211; QUEBAKAN.COM 2026: Noticias, Eventos, Conciertos y mucho m\u00e1s....","isPartOf":{"@id":"https:\/\/www.quebakan.com\/v15\/#website"},"primaryImageOfPage":{"@id":"https:\/\/www.quebakan.com\/v15\/solo-2-de-cada-10-ecuatorianos-ejerce-la-profesion-que-sonaba-en-su-ninez\/#primaryimage"},"image":{"@id":"https:\/\/www.quebakan.com\/v15\/solo-2-de-cada-10-ecuatorianos-ejerce-la-profesion-que-sonaba-en-su-ninez\/#primaryimage"},"thumbnailUrl":"https:\/\/www.quebakan.com\/v15\/wp-content\/uploads\/2026\/04\/Trabajo.jpg","datePublished":"2026-04-30T01:17:03+00:00","breadcrumb":{"@id":"https:\/\/www.quebakan.com\/v15\/solo-2-de-cada-10-ecuatorianos-ejerce-la-profesion-que-sonaba-en-su-ninez\/#breadcrumb"},"inLanguage":"es","potentialAction":[{"@type":"ReadAction","target":["https:\/\/www.quebakan.com\/v15\/solo-2-de-cada-10-ecuatorianos-ejerce-la-profesion-que-sonaba-en-su-ninez\/"]}]},{"@type":"ImageObject","inLanguage":"es","@id":"https:\/\/www.quebakan.com\/v15\/solo-2-de-cada-10-ecuatorianos-ejerce-la-profesion-que-sonaba-en-su-ninez\/#primaryimage","url":"https:\/\/www.quebakan.com\/v15\/wp-content\/uploads\/2026\/04\/Trabajo.jpg","contentUrl":"https:\/\/www.quebakan.com\/v15\/wp-content\/uploads\/2026\/04\/Trabajo.jpg","width":700,"height":394},{"@type":"BreadcrumbList","@id":"https:\/\/www.quebakan.com\/v15\/solo-2-de-cada-10-ecuatorianos-ejerce-la-profesion-que-sonaba-en-su-ninez\/#breadcrumb","itemListElement":[{"@type":"ListItem","position":1,"name":"Portada","item":"https:\/\/www.quebakan.com\/v15\/"},{"@type":"ListItem","position":2,"name":"Solo 2 de cada 10 ecuatorianos ejerce la profesi\u00f3n que so\u00f1aba en su ni\u00f1ez"}]},{"@type":"WebSite","@id":"https:\/\/www.quebakan.com\/v15\/#website","url":"https:\/\/www.quebakan.com\/v15\/","name":"QUEBAKAN","description":"..","publisher":{"@id":"https:\/\/www.quebakan.com\/v15\/#organization"},"potentialAction":[{"@type":"SearchAction","target":{"@type":"EntryPoint","urlTemplate":"https:\/\/www.quebakan.com\/v15\/?s={search_term_string}"},"query-input":{"@type":"PropertyValueSpecification","valueRequired":true,"valueName":"search_term_string"}}],"inLanguage":"es"},{"@type":"Organization","@id":"https:\/\/www.quebakan.com\/v15\/#organization","name":"Quebakan.com","url":"https:\/\/www.quebakan.com\/v15\/","logo":{"@type":"ImageObject","inLanguage":"es","@id":"https:\/\/www.quebakan.com\/v15\/#\/schema\/logo\/image\/","url":"https:\/\/www.quebakan.com\/v15\/wp-content\/uploads\/2023\/07\/logoquebakanenero2021.jpg","contentUrl":"https:\/\/www.quebakan.com\/v15\/wp-content\/uploads\/2023\/07\/logoquebakanenero2021.jpg","width":1920,"height":1080,"caption":"Quebakan.com"},"image":{"@id":"https:\/\/www.quebakan.com\/v15\/#\/schema\/logo\/image\/"},"sameAs":["http:\/\/www.facebook.com\/quebakan","https:\/\/x.com\/quebakanec","http:\/\/www.instagram.com\/quebakan","http:\/\/www.youtube.com\/quebakan1"]},{"@type":"Person","@id":"https:\/\/www.quebakan.com\/v15\/#\/schema\/person\/d90fa9f9cfa81eb8ace9811e5b7b9118","name":"Erick Villafuerte","image":{"@type":"ImageObject","inLanguage":"es","@id":"https:\/\/www.quebakan.com\/v15\/wp-content\/uploads\/avatars\/4\/1731297654-bpfull.png","url":"https:\/\/www.quebakan.com\/v15\/wp-content\/uploads\/avatars\/4\/1731297654-bpfull.png","contentUrl":"https:\/\/www.quebakan.com\/v15\/wp-content\/uploads\/avatars\/4\/1731297654-bpfull.png","caption":"Erick Villafuerte"}}]}},"_links":{"self":[{"href":"https:\/\/www.quebakan.com\/v15\/wp-json\/wp\/v2\/posts\/142134","targetHints":{"allow":["GET"]}}],"collection":[{"href":"https:\/\/www.quebakan.com\/v15\/wp-json\/wp\/v2\/posts"}],"about":[{"href":"https:\/\/www.quebakan.com\/v15\/wp-json\/wp\/v2\/types\/post"}],"author":[{"embeddable":true,"href":"https:\/\/www.quebakan.com\/v15\/wp-json\/wp\/v2\/users\/4"}],"replies":[{"embeddable":true,"href":"https:\/\/www.quebakan.com\/v15\/wp-json\/wp\/v2\/comments?post=142134"}],"version-history":[{"count":1,"href":"https:\/\/www.quebakan.com\/v15\/wp-json\/wp\/v2\/posts\/142134\/revisions"}],"predecessor-version":[{"id":142136,"href":"https:\/\/www.quebakan.com\/v15\/wp-json\/wp\/v2\/posts\/142134\/revisions\/142136"}],"wp:featuredmedia":[{"embeddable":true,"href":"https:\/\/www.quebakan.com\/v15\/wp-json\/wp\/v2\/media\/142135"}],"wp:attachment":[{"href":"https:\/\/www.quebakan.com\/v15\/wp-json\/wp\/v2\/media?parent=142134"}],"wp:term":[{"taxonomy":"category","embeddable":true,"href":"https:\/\/www.quebakan.com\/v15\/wp-json\/wp\/v2\/categories?post=142134"},{"taxonomy":"post_tag","embeddable":true,"href":"https:\/\/www.quebakan.com\/v15\/wp-json\/wp\/v2\/tags?post=142134"}],"curies":[{"name":"wp","href":"https:\/\/api.w.org\/{rel}","templated":true}]}}