{"id":142137,"date":"2026-04-29T20:40:31","date_gmt":"2026-04-30T01:40:31","guid":{"rendered":"https:\/\/www.quebakan.com\/v15\/?p=142137"},"modified":"2026-04-29T20:40:31","modified_gmt":"2026-04-30T01:40:31","slug":"village-lanza-su-campana-para-mama-y-papa-con-el-sorteo-de-un-auto-nuevo","status":"publish","type":"post","link":"https:\/\/www.quebakan.com\/v15\/village-lanza-su-campana-para-mama-y-papa-con-el-sorteo-de-un-auto-nuevo\/","title":{"rendered":"VILLAGE LANZA SU CAMPA\u00d1A PARA MAM\u00c1 Y PAP\u00c1 CON EL SORTEO DE UN AUTO NUEVO"},"content":{"rendered":"<p><img fetchpriority=\"high\" decoding=\"async\" class=\"aligncenter size-full wp-image-142138\" src=\"https:\/\/www.quebakan.com\/v15\/wp-content\/uploads\/2026\/04\/CAMPANA-MAMA-Y-PAPA.jpg\" alt=\"\" width=\"495\" height=\"700\" \/><\/p>\n<p style=\"text-align: justify;\"><span style=\"color: #000000;\">El centro comercial <strong>Village<\/strong> presenta su esperada campa\u00f1a para mam\u00e1 y pap\u00e1 <strong>\u201cEl Upgrade de Pap\u00e1 y Mam\u00e1\u201d,<\/strong> una iniciativa que busca premiar la fidelidad de sus clientes durante una de las temporadas m\u00e1s especiales del a\u00f1o.<\/span><\/p>\n<p style=\"text-align: justify;\"><span style=\"color: #000000;\">La promoci\u00f3n estar\u00e1 vigente desde el 14 de abril hasta el 21 de junio de 2026, periodo en el que los visitantes podr\u00e1n participar en el sorteo de un auto nuevo, al realizar sus compras en los distintos locales del centro comercial.<\/span><\/p>\n<p style=\"text-align: justify;\"><span style=\"color: #000000;\">Por cada $30 en consumos dentro de los establecimientos de <strong>Village<\/strong>, y por cada $60 en compras realizadas en Megamaxi, los clientes recibir\u00e1n la oportunidad de participar en el sorteo de un veh\u00edculo Mazda CX-3. La mec\u00e1nica consiste en acumular las facturas desde el 13 de abril hasta el 21 de junio y registrarlas en la p\u00e1gina web oficial de Village <a style=\"color: #000000;\" href=\"http:\/\/www.village.com.ec\">www.village.com.ec<\/a>, en la secci\u00f3n \u201cPromociones\u201d.<\/span><\/p>\n<p style=\"text-align: justify;\"><span style=\"color: #000000;\">Con el objetivo de brindar una experiencia m\u00e1s cercana y facilitar el proceso, <strong>Village<\/strong> contar\u00e1 con un punto de asistencia personalizado ubicado en el nivel 1 del centro comercial, donde los clientes podr\u00e1n recibir orientaci\u00f3n sobre el registro de sus facturas y el uso de la plataforma digital.<\/span><\/p>\n<p style=\"text-align: justify;\"><span style=\"color: #000000;\">El sorteo para anunciar al ganador, se llevar\u00e1 a cabo el 23 de junio de 2026, en el nivel 2 del patio de comidas de Village, en un evento abierto al p\u00fablico.<\/span><\/p>\n<p style=\"text-align: justify;\"><span style=\"color: #000000;\">Con esta iniciativa, <strong>Village<\/strong> contin\u00faa fortaleciendo su v\u00ednculo con sus clientes, ofreciendo experiencias que acompa\u00f1an y celebran momentos especiales en familia. Para m\u00e1s informaci\u00f3n, actualizaciones o novedades, se puede seguir las redes sociales oficiales en @village.ec.<\/span><\/p>\n","protected":false},"excerpt":{"rendered":"<p>El centro comercial Village presenta su esperada campa\u00f1a para mam\u00e1 y pap\u00e1 \u201cEl Upgrade de Pap\u00e1 y Mam\u00e1\u201d, una iniciativa que busca premiar la fidelidad de sus clientes durante una de las temporadas m\u00e1s especiales del a\u00f1o. La promoci\u00f3n estar\u00e1 vigente desde el 14 de abril hasta el 21 de junio de 2026, periodo en [&hellip;]<\/p>\n","protected":false},"author":4,"featured_media":142138,"comment_status":"closed","ping_status":"closed","sticky":false,"template":"","format":"standard","meta":{"_bbp_topic_count":0,"_bbp_reply_count":0,"_bbp_total_topic_count":0,"_bbp_total_reply_count":0,"_bbp_voice_count":0,"_bbp_anonymous_reply_count":0,"_bbp_topic_count_hidden":0,"_bbp_reply_count_hidden":0,"_bbp_forum_subforum_count":0,"buzzeditor_post_format":"","footnotes":""},"categories":[2],"tags":[],"class_list":["post-142137","post","type-post","status-publish","format-standard","has-post-thumbnail","hentry","category-noticias"],"yoast_head":"<!-- This site is optimized with the Yoast SEO plugin v27.5 - https:\/\/yoast.com\/product\/yoast-seo-wordpress\/ -->\n<title>VILLAGE LANZA SU CAMPA\u00d1A PARA MAM\u00c1 Y PAP\u00c1 CON EL SORTEO DE UN AUTO NUEVO &#8211; QUEBAKAN.COM 2026: Noticias, Eventos, Conciertos y mucho m\u00e1s....<\/title>\n<meta name=\"robots\" content=\"index, follow, max-snippet:-1, max-image-preview:large, max-video-preview:-1\" \/>\n<link rel=\"canonical\" href=\"https:\/\/www.quebakan.com\/v15\/village-lanza-su-campana-para-mama-y-papa-con-el-sorteo-de-un-auto-nuevo\/\" \/>\n<meta property=\"og:locale\" content=\"es_ES\" \/>\n<meta property=\"og:type\" content=\"article\" \/>\n<meta property=\"og:title\" content=\"VILLAGE LANZA SU CAMPA\u00d1A PARA MAM\u00c1 Y PAP\u00c1 CON EL SORTEO DE UN AUTO NUEVO &#8211; QUEBAKAN.COM 2026: Noticias, Eventos, Conciertos y mucho m\u00e1s....\" \/>\n<meta property=\"og:description\" content=\"El centro comercial Village presenta su esperada campa\u00f1a para mam\u00e1 y pap\u00e1 \u201cEl Upgrade de Pap\u00e1 y Mam\u00e1\u201d, una iniciativa que busca premiar la fidelidad de sus clientes durante una de las temporadas m\u00e1s especiales del a\u00f1o. La promoci\u00f3n estar\u00e1 vigente desde el 14 de abril hasta el 21 de junio de 2026, periodo en [&hellip;]\" \/>\n<meta property=\"og:url\" content=\"https:\/\/www.quebakan.com\/v15\/village-lanza-su-campana-para-mama-y-papa-con-el-sorteo-de-un-auto-nuevo\/\" \/>\n<meta property=\"og:site_name\" content=\"QUEBAKAN.COM 2026: Noticias, Eventos, Conciertos y mucho m\u00e1s....\" \/>\n<meta property=\"article:publisher\" content=\"http:\/\/www.facebook.com\/quebakan\" \/>\n<meta property=\"article:published_time\" content=\"2026-04-30T01:40:31+00:00\" \/>\n<meta property=\"og:image\" content=\"https:\/\/www.quebakan.com\/v15\/wp-content\/uploads\/2026\/04\/CAMPANA-MAMA-Y-PAPA.jpg\" \/>\n\t<meta property=\"og:image:width\" content=\"495\" \/>\n\t<meta property=\"og:image:height\" content=\"700\" \/>\n\t<meta property=\"og:image:type\" content=\"image\/jpeg\" \/>\n<meta name=\"author\" content=\"Erick Villafuerte\" \/>\n<meta name=\"twitter:card\" content=\"summary_large_image\" \/>\n<meta name=\"twitter:creator\" content=\"@quebakanec\" \/>\n<meta name=\"twitter:site\" content=\"@quebakanec\" \/>\n<meta name=\"twitter:label1\" content=\"Escrito por\" \/>\n\t<meta name=\"twitter:data1\" content=\"Erick Villafuerte\" \/>\n\t<meta name=\"twitter:label2\" content=\"Tiempo de lectura\" \/>\n\t<meta name=\"twitter:data2\" content=\"2 minutos\" \/>\n<script type=\"application\/ld+json\" class=\"yoast-schema-graph\">{\"@context\":\"https:\\\/\\\/schema.org\",\"@graph\":[{\"@type\":\"Article\",\"@id\":\"https:\\\/\\\/www.quebakan.com\\\/v15\\\/village-lanza-su-campana-para-mama-y-papa-con-el-sorteo-de-un-auto-nuevo\\\/#article\",\"isPartOf\":{\"@id\":\"https:\\\/\\\/www.quebakan.com\\\/v15\\\/village-lanza-su-campana-para-mama-y-papa-con-el-sorteo-de-un-auto-nuevo\\\/\"},\"author\":{\"name\":\"Erick Villafuerte\",\"@id\":\"https:\\\/\\\/www.quebakan.com\\\/v15\\\/#\\\/schema\\\/person\\\/d90fa9f9cfa81eb8ace9811e5b7b9118\"},\"headline\":\"VILLAGE LANZA SU CAMPA\u00d1A PARA MAM\u00c1 Y PAP\u00c1 CON EL SORTEO DE UN AUTO NUEVO\",\"datePublished\":\"2026-04-30T01:40:31+00:00\",\"mainEntityOfPage\":{\"@id\":\"https:\\\/\\\/www.quebakan.com\\\/v15\\\/village-lanza-su-campana-para-mama-y-papa-con-el-sorteo-de-un-auto-nuevo\\\/\"},\"wordCount\":289,\"publisher\":{\"@id\":\"https:\\\/\\\/www.quebakan.com\\\/v15\\\/#organization\"},\"image\":{\"@id\":\"https:\\\/\\\/www.quebakan.com\\\/v15\\\/village-lanza-su-campana-para-mama-y-papa-con-el-sorteo-de-un-auto-nuevo\\\/#primaryimage\"},\"thumbnailUrl\":\"https:\\\/\\\/www.quebakan.com\\\/v15\\\/wp-content\\\/uploads\\\/2026\\\/04\\\/CAMPANA-MAMA-Y-PAPA.jpg\",\"articleSection\":[\"Noticias\"],\"inLanguage\":\"es\"},{\"@type\":\"WebPage\",\"@id\":\"https:\\\/\\\/www.quebakan.com\\\/v15\\\/village-lanza-su-campana-para-mama-y-papa-con-el-sorteo-de-un-auto-nuevo\\\/\",\"url\":\"https:\\\/\\\/www.quebakan.com\\\/v15\\\/village-lanza-su-campana-para-mama-y-papa-con-el-sorteo-de-un-auto-nuevo\\\/\",\"name\":\"VILLAGE LANZA SU CAMPA\u00d1A PARA MAM\u00c1 Y PAP\u00c1 CON EL SORTEO DE UN AUTO NUEVO &#8211; QUEBAKAN.COM 2026: Noticias, Eventos, Conciertos y mucho m\u00e1s....\",\"isPartOf\":{\"@id\":\"https:\\\/\\\/www.quebakan.com\\\/v15\\\/#website\"},\"primaryImageOfPage\":{\"@id\":\"https:\\\/\\\/www.quebakan.com\\\/v15\\\/village-lanza-su-campana-para-mama-y-papa-con-el-sorteo-de-un-auto-nuevo\\\/#primaryimage\"},\"image\":{\"@id\":\"https:\\\/\\\/www.quebakan.com\\\/v15\\\/village-lanza-su-campana-para-mama-y-papa-con-el-sorteo-de-un-auto-nuevo\\\/#primaryimage\"},\"thumbnailUrl\":\"https:\\\/\\\/www.quebakan.com\\\/v15\\\/wp-content\\\/uploads\\\/2026\\\/04\\\/CAMPANA-MAMA-Y-PAPA.jpg\",\"datePublished\":\"2026-04-30T01:40:31+00:00\",\"breadcrumb\":{\"@id\":\"https:\\\/\\\/www.quebakan.com\\\/v15\\\/village-lanza-su-campana-para-mama-y-papa-con-el-sorteo-de-un-auto-nuevo\\\/#breadcrumb\"},\"inLanguage\":\"es\",\"potentialAction\":[{\"@type\":\"ReadAction\",\"target\":[\"https:\\\/\\\/www.quebakan.com\\\/v15\\\/village-lanza-su-campana-para-mama-y-papa-con-el-sorteo-de-un-auto-nuevo\\\/\"]}]},{\"@type\":\"ImageObject\",\"inLanguage\":\"es\",\"@id\":\"https:\\\/\\\/www.quebakan.com\\\/v15\\\/village-lanza-su-campana-para-mama-y-papa-con-el-sorteo-de-un-auto-nuevo\\\/#primaryimage\",\"url\":\"https:\\\/\\\/www.quebakan.com\\\/v15\\\/wp-content\\\/uploads\\\/2026\\\/04\\\/CAMPANA-MAMA-Y-PAPA.jpg\",\"contentUrl\":\"https:\\\/\\\/www.quebakan.com\\\/v15\\\/wp-content\\\/uploads\\\/2026\\\/04\\\/CAMPANA-MAMA-Y-PAPA.jpg\",\"width\":495,\"height\":700},{\"@type\":\"BreadcrumbList\",\"@id\":\"https:\\\/\\\/www.quebakan.com\\\/v15\\\/village-lanza-su-campana-para-mama-y-papa-con-el-sorteo-de-un-auto-nuevo\\\/#breadcrumb\",\"itemListElement\":[{\"@type\":\"ListItem\",\"position\":1,\"name\":\"Portada\",\"item\":\"https:\\\/\\\/www.quebakan.com\\\/v15\\\/\"},{\"@type\":\"ListItem\",\"position\":2,\"name\":\"VILLAGE LANZA SU CAMPA\u00d1A PARA MAM\u00c1 Y PAP\u00c1 CON EL SORTEO DE UN AUTO NUEVO\"}]},{\"@type\":\"WebSite\",\"@id\":\"https:\\\/\\\/www.quebakan.com\\\/v15\\\/#website\",\"url\":\"https:\\\/\\\/www.quebakan.com\\\/v15\\\/\",\"name\":\"QUEBAKAN\",\"description\":\"..\",\"publisher\":{\"@id\":\"https:\\\/\\\/www.quebakan.com\\\/v15\\\/#organization\"},\"potentialAction\":[{\"@type\":\"SearchAction\",\"target\":{\"@type\":\"EntryPoint\",\"urlTemplate\":\"https:\\\/\\\/www.quebakan.com\\\/v15\\\/?s={search_term_string}\"},\"query-input\":{\"@type\":\"PropertyValueSpecification\",\"valueRequired\":true,\"valueName\":\"search_term_string\"}}],\"inLanguage\":\"es\"},{\"@type\":\"Organization\",\"@id\":\"https:\\\/\\\/www.quebakan.com\\\/v15\\\/#organization\",\"name\":\"Quebakan.com\",\"url\":\"https:\\\/\\\/www.quebakan.com\\\/v15\\\/\",\"logo\":{\"@type\":\"ImageObject\",\"inLanguage\":\"es\",\"@id\":\"https:\\\/\\\/www.quebakan.com\\\/v15\\\/#\\\/schema\\\/logo\\\/image\\\/\",\"url\":\"https:\\\/\\\/www.quebakan.com\\\/v15\\\/wp-content\\\/uploads\\\/2023\\\/07\\\/logoquebakanenero2021.jpg\",\"contentUrl\":\"https:\\\/\\\/www.quebakan.com\\\/v15\\\/wp-content\\\/uploads\\\/2023\\\/07\\\/logoquebakanenero2021.jpg\",\"width\":1920,\"height\":1080,\"caption\":\"Quebakan.com\"},\"image\":{\"@id\":\"https:\\\/\\\/www.quebakan.com\\\/v15\\\/#\\\/schema\\\/logo\\\/image\\\/\"},\"sameAs\":[\"http:\\\/\\\/www.facebook.com\\\/quebakan\",\"https:\\\/\\\/x.com\\\/quebakanec\",\"http:\\\/\\\/www.instagram.com\\\/quebakan\",\"http:\\\/\\\/www.youtube.com\\\/quebakan1\"]},{\"@type\":\"Person\",\"@id\":\"https:\\\/\\\/www.quebakan.com\\\/v15\\\/#\\\/schema\\\/person\\\/d90fa9f9cfa81eb8ace9811e5b7b9118\",\"name\":\"Erick Villafuerte\",\"image\":{\"@type\":\"ImageObject\",\"inLanguage\":\"es\",\"@id\":\"https:\\\/\\\/www.quebakan.com\\\/v15\\\/wp-content\\\/uploads\\\/avatars\\\/4\\\/1731297654-bpfull.png\",\"url\":\"https:\\\/\\\/www.quebakan.com\\\/v15\\\/wp-content\\\/uploads\\\/avatars\\\/4\\\/1731297654-bpfull.png\",\"contentUrl\":\"https:\\\/\\\/www.quebakan.com\\\/v15\\\/wp-content\\\/uploads\\\/avatars\\\/4\\\/1731297654-bpfull.png\",\"caption\":\"Erick Villafuerte\"}}]}<\/script>\n<!-- \/ Yoast SEO plugin. -->","yoast_head_json":{"title":"VILLAGE LANZA SU CAMPA\u00d1A PARA MAM\u00c1 Y PAP\u00c1 CON EL SORTEO DE UN AUTO NUEVO &#8211; QUEBAKAN.COM 2026: Noticias, Eventos, Conciertos y mucho m\u00e1s....","robots":{"index":"index","follow":"follow","max-snippet":"max-snippet:-1","max-image-preview":"max-image-preview:large","max-video-preview":"max-video-preview:-1"},"canonical":"https:\/\/www.quebakan.com\/v15\/village-lanza-su-campana-para-mama-y-papa-con-el-sorteo-de-un-auto-nuevo\/","og_locale":"es_ES","og_type":"article","og_title":"VILLAGE LANZA SU CAMPA\u00d1A PARA MAM\u00c1 Y PAP\u00c1 CON EL SORTEO DE UN AUTO NUEVO &#8211; QUEBAKAN.COM 2026: Noticias, Eventos, Conciertos y mucho m\u00e1s....","og_description":"El centro comercial Village presenta su esperada campa\u00f1a para mam\u00e1 y pap\u00e1 \u201cEl Upgrade de Pap\u00e1 y Mam\u00e1\u201d, una iniciativa que busca premiar la fidelidad de sus clientes durante una de las temporadas m\u00e1s especiales del a\u00f1o. La promoci\u00f3n estar\u00e1 vigente desde el 14 de abril hasta el 21 de junio de 2026, periodo en [&hellip;]","og_url":"https:\/\/www.quebakan.com\/v15\/village-lanza-su-campana-para-mama-y-papa-con-el-sorteo-de-un-auto-nuevo\/","og_site_name":"QUEBAKAN.COM 2026: Noticias, Eventos, Conciertos y mucho m\u00e1s....","article_publisher":"http:\/\/www.facebook.com\/quebakan","article_published_time":"2026-04-30T01:40:31+00:00","og_image":[{"width":495,"height":700,"url":"https:\/\/www.quebakan.com\/v15\/wp-content\/uploads\/2026\/04\/CAMPANA-MAMA-Y-PAPA.jpg","type":"image\/jpeg"}],"author":"Erick Villafuerte","twitter_card":"summary_large_image","twitter_creator":"@quebakanec","twitter_site":"@quebakanec","twitter_misc":{"Escrito por":"Erick Villafuerte","Tiempo de lectura":"2 minutos"},"schema":{"@context":"https:\/\/schema.org","@graph":[{"@type":"Article","@id":"https:\/\/www.quebakan.com\/v15\/village-lanza-su-campana-para-mama-y-papa-con-el-sorteo-de-un-auto-nuevo\/#article","isPartOf":{"@id":"https:\/\/www.quebakan.com\/v15\/village-lanza-su-campana-para-mama-y-papa-con-el-sorteo-de-un-auto-nuevo\/"},"author":{"name":"Erick Villafuerte","@id":"https:\/\/www.quebakan.com\/v15\/#\/schema\/person\/d90fa9f9cfa81eb8ace9811e5b7b9118"},"headline":"VILLAGE LANZA SU CAMPA\u00d1A PARA MAM\u00c1 Y PAP\u00c1 CON EL SORTEO DE UN AUTO NUEVO","datePublished":"2026-04-30T01:40:31+00:00","mainEntityOfPage":{"@id":"https:\/\/www.quebakan.com\/v15\/village-lanza-su-campana-para-mama-y-papa-con-el-sorteo-de-un-auto-nuevo\/"},"wordCount":289,"publisher":{"@id":"https:\/\/www.quebakan.com\/v15\/#organization"},"image":{"@id":"https:\/\/www.quebakan.com\/v15\/village-lanza-su-campana-para-mama-y-papa-con-el-sorteo-de-un-auto-nuevo\/#primaryimage"},"thumbnailUrl":"https:\/\/www.quebakan.com\/v15\/wp-content\/uploads\/2026\/04\/CAMPANA-MAMA-Y-PAPA.jpg","articleSection":["Noticias"],"inLanguage":"es"},{"@type":"WebPage","@id":"https:\/\/www.quebakan.com\/v15\/village-lanza-su-campana-para-mama-y-papa-con-el-sorteo-de-un-auto-nuevo\/","url":"https:\/\/www.quebakan.com\/v15\/village-lanza-su-campana-para-mama-y-papa-con-el-sorteo-de-un-auto-nuevo\/","name":"VILLAGE LANZA SU CAMPA\u00d1A PARA MAM\u00c1 Y PAP\u00c1 CON EL SORTEO DE UN AUTO NUEVO &#8211; QUEBAKAN.COM 2026: Noticias, Eventos, Conciertos y mucho m\u00e1s....","isPartOf":{"@id":"https:\/\/www.quebakan.com\/v15\/#website"},"primaryImageOfPage":{"@id":"https:\/\/www.quebakan.com\/v15\/village-lanza-su-campana-para-mama-y-papa-con-el-sorteo-de-un-auto-nuevo\/#primaryimage"},"image":{"@id":"https:\/\/www.quebakan.com\/v15\/village-lanza-su-campana-para-mama-y-papa-con-el-sorteo-de-un-auto-nuevo\/#primaryimage"},"thumbnailUrl":"https:\/\/www.quebakan.com\/v15\/wp-content\/uploads\/2026\/04\/CAMPANA-MAMA-Y-PAPA.jpg","datePublished":"2026-04-30T01:40:31+00:00","breadcrumb":{"@id":"https:\/\/www.quebakan.com\/v15\/village-lanza-su-campana-para-mama-y-papa-con-el-sorteo-de-un-auto-nuevo\/#breadcrumb"},"inLanguage":"es","potentialAction":[{"@type":"ReadAction","target":["https:\/\/www.quebakan.com\/v15\/village-lanza-su-campana-para-mama-y-papa-con-el-sorteo-de-un-auto-nuevo\/"]}]},{"@type":"ImageObject","inLanguage":"es","@id":"https:\/\/www.quebakan.com\/v15\/village-lanza-su-campana-para-mama-y-papa-con-el-sorteo-de-un-auto-nuevo\/#primaryimage","url":"https:\/\/www.quebakan.com\/v15\/wp-content\/uploads\/2026\/04\/CAMPANA-MAMA-Y-PAPA.jpg","contentUrl":"https:\/\/www.quebakan.com\/v15\/wp-content\/uploads\/2026\/04\/CAMPANA-MAMA-Y-PAPA.jpg","width":495,"height":700},{"@type":"BreadcrumbList","@id":"https:\/\/www.quebakan.com\/v15\/village-lanza-su-campana-para-mama-y-papa-con-el-sorteo-de-un-auto-nuevo\/#breadcrumb","itemListElement":[{"@type":"ListItem","position":1,"name":"Portada","item":"https:\/\/www.quebakan.com\/v15\/"},{"@type":"ListItem","position":2,"name":"VILLAGE LANZA SU CAMPA\u00d1A PARA MAM\u00c1 Y PAP\u00c1 CON EL SORTEO DE UN AUTO NUEVO"}]},{"@type":"WebSite","@id":"https:\/\/www.quebakan.com\/v15\/#website","url":"https:\/\/www.quebakan.com\/v15\/","name":"QUEBAKAN","description":"..","publisher":{"@id":"https:\/\/www.quebakan.com\/v15\/#organization"},"potentialAction":[{"@type":"SearchAction","target":{"@type":"EntryPoint","urlTemplate":"https:\/\/www.quebakan.com\/v15\/?s={search_term_string}"},"query-input":{"@type":"PropertyValueSpecification","valueRequired":true,"valueName":"search_term_string"}}],"inLanguage":"es"},{"@type":"Organization","@id":"https:\/\/www.quebakan.com\/v15\/#organization","name":"Quebakan.com","url":"https:\/\/www.quebakan.com\/v15\/","logo":{"@type":"ImageObject","inLanguage":"es","@id":"https:\/\/www.quebakan.com\/v15\/#\/schema\/logo\/image\/","url":"https:\/\/www.quebakan.com\/v15\/wp-content\/uploads\/2023\/07\/logoquebakanenero2021.jpg","contentUrl":"https:\/\/www.quebakan.com\/v15\/wp-content\/uploads\/2023\/07\/logoquebakanenero2021.jpg","width":1920,"height":1080,"caption":"Quebakan.com"},"image":{"@id":"https:\/\/www.quebakan.com\/v15\/#\/schema\/logo\/image\/"},"sameAs":["http:\/\/www.facebook.com\/quebakan","https:\/\/x.com\/quebakanec","http:\/\/www.instagram.com\/quebakan","http:\/\/www.youtube.com\/quebakan1"]},{"@type":"Person","@id":"https:\/\/www.quebakan.com\/v15\/#\/schema\/person\/d90fa9f9cfa81eb8ace9811e5b7b9118","name":"Erick Villafuerte","image":{"@type":"ImageObject","inLanguage":"es","@id":"https:\/\/www.quebakan.com\/v15\/wp-content\/uploads\/avatars\/4\/1731297654-bpfull.png","url":"https:\/\/www.quebakan.com\/v15\/wp-content\/uploads\/avatars\/4\/1731297654-bpfull.png","contentUrl":"https:\/\/www.quebakan.com\/v15\/wp-content\/uploads\/avatars\/4\/1731297654-bpfull.png","caption":"Erick Villafuerte"}}]}},"_links":{"self":[{"href":"https:\/\/www.quebakan.com\/v15\/wp-json\/wp\/v2\/posts\/142137","targetHints":{"allow":["GET"]}}],"collection":[{"href":"https:\/\/www.quebakan.com\/v15\/wp-json\/wp\/v2\/posts"}],"about":[{"href":"https:\/\/www.quebakan.com\/v15\/wp-json\/wp\/v2\/types\/post"}],"author":[{"embeddable":true,"href":"https:\/\/www.quebakan.com\/v15\/wp-json\/wp\/v2\/users\/4"}],"replies":[{"embeddable":true,"href":"https:\/\/www.quebakan.com\/v15\/wp-json\/wp\/v2\/comments?post=142137"}],"version-history":[{"count":1,"href":"https:\/\/www.quebakan.com\/v15\/wp-json\/wp\/v2\/posts\/142137\/revisions"}],"predecessor-version":[{"id":142139,"href":"https:\/\/www.quebakan.com\/v15\/wp-json\/wp\/v2\/posts\/142137\/revisions\/142139"}],"wp:featuredmedia":[{"embeddable":true,"href":"https:\/\/www.quebakan.com\/v15\/wp-json\/wp\/v2\/media\/142138"}],"wp:attachment":[{"href":"https:\/\/www.quebakan.com\/v15\/wp-json\/wp\/v2\/media?parent=142137"}],"wp:term":[{"taxonomy":"category","embeddable":true,"href":"https:\/\/www.quebakan.com\/v15\/wp-json\/wp\/v2\/categories?post=142137"},{"taxonomy":"post_tag","embeddable":true,"href":"https:\/\/www.quebakan.com\/v15\/wp-json\/wp\/v2\/tags?post=142137"}],"curies":[{"name":"wp","href":"https:\/\/api.w.org\/{rel}","templated":true}]}}