{"id":142140,"date":"2026-04-29T20:49:20","date_gmt":"2026-04-30T01:49:20","guid":{"rendered":"https:\/\/www.quebakan.com\/v15\/?p=142140"},"modified":"2026-04-29T20:51:56","modified_gmt":"2026-04-30T01:51:56","slug":"dia-de-la-madre-impulsa-el-consumo-y-refleja-nuevas-dinamicas-de-compras-en-ecuador","status":"publish","type":"post","link":"https:\/\/www.quebakan.com\/v15\/dia-de-la-madre-impulsa-el-consumo-y-refleja-nuevas-dinamicas-de-compras-en-ecuador\/","title":{"rendered":"D\u00eda de la Madre impulsa el consumo y refleja nuevas din\u00e1micas de compras en Ecuador"},"content":{"rendered":"<p><img fetchpriority=\"high\" decoding=\"async\" class=\"aligncenter size-full wp-image-142146\" src=\"https:\/\/www.quebakan.com\/v15\/wp-content\/uploads\/2026\/04\/AES14.jpg\" alt=\"\" width=\"700\" height=\"525\" \/><\/p>\n<ul>\n<li style=\"text-align: justify;\"><span style=\"color: #000000;\"><em>Almacenes Estuardo S\u00e1nchez ofrece a sus clientes una amplia gama de art\u00edculos para ser obsequiados a la reina del hogar.<\/em><\/span><\/li>\n<\/ul>\n<p style=\"text-align: justify;\"><span style=\"color: #000000;\"><em>Guayaquil, 29 abril del 2026<\/em>.- El D\u00eda de la Madre es una de las fechas m\u00e1s relevantes en Ecuador y el mundo, tanto por su valor simb\u00f3lico como por su impacto econ\u00f3mico. En 2025, m\u00e1s de 4,6 millones de mujeres en el pa\u00eds son madres y cerca de 1,7 millones son jefas de hogar, seg\u00fan el INEC, lo que evidencia su rol clave en la estructura social y productiva.<\/span><\/p>\n<p style=\"text-align: justify;\"><span style=\"color: #000000;\"><strong>Almacenes Estuardo S\u00e1nchez<\/strong> se posiciona como uno de los actores del sector retail que capitaliza esta temporada, marcada por un incremento sostenido en la demanda de productos y experiencias. En este contexto, la empresa presenta su campa\u00f1a <strong>\u201cPorque mam\u00e1 lo dice\u201d,<\/strong> una propuesta que reconoce a las madres ecuatorianas como figuras creativas, pr\u00e1cticas y resilientes, capaces de reinventar su cotidianidad.<\/span><\/p>\n<p style=\"text-align: justify;\"><span style=\"color: #000000;\">La propuesta se apoya en una oferta de productos pensados para facilitar el d\u00eda a d\u00eda y potenciar el bienestar en el hogar, incluyendo electrodom\u00e9sticos como freidoras de aire, juegos de ollas, tecnolog\u00eda como celulares modernos, art\u00edculos de decoraci\u00f3n, cuidado personal y soluciones para el ejercicio en casa, en l\u00ednea con un consumidor que busca funcionalidad y valor agregado en sus compras.<\/span><\/p>\n<p style=\"text-align: justify;\"><span style=\"color: #000000;\">\u201c<em>El comportamiento del consumidor se mantiene en constante evoluci\u00f3n. En los \u00faltimos a\u00f1os, la tendencia muestra que los compradores priorizan la calidad y la personalizaci\u00f3n como factores decisivos al momento de elegir un regalo; por ello, en Almacenes Estuardo S\u00e1nchez ofrecemos una amplia gama de obsequios para las mam\u00e1s ecuatorianas, vinculados al bienestar y la sostenibilidad, sin dejar de lado esos espacios del hogar que ellas atesoran<\/em>\u201d, se\u00f1al\u00f3 Sara V\u00e1zquez, gerente de marketing y operaciones de Grupo ALESSA.<\/span><\/p>\n<p style=\"text-align: justify;\"><span style=\"color: #000000;\">La marca <strong>proyecta un crecimiento del 10 % en ventas durante esta fecha<\/strong>; de esta manera, el D\u00eda de la Madre trasciende su dimensi\u00f3n tradicional y se consolida como un reflejo de cambios sociales y culturales m\u00e1s amplios, donde la maternidad se expresa en m\u00faltiples formas y el reconocimiento va m\u00e1s all\u00e1 del obsequio, integrando experiencias, emociones y nuevas din\u00e1micas de consumo.<\/span><\/p>\n<p style=\"text-align: justify;\"><span style=\"color: #000000;\"><strong>Almacenes Estuardo S\u00e1nchez<\/strong> pone a disposici\u00f3n de sus clientes atractivos beneficios: Cr\u00e9dito Directo, acumulaci\u00f3n de estrellas por compras, <strong>10 % de descuento en la primera compra<\/strong> y en el mes de cumplea\u00f1os, la posibilidad de compartir el cr\u00e9dito con hasta cinco personas y un 10 % de rebaja adicional en art\u00edculos de liquidaci\u00f3n.<\/span><\/p>\n<p style=\"text-align: justify;\"><span style=\"color: #000000;\">A esto se suma su canal de ventas en l\u00ednea: <a style=\"color: #000000;\" href=\"http:\/\/www.estuardosanchez.com\">www.estuardosanchez.com<\/a>, donde los usuarios pueden realizar sus compras desde cualquier punto del pa\u00eds y aprovechar promociones exclusivas.<\/span><\/p>\n<p><img decoding=\"async\" class=\"aligncenter size-full wp-image-142143\" src=\"https:\/\/www.quebakan.com\/v15\/wp-content\/uploads\/2026\/04\/Dia-de-las-madres-AES-2.jpg\" alt=\"\" width=\"700\" height=\"525\" \/><\/p>\n<p>&nbsp;<\/p>\n<p><img decoding=\"async\" class=\"aligncenter size-full wp-image-142144\" src=\"https:\/\/www.quebakan.com\/v15\/wp-content\/uploads\/2026\/04\/Dia-de-las-madres-AES-3.jpg\" alt=\"\" width=\"700\" height=\"525\" \/><\/p>\n","protected":false},"excerpt":{"rendered":"<p>Almacenes Estuardo S\u00e1nchez ofrece a sus clientes una amplia gama de art\u00edculos para ser obsequiados a la reina del hogar. Guayaquil, 29 abril del 2026.- El D\u00eda de la Madre es una de las fechas m\u00e1s relevantes en Ecuador y el mundo, tanto por su valor simb\u00f3lico como por su impacto econ\u00f3mico. En 2025, m\u00e1s [&hellip;]<\/p>\n","protected":false},"author":4,"featured_media":0,"comment_status":"closed","ping_status":"closed","sticky":false,"template":"","format":"standard","meta":{"_bbp_topic_count":0,"_bbp_reply_count":0,"_bbp_total_topic_count":0,"_bbp_total_reply_count":0,"_bbp_voice_count":0,"_bbp_anonymous_reply_count":0,"_bbp_topic_count_hidden":0,"_bbp_reply_count_hidden":0,"_bbp_forum_subforum_count":0,"buzzeditor_post_format":"","footnotes":""},"categories":[2],"tags":[],"class_list":["post-142140","post","type-post","status-publish","format-standard","hentry","category-noticias"],"yoast_head":"<!-- This site is optimized with the Yoast SEO plugin v27.5 - https:\/\/yoast.com\/product\/yoast-seo-wordpress\/ -->\n<title>D\u00eda de la Madre impulsa el consumo y refleja nuevas din\u00e1micas de compras en Ecuador &#8211; QUEBAKAN.COM 2026: Noticias, Eventos, Conciertos y mucho m\u00e1s....<\/title>\n<meta name=\"robots\" content=\"index, follow, max-snippet:-1, max-image-preview:large, max-video-preview:-1\" \/>\n<link rel=\"canonical\" href=\"https:\/\/www.quebakan.com\/v15\/dia-de-la-madre-impulsa-el-consumo-y-refleja-nuevas-dinamicas-de-compras-en-ecuador\/\" \/>\n<meta property=\"og:locale\" content=\"es_ES\" \/>\n<meta property=\"og:type\" content=\"article\" \/>\n<meta property=\"og:title\" content=\"D\u00eda de la Madre impulsa el consumo y refleja nuevas din\u00e1micas de compras en Ecuador &#8211; QUEBAKAN.COM 2026: Noticias, Eventos, Conciertos y mucho m\u00e1s....\" \/>\n<meta property=\"og:description\" content=\"Almacenes Estuardo S\u00e1nchez ofrece a sus clientes una amplia gama de art\u00edculos para ser obsequiados a la reina del hogar. Guayaquil, 29 abril del 2026.- El D\u00eda de la Madre es una de las fechas m\u00e1s relevantes en Ecuador y el mundo, tanto por su valor simb\u00f3lico como por su impacto econ\u00f3mico. En 2025, m\u00e1s [&hellip;]\" \/>\n<meta property=\"og:url\" content=\"https:\/\/www.quebakan.com\/v15\/dia-de-la-madre-impulsa-el-consumo-y-refleja-nuevas-dinamicas-de-compras-en-ecuador\/\" \/>\n<meta property=\"og:site_name\" content=\"QUEBAKAN.COM 2026: Noticias, Eventos, Conciertos y mucho m\u00e1s....\" \/>\n<meta property=\"article:publisher\" content=\"http:\/\/www.facebook.com\/quebakan\" \/>\n<meta property=\"article:published_time\" content=\"2026-04-30T01:49:20+00:00\" \/>\n<meta property=\"article:modified_time\" content=\"2026-04-30T01:51:56+00:00\" \/>\n<meta property=\"og:image\" content=\"https:\/\/www.quebakan.com\/v15\/wp-content\/uploads\/2026\/04\/AES14.jpg\" \/>\n\t<meta property=\"og:image:width\" content=\"700\" \/>\n\t<meta property=\"og:image:height\" content=\"525\" \/>\n\t<meta property=\"og:image:type\" content=\"image\/jpeg\" \/>\n<meta name=\"author\" content=\"Erick Villafuerte\" \/>\n<meta name=\"twitter:card\" content=\"summary_large_image\" \/>\n<meta name=\"twitter:creator\" content=\"@quebakanec\" \/>\n<meta name=\"twitter:site\" content=\"@quebakanec\" \/>\n<meta name=\"twitter:label1\" content=\"Escrito por\" \/>\n\t<meta name=\"twitter:data1\" content=\"Erick Villafuerte\" \/>\n\t<meta name=\"twitter:label2\" content=\"Tiempo de lectura\" \/>\n\t<meta name=\"twitter:data2\" content=\"3 minutos\" \/>\n<script type=\"application\/ld+json\" class=\"yoast-schema-graph\">{\"@context\":\"https:\\\/\\\/schema.org\",\"@graph\":[{\"@type\":\"Article\",\"@id\":\"https:\\\/\\\/www.quebakan.com\\\/v15\\\/dia-de-la-madre-impulsa-el-consumo-y-refleja-nuevas-dinamicas-de-compras-en-ecuador\\\/#article\",\"isPartOf\":{\"@id\":\"https:\\\/\\\/www.quebakan.com\\\/v15\\\/dia-de-la-madre-impulsa-el-consumo-y-refleja-nuevas-dinamicas-de-compras-en-ecuador\\\/\"},\"author\":{\"name\":\"Erick Villafuerte\",\"@id\":\"https:\\\/\\\/www.quebakan.com\\\/v15\\\/#\\\/schema\\\/person\\\/d90fa9f9cfa81eb8ace9811e5b7b9118\"},\"headline\":\"D\u00eda de la Madre impulsa el consumo y refleja nuevas din\u00e1micas de compras en Ecuador\",\"datePublished\":\"2026-04-30T01:49:20+00:00\",\"dateModified\":\"2026-04-30T01:51:56+00:00\",\"mainEntityOfPage\":{\"@id\":\"https:\\\/\\\/www.quebakan.com\\\/v15\\\/dia-de-la-madre-impulsa-el-consumo-y-refleja-nuevas-dinamicas-de-compras-en-ecuador\\\/\"},\"wordCount\":483,\"publisher\":{\"@id\":\"https:\\\/\\\/www.quebakan.com\\\/v15\\\/#organization\"},\"image\":{\"@id\":\"https:\\\/\\\/www.quebakan.com\\\/v15\\\/dia-de-la-madre-impulsa-el-consumo-y-refleja-nuevas-dinamicas-de-compras-en-ecuador\\\/#primaryimage\"},\"thumbnailUrl\":\"https:\\\/\\\/www.quebakan.com\\\/v15\\\/wp-content\\\/uploads\\\/2026\\\/04\\\/AES14.jpg\",\"articleSection\":[\"Noticias\"],\"inLanguage\":\"es\"},{\"@type\":\"WebPage\",\"@id\":\"https:\\\/\\\/www.quebakan.com\\\/v15\\\/dia-de-la-madre-impulsa-el-consumo-y-refleja-nuevas-dinamicas-de-compras-en-ecuador\\\/\",\"url\":\"https:\\\/\\\/www.quebakan.com\\\/v15\\\/dia-de-la-madre-impulsa-el-consumo-y-refleja-nuevas-dinamicas-de-compras-en-ecuador\\\/\",\"name\":\"D\u00eda de la Madre impulsa el consumo y refleja nuevas din\u00e1micas de compras en Ecuador &#8211; QUEBAKAN.COM 2026: Noticias, Eventos, Conciertos y mucho m\u00e1s....\",\"isPartOf\":{\"@id\":\"https:\\\/\\\/www.quebakan.com\\\/v15\\\/#website\"},\"primaryImageOfPage\":{\"@id\":\"https:\\\/\\\/www.quebakan.com\\\/v15\\\/dia-de-la-madre-impulsa-el-consumo-y-refleja-nuevas-dinamicas-de-compras-en-ecuador\\\/#primaryimage\"},\"image\":{\"@id\":\"https:\\\/\\\/www.quebakan.com\\\/v15\\\/dia-de-la-madre-impulsa-el-consumo-y-refleja-nuevas-dinamicas-de-compras-en-ecuador\\\/#primaryimage\"},\"thumbnailUrl\":\"https:\\\/\\\/www.quebakan.com\\\/v15\\\/wp-content\\\/uploads\\\/2026\\\/04\\\/AES14.jpg\",\"datePublished\":\"2026-04-30T01:49:20+00:00\",\"dateModified\":\"2026-04-30T01:51:56+00:00\",\"breadcrumb\":{\"@id\":\"https:\\\/\\\/www.quebakan.com\\\/v15\\\/dia-de-la-madre-impulsa-el-consumo-y-refleja-nuevas-dinamicas-de-compras-en-ecuador\\\/#breadcrumb\"},\"inLanguage\":\"es\",\"potentialAction\":[{\"@type\":\"ReadAction\",\"target\":[\"https:\\\/\\\/www.quebakan.com\\\/v15\\\/dia-de-la-madre-impulsa-el-consumo-y-refleja-nuevas-dinamicas-de-compras-en-ecuador\\\/\"]}]},{\"@type\":\"ImageObject\",\"inLanguage\":\"es\",\"@id\":\"https:\\\/\\\/www.quebakan.com\\\/v15\\\/dia-de-la-madre-impulsa-el-consumo-y-refleja-nuevas-dinamicas-de-compras-en-ecuador\\\/#primaryimage\",\"url\":\"https:\\\/\\\/www.quebakan.com\\\/v15\\\/wp-content\\\/uploads\\\/2026\\\/04\\\/AES14.jpg\",\"contentUrl\":\"https:\\\/\\\/www.quebakan.com\\\/v15\\\/wp-content\\\/uploads\\\/2026\\\/04\\\/AES14.jpg\",\"width\":700,\"height\":525},{\"@type\":\"BreadcrumbList\",\"@id\":\"https:\\\/\\\/www.quebakan.com\\\/v15\\\/dia-de-la-madre-impulsa-el-consumo-y-refleja-nuevas-dinamicas-de-compras-en-ecuador\\\/#breadcrumb\",\"itemListElement\":[{\"@type\":\"ListItem\",\"position\":1,\"name\":\"Portada\",\"item\":\"https:\\\/\\\/www.quebakan.com\\\/v15\\\/\"},{\"@type\":\"ListItem\",\"position\":2,\"name\":\"D\u00eda de la Madre impulsa el consumo y refleja nuevas din\u00e1micas de compras en Ecuador\"}]},{\"@type\":\"WebSite\",\"@id\":\"https:\\\/\\\/www.quebakan.com\\\/v15\\\/#website\",\"url\":\"https:\\\/\\\/www.quebakan.com\\\/v15\\\/\",\"name\":\"QUEBAKAN\",\"description\":\"..\",\"publisher\":{\"@id\":\"https:\\\/\\\/www.quebakan.com\\\/v15\\\/#organization\"},\"potentialAction\":[{\"@type\":\"SearchAction\",\"target\":{\"@type\":\"EntryPoint\",\"urlTemplate\":\"https:\\\/\\\/www.quebakan.com\\\/v15\\\/?s={search_term_string}\"},\"query-input\":{\"@type\":\"PropertyValueSpecification\",\"valueRequired\":true,\"valueName\":\"search_term_string\"}}],\"inLanguage\":\"es\"},{\"@type\":\"Organization\",\"@id\":\"https:\\\/\\\/www.quebakan.com\\\/v15\\\/#organization\",\"name\":\"Quebakan.com\",\"url\":\"https:\\\/\\\/www.quebakan.com\\\/v15\\\/\",\"logo\":{\"@type\":\"ImageObject\",\"inLanguage\":\"es\",\"@id\":\"https:\\\/\\\/www.quebakan.com\\\/v15\\\/#\\\/schema\\\/logo\\\/image\\\/\",\"url\":\"https:\\\/\\\/www.quebakan.com\\\/v15\\\/wp-content\\\/uploads\\\/2023\\\/07\\\/logoquebakanenero2021.jpg\",\"contentUrl\":\"https:\\\/\\\/www.quebakan.com\\\/v15\\\/wp-content\\\/uploads\\\/2023\\\/07\\\/logoquebakanenero2021.jpg\",\"width\":1920,\"height\":1080,\"caption\":\"Quebakan.com\"},\"image\":{\"@id\":\"https:\\\/\\\/www.quebakan.com\\\/v15\\\/#\\\/schema\\\/logo\\\/image\\\/\"},\"sameAs\":[\"http:\\\/\\\/www.facebook.com\\\/quebakan\",\"https:\\\/\\\/x.com\\\/quebakanec\",\"http:\\\/\\\/www.instagram.com\\\/quebakan\",\"http:\\\/\\\/www.youtube.com\\\/quebakan1\"]},{\"@type\":\"Person\",\"@id\":\"https:\\\/\\\/www.quebakan.com\\\/v15\\\/#\\\/schema\\\/person\\\/d90fa9f9cfa81eb8ace9811e5b7b9118\",\"name\":\"Erick Villafuerte\",\"image\":{\"@type\":\"ImageObject\",\"inLanguage\":\"es\",\"@id\":\"https:\\\/\\\/www.quebakan.com\\\/v15\\\/wp-content\\\/uploads\\\/avatars\\\/4\\\/1731297654-bpfull.png\",\"url\":\"https:\\\/\\\/www.quebakan.com\\\/v15\\\/wp-content\\\/uploads\\\/avatars\\\/4\\\/1731297654-bpfull.png\",\"contentUrl\":\"https:\\\/\\\/www.quebakan.com\\\/v15\\\/wp-content\\\/uploads\\\/avatars\\\/4\\\/1731297654-bpfull.png\",\"caption\":\"Erick Villafuerte\"}}]}<\/script>\n<!-- \/ Yoast SEO plugin. -->","yoast_head_json":{"title":"D\u00eda de la Madre impulsa el consumo y refleja nuevas din\u00e1micas de compras en Ecuador &#8211; QUEBAKAN.COM 2026: Noticias, Eventos, Conciertos y mucho m\u00e1s....","robots":{"index":"index","follow":"follow","max-snippet":"max-snippet:-1","max-image-preview":"max-image-preview:large","max-video-preview":"max-video-preview:-1"},"canonical":"https:\/\/www.quebakan.com\/v15\/dia-de-la-madre-impulsa-el-consumo-y-refleja-nuevas-dinamicas-de-compras-en-ecuador\/","og_locale":"es_ES","og_type":"article","og_title":"D\u00eda de la Madre impulsa el consumo y refleja nuevas din\u00e1micas de compras en Ecuador &#8211; QUEBAKAN.COM 2026: Noticias, Eventos, Conciertos y mucho m\u00e1s....","og_description":"Almacenes Estuardo S\u00e1nchez ofrece a sus clientes una amplia gama de art\u00edculos para ser obsequiados a la reina del hogar. Guayaquil, 29 abril del 2026.- El D\u00eda de la Madre es una de las fechas m\u00e1s relevantes en Ecuador y el mundo, tanto por su valor simb\u00f3lico como por su impacto econ\u00f3mico. En 2025, m\u00e1s [&hellip;]","og_url":"https:\/\/www.quebakan.com\/v15\/dia-de-la-madre-impulsa-el-consumo-y-refleja-nuevas-dinamicas-de-compras-en-ecuador\/","og_site_name":"QUEBAKAN.COM 2026: Noticias, Eventos, Conciertos y mucho m\u00e1s....","article_publisher":"http:\/\/www.facebook.com\/quebakan","article_published_time":"2026-04-30T01:49:20+00:00","article_modified_time":"2026-04-30T01:51:56+00:00","og_image":[{"width":700,"height":525,"url":"https:\/\/www.quebakan.com\/v15\/wp-content\/uploads\/2026\/04\/AES14.jpg","type":"image\/jpeg"}],"author":"Erick Villafuerte","twitter_card":"summary_large_image","twitter_creator":"@quebakanec","twitter_site":"@quebakanec","twitter_misc":{"Escrito por":"Erick Villafuerte","Tiempo de lectura":"3 minutos"},"schema":{"@context":"https:\/\/schema.org","@graph":[{"@type":"Article","@id":"https:\/\/www.quebakan.com\/v15\/dia-de-la-madre-impulsa-el-consumo-y-refleja-nuevas-dinamicas-de-compras-en-ecuador\/#article","isPartOf":{"@id":"https:\/\/www.quebakan.com\/v15\/dia-de-la-madre-impulsa-el-consumo-y-refleja-nuevas-dinamicas-de-compras-en-ecuador\/"},"author":{"name":"Erick Villafuerte","@id":"https:\/\/www.quebakan.com\/v15\/#\/schema\/person\/d90fa9f9cfa81eb8ace9811e5b7b9118"},"headline":"D\u00eda de la Madre impulsa el consumo y refleja nuevas din\u00e1micas de compras en Ecuador","datePublished":"2026-04-30T01:49:20+00:00","dateModified":"2026-04-30T01:51:56+00:00","mainEntityOfPage":{"@id":"https:\/\/www.quebakan.com\/v15\/dia-de-la-madre-impulsa-el-consumo-y-refleja-nuevas-dinamicas-de-compras-en-ecuador\/"},"wordCount":483,"publisher":{"@id":"https:\/\/www.quebakan.com\/v15\/#organization"},"image":{"@id":"https:\/\/www.quebakan.com\/v15\/dia-de-la-madre-impulsa-el-consumo-y-refleja-nuevas-dinamicas-de-compras-en-ecuador\/#primaryimage"},"thumbnailUrl":"https:\/\/www.quebakan.com\/v15\/wp-content\/uploads\/2026\/04\/AES14.jpg","articleSection":["Noticias"],"inLanguage":"es"},{"@type":"WebPage","@id":"https:\/\/www.quebakan.com\/v15\/dia-de-la-madre-impulsa-el-consumo-y-refleja-nuevas-dinamicas-de-compras-en-ecuador\/","url":"https:\/\/www.quebakan.com\/v15\/dia-de-la-madre-impulsa-el-consumo-y-refleja-nuevas-dinamicas-de-compras-en-ecuador\/","name":"D\u00eda de la Madre impulsa el consumo y refleja nuevas din\u00e1micas de compras en Ecuador &#8211; QUEBAKAN.COM 2026: Noticias, Eventos, Conciertos y mucho m\u00e1s....","isPartOf":{"@id":"https:\/\/www.quebakan.com\/v15\/#website"},"primaryImageOfPage":{"@id":"https:\/\/www.quebakan.com\/v15\/dia-de-la-madre-impulsa-el-consumo-y-refleja-nuevas-dinamicas-de-compras-en-ecuador\/#primaryimage"},"image":{"@id":"https:\/\/www.quebakan.com\/v15\/dia-de-la-madre-impulsa-el-consumo-y-refleja-nuevas-dinamicas-de-compras-en-ecuador\/#primaryimage"},"thumbnailUrl":"https:\/\/www.quebakan.com\/v15\/wp-content\/uploads\/2026\/04\/AES14.jpg","datePublished":"2026-04-30T01:49:20+00:00","dateModified":"2026-04-30T01:51:56+00:00","breadcrumb":{"@id":"https:\/\/www.quebakan.com\/v15\/dia-de-la-madre-impulsa-el-consumo-y-refleja-nuevas-dinamicas-de-compras-en-ecuador\/#breadcrumb"},"inLanguage":"es","potentialAction":[{"@type":"ReadAction","target":["https:\/\/www.quebakan.com\/v15\/dia-de-la-madre-impulsa-el-consumo-y-refleja-nuevas-dinamicas-de-compras-en-ecuador\/"]}]},{"@type":"ImageObject","inLanguage":"es","@id":"https:\/\/www.quebakan.com\/v15\/dia-de-la-madre-impulsa-el-consumo-y-refleja-nuevas-dinamicas-de-compras-en-ecuador\/#primaryimage","url":"https:\/\/www.quebakan.com\/v15\/wp-content\/uploads\/2026\/04\/AES14.jpg","contentUrl":"https:\/\/www.quebakan.com\/v15\/wp-content\/uploads\/2026\/04\/AES14.jpg","width":700,"height":525},{"@type":"BreadcrumbList","@id":"https:\/\/www.quebakan.com\/v15\/dia-de-la-madre-impulsa-el-consumo-y-refleja-nuevas-dinamicas-de-compras-en-ecuador\/#breadcrumb","itemListElement":[{"@type":"ListItem","position":1,"name":"Portada","item":"https:\/\/www.quebakan.com\/v15\/"},{"@type":"ListItem","position":2,"name":"D\u00eda de la Madre impulsa el consumo y refleja nuevas din\u00e1micas de compras en Ecuador"}]},{"@type":"WebSite","@id":"https:\/\/www.quebakan.com\/v15\/#website","url":"https:\/\/www.quebakan.com\/v15\/","name":"QUEBAKAN","description":"..","publisher":{"@id":"https:\/\/www.quebakan.com\/v15\/#organization"},"potentialAction":[{"@type":"SearchAction","target":{"@type":"EntryPoint","urlTemplate":"https:\/\/www.quebakan.com\/v15\/?s={search_term_string}"},"query-input":{"@type":"PropertyValueSpecification","valueRequired":true,"valueName":"search_term_string"}}],"inLanguage":"es"},{"@type":"Organization","@id":"https:\/\/www.quebakan.com\/v15\/#organization","name":"Quebakan.com","url":"https:\/\/www.quebakan.com\/v15\/","logo":{"@type":"ImageObject","inLanguage":"es","@id":"https:\/\/www.quebakan.com\/v15\/#\/schema\/logo\/image\/","url":"https:\/\/www.quebakan.com\/v15\/wp-content\/uploads\/2023\/07\/logoquebakanenero2021.jpg","contentUrl":"https:\/\/www.quebakan.com\/v15\/wp-content\/uploads\/2023\/07\/logoquebakanenero2021.jpg","width":1920,"height":1080,"caption":"Quebakan.com"},"image":{"@id":"https:\/\/www.quebakan.com\/v15\/#\/schema\/logo\/image\/"},"sameAs":["http:\/\/www.facebook.com\/quebakan","https:\/\/x.com\/quebakanec","http:\/\/www.instagram.com\/quebakan","http:\/\/www.youtube.com\/quebakan1"]},{"@type":"Person","@id":"https:\/\/www.quebakan.com\/v15\/#\/schema\/person\/d90fa9f9cfa81eb8ace9811e5b7b9118","name":"Erick Villafuerte","image":{"@type":"ImageObject","inLanguage":"es","@id":"https:\/\/www.quebakan.com\/v15\/wp-content\/uploads\/avatars\/4\/1731297654-bpfull.png","url":"https:\/\/www.quebakan.com\/v15\/wp-content\/uploads\/avatars\/4\/1731297654-bpfull.png","contentUrl":"https:\/\/www.quebakan.com\/v15\/wp-content\/uploads\/avatars\/4\/1731297654-bpfull.png","caption":"Erick Villafuerte"}}]}},"_links":{"self":[{"href":"https:\/\/www.quebakan.com\/v15\/wp-json\/wp\/v2\/posts\/142140","targetHints":{"allow":["GET"]}}],"collection":[{"href":"https:\/\/www.quebakan.com\/v15\/wp-json\/wp\/v2\/posts"}],"about":[{"href":"https:\/\/www.quebakan.com\/v15\/wp-json\/wp\/v2\/types\/post"}],"author":[{"embeddable":true,"href":"https:\/\/www.quebakan.com\/v15\/wp-json\/wp\/v2\/users\/4"}],"replies":[{"embeddable":true,"href":"https:\/\/www.quebakan.com\/v15\/wp-json\/wp\/v2\/comments?post=142140"}],"version-history":[{"count":2,"href":"https:\/\/www.quebakan.com\/v15\/wp-json\/wp\/v2\/posts\/142140\/revisions"}],"predecessor-version":[{"id":142147,"href":"https:\/\/www.quebakan.com\/v15\/wp-json\/wp\/v2\/posts\/142140\/revisions\/142147"}],"wp:attachment":[{"href":"https:\/\/www.quebakan.com\/v15\/wp-json\/wp\/v2\/media?parent=142140"}],"wp:term":[{"taxonomy":"category","embeddable":true,"href":"https:\/\/www.quebakan.com\/v15\/wp-json\/wp\/v2\/categories?post=142140"},{"taxonomy":"post_tag","embeddable":true,"href":"https:\/\/www.quebakan.com\/v15\/wp-json\/wp\/v2\/tags?post=142140"}],"curies":[{"name":"wp","href":"https:\/\/api.w.org\/{rel}","templated":true}]}}