{"id":142149,"date":"2026-04-29T23:57:44","date_gmt":"2026-04-30T04:57:44","guid":{"rendered":"https:\/\/www.quebakan.com\/v15\/?p=142149"},"modified":"2026-04-29T23:57:44","modified_gmt":"2026-04-30T04:57:44","slug":"el-dia-del-atun-suena-a-tun-tun-real-se-convierte-en-protagonista-de-esta-celebracion","status":"publish","type":"post","link":"https:\/\/www.quebakan.com\/v15\/el-dia-del-atun-suena-a-tun-tun-real-se-convierte-en-protagonista-de-esta-celebracion\/","title":{"rendered":"EL D\u00cdA DEL AT\u00daN SUENA A TUN TUN: REAL SE CONVIERTE EN PROTAGONISTA DE ESTA CELEBRACI\u00d3N"},"content":{"rendered":"<p><img fetchpriority=\"high\" decoding=\"async\" class=\"aligncenter size-full wp-image-142150\" src=\"https:\/\/www.quebakan.com\/v15\/wp-content\/uploads\/2026\/04\/BOLETIN-FOTO.jpg\" alt=\"\" width=\"700\" height=\"467\" \/><\/p>\n<p style=\"text-align: justify;\"><span style=\"color: #000000;\">Desde 2016, las Naciones Unidas design\u00f3 el 2 de mayo como el D\u00eda Mundial del At\u00fan, una fecha que busca destacar la relevancia del at\u00fan. Este a\u00f1o, Alimentos Real, marca de la empresa ecuatoriana NIRSA, decide convertirse en el protagonista de esta fecha, apropi\u00e1ndose de un sonido tan ic\u00f3nico y distintivo de At\u00fan Real que ha acompa\u00f1ado a las familias ecuatorianas por m\u00e1s de 25 a\u00f1os, para recordarle la importancia de esta gran celebraci\u00f3n.<\/span><\/p>\n<p style=\"text-align: justify;\"><span style=\"color: #000000;\">Bajo el concepto \u201cEl D\u00eda del At\u00fan suena a TUN TUN\u201d, la marca impulsa una campa\u00f1a que busca poner a At\u00fan Real en el centro de la conversaci\u00f3n, al ser un alimento que est\u00e1 presente en las mesas ecuatorianas con diversas recetas y preparaciones y que adem\u00e1s est\u00e1 en todo aquello que nos emociona y \u201cnos hace TUN TUN\u201d.<\/span><\/p>\n<p style=\"text-align: justify;\"><span style=\"color: #000000;\">A trav\u00e9s de un concurso en redes sociales At\u00fan Real invita a los consumidores a encontrar el \u201cTun Tun\u201d en todas partes: desde el latido del coraz\u00f3n, una canci\u00f3n, una pel\u00edcula cl\u00e1sica o incluso el sonido de un timbre.<\/span><\/p>\n<p style=\"text-align: justify;\"><span style=\"color: #000000;\">La mec\u00e1nica del concurso es simple: sabemos que podemos encontrar un Tun Tun en cualquier lado, y cuando esto ocurra se debe grabar y subirlo a las historias de Instagram mencionando a @alimentosrealoficial. La marca lo repostear\u00e1 en sus redes y, a trav\u00e9s de una encuesta, decidir\u00e1 junto a su p\u00fablico si suena o no suena a \u201cTun Tun\u201d.<\/span><\/p>\n<p style=\"text-align: justify;\"><span style=\"color: #000000;\">As\u00ed, At\u00fan Real convierte este sonido en el eje de una campa\u00f1a que busca algo claro: que siempre que suene a TUN TUN, sepas que es Real. Y es que, as\u00ed como estos sonidos est\u00e1n en todas partes, At\u00fan Real tambi\u00e9n lo est\u00e1: en las recetas de todos los d\u00edas, en los almuerzos tradicionales, en los momentos compartidos y en esas soluciones pr\u00e1cticas que acompa\u00f1an a millones de hogares.<\/span><\/p>\n<p style=\"text-align: justify;\"><span style=\"color: #000000;\">De esta forma, Alimentos Real no solo se suma a una fecha: la hace propia. La convierte en el recordatorio de que, todo puede sonar a Tun Tun, y si te hace Tun Tun es Real.<\/span><\/p>\n","protected":false},"excerpt":{"rendered":"<p>Desde 2016, las Naciones Unidas design\u00f3 el 2 de mayo como el D\u00eda Mundial del At\u00fan, una fecha que busca destacar la relevancia del at\u00fan. Este a\u00f1o, Alimentos Real, marca de la empresa ecuatoriana NIRSA, decide convertirse en el protagonista de esta fecha, apropi\u00e1ndose de un sonido tan ic\u00f3nico y distintivo de At\u00fan Real que [&hellip;]<\/p>\n","protected":false},"author":4,"featured_media":142150,"comment_status":"closed","ping_status":"closed","sticky":false,"template":"","format":"standard","meta":{"_bbp_topic_count":0,"_bbp_reply_count":0,"_bbp_total_topic_count":0,"_bbp_total_reply_count":0,"_bbp_voice_count":0,"_bbp_anonymous_reply_count":0,"_bbp_topic_count_hidden":0,"_bbp_reply_count_hidden":0,"_bbp_forum_subforum_count":0,"buzzeditor_post_format":"","footnotes":""},"categories":[2],"tags":[],"class_list":["post-142149","post","type-post","status-publish","format-standard","has-post-thumbnail","hentry","category-noticias"],"yoast_head":"<!-- This site is optimized with the Yoast SEO plugin v27.5 - https:\/\/yoast.com\/product\/yoast-seo-wordpress\/ -->\n<title>EL D\u00cdA DEL AT\u00daN SUENA A TUN TUN: REAL SE CONVIERTE EN PROTAGONISTA DE ESTA CELEBRACI\u00d3N &#8211; QUEBAKAN.COM 2026: Noticias, Eventos, Conciertos y mucho m\u00e1s....<\/title>\n<meta name=\"robots\" content=\"index, follow, max-snippet:-1, max-image-preview:large, max-video-preview:-1\" \/>\n<link rel=\"canonical\" href=\"https:\/\/www.quebakan.com\/v15\/el-dia-del-atun-suena-a-tun-tun-real-se-convierte-en-protagonista-de-esta-celebracion\/\" \/>\n<meta property=\"og:locale\" content=\"es_ES\" \/>\n<meta property=\"og:type\" content=\"article\" \/>\n<meta property=\"og:title\" content=\"EL D\u00cdA DEL AT\u00daN SUENA A TUN TUN: REAL SE CONVIERTE EN PROTAGONISTA DE ESTA CELEBRACI\u00d3N &#8211; QUEBAKAN.COM 2026: Noticias, Eventos, Conciertos y mucho m\u00e1s....\" \/>\n<meta property=\"og:description\" content=\"Desde 2016, las Naciones Unidas design\u00f3 el 2 de mayo como el D\u00eda Mundial del At\u00fan, una fecha que busca destacar la relevancia del at\u00fan. Este a\u00f1o, Alimentos Real, marca de la empresa ecuatoriana NIRSA, decide convertirse en el protagonista de esta fecha, apropi\u00e1ndose de un sonido tan ic\u00f3nico y distintivo de At\u00fan Real que [&hellip;]\" \/>\n<meta property=\"og:url\" content=\"https:\/\/www.quebakan.com\/v15\/el-dia-del-atun-suena-a-tun-tun-real-se-convierte-en-protagonista-de-esta-celebracion\/\" \/>\n<meta property=\"og:site_name\" content=\"QUEBAKAN.COM 2026: Noticias, Eventos, Conciertos y mucho m\u00e1s....\" \/>\n<meta property=\"article:publisher\" content=\"http:\/\/www.facebook.com\/quebakan\" \/>\n<meta property=\"article:published_time\" content=\"2026-04-30T04:57:44+00:00\" \/>\n<meta property=\"og:image\" content=\"https:\/\/www.quebakan.com\/v15\/wp-content\/uploads\/2026\/04\/BOLETIN-FOTO.jpg\" \/>\n\t<meta property=\"og:image:width\" content=\"700\" \/>\n\t<meta property=\"og:image:height\" content=\"467\" \/>\n\t<meta property=\"og:image:type\" content=\"image\/jpeg\" \/>\n<meta name=\"author\" content=\"Erick Villafuerte\" \/>\n<meta name=\"twitter:card\" content=\"summary_large_image\" \/>\n<meta name=\"twitter:creator\" content=\"@quebakanec\" \/>\n<meta name=\"twitter:site\" content=\"@quebakanec\" \/>\n<meta name=\"twitter:label1\" content=\"Escrito por\" \/>\n\t<meta name=\"twitter:data1\" content=\"Erick Villafuerte\" \/>\n\t<meta name=\"twitter:label2\" content=\"Tiempo de lectura\" \/>\n\t<meta name=\"twitter:data2\" content=\"2 minutos\" \/>\n<script type=\"application\/ld+json\" class=\"yoast-schema-graph\">{\"@context\":\"https:\\\/\\\/schema.org\",\"@graph\":[{\"@type\":\"Article\",\"@id\":\"https:\\\/\\\/www.quebakan.com\\\/v15\\\/el-dia-del-atun-suena-a-tun-tun-real-se-convierte-en-protagonista-de-esta-celebracion\\\/#article\",\"isPartOf\":{\"@id\":\"https:\\\/\\\/www.quebakan.com\\\/v15\\\/el-dia-del-atun-suena-a-tun-tun-real-se-convierte-en-protagonista-de-esta-celebracion\\\/\"},\"author\":{\"name\":\"Erick Villafuerte\",\"@id\":\"https:\\\/\\\/www.quebakan.com\\\/v15\\\/#\\\/schema\\\/person\\\/d90fa9f9cfa81eb8ace9811e5b7b9118\"},\"headline\":\"EL D\u00cdA DEL AT\u00daN SUENA A TUN TUN: REAL SE CONVIERTE EN PROTAGONISTA DE ESTA CELEBRACI\u00d3N\",\"datePublished\":\"2026-04-30T04:57:44+00:00\",\"mainEntityOfPage\":{\"@id\":\"https:\\\/\\\/www.quebakan.com\\\/v15\\\/el-dia-del-atun-suena-a-tun-tun-real-se-convierte-en-protagonista-de-esta-celebracion\\\/\"},\"wordCount\":386,\"publisher\":{\"@id\":\"https:\\\/\\\/www.quebakan.com\\\/v15\\\/#organization\"},\"image\":{\"@id\":\"https:\\\/\\\/www.quebakan.com\\\/v15\\\/el-dia-del-atun-suena-a-tun-tun-real-se-convierte-en-protagonista-de-esta-celebracion\\\/#primaryimage\"},\"thumbnailUrl\":\"https:\\\/\\\/www.quebakan.com\\\/v15\\\/wp-content\\\/uploads\\\/2026\\\/04\\\/BOLETIN-FOTO.jpg\",\"articleSection\":[\"Noticias\"],\"inLanguage\":\"es\"},{\"@type\":\"WebPage\",\"@id\":\"https:\\\/\\\/www.quebakan.com\\\/v15\\\/el-dia-del-atun-suena-a-tun-tun-real-se-convierte-en-protagonista-de-esta-celebracion\\\/\",\"url\":\"https:\\\/\\\/www.quebakan.com\\\/v15\\\/el-dia-del-atun-suena-a-tun-tun-real-se-convierte-en-protagonista-de-esta-celebracion\\\/\",\"name\":\"EL D\u00cdA DEL AT\u00daN SUENA A TUN TUN: REAL SE CONVIERTE EN PROTAGONISTA DE ESTA CELEBRACI\u00d3N &#8211; QUEBAKAN.COM 2026: Noticias, Eventos, Conciertos y mucho m\u00e1s....\",\"isPartOf\":{\"@id\":\"https:\\\/\\\/www.quebakan.com\\\/v15\\\/#website\"},\"primaryImageOfPage\":{\"@id\":\"https:\\\/\\\/www.quebakan.com\\\/v15\\\/el-dia-del-atun-suena-a-tun-tun-real-se-convierte-en-protagonista-de-esta-celebracion\\\/#primaryimage\"},\"image\":{\"@id\":\"https:\\\/\\\/www.quebakan.com\\\/v15\\\/el-dia-del-atun-suena-a-tun-tun-real-se-convierte-en-protagonista-de-esta-celebracion\\\/#primaryimage\"},\"thumbnailUrl\":\"https:\\\/\\\/www.quebakan.com\\\/v15\\\/wp-content\\\/uploads\\\/2026\\\/04\\\/BOLETIN-FOTO.jpg\",\"datePublished\":\"2026-04-30T04:57:44+00:00\",\"breadcrumb\":{\"@id\":\"https:\\\/\\\/www.quebakan.com\\\/v15\\\/el-dia-del-atun-suena-a-tun-tun-real-se-convierte-en-protagonista-de-esta-celebracion\\\/#breadcrumb\"},\"inLanguage\":\"es\",\"potentialAction\":[{\"@type\":\"ReadAction\",\"target\":[\"https:\\\/\\\/www.quebakan.com\\\/v15\\\/el-dia-del-atun-suena-a-tun-tun-real-se-convierte-en-protagonista-de-esta-celebracion\\\/\"]}]},{\"@type\":\"ImageObject\",\"inLanguage\":\"es\",\"@id\":\"https:\\\/\\\/www.quebakan.com\\\/v15\\\/el-dia-del-atun-suena-a-tun-tun-real-se-convierte-en-protagonista-de-esta-celebracion\\\/#primaryimage\",\"url\":\"https:\\\/\\\/www.quebakan.com\\\/v15\\\/wp-content\\\/uploads\\\/2026\\\/04\\\/BOLETIN-FOTO.jpg\",\"contentUrl\":\"https:\\\/\\\/www.quebakan.com\\\/v15\\\/wp-content\\\/uploads\\\/2026\\\/04\\\/BOLETIN-FOTO.jpg\",\"width\":700,\"height\":467},{\"@type\":\"BreadcrumbList\",\"@id\":\"https:\\\/\\\/www.quebakan.com\\\/v15\\\/el-dia-del-atun-suena-a-tun-tun-real-se-convierte-en-protagonista-de-esta-celebracion\\\/#breadcrumb\",\"itemListElement\":[{\"@type\":\"ListItem\",\"position\":1,\"name\":\"Portada\",\"item\":\"https:\\\/\\\/www.quebakan.com\\\/v15\\\/\"},{\"@type\":\"ListItem\",\"position\":2,\"name\":\"EL D\u00cdA DEL AT\u00daN SUENA A TUN TUN: REAL SE CONVIERTE EN PROTAGONISTA DE ESTA CELEBRACI\u00d3N\"}]},{\"@type\":\"WebSite\",\"@id\":\"https:\\\/\\\/www.quebakan.com\\\/v15\\\/#website\",\"url\":\"https:\\\/\\\/www.quebakan.com\\\/v15\\\/\",\"name\":\"QUEBAKAN\",\"description\":\"..\",\"publisher\":{\"@id\":\"https:\\\/\\\/www.quebakan.com\\\/v15\\\/#organization\"},\"potentialAction\":[{\"@type\":\"SearchAction\",\"target\":{\"@type\":\"EntryPoint\",\"urlTemplate\":\"https:\\\/\\\/www.quebakan.com\\\/v15\\\/?s={search_term_string}\"},\"query-input\":{\"@type\":\"PropertyValueSpecification\",\"valueRequired\":true,\"valueName\":\"search_term_string\"}}],\"inLanguage\":\"es\"},{\"@type\":\"Organization\",\"@id\":\"https:\\\/\\\/www.quebakan.com\\\/v15\\\/#organization\",\"name\":\"Quebakan.com\",\"url\":\"https:\\\/\\\/www.quebakan.com\\\/v15\\\/\",\"logo\":{\"@type\":\"ImageObject\",\"inLanguage\":\"es\",\"@id\":\"https:\\\/\\\/www.quebakan.com\\\/v15\\\/#\\\/schema\\\/logo\\\/image\\\/\",\"url\":\"https:\\\/\\\/www.quebakan.com\\\/v15\\\/wp-content\\\/uploads\\\/2023\\\/07\\\/logoquebakanenero2021.jpg\",\"contentUrl\":\"https:\\\/\\\/www.quebakan.com\\\/v15\\\/wp-content\\\/uploads\\\/2023\\\/07\\\/logoquebakanenero2021.jpg\",\"width\":1920,\"height\":1080,\"caption\":\"Quebakan.com\"},\"image\":{\"@id\":\"https:\\\/\\\/www.quebakan.com\\\/v15\\\/#\\\/schema\\\/logo\\\/image\\\/\"},\"sameAs\":[\"http:\\\/\\\/www.facebook.com\\\/quebakan\",\"https:\\\/\\\/x.com\\\/quebakanec\",\"http:\\\/\\\/www.instagram.com\\\/quebakan\",\"http:\\\/\\\/www.youtube.com\\\/quebakan1\"]},{\"@type\":\"Person\",\"@id\":\"https:\\\/\\\/www.quebakan.com\\\/v15\\\/#\\\/schema\\\/person\\\/d90fa9f9cfa81eb8ace9811e5b7b9118\",\"name\":\"Erick Villafuerte\",\"image\":{\"@type\":\"ImageObject\",\"inLanguage\":\"es\",\"@id\":\"https:\\\/\\\/www.quebakan.com\\\/v15\\\/wp-content\\\/uploads\\\/avatars\\\/4\\\/1731297654-bpfull.png\",\"url\":\"https:\\\/\\\/www.quebakan.com\\\/v15\\\/wp-content\\\/uploads\\\/avatars\\\/4\\\/1731297654-bpfull.png\",\"contentUrl\":\"https:\\\/\\\/www.quebakan.com\\\/v15\\\/wp-content\\\/uploads\\\/avatars\\\/4\\\/1731297654-bpfull.png\",\"caption\":\"Erick Villafuerte\"}}]}<\/script>\n<!-- \/ Yoast SEO plugin. -->","yoast_head_json":{"title":"EL D\u00cdA DEL AT\u00daN SUENA A TUN TUN: REAL SE CONVIERTE EN PROTAGONISTA DE ESTA CELEBRACI\u00d3N &#8211; QUEBAKAN.COM 2026: Noticias, Eventos, Conciertos y mucho m\u00e1s....","robots":{"index":"index","follow":"follow","max-snippet":"max-snippet:-1","max-image-preview":"max-image-preview:large","max-video-preview":"max-video-preview:-1"},"canonical":"https:\/\/www.quebakan.com\/v15\/el-dia-del-atun-suena-a-tun-tun-real-se-convierte-en-protagonista-de-esta-celebracion\/","og_locale":"es_ES","og_type":"article","og_title":"EL D\u00cdA DEL AT\u00daN SUENA A TUN TUN: REAL SE CONVIERTE EN PROTAGONISTA DE ESTA CELEBRACI\u00d3N &#8211; QUEBAKAN.COM 2026: Noticias, Eventos, Conciertos y mucho m\u00e1s....","og_description":"Desde 2016, las Naciones Unidas design\u00f3 el 2 de mayo como el D\u00eda Mundial del At\u00fan, una fecha que busca destacar la relevancia del at\u00fan. Este a\u00f1o, Alimentos Real, marca de la empresa ecuatoriana NIRSA, decide convertirse en el protagonista de esta fecha, apropi\u00e1ndose de un sonido tan ic\u00f3nico y distintivo de At\u00fan Real que [&hellip;]","og_url":"https:\/\/www.quebakan.com\/v15\/el-dia-del-atun-suena-a-tun-tun-real-se-convierte-en-protagonista-de-esta-celebracion\/","og_site_name":"QUEBAKAN.COM 2026: Noticias, Eventos, Conciertos y mucho m\u00e1s....","article_publisher":"http:\/\/www.facebook.com\/quebakan","article_published_time":"2026-04-30T04:57:44+00:00","og_image":[{"width":700,"height":467,"url":"https:\/\/www.quebakan.com\/v15\/wp-content\/uploads\/2026\/04\/BOLETIN-FOTO.jpg","type":"image\/jpeg"}],"author":"Erick Villafuerte","twitter_card":"summary_large_image","twitter_creator":"@quebakanec","twitter_site":"@quebakanec","twitter_misc":{"Escrito por":"Erick Villafuerte","Tiempo de lectura":"2 minutos"},"schema":{"@context":"https:\/\/schema.org","@graph":[{"@type":"Article","@id":"https:\/\/www.quebakan.com\/v15\/el-dia-del-atun-suena-a-tun-tun-real-se-convierte-en-protagonista-de-esta-celebracion\/#article","isPartOf":{"@id":"https:\/\/www.quebakan.com\/v15\/el-dia-del-atun-suena-a-tun-tun-real-se-convierte-en-protagonista-de-esta-celebracion\/"},"author":{"name":"Erick Villafuerte","@id":"https:\/\/www.quebakan.com\/v15\/#\/schema\/person\/d90fa9f9cfa81eb8ace9811e5b7b9118"},"headline":"EL D\u00cdA DEL AT\u00daN SUENA A TUN TUN: REAL SE CONVIERTE EN PROTAGONISTA DE ESTA CELEBRACI\u00d3N","datePublished":"2026-04-30T04:57:44+00:00","mainEntityOfPage":{"@id":"https:\/\/www.quebakan.com\/v15\/el-dia-del-atun-suena-a-tun-tun-real-se-convierte-en-protagonista-de-esta-celebracion\/"},"wordCount":386,"publisher":{"@id":"https:\/\/www.quebakan.com\/v15\/#organization"},"image":{"@id":"https:\/\/www.quebakan.com\/v15\/el-dia-del-atun-suena-a-tun-tun-real-se-convierte-en-protagonista-de-esta-celebracion\/#primaryimage"},"thumbnailUrl":"https:\/\/www.quebakan.com\/v15\/wp-content\/uploads\/2026\/04\/BOLETIN-FOTO.jpg","articleSection":["Noticias"],"inLanguage":"es"},{"@type":"WebPage","@id":"https:\/\/www.quebakan.com\/v15\/el-dia-del-atun-suena-a-tun-tun-real-se-convierte-en-protagonista-de-esta-celebracion\/","url":"https:\/\/www.quebakan.com\/v15\/el-dia-del-atun-suena-a-tun-tun-real-se-convierte-en-protagonista-de-esta-celebracion\/","name":"EL D\u00cdA DEL AT\u00daN SUENA A TUN TUN: REAL SE CONVIERTE EN PROTAGONISTA DE ESTA CELEBRACI\u00d3N &#8211; QUEBAKAN.COM 2026: Noticias, Eventos, Conciertos y mucho m\u00e1s....","isPartOf":{"@id":"https:\/\/www.quebakan.com\/v15\/#website"},"primaryImageOfPage":{"@id":"https:\/\/www.quebakan.com\/v15\/el-dia-del-atun-suena-a-tun-tun-real-se-convierte-en-protagonista-de-esta-celebracion\/#primaryimage"},"image":{"@id":"https:\/\/www.quebakan.com\/v15\/el-dia-del-atun-suena-a-tun-tun-real-se-convierte-en-protagonista-de-esta-celebracion\/#primaryimage"},"thumbnailUrl":"https:\/\/www.quebakan.com\/v15\/wp-content\/uploads\/2026\/04\/BOLETIN-FOTO.jpg","datePublished":"2026-04-30T04:57:44+00:00","breadcrumb":{"@id":"https:\/\/www.quebakan.com\/v15\/el-dia-del-atun-suena-a-tun-tun-real-se-convierte-en-protagonista-de-esta-celebracion\/#breadcrumb"},"inLanguage":"es","potentialAction":[{"@type":"ReadAction","target":["https:\/\/www.quebakan.com\/v15\/el-dia-del-atun-suena-a-tun-tun-real-se-convierte-en-protagonista-de-esta-celebracion\/"]}]},{"@type":"ImageObject","inLanguage":"es","@id":"https:\/\/www.quebakan.com\/v15\/el-dia-del-atun-suena-a-tun-tun-real-se-convierte-en-protagonista-de-esta-celebracion\/#primaryimage","url":"https:\/\/www.quebakan.com\/v15\/wp-content\/uploads\/2026\/04\/BOLETIN-FOTO.jpg","contentUrl":"https:\/\/www.quebakan.com\/v15\/wp-content\/uploads\/2026\/04\/BOLETIN-FOTO.jpg","width":700,"height":467},{"@type":"BreadcrumbList","@id":"https:\/\/www.quebakan.com\/v15\/el-dia-del-atun-suena-a-tun-tun-real-se-convierte-en-protagonista-de-esta-celebracion\/#breadcrumb","itemListElement":[{"@type":"ListItem","position":1,"name":"Portada","item":"https:\/\/www.quebakan.com\/v15\/"},{"@type":"ListItem","position":2,"name":"EL D\u00cdA DEL AT\u00daN SUENA A TUN TUN: REAL SE CONVIERTE EN PROTAGONISTA DE ESTA CELEBRACI\u00d3N"}]},{"@type":"WebSite","@id":"https:\/\/www.quebakan.com\/v15\/#website","url":"https:\/\/www.quebakan.com\/v15\/","name":"QUEBAKAN","description":"..","publisher":{"@id":"https:\/\/www.quebakan.com\/v15\/#organization"},"potentialAction":[{"@type":"SearchAction","target":{"@type":"EntryPoint","urlTemplate":"https:\/\/www.quebakan.com\/v15\/?s={search_term_string}"},"query-input":{"@type":"PropertyValueSpecification","valueRequired":true,"valueName":"search_term_string"}}],"inLanguage":"es"},{"@type":"Organization","@id":"https:\/\/www.quebakan.com\/v15\/#organization","name":"Quebakan.com","url":"https:\/\/www.quebakan.com\/v15\/","logo":{"@type":"ImageObject","inLanguage":"es","@id":"https:\/\/www.quebakan.com\/v15\/#\/schema\/logo\/image\/","url":"https:\/\/www.quebakan.com\/v15\/wp-content\/uploads\/2023\/07\/logoquebakanenero2021.jpg","contentUrl":"https:\/\/www.quebakan.com\/v15\/wp-content\/uploads\/2023\/07\/logoquebakanenero2021.jpg","width":1920,"height":1080,"caption":"Quebakan.com"},"image":{"@id":"https:\/\/www.quebakan.com\/v15\/#\/schema\/logo\/image\/"},"sameAs":["http:\/\/www.facebook.com\/quebakan","https:\/\/x.com\/quebakanec","http:\/\/www.instagram.com\/quebakan","http:\/\/www.youtube.com\/quebakan1"]},{"@type":"Person","@id":"https:\/\/www.quebakan.com\/v15\/#\/schema\/person\/d90fa9f9cfa81eb8ace9811e5b7b9118","name":"Erick Villafuerte","image":{"@type":"ImageObject","inLanguage":"es","@id":"https:\/\/www.quebakan.com\/v15\/wp-content\/uploads\/avatars\/4\/1731297654-bpfull.png","url":"https:\/\/www.quebakan.com\/v15\/wp-content\/uploads\/avatars\/4\/1731297654-bpfull.png","contentUrl":"https:\/\/www.quebakan.com\/v15\/wp-content\/uploads\/avatars\/4\/1731297654-bpfull.png","caption":"Erick Villafuerte"}}]}},"_links":{"self":[{"href":"https:\/\/www.quebakan.com\/v15\/wp-json\/wp\/v2\/posts\/142149","targetHints":{"allow":["GET"]}}],"collection":[{"href":"https:\/\/www.quebakan.com\/v15\/wp-json\/wp\/v2\/posts"}],"about":[{"href":"https:\/\/www.quebakan.com\/v15\/wp-json\/wp\/v2\/types\/post"}],"author":[{"embeddable":true,"href":"https:\/\/www.quebakan.com\/v15\/wp-json\/wp\/v2\/users\/4"}],"replies":[{"embeddable":true,"href":"https:\/\/www.quebakan.com\/v15\/wp-json\/wp\/v2\/comments?post=142149"}],"version-history":[{"count":1,"href":"https:\/\/www.quebakan.com\/v15\/wp-json\/wp\/v2\/posts\/142149\/revisions"}],"predecessor-version":[{"id":142151,"href":"https:\/\/www.quebakan.com\/v15\/wp-json\/wp\/v2\/posts\/142149\/revisions\/142151"}],"wp:featuredmedia":[{"embeddable":true,"href":"https:\/\/www.quebakan.com\/v15\/wp-json\/wp\/v2\/media\/142150"}],"wp:attachment":[{"href":"https:\/\/www.quebakan.com\/v15\/wp-json\/wp\/v2\/media?parent=142149"}],"wp:term":[{"taxonomy":"category","embeddable":true,"href":"https:\/\/www.quebakan.com\/v15\/wp-json\/wp\/v2\/categories?post=142149"},{"taxonomy":"post_tag","embeddable":true,"href":"https:\/\/www.quebakan.com\/v15\/wp-json\/wp\/v2\/tags?post=142149"}],"curies":[{"name":"wp","href":"https:\/\/api.w.org\/{rel}","templated":true}]}}