{"id":143623,"date":"2026-06-10T18:16:38","date_gmt":"2026-06-10T23:16:38","guid":{"rendered":"https:\/\/www.quebakan.com\/v15\/?p=143623"},"modified":"2026-06-10T18:16:38","modified_gmt":"2026-06-10T23:16:38","slug":"ecuador-redefine-la-lucha-contra-el-cancer-ecosistema-de-salud-une-propuestas-para-un-reglamento-eficiente-y-humano","status":"publish","type":"post","link":"https:\/\/www.quebakan.com\/v15\/ecuador-redefine-la-lucha-contra-el-cancer-ecosistema-de-salud-une-propuestas-para-un-reglamento-eficiente-y-humano\/","title":{"rendered":"Ecuador redefine la lucha contra el c\u00e1ncer: Ecosistema de salud une propuestas para un reglamento eficiente y humano"},"content":{"rendered":"<p><img fetchpriority=\"high\" decoding=\"async\" class=\"aligncenter size-full wp-image-143624\" src=\"https:\/\/www.quebakan.com\/v15\/wp-content\/uploads\/2026\/06\/20251118_160754.jpg\" alt=\"\" width=\"700\" height=\"525\" \/><\/p>\n<p style=\"text-align: justify;\"><span style=\"color: #000000;\">Tras la hist\u00f3rica aprobaci\u00f3n de la Ley Org\u00e1nica para la Atenci\u00f3n Integral del C\u00e1ncer, la academia, los gremios m\u00e9dicos, el sector privado y las organizaciones de pacientes han unido esfuerzos en un frente multisectorial. El objetivo es construir un reglamento t\u00e9cnico y robusto que permita operativizar los principios de equidad, eficiencia y calidad de la Ley, transform\u00e1ndola en una pol\u00edtica de Estado sostenible que brinde respuestas inmediatas a las familias ecuatorianas.<\/span><\/p>\n<p style=\"text-align: justify;\"><span style=\"color: #000000;\">Para garantizar que este marco normativo sea viable y de alto impacto, las propuestas de los diversos sectores se articulan de manera l\u00f3gica en cuatro pilares fundamentales:<\/span><\/p>\n<ol style=\"text-align: justify;\">\n<li><span style=\"color: #000000;\"><strong> REMO: Rigor cient\u00edfico y continuidad sin judicializaci\u00f3n<\/strong><\/span><\/li>\n<\/ol>\n<p style=\"text-align: justify;\"><span style=\"color: #000000;\">La Ley establece que el acceso a tratamientos debe guiarse por el rigor cient\u00edfico. Las propuestas multisectoriales plantean que el <strong>Registro Din\u00e1mico de Medicamentos Oncol\u00f3gicos (REMO)<\/strong> no sea un listado administrativo r\u00edgido, sino una herramienta viva de actualizaci\u00f3n peri\u00f3dica vinculada al sustento cl\u00ednico. Con reglas claras, plazos fijos de evaluaci\u00f3n y una articulaci\u00f3n directa con el Cuadro Nacional de Medicamentos B\u00e1sicos, el REMO busca reducir la discrecionalidad, proyectar el gasto y asegurar el abastecimiento oportuno.<\/span><\/p>\n<ol style=\"text-align: justify;\" start=\"2\">\n<li><span style=\"color: #000000;\"><strong> Financiamiento inteligente y sostenibilidad para la vida<\/strong><\/span><\/li>\n<\/ol>\n<p style=\"text-align: justify;\"><span style=\"color: #000000;\">Ante la interrogante de c\u00f3mo financiar la atenci\u00f3n integral del c\u00e1ncer, los expertos sostienen una premisa clave: <strong>no se trata de gastar m\u00e1s, sino de invertir con eficiencia<\/strong>. Para proteger la caja fiscal y asegurar el acceso a la innovaci\u00f3n, el reglamento propone herramientas de gesti\u00f3n internacional:<\/span><\/p>\n<ul style=\"text-align: justify;\">\n<li><span style=\"color: #000000;\"><strong>Modelos de Acceso Basados en Valor:<\/strong> Esquemas de riesgo compartido entre el Estado y la industria farmac\u00e9utica para introducir mol\u00e9culas de \u00faltima generaci\u00f3n de forma inmediata y corresponsable.<\/span><\/li>\n<li><span style=\"color: #000000;\"><strong>Pago por resultados cl\u00ednicos:<\/strong> Mecanismos que vinculan el financiamiento a la efectividad real del tratamiento en el paciente, disminuyendo el desperdicio de recursos.<\/span><\/li>\n<li><span style=\"color: #000000;\"><strong>Evaluaci\u00f3n econ\u00f3mica:<\/strong> An\u00e1lisis obligatorios de impacto presupuestario y costo-efectividad a largo plazo.<\/span><\/li>\n<li><span style=\"color: #000000;\"><strong>Nuevas fuentes de recursos:<\/strong> Regulaci\u00f3n transparente para captar y ejecutar cooperaci\u00f3n internacional, alianzas estrat\u00e9gicas y donaciones no reembolsables.<\/span><\/li>\n<\/ul>\n<p style=\"text-align: justify;\"><span style=\"color: #000000;\">\u00abLa atenci\u00f3n integral del c\u00e1ncer exige combinar sostenibilidad financiera con innovaci\u00f3n en la prestaci\u00f3n de servicios. El reglamento tiene la oportunidad de incorporar mecanismos modernos de financiamiento y cooperaci\u00f3n internacional, pero tambi\u00e9n de promover modelos de atenci\u00f3n que permitan desconcentrar servicios, optimizar las capacidades instaladas y acercar tratamientos seguros a los territorios. La mejor inversi\u00f3n para el sistema es aquella que mejora simult\u00e1neamente el acceso, la calidad y la eficiencia\u00bb. Se\u00f1ala el <strong>Dr. Andr\u00e9s Corral<\/strong>, M\u00e9dico Salubrista y experto en gesti\u00f3n de servicios de salud.<\/span><\/p>\n<ol style=\"text-align: justify;\" start=\"3\">\n<li><span style=\"color: #000000;\"><strong> Desconcentraci\u00f3n: Atenci\u00f3n oportuna en el territorio<\/strong><\/span><\/li>\n<\/ol>\n<p style=\"text-align: justify;\"><span style=\"color: #000000;\">El reglamento busca romper la centralizaci\u00f3n hist\u00f3rica de los servicios oncol\u00f3gicos en los hospitales de tercer nivel de las grandes ciudades, redistribuyendo la capacidad resolutiva hacia el segundo nivel (hospitales generales) a trav\u00e9s de:<\/span><\/p>\n<ul style=\"text-align: justify;\">\n<li><span style=\"color: #000000;\"><strong>Terapias de administraci\u00f3n simplificada:<\/strong> Uso de tecnolog\u00edas subcut\u00e1neas o ambulatorias que liberan camas cr\u00edticas y simplifican el cuidado.<\/span><\/li>\n<li><span style=\"color: #000000;\"><strong>Fortalecimiento del segundo nivel:<\/strong> Dotar a hospitales regionales de herramientas diagn\u00f3sticas intermedias y protocolos estandarizados para tratar patolog\u00edas de baja y mediana complejidad sin derivaciones innecesarias.<\/span><\/li>\n<\/ul>\n<p style=\"text-align: justify;\"><span style=\"color: #000000;\">Esta descentralizaci\u00f3n es un acto de justicia para regiones como la <strong>Amazon\u00eda, donde actualmente el 80.8% de los diagn\u00f3sticos se realizan fuera de su territorio<\/strong>, obligando a los pacientes a viajar m\u00e1s de 8 horas para recibir atenci\u00f3n. Esta realidad golpea con dureza a una regi\u00f3n donde el 60% de las familias vive en condiciones de pobreza con menos de $3 diarios.<\/span><\/p>\n<p style=\"text-align: justify;\"><span style=\"color: #000000;\">\u00abHabilitar de manera \u00f3ptima a los hospitales generales para administrar terapias de f\u00e1cil aplicaci\u00f3n es un paso fundamental para descentralizar el cuidado m\u00e9dico y humanizar el sistema. Para los pacientes de la Amazon\u00eda y las zonas rurales, contar con tratamientos seguros y prescritos cerca de sus hogares significa evitar viajes extenuantes hacia las grandes ciudades y gastos innecesarios que afectan la econom\u00eda familiar\u00bb. <strong>Paola O\u00f1a<\/strong>, Coordinadora de la Fundaci\u00f3n Abrazo Amaz\u00f3nico; de pacientes con enfermedades catastr\u00f3ficas de la Amazon\u00eda y Presidenta del Comit\u00e9 de Pacientes del Hospital de Especialidades Eugenio Espejo.<\/span><\/p>\n<ol style=\"text-align: justify;\" start=\"4\">\n<li><span style=\"color: #000000;\"><strong> Gobernanza centralizada y Comit\u00e9 Nacional del C\u00e1ncer<\/strong><\/span><\/li>\n<\/ol>\n<p style=\"text-align: justify;\"><span style=\"color: #000000;\">Para que todo este engranaje sea sostenible y transparente, los sectores proponen la incorporaci\u00f3n de un <strong>Comit\u00e9 Nacional de Atenci\u00f3n al C\u00e1ncer<\/strong> con un rol t\u00e9cnico, vinculante y articulador central. Respaldado por una Secretar\u00eda T\u00e9cnica especializada, este \u00f3rgano guiar\u00e1 las pol\u00edticas de salud bajo criterios epidemiol\u00f3gicos rigurosos y liderar\u00e1 la atracci\u00f3n de recursos internacionales para dotar de infraestructura y equipamiento de alta complejidad a la red nacional.<\/span><\/p>\n<p style=\"text-align: justify;\"><span style=\"color: #000000;\">\u00abLa efectividad de la Ley requiere una gobernanza t\u00e9cnica, robusta y articuladora. El Comit\u00e9 Nacional de Atenci\u00f3n al C\u00e1ncer, respaldado por la academia y la evidencia epidemiol\u00f3gica, debe ser el eje central encargado de guiar las pol\u00edticas de salud del pa\u00eds. Un reglamento que priorice un procedimiento transparente y estandarizado nos permitir\u00e1 sumar las capacidades de todos los sectores bajo criterios cient\u00edficos claros\u00bb. <strong>Dr. Esteban Ortiz<\/strong>, M\u00e9dico Salubrista e Investigador Acad\u00e9mico de la Universidad de las Am\u00e9ricas (UDLA).<\/span><\/p>\n<p style=\"text-align: justify;\"><span style=\"color: #000000;\">La construcci\u00f3n del reglamento se consolida como el espacio id\u00f3neo para sumar las capacidades del sector p\u00fablico, el privado, la academia y la sociedad civil. El ecosistema de la salud se declara listo para aportar con solvencia t\u00e9cnica a una normativa que no solo busca normar procesos, sino transformar integralmente la gesti\u00f3n oncol\u00f3gica del Ecuador para volverla equitativa, eficiente y humana.<\/span><\/p>\n","protected":false},"excerpt":{"rendered":"<p>Tras la hist\u00f3rica aprobaci\u00f3n de la Ley Org\u00e1nica para la Atenci\u00f3n Integral del C\u00e1ncer, la academia, los gremios m\u00e9dicos, el sector privado y las organizaciones de pacientes han unido esfuerzos en un frente multisectorial. El objetivo es construir un reglamento t\u00e9cnico y robusto que permita operativizar los principios de equidad, eficiencia y calidad de la [&hellip;]<\/p>\n","protected":false},"author":4,"featured_media":143624,"comment_status":"closed","ping_status":"closed","sticky":false,"template":"","format":"standard","meta":{"_bbp_topic_count":0,"_bbp_reply_count":0,"_bbp_total_topic_count":0,"_bbp_total_reply_count":0,"_bbp_voice_count":0,"_bbp_anonymous_reply_count":0,"_bbp_topic_count_hidden":0,"_bbp_reply_count_hidden":0,"_bbp_forum_subforum_count":0,"buzzeditor_post_format":"","footnotes":""},"categories":[2],"tags":[],"class_list":["post-143623","post","type-post","status-publish","format-standard","has-post-thumbnail","hentry","category-noticias"],"yoast_head":"<!-- This site is optimized with the Yoast SEO plugin v28.3 - https:\/\/yoast.com\/product\/yoast-seo-wordpress\/ -->\n<title>Ecuador redefine la lucha contra el c\u00e1ncer: Ecosistema de salud une propuestas para un reglamento eficiente y humano &#8211; QUEBAKAN.COM 2026: Noticias, Eventos, Conciertos y mucho m\u00e1s....<\/title>\n<meta name=\"robots\" content=\"index, follow, max-snippet:-1, max-image-preview:large, max-video-preview:-1\" \/>\n<link rel=\"canonical\" href=\"https:\/\/www.quebakan.com\/v15\/ecuador-redefine-la-lucha-contra-el-cancer-ecosistema-de-salud-une-propuestas-para-un-reglamento-eficiente-y-humano\/\" \/>\n<meta property=\"og:locale\" content=\"es_ES\" \/>\n<meta property=\"og:type\" content=\"article\" \/>\n<meta property=\"og:title\" content=\"Ecuador redefine la lucha contra el c\u00e1ncer: Ecosistema de salud une propuestas para un reglamento eficiente y humano &#8211; QUEBAKAN.COM 2026: Noticias, Eventos, Conciertos y mucho m\u00e1s....\" \/>\n<meta property=\"og:description\" content=\"Tras la hist\u00f3rica aprobaci\u00f3n de la Ley Org\u00e1nica para la Atenci\u00f3n Integral del C\u00e1ncer, la academia, los gremios m\u00e9dicos, el sector privado y las organizaciones de pacientes han unido esfuerzos en un frente multisectorial. El objetivo es construir un reglamento t\u00e9cnico y robusto que permita operativizar los principios de equidad, eficiencia y calidad de la [&hellip;]\" \/>\n<meta property=\"og:url\" content=\"https:\/\/www.quebakan.com\/v15\/ecuador-redefine-la-lucha-contra-el-cancer-ecosistema-de-salud-une-propuestas-para-un-reglamento-eficiente-y-humano\/\" \/>\n<meta property=\"og:site_name\" content=\"QUEBAKAN.COM 2026: Noticias, Eventos, Conciertos y mucho m\u00e1s....\" \/>\n<meta property=\"article:publisher\" content=\"http:\/\/www.facebook.com\/quebakan\" \/>\n<meta property=\"article:published_time\" content=\"2026-06-10T23:16:38+00:00\" \/>\n<meta property=\"og:image\" content=\"https:\/\/www.quebakan.com\/v15\/wp-content\/uploads\/2026\/06\/20251118_160754.jpg\" \/>\n\t<meta property=\"og:image:width\" content=\"700\" \/>\n\t<meta property=\"og:image:height\" content=\"525\" \/>\n\t<meta property=\"og:image:type\" content=\"image\/jpeg\" \/>\n<meta name=\"author\" content=\"Erick Villafuerte\" \/>\n<meta name=\"twitter:card\" content=\"summary_large_image\" \/>\n<meta name=\"twitter:creator\" content=\"@quebakanec\" \/>\n<meta name=\"twitter:site\" content=\"@quebakanec\" \/>\n<meta name=\"twitter:label1\" content=\"Escrito por\" \/>\n\t<meta name=\"twitter:data1\" content=\"Erick Villafuerte\" \/>\n\t<meta name=\"twitter:label2\" content=\"Tiempo de lectura\" \/>\n\t<meta name=\"twitter:data2\" content=\"5 minutos\" \/>\n<script type=\"application\/ld+json\" class=\"yoast-schema-graph\">{\"@context\":\"https:\\\/\\\/schema.org\",\"@graph\":[{\"@type\":\"Article\",\"@id\":\"https:\\\/\\\/www.quebakan.com\\\/v15\\\/ecuador-redefine-la-lucha-contra-el-cancer-ecosistema-de-salud-une-propuestas-para-un-reglamento-eficiente-y-humano\\\/#article\",\"isPartOf\":{\"@id\":\"https:\\\/\\\/www.quebakan.com\\\/v15\\\/ecuador-redefine-la-lucha-contra-el-cancer-ecosistema-de-salud-une-propuestas-para-un-reglamento-eficiente-y-humano\\\/\"},\"author\":{\"name\":\"Erick Villafuerte\",\"@id\":\"https:\\\/\\\/www.quebakan.com\\\/v15\\\/#\\\/schema\\\/person\\\/d90fa9f9cfa81eb8ace9811e5b7b9118\"},\"headline\":\"Ecuador redefine la lucha contra el c\u00e1ncer: Ecosistema de salud une propuestas para un reglamento eficiente y humano\",\"datePublished\":\"2026-06-10T23:16:38+00:00\",\"mainEntityOfPage\":{\"@id\":\"https:\\\/\\\/www.quebakan.com\\\/v15\\\/ecuador-redefine-la-lucha-contra-el-cancer-ecosistema-de-salud-une-propuestas-para-un-reglamento-eficiente-y-humano\\\/\"},\"wordCount\":970,\"publisher\":{\"@id\":\"https:\\\/\\\/www.quebakan.com\\\/v15\\\/#organization\"},\"image\":{\"@id\":\"https:\\\/\\\/www.quebakan.com\\\/v15\\\/ecuador-redefine-la-lucha-contra-el-cancer-ecosistema-de-salud-une-propuestas-para-un-reglamento-eficiente-y-humano\\\/#primaryimage\"},\"thumbnailUrl\":\"https:\\\/\\\/www.quebakan.com\\\/v15\\\/wp-content\\\/uploads\\\/2026\\\/06\\\/20251118_160754.jpg\",\"articleSection\":[\"Noticias\"],\"inLanguage\":\"es\"},{\"@type\":\"WebPage\",\"@id\":\"https:\\\/\\\/www.quebakan.com\\\/v15\\\/ecuador-redefine-la-lucha-contra-el-cancer-ecosistema-de-salud-une-propuestas-para-un-reglamento-eficiente-y-humano\\\/\",\"url\":\"https:\\\/\\\/www.quebakan.com\\\/v15\\\/ecuador-redefine-la-lucha-contra-el-cancer-ecosistema-de-salud-une-propuestas-para-un-reglamento-eficiente-y-humano\\\/\",\"name\":\"Ecuador redefine la lucha contra el c\u00e1ncer: Ecosistema de salud une propuestas para un reglamento eficiente y humano &#8211; QUEBAKAN.COM 2026: Noticias, Eventos, Conciertos y mucho m\u00e1s....\",\"isPartOf\":{\"@id\":\"https:\\\/\\\/www.quebakan.com\\\/v15\\\/#website\"},\"primaryImageOfPage\":{\"@id\":\"https:\\\/\\\/www.quebakan.com\\\/v15\\\/ecuador-redefine-la-lucha-contra-el-cancer-ecosistema-de-salud-une-propuestas-para-un-reglamento-eficiente-y-humano\\\/#primaryimage\"},\"image\":{\"@id\":\"https:\\\/\\\/www.quebakan.com\\\/v15\\\/ecuador-redefine-la-lucha-contra-el-cancer-ecosistema-de-salud-une-propuestas-para-un-reglamento-eficiente-y-humano\\\/#primaryimage\"},\"thumbnailUrl\":\"https:\\\/\\\/www.quebakan.com\\\/v15\\\/wp-content\\\/uploads\\\/2026\\\/06\\\/20251118_160754.jpg\",\"datePublished\":\"2026-06-10T23:16:38+00:00\",\"breadcrumb\":{\"@id\":\"https:\\\/\\\/www.quebakan.com\\\/v15\\\/ecuador-redefine-la-lucha-contra-el-cancer-ecosistema-de-salud-une-propuestas-para-un-reglamento-eficiente-y-humano\\\/#breadcrumb\"},\"inLanguage\":\"es\",\"potentialAction\":[{\"@type\":\"ReadAction\",\"target\":[\"https:\\\/\\\/www.quebakan.com\\\/v15\\\/ecuador-redefine-la-lucha-contra-el-cancer-ecosistema-de-salud-une-propuestas-para-un-reglamento-eficiente-y-humano\\\/\"]}]},{\"@type\":\"ImageObject\",\"inLanguage\":\"es\",\"@id\":\"https:\\\/\\\/www.quebakan.com\\\/v15\\\/ecuador-redefine-la-lucha-contra-el-cancer-ecosistema-de-salud-une-propuestas-para-un-reglamento-eficiente-y-humano\\\/#primaryimage\",\"url\":\"https:\\\/\\\/www.quebakan.com\\\/v15\\\/wp-content\\\/uploads\\\/2026\\\/06\\\/20251118_160754.jpg\",\"contentUrl\":\"https:\\\/\\\/www.quebakan.com\\\/v15\\\/wp-content\\\/uploads\\\/2026\\\/06\\\/20251118_160754.jpg\",\"width\":700,\"height\":525},{\"@type\":\"BreadcrumbList\",\"@id\":\"https:\\\/\\\/www.quebakan.com\\\/v15\\\/ecuador-redefine-la-lucha-contra-el-cancer-ecosistema-de-salud-une-propuestas-para-un-reglamento-eficiente-y-humano\\\/#breadcrumb\",\"itemListElement\":[{\"@type\":\"ListItem\",\"position\":1,\"name\":\"Portada\",\"item\":\"https:\\\/\\\/www.quebakan.com\\\/v15\\\/\"},{\"@type\":\"ListItem\",\"position\":2,\"name\":\"Ecuador redefine la lucha contra el c\u00e1ncer: Ecosistema de salud une propuestas para un reglamento eficiente y humano\"}]},{\"@type\":\"WebSite\",\"@id\":\"https:\\\/\\\/www.quebakan.com\\\/v15\\\/#website\",\"url\":\"https:\\\/\\\/www.quebakan.com\\\/v15\\\/\",\"name\":\"QUEBAKAN\",\"description\":\"..\",\"publisher\":{\"@id\":\"https:\\\/\\\/www.quebakan.com\\\/v15\\\/#organization\"},\"potentialAction\":[{\"@type\":\"SearchAction\",\"target\":{\"@type\":\"EntryPoint\",\"urlTemplate\":\"https:\\\/\\\/www.quebakan.com\\\/v15\\\/?s={search_term_string}\"},\"query-input\":{\"@type\":\"PropertyValueSpecification\",\"valueRequired\":true,\"valueName\":\"search_term_string\"}}],\"inLanguage\":\"es\"},{\"@type\":\"Organization\",\"@id\":\"https:\\\/\\\/www.quebakan.com\\\/v15\\\/#organization\",\"name\":\"Quebakan.com\",\"url\":\"https:\\\/\\\/www.quebakan.com\\\/v15\\\/\",\"logo\":{\"@type\":\"ImageObject\",\"inLanguage\":\"es\",\"@id\":\"https:\\\/\\\/www.quebakan.com\\\/v15\\\/#\\\/schema\\\/logo\\\/image\\\/\",\"url\":\"https:\\\/\\\/www.quebakan.com\\\/v15\\\/wp-content\\\/uploads\\\/2023\\\/07\\\/logoquebakanenero2021.jpg\",\"contentUrl\":\"https:\\\/\\\/www.quebakan.com\\\/v15\\\/wp-content\\\/uploads\\\/2023\\\/07\\\/logoquebakanenero2021.jpg\",\"width\":1920,\"height\":1080,\"caption\":\"Quebakan.com\"},\"image\":{\"@id\":\"https:\\\/\\\/www.quebakan.com\\\/v15\\\/#\\\/schema\\\/logo\\\/image\\\/\"},\"sameAs\":[\"http:\\\/\\\/www.facebook.com\\\/quebakan\",\"https:\\\/\\\/x.com\\\/quebakanec\",\"http:\\\/\\\/www.instagram.com\\\/quebakan\",\"http:\\\/\\\/www.youtube.com\\\/quebakan1\"]},{\"@type\":\"Person\",\"@id\":\"https:\\\/\\\/www.quebakan.com\\\/v15\\\/#\\\/schema\\\/person\\\/d90fa9f9cfa81eb8ace9811e5b7b9118\",\"name\":\"Erick Villafuerte\",\"image\":{\"@type\":\"ImageObject\",\"inLanguage\":\"es\",\"@id\":\"https:\\\/\\\/www.quebakan.com\\\/v15\\\/wp-content\\\/uploads\\\/avatars\\\/4\\\/1731297654-bpfull.png\",\"url\":\"https:\\\/\\\/www.quebakan.com\\\/v15\\\/wp-content\\\/uploads\\\/avatars\\\/4\\\/1731297654-bpfull.png\",\"contentUrl\":\"https:\\\/\\\/www.quebakan.com\\\/v15\\\/wp-content\\\/uploads\\\/avatars\\\/4\\\/1731297654-bpfull.png\",\"caption\":\"Erick Villafuerte\"}}]}<\/script>\n<!-- \/ Yoast SEO plugin. -->","yoast_head_json":{"title":"Ecuador redefine la lucha contra el c\u00e1ncer: Ecosistema de salud une propuestas para un reglamento eficiente y humano &#8211; QUEBAKAN.COM 2026: Noticias, Eventos, Conciertos y mucho m\u00e1s....","robots":{"index":"index","follow":"follow","max-snippet":"max-snippet:-1","max-image-preview":"max-image-preview:large","max-video-preview":"max-video-preview:-1"},"canonical":"https:\/\/www.quebakan.com\/v15\/ecuador-redefine-la-lucha-contra-el-cancer-ecosistema-de-salud-une-propuestas-para-un-reglamento-eficiente-y-humano\/","og_locale":"es_ES","og_type":"article","og_title":"Ecuador redefine la lucha contra el c\u00e1ncer: Ecosistema de salud une propuestas para un reglamento eficiente y humano &#8211; QUEBAKAN.COM 2026: Noticias, Eventos, Conciertos y mucho m\u00e1s....","og_description":"Tras la hist\u00f3rica aprobaci\u00f3n de la Ley Org\u00e1nica para la Atenci\u00f3n Integral del C\u00e1ncer, la academia, los gremios m\u00e9dicos, el sector privado y las organizaciones de pacientes han unido esfuerzos en un frente multisectorial. El objetivo es construir un reglamento t\u00e9cnico y robusto que permita operativizar los principios de equidad, eficiencia y calidad de la [&hellip;]","og_url":"https:\/\/www.quebakan.com\/v15\/ecuador-redefine-la-lucha-contra-el-cancer-ecosistema-de-salud-une-propuestas-para-un-reglamento-eficiente-y-humano\/","og_site_name":"QUEBAKAN.COM 2026: Noticias, Eventos, Conciertos y mucho m\u00e1s....","article_publisher":"http:\/\/www.facebook.com\/quebakan","article_published_time":"2026-06-10T23:16:38+00:00","og_image":[{"width":700,"height":525,"url":"https:\/\/www.quebakan.com\/v15\/wp-content\/uploads\/2026\/06\/20251118_160754.jpg","type":"image\/jpeg"}],"author":"Erick Villafuerte","twitter_card":"summary_large_image","twitter_creator":"@quebakanec","twitter_site":"@quebakanec","twitter_misc":{"Escrito por":"Erick Villafuerte","Tiempo de lectura":"5 minutos"},"schema":{"@context":"https:\/\/schema.org","@graph":[{"@type":"Article","@id":"https:\/\/www.quebakan.com\/v15\/ecuador-redefine-la-lucha-contra-el-cancer-ecosistema-de-salud-une-propuestas-para-un-reglamento-eficiente-y-humano\/#article","isPartOf":{"@id":"https:\/\/www.quebakan.com\/v15\/ecuador-redefine-la-lucha-contra-el-cancer-ecosistema-de-salud-une-propuestas-para-un-reglamento-eficiente-y-humano\/"},"author":{"name":"Erick Villafuerte","@id":"https:\/\/www.quebakan.com\/v15\/#\/schema\/person\/d90fa9f9cfa81eb8ace9811e5b7b9118"},"headline":"Ecuador redefine la lucha contra el c\u00e1ncer: Ecosistema de salud une propuestas para un reglamento eficiente y humano","datePublished":"2026-06-10T23:16:38+00:00","mainEntityOfPage":{"@id":"https:\/\/www.quebakan.com\/v15\/ecuador-redefine-la-lucha-contra-el-cancer-ecosistema-de-salud-une-propuestas-para-un-reglamento-eficiente-y-humano\/"},"wordCount":970,"publisher":{"@id":"https:\/\/www.quebakan.com\/v15\/#organization"},"image":{"@id":"https:\/\/www.quebakan.com\/v15\/ecuador-redefine-la-lucha-contra-el-cancer-ecosistema-de-salud-une-propuestas-para-un-reglamento-eficiente-y-humano\/#primaryimage"},"thumbnailUrl":"https:\/\/www.quebakan.com\/v15\/wp-content\/uploads\/2026\/06\/20251118_160754.jpg","articleSection":["Noticias"],"inLanguage":"es"},{"@type":"WebPage","@id":"https:\/\/www.quebakan.com\/v15\/ecuador-redefine-la-lucha-contra-el-cancer-ecosistema-de-salud-une-propuestas-para-un-reglamento-eficiente-y-humano\/","url":"https:\/\/www.quebakan.com\/v15\/ecuador-redefine-la-lucha-contra-el-cancer-ecosistema-de-salud-une-propuestas-para-un-reglamento-eficiente-y-humano\/","name":"Ecuador redefine la lucha contra el c\u00e1ncer: Ecosistema de salud une propuestas para un reglamento eficiente y humano &#8211; QUEBAKAN.COM 2026: Noticias, Eventos, Conciertos y mucho m\u00e1s....","isPartOf":{"@id":"https:\/\/www.quebakan.com\/v15\/#website"},"primaryImageOfPage":{"@id":"https:\/\/www.quebakan.com\/v15\/ecuador-redefine-la-lucha-contra-el-cancer-ecosistema-de-salud-une-propuestas-para-un-reglamento-eficiente-y-humano\/#primaryimage"},"image":{"@id":"https:\/\/www.quebakan.com\/v15\/ecuador-redefine-la-lucha-contra-el-cancer-ecosistema-de-salud-une-propuestas-para-un-reglamento-eficiente-y-humano\/#primaryimage"},"thumbnailUrl":"https:\/\/www.quebakan.com\/v15\/wp-content\/uploads\/2026\/06\/20251118_160754.jpg","datePublished":"2026-06-10T23:16:38+00:00","breadcrumb":{"@id":"https:\/\/www.quebakan.com\/v15\/ecuador-redefine-la-lucha-contra-el-cancer-ecosistema-de-salud-une-propuestas-para-un-reglamento-eficiente-y-humano\/#breadcrumb"},"inLanguage":"es","potentialAction":[{"@type":"ReadAction","target":["https:\/\/www.quebakan.com\/v15\/ecuador-redefine-la-lucha-contra-el-cancer-ecosistema-de-salud-une-propuestas-para-un-reglamento-eficiente-y-humano\/"]}]},{"@type":"ImageObject","inLanguage":"es","@id":"https:\/\/www.quebakan.com\/v15\/ecuador-redefine-la-lucha-contra-el-cancer-ecosistema-de-salud-une-propuestas-para-un-reglamento-eficiente-y-humano\/#primaryimage","url":"https:\/\/www.quebakan.com\/v15\/wp-content\/uploads\/2026\/06\/20251118_160754.jpg","contentUrl":"https:\/\/www.quebakan.com\/v15\/wp-content\/uploads\/2026\/06\/20251118_160754.jpg","width":700,"height":525},{"@type":"BreadcrumbList","@id":"https:\/\/www.quebakan.com\/v15\/ecuador-redefine-la-lucha-contra-el-cancer-ecosistema-de-salud-une-propuestas-para-un-reglamento-eficiente-y-humano\/#breadcrumb","itemListElement":[{"@type":"ListItem","position":1,"name":"Portada","item":"https:\/\/www.quebakan.com\/v15\/"},{"@type":"ListItem","position":2,"name":"Ecuador redefine la lucha contra el c\u00e1ncer: Ecosistema de salud une propuestas para un reglamento eficiente y humano"}]},{"@type":"WebSite","@id":"https:\/\/www.quebakan.com\/v15\/#website","url":"https:\/\/www.quebakan.com\/v15\/","name":"QUEBAKAN","description":"..","publisher":{"@id":"https:\/\/www.quebakan.com\/v15\/#organization"},"potentialAction":[{"@type":"SearchAction","target":{"@type":"EntryPoint","urlTemplate":"https:\/\/www.quebakan.com\/v15\/?s={search_term_string}"},"query-input":{"@type":"PropertyValueSpecification","valueRequired":true,"valueName":"search_term_string"}}],"inLanguage":"es"},{"@type":"Organization","@id":"https:\/\/www.quebakan.com\/v15\/#organization","name":"Quebakan.com","url":"https:\/\/www.quebakan.com\/v15\/","logo":{"@type":"ImageObject","inLanguage":"es","@id":"https:\/\/www.quebakan.com\/v15\/#\/schema\/logo\/image\/","url":"https:\/\/www.quebakan.com\/v15\/wp-content\/uploads\/2023\/07\/logoquebakanenero2021.jpg","contentUrl":"https:\/\/www.quebakan.com\/v15\/wp-content\/uploads\/2023\/07\/logoquebakanenero2021.jpg","width":1920,"height":1080,"caption":"Quebakan.com"},"image":{"@id":"https:\/\/www.quebakan.com\/v15\/#\/schema\/logo\/image\/"},"sameAs":["http:\/\/www.facebook.com\/quebakan","https:\/\/x.com\/quebakanec","http:\/\/www.instagram.com\/quebakan","http:\/\/www.youtube.com\/quebakan1"]},{"@type":"Person","@id":"https:\/\/www.quebakan.com\/v15\/#\/schema\/person\/d90fa9f9cfa81eb8ace9811e5b7b9118","name":"Erick Villafuerte","image":{"@type":"ImageObject","inLanguage":"es","@id":"https:\/\/www.quebakan.com\/v15\/wp-content\/uploads\/avatars\/4\/1731297654-bpfull.png","url":"https:\/\/www.quebakan.com\/v15\/wp-content\/uploads\/avatars\/4\/1731297654-bpfull.png","contentUrl":"https:\/\/www.quebakan.com\/v15\/wp-content\/uploads\/avatars\/4\/1731297654-bpfull.png","caption":"Erick Villafuerte"}}]}},"_links":{"self":[{"href":"https:\/\/www.quebakan.com\/v15\/wp-json\/wp\/v2\/posts\/143623","targetHints":{"allow":["GET"]}}],"collection":[{"href":"https:\/\/www.quebakan.com\/v15\/wp-json\/wp\/v2\/posts"}],"about":[{"href":"https:\/\/www.quebakan.com\/v15\/wp-json\/wp\/v2\/types\/post"}],"author":[{"embeddable":true,"href":"https:\/\/www.quebakan.com\/v15\/wp-json\/wp\/v2\/users\/4"}],"replies":[{"embeddable":true,"href":"https:\/\/www.quebakan.com\/v15\/wp-json\/wp\/v2\/comments?post=143623"}],"version-history":[{"count":1,"href":"https:\/\/www.quebakan.com\/v15\/wp-json\/wp\/v2\/posts\/143623\/revisions"}],"predecessor-version":[{"id":143625,"href":"https:\/\/www.quebakan.com\/v15\/wp-json\/wp\/v2\/posts\/143623\/revisions\/143625"}],"wp:featuredmedia":[{"embeddable":true,"href":"https:\/\/www.quebakan.com\/v15\/wp-json\/wp\/v2\/media\/143624"}],"wp:attachment":[{"href":"https:\/\/www.quebakan.com\/v15\/wp-json\/wp\/v2\/media?parent=143623"}],"wp:term":[{"taxonomy":"category","embeddable":true,"href":"https:\/\/www.quebakan.com\/v15\/wp-json\/wp\/v2\/categories?post=143623"},{"taxonomy":"post_tag","embeddable":true,"href":"https:\/\/www.quebakan.com\/v15\/wp-json\/wp\/v2\/tags?post=143623"}],"curies":[{"name":"wp","href":"https:\/\/api.w.org\/{rel}","templated":true}]}}