{"id":143769,"date":"2026-06-15T13:49:20","date_gmt":"2026-06-15T18:49:20","guid":{"rendered":"https:\/\/www.quebakan.com\/v15\/?p=143769"},"modified":"2026-06-15T13:49:20","modified_gmt":"2026-06-15T18:49:20","slug":"regia-apuesta-por-la-innovacion-sostenible-con-un-nuevo-envase-hecho-de-piedra-que-reduce-el-uso-de-plastico-hasta-en-un-30","status":"publish","type":"post","link":"https:\/\/www.quebakan.com\/v15\/regia-apuesta-por-la-innovacion-sostenible-con-un-nuevo-envase-hecho-de-piedra-que-reduce-el-uso-de-plastico-hasta-en-un-30\/","title":{"rendered":"Regia apuesta por la innovaci\u00f3n sostenible con un nuevo envase hecho de piedra que reduce el uso de pl\u00e1stico hasta en un 30%"},"content":{"rendered":"<p><img fetchpriority=\"high\" decoding=\"async\" class=\"aligncenter size-full wp-image-143770\" src=\"https:\/\/www.quebakan.com\/v15\/wp-content\/uploads\/2026\/06\/FOTO-EMPRESARIAL-1.jpg\" alt=\"\" width=\"700\" height=\"458\" \/><\/p>\n<p style=\"text-align: justify;\"><span style=\"color: #000000;\"><strong>Pie de foto (de izquierda a derecha): <\/strong>Miguel Mart\u00ednez, Sales Associate Latam Okeanos Ecuador; Christian Castillo, CFO-COO Empaqplast; Daniela \u00c1lvarez, gerente de mercadeo y desarrollo sostenible Empaqplast; Felipe Galarza, gerente de mercadeo Grupo Danec; Patricia Tobar, gerente de gesti\u00f3n de calidad Grupo Danec; y Estefan\u00eda Drouet, gerente de comunicaci\u00f3n Grupo Danec.<\/span><\/p>\n<ul style=\"text-align: justify;\">\n<li><span style=\"color: #000000;\"><em>El nuevo envase con tecnolog\u00eda Hecho de Piedra&#x2122; fue desarrollado en colaboraci\u00f3n con OKEANOS<strong>\u00ae<\/strong> y EMPAQPLAST.<\/em><\/span><\/li>\n<li><span style=\"color: #000000;\"><em>Adem\u00e1s de reducir el uso de pl\u00e1stico, esta soluci\u00f3n integra c\u00f3digos QR que permiten acceder en tiempo real al an\u00e1lisis de ciclo de vida del producto, as\u00ed como a la reducci\u00f3n de huella de carbono asociada al uso de los empaques.<\/em><\/span><\/li>\n<li><span style=\"color: #000000;\"><em>El despliegue del nuevo envase se realizar\u00e1 en las principales presentaciones de Regia y se anticipa un impacto positivo en indicadores como recordaci\u00f3n y posicionamiento, cada vez m\u00e1s relevantes en la decisi\u00f3n de compra.<\/em><\/span><\/li>\n<\/ul>\n<p style=\"text-align: justify;\"><span style=\"color: #000000;\"><strong>Quito, mayo de 2026.- <\/strong>En l\u00ednea con las tendencias globales de sostenibilidad y eficiencia en la industria de consumo masivo, <strong>Grupo Danec presenta una innovaci\u00f3n clave en su portafolio: el nuevo envase de margarina Regia con tecnolog\u00eda Hecho de Piedra&#x2122;. <\/strong>Esta soluci\u00f3n, <strong>desarrollada en colaboraci\u00f3n con OKEANOS<\/strong><strong><em>\u00ae<\/em><\/strong><strong> y EMPAQPLAST, reduce el uso de pl\u00e1stico hasta en un 30% (respaldado en las fichas t\u00e9cnicas del producto)<\/strong> sin afectar la calidad del producto,<strong> e integra c\u00f3digos QR que permiten al consumidor acceder en tiempo real al an\u00e1lisis de ciclo de vida del producto, as\u00ed como a la reducci\u00f3n de huella de carbono asociada al uso de los empaques.<\/strong><\/span><\/p>\n<p style=\"text-align: justify;\"><span style=\"color: #000000;\">La tecnolog\u00eda Hecho de Piedra&#x2122; permite integrar material mineral para reducir el uso de pl\u00e1stico tradicional, <strong>manteniendo la reciclabilidad del envase<\/strong> y garantizando trazabilidad en el uso de materias primas, incluyendo componentes de origen local. Este enfoque se alinea con principios de econom\u00eda circular, sin comprometer la capacidad operativa ni requerir inversiones adicionales en maquinaria. Esto, seg\u00fan explica Cecilia Correa, Jefe de Marca de Margarina Regia, se traduce en el mantenimiento del proceso productivo, evitando incrementos en los costos de producci\u00f3n, por lo que <strong>no habr\u00e1 aumento en el precio de venta al p\u00fablico (PVP).<\/strong><\/span><\/p>\n<p style=\"text-align: justify;\"><span style=\"color: #000000;\">Entre otros beneficios, <strong>el nuevo envase conserva intactos los atributos esenciales de la margarina \u2014sabor, cremosidad y calidad\u2014<\/strong>, asegurando que la experiencia del consumidor no se vea afectada. Asimismo, <strong>mantiene la estructura funcional del empaque, garantizando la protecci\u00f3n del producto durante toda su vida \u00fatil.<\/strong> <em>\u201cQuisimos evolucionar nuestra propuesta de valor en un contexto en el que la sostenibilidad ya no es un diferencial, sino una exigencia del mercado; y este paso nos permite evidenciar que somos una marca con compromisos ambientales tangibles\u201d<\/em>, asegura Correa.<\/span><\/p>\n<p style=\"text-align: justify;\"><span style=\"color: #000000;\">El despliegue del nuevo envase se realizar\u00e1 de manera progresiva en las <strong>principales presentaciones de Regia \u2014Tradicional, Girasol y Gourmet\u2014 en formatos de 125 g, 220 g, 450 g y 1 kg, <\/strong>priorizando aquellos de mayor rotaci\u00f3n. El producto estar\u00e1 <strong>disponible en todos los canales de consumo masivo a nivel nacional,<\/strong> incluyendo autoservicios, mayoristas y tiendas tradicionales.<\/span><\/p>\n<p style=\"text-align: justify;\"><span style=\"color: #000000;\">Actualmente, <strong>Regia genera una producci\u00f3n mensual aproximada a las 200 toneladas y cuenta con cerca del 9% de participaci\u00f3n de mercado en la categor\u00eda de margarinas en Ecuador<\/strong> (Kantar Worldpanel 2025). Desde una perspectiva de negocio, se anticipa un impacto positivo en indicadores como recordaci\u00f3n y posicionamiento, cada vez m\u00e1s relevantes en la decisi\u00f3n de compra proyectando<strong> que esta innovaci\u00f3n genere un crecimiento incremental aproximado de entre 1% y 2% en ventas.<\/strong><\/span><\/p>\n<p style=\"text-align: justify;\"><span style=\"color: #000000;\">M\u00e1s all\u00e1 de un cambio de empaque, esta iniciativa refleja un compromiso real con dejar una huella positiva a largo plazo. De la mano de aliados como <strong>OKEANOS<\/strong><strong><em>\u00ae<\/em><\/strong> y EMPAQPLAST, Grupo Danec y la marca Regia apuestan por un crecimiento sostenible que genere valor y cuide el entorno.<\/span><\/p>\n","protected":false},"excerpt":{"rendered":"<p>Pie de foto (de izquierda a derecha): Miguel Mart\u00ednez, Sales Associate Latam Okeanos Ecuador; Christian Castillo, CFO-COO Empaqplast; Daniela \u00c1lvarez, gerente de mercadeo y desarrollo sostenible Empaqplast; Felipe Galarza, gerente de mercadeo Grupo Danec; Patricia Tobar, gerente de gesti\u00f3n de calidad Grupo Danec; y Estefan\u00eda Drouet, gerente de comunicaci\u00f3n Grupo Danec. El nuevo envase con [&hellip;]<\/p>\n","protected":false},"author":4,"featured_media":143770,"comment_status":"closed","ping_status":"closed","sticky":false,"template":"","format":"standard","meta":{"_bbp_topic_count":0,"_bbp_reply_count":0,"_bbp_total_topic_count":0,"_bbp_total_reply_count":0,"_bbp_voice_count":0,"_bbp_anonymous_reply_count":0,"_bbp_topic_count_hidden":0,"_bbp_reply_count_hidden":0,"_bbp_forum_subforum_count":0,"buzzeditor_post_format":"","footnotes":""},"categories":[2],"tags":[],"class_list":["post-143769","post","type-post","status-publish","format-standard","has-post-thumbnail","hentry","category-noticias"],"yoast_head":"<!-- This site is optimized with the Yoast SEO plugin v28.3 - https:\/\/yoast.com\/product\/yoast-seo-wordpress\/ -->\n<title>Regia apuesta por la innovaci\u00f3n sostenible con un nuevo envase hecho de piedra que reduce el uso de pl\u00e1stico hasta en un 30% &#8211; QUEBAKAN.COM 2026: Noticias, Eventos, Conciertos y mucho m\u00e1s....<\/title>\n<meta name=\"robots\" content=\"index, follow, max-snippet:-1, max-image-preview:large, max-video-preview:-1\" \/>\n<link rel=\"canonical\" href=\"https:\/\/www.quebakan.com\/v15\/regia-apuesta-por-la-innovacion-sostenible-con-un-nuevo-envase-hecho-de-piedra-que-reduce-el-uso-de-plastico-hasta-en-un-30\/\" \/>\n<meta property=\"og:locale\" content=\"es_ES\" \/>\n<meta property=\"og:type\" content=\"article\" \/>\n<meta property=\"og:title\" content=\"Regia apuesta por la innovaci\u00f3n sostenible con un nuevo envase hecho de piedra que reduce el uso de pl\u00e1stico hasta en un 30% &#8211; QUEBAKAN.COM 2026: Noticias, Eventos, Conciertos y mucho m\u00e1s....\" \/>\n<meta property=\"og:description\" content=\"Pie de foto (de izquierda a derecha): Miguel Mart\u00ednez, Sales Associate Latam Okeanos Ecuador; Christian Castillo, CFO-COO Empaqplast; Daniela \u00c1lvarez, gerente de mercadeo y desarrollo sostenible Empaqplast; Felipe Galarza, gerente de mercadeo Grupo Danec; Patricia Tobar, gerente de gesti\u00f3n de calidad Grupo Danec; y Estefan\u00eda Drouet, gerente de comunicaci\u00f3n Grupo Danec. El nuevo envase con [&hellip;]\" \/>\n<meta property=\"og:url\" content=\"https:\/\/www.quebakan.com\/v15\/regia-apuesta-por-la-innovacion-sostenible-con-un-nuevo-envase-hecho-de-piedra-que-reduce-el-uso-de-plastico-hasta-en-un-30\/\" \/>\n<meta property=\"og:site_name\" content=\"QUEBAKAN.COM 2026: Noticias, Eventos, Conciertos y mucho m\u00e1s....\" \/>\n<meta property=\"article:publisher\" content=\"http:\/\/www.facebook.com\/quebakan\" \/>\n<meta property=\"article:published_time\" content=\"2026-06-15T18:49:20+00:00\" \/>\n<meta property=\"og:image\" content=\"https:\/\/www.quebakan.com\/v15\/wp-content\/uploads\/2026\/06\/FOTO-EMPRESARIAL-1.jpg\" \/>\n\t<meta property=\"og:image:width\" content=\"700\" \/>\n\t<meta property=\"og:image:height\" content=\"458\" \/>\n\t<meta property=\"og:image:type\" content=\"image\/jpeg\" \/>\n<meta name=\"author\" content=\"Erick Villafuerte\" \/>\n<meta name=\"twitter:card\" content=\"summary_large_image\" \/>\n<meta name=\"twitter:creator\" content=\"@quebakanec\" \/>\n<meta name=\"twitter:site\" content=\"@quebakanec\" \/>\n<meta name=\"twitter:label1\" content=\"Escrito por\" \/>\n\t<meta name=\"twitter:data1\" content=\"Erick Villafuerte\" \/>\n\t<meta name=\"twitter:label2\" content=\"Tiempo de lectura\" \/>\n\t<meta name=\"twitter:data2\" content=\"4 minutos\" \/>\n<script type=\"application\/ld+json\" class=\"yoast-schema-graph\">{\"@context\":\"https:\\\/\\\/schema.org\",\"@graph\":[{\"@type\":\"Article\",\"@id\":\"https:\\\/\\\/www.quebakan.com\\\/v15\\\/regia-apuesta-por-la-innovacion-sostenible-con-un-nuevo-envase-hecho-de-piedra-que-reduce-el-uso-de-plastico-hasta-en-un-30\\\/#article\",\"isPartOf\":{\"@id\":\"https:\\\/\\\/www.quebakan.com\\\/v15\\\/regia-apuesta-por-la-innovacion-sostenible-con-un-nuevo-envase-hecho-de-piedra-que-reduce-el-uso-de-plastico-hasta-en-un-30\\\/\"},\"author\":{\"name\":\"Erick Villafuerte\",\"@id\":\"https:\\\/\\\/www.quebakan.com\\\/v15\\\/#\\\/schema\\\/person\\\/d90fa9f9cfa81eb8ace9811e5b7b9118\"},\"headline\":\"Regia apuesta por la innovaci\u00f3n sostenible con un nuevo envase hecho de piedra que reduce el uso de pl\u00e1stico hasta en un 30%\",\"datePublished\":\"2026-06-15T18:49:20+00:00\",\"mainEntityOfPage\":{\"@id\":\"https:\\\/\\\/www.quebakan.com\\\/v15\\\/regia-apuesta-por-la-innovacion-sostenible-con-un-nuevo-envase-hecho-de-piedra-que-reduce-el-uso-de-plastico-hasta-en-un-30\\\/\"},\"wordCount\":663,\"publisher\":{\"@id\":\"https:\\\/\\\/www.quebakan.com\\\/v15\\\/#organization\"},\"image\":{\"@id\":\"https:\\\/\\\/www.quebakan.com\\\/v15\\\/regia-apuesta-por-la-innovacion-sostenible-con-un-nuevo-envase-hecho-de-piedra-que-reduce-el-uso-de-plastico-hasta-en-un-30\\\/#primaryimage\"},\"thumbnailUrl\":\"https:\\\/\\\/www.quebakan.com\\\/v15\\\/wp-content\\\/uploads\\\/2026\\\/06\\\/FOTO-EMPRESARIAL-1.jpg\",\"articleSection\":[\"Noticias\"],\"inLanguage\":\"es\"},{\"@type\":\"WebPage\",\"@id\":\"https:\\\/\\\/www.quebakan.com\\\/v15\\\/regia-apuesta-por-la-innovacion-sostenible-con-un-nuevo-envase-hecho-de-piedra-que-reduce-el-uso-de-plastico-hasta-en-un-30\\\/\",\"url\":\"https:\\\/\\\/www.quebakan.com\\\/v15\\\/regia-apuesta-por-la-innovacion-sostenible-con-un-nuevo-envase-hecho-de-piedra-que-reduce-el-uso-de-plastico-hasta-en-un-30\\\/\",\"name\":\"Regia apuesta por la innovaci\u00f3n sostenible con un nuevo envase hecho de piedra que reduce el uso de pl\u00e1stico hasta en un 30% &#8211; QUEBAKAN.COM 2026: Noticias, Eventos, Conciertos y mucho m\u00e1s....\",\"isPartOf\":{\"@id\":\"https:\\\/\\\/www.quebakan.com\\\/v15\\\/#website\"},\"primaryImageOfPage\":{\"@id\":\"https:\\\/\\\/www.quebakan.com\\\/v15\\\/regia-apuesta-por-la-innovacion-sostenible-con-un-nuevo-envase-hecho-de-piedra-que-reduce-el-uso-de-plastico-hasta-en-un-30\\\/#primaryimage\"},\"image\":{\"@id\":\"https:\\\/\\\/www.quebakan.com\\\/v15\\\/regia-apuesta-por-la-innovacion-sostenible-con-un-nuevo-envase-hecho-de-piedra-que-reduce-el-uso-de-plastico-hasta-en-un-30\\\/#primaryimage\"},\"thumbnailUrl\":\"https:\\\/\\\/www.quebakan.com\\\/v15\\\/wp-content\\\/uploads\\\/2026\\\/06\\\/FOTO-EMPRESARIAL-1.jpg\",\"datePublished\":\"2026-06-15T18:49:20+00:00\",\"breadcrumb\":{\"@id\":\"https:\\\/\\\/www.quebakan.com\\\/v15\\\/regia-apuesta-por-la-innovacion-sostenible-con-un-nuevo-envase-hecho-de-piedra-que-reduce-el-uso-de-plastico-hasta-en-un-30\\\/#breadcrumb\"},\"inLanguage\":\"es\",\"potentialAction\":[{\"@type\":\"ReadAction\",\"target\":[\"https:\\\/\\\/www.quebakan.com\\\/v15\\\/regia-apuesta-por-la-innovacion-sostenible-con-un-nuevo-envase-hecho-de-piedra-que-reduce-el-uso-de-plastico-hasta-en-un-30\\\/\"]}]},{\"@type\":\"ImageObject\",\"inLanguage\":\"es\",\"@id\":\"https:\\\/\\\/www.quebakan.com\\\/v15\\\/regia-apuesta-por-la-innovacion-sostenible-con-un-nuevo-envase-hecho-de-piedra-que-reduce-el-uso-de-plastico-hasta-en-un-30\\\/#primaryimage\",\"url\":\"https:\\\/\\\/www.quebakan.com\\\/v15\\\/wp-content\\\/uploads\\\/2026\\\/06\\\/FOTO-EMPRESARIAL-1.jpg\",\"contentUrl\":\"https:\\\/\\\/www.quebakan.com\\\/v15\\\/wp-content\\\/uploads\\\/2026\\\/06\\\/FOTO-EMPRESARIAL-1.jpg\",\"width\":700,\"height\":458},{\"@type\":\"BreadcrumbList\",\"@id\":\"https:\\\/\\\/www.quebakan.com\\\/v15\\\/regia-apuesta-por-la-innovacion-sostenible-con-un-nuevo-envase-hecho-de-piedra-que-reduce-el-uso-de-plastico-hasta-en-un-30\\\/#breadcrumb\",\"itemListElement\":[{\"@type\":\"ListItem\",\"position\":1,\"name\":\"Portada\",\"item\":\"https:\\\/\\\/www.quebakan.com\\\/v15\\\/\"},{\"@type\":\"ListItem\",\"position\":2,\"name\":\"Regia apuesta por la innovaci\u00f3n sostenible con un nuevo envase hecho de piedra que reduce el uso de pl\u00e1stico hasta en un 30%\"}]},{\"@type\":\"WebSite\",\"@id\":\"https:\\\/\\\/www.quebakan.com\\\/v15\\\/#website\",\"url\":\"https:\\\/\\\/www.quebakan.com\\\/v15\\\/\",\"name\":\"QUEBAKAN\",\"description\":\"..\",\"publisher\":{\"@id\":\"https:\\\/\\\/www.quebakan.com\\\/v15\\\/#organization\"},\"potentialAction\":[{\"@type\":\"SearchAction\",\"target\":{\"@type\":\"EntryPoint\",\"urlTemplate\":\"https:\\\/\\\/www.quebakan.com\\\/v15\\\/?s={search_term_string}\"},\"query-input\":{\"@type\":\"PropertyValueSpecification\",\"valueRequired\":true,\"valueName\":\"search_term_string\"}}],\"inLanguage\":\"es\"},{\"@type\":\"Organization\",\"@id\":\"https:\\\/\\\/www.quebakan.com\\\/v15\\\/#organization\",\"name\":\"Quebakan.com\",\"url\":\"https:\\\/\\\/www.quebakan.com\\\/v15\\\/\",\"logo\":{\"@type\":\"ImageObject\",\"inLanguage\":\"es\",\"@id\":\"https:\\\/\\\/www.quebakan.com\\\/v15\\\/#\\\/schema\\\/logo\\\/image\\\/\",\"url\":\"https:\\\/\\\/www.quebakan.com\\\/v15\\\/wp-content\\\/uploads\\\/2023\\\/07\\\/logoquebakanenero2021.jpg\",\"contentUrl\":\"https:\\\/\\\/www.quebakan.com\\\/v15\\\/wp-content\\\/uploads\\\/2023\\\/07\\\/logoquebakanenero2021.jpg\",\"width\":1920,\"height\":1080,\"caption\":\"Quebakan.com\"},\"image\":{\"@id\":\"https:\\\/\\\/www.quebakan.com\\\/v15\\\/#\\\/schema\\\/logo\\\/image\\\/\"},\"sameAs\":[\"http:\\\/\\\/www.facebook.com\\\/quebakan\",\"https:\\\/\\\/x.com\\\/quebakanec\",\"http:\\\/\\\/www.instagram.com\\\/quebakan\",\"http:\\\/\\\/www.youtube.com\\\/quebakan1\"]},{\"@type\":\"Person\",\"@id\":\"https:\\\/\\\/www.quebakan.com\\\/v15\\\/#\\\/schema\\\/person\\\/d90fa9f9cfa81eb8ace9811e5b7b9118\",\"name\":\"Erick Villafuerte\",\"image\":{\"@type\":\"ImageObject\",\"inLanguage\":\"es\",\"@id\":\"https:\\\/\\\/www.quebakan.com\\\/v15\\\/wp-content\\\/uploads\\\/avatars\\\/4\\\/1731297654-bpfull.png\",\"url\":\"https:\\\/\\\/www.quebakan.com\\\/v15\\\/wp-content\\\/uploads\\\/avatars\\\/4\\\/1731297654-bpfull.png\",\"contentUrl\":\"https:\\\/\\\/www.quebakan.com\\\/v15\\\/wp-content\\\/uploads\\\/avatars\\\/4\\\/1731297654-bpfull.png\",\"caption\":\"Erick Villafuerte\"}}]}<\/script>\n<!-- \/ Yoast SEO plugin. -->","yoast_head_json":{"title":"Regia apuesta por la innovaci\u00f3n sostenible con un nuevo envase hecho de piedra que reduce el uso de pl\u00e1stico hasta en un 30% &#8211; QUEBAKAN.COM 2026: Noticias, Eventos, Conciertos y mucho m\u00e1s....","robots":{"index":"index","follow":"follow","max-snippet":"max-snippet:-1","max-image-preview":"max-image-preview:large","max-video-preview":"max-video-preview:-1"},"canonical":"https:\/\/www.quebakan.com\/v15\/regia-apuesta-por-la-innovacion-sostenible-con-un-nuevo-envase-hecho-de-piedra-que-reduce-el-uso-de-plastico-hasta-en-un-30\/","og_locale":"es_ES","og_type":"article","og_title":"Regia apuesta por la innovaci\u00f3n sostenible con un nuevo envase hecho de piedra que reduce el uso de pl\u00e1stico hasta en un 30% &#8211; QUEBAKAN.COM 2026: Noticias, Eventos, Conciertos y mucho m\u00e1s....","og_description":"Pie de foto (de izquierda a derecha): Miguel Mart\u00ednez, Sales Associate Latam Okeanos Ecuador; Christian Castillo, CFO-COO Empaqplast; Daniela \u00c1lvarez, gerente de mercadeo y desarrollo sostenible Empaqplast; Felipe Galarza, gerente de mercadeo Grupo Danec; Patricia Tobar, gerente de gesti\u00f3n de calidad Grupo Danec; y Estefan\u00eda Drouet, gerente de comunicaci\u00f3n Grupo Danec. El nuevo envase con [&hellip;]","og_url":"https:\/\/www.quebakan.com\/v15\/regia-apuesta-por-la-innovacion-sostenible-con-un-nuevo-envase-hecho-de-piedra-que-reduce-el-uso-de-plastico-hasta-en-un-30\/","og_site_name":"QUEBAKAN.COM 2026: Noticias, Eventos, Conciertos y mucho m\u00e1s....","article_publisher":"http:\/\/www.facebook.com\/quebakan","article_published_time":"2026-06-15T18:49:20+00:00","og_image":[{"width":700,"height":458,"url":"https:\/\/www.quebakan.com\/v15\/wp-content\/uploads\/2026\/06\/FOTO-EMPRESARIAL-1.jpg","type":"image\/jpeg"}],"author":"Erick Villafuerte","twitter_card":"summary_large_image","twitter_creator":"@quebakanec","twitter_site":"@quebakanec","twitter_misc":{"Escrito por":"Erick Villafuerte","Tiempo de lectura":"4 minutos"},"schema":{"@context":"https:\/\/schema.org","@graph":[{"@type":"Article","@id":"https:\/\/www.quebakan.com\/v15\/regia-apuesta-por-la-innovacion-sostenible-con-un-nuevo-envase-hecho-de-piedra-que-reduce-el-uso-de-plastico-hasta-en-un-30\/#article","isPartOf":{"@id":"https:\/\/www.quebakan.com\/v15\/regia-apuesta-por-la-innovacion-sostenible-con-un-nuevo-envase-hecho-de-piedra-que-reduce-el-uso-de-plastico-hasta-en-un-30\/"},"author":{"name":"Erick Villafuerte","@id":"https:\/\/www.quebakan.com\/v15\/#\/schema\/person\/d90fa9f9cfa81eb8ace9811e5b7b9118"},"headline":"Regia apuesta por la innovaci\u00f3n sostenible con un nuevo envase hecho de piedra que reduce el uso de pl\u00e1stico hasta en un 30%","datePublished":"2026-06-15T18:49:20+00:00","mainEntityOfPage":{"@id":"https:\/\/www.quebakan.com\/v15\/regia-apuesta-por-la-innovacion-sostenible-con-un-nuevo-envase-hecho-de-piedra-que-reduce-el-uso-de-plastico-hasta-en-un-30\/"},"wordCount":663,"publisher":{"@id":"https:\/\/www.quebakan.com\/v15\/#organization"},"image":{"@id":"https:\/\/www.quebakan.com\/v15\/regia-apuesta-por-la-innovacion-sostenible-con-un-nuevo-envase-hecho-de-piedra-que-reduce-el-uso-de-plastico-hasta-en-un-30\/#primaryimage"},"thumbnailUrl":"https:\/\/www.quebakan.com\/v15\/wp-content\/uploads\/2026\/06\/FOTO-EMPRESARIAL-1.jpg","articleSection":["Noticias"],"inLanguage":"es"},{"@type":"WebPage","@id":"https:\/\/www.quebakan.com\/v15\/regia-apuesta-por-la-innovacion-sostenible-con-un-nuevo-envase-hecho-de-piedra-que-reduce-el-uso-de-plastico-hasta-en-un-30\/","url":"https:\/\/www.quebakan.com\/v15\/regia-apuesta-por-la-innovacion-sostenible-con-un-nuevo-envase-hecho-de-piedra-que-reduce-el-uso-de-plastico-hasta-en-un-30\/","name":"Regia apuesta por la innovaci\u00f3n sostenible con un nuevo envase hecho de piedra que reduce el uso de pl\u00e1stico hasta en un 30% &#8211; QUEBAKAN.COM 2026: Noticias, Eventos, Conciertos y mucho m\u00e1s....","isPartOf":{"@id":"https:\/\/www.quebakan.com\/v15\/#website"},"primaryImageOfPage":{"@id":"https:\/\/www.quebakan.com\/v15\/regia-apuesta-por-la-innovacion-sostenible-con-un-nuevo-envase-hecho-de-piedra-que-reduce-el-uso-de-plastico-hasta-en-un-30\/#primaryimage"},"image":{"@id":"https:\/\/www.quebakan.com\/v15\/regia-apuesta-por-la-innovacion-sostenible-con-un-nuevo-envase-hecho-de-piedra-que-reduce-el-uso-de-plastico-hasta-en-un-30\/#primaryimage"},"thumbnailUrl":"https:\/\/www.quebakan.com\/v15\/wp-content\/uploads\/2026\/06\/FOTO-EMPRESARIAL-1.jpg","datePublished":"2026-06-15T18:49:20+00:00","breadcrumb":{"@id":"https:\/\/www.quebakan.com\/v15\/regia-apuesta-por-la-innovacion-sostenible-con-un-nuevo-envase-hecho-de-piedra-que-reduce-el-uso-de-plastico-hasta-en-un-30\/#breadcrumb"},"inLanguage":"es","potentialAction":[{"@type":"ReadAction","target":["https:\/\/www.quebakan.com\/v15\/regia-apuesta-por-la-innovacion-sostenible-con-un-nuevo-envase-hecho-de-piedra-que-reduce-el-uso-de-plastico-hasta-en-un-30\/"]}]},{"@type":"ImageObject","inLanguage":"es","@id":"https:\/\/www.quebakan.com\/v15\/regia-apuesta-por-la-innovacion-sostenible-con-un-nuevo-envase-hecho-de-piedra-que-reduce-el-uso-de-plastico-hasta-en-un-30\/#primaryimage","url":"https:\/\/www.quebakan.com\/v15\/wp-content\/uploads\/2026\/06\/FOTO-EMPRESARIAL-1.jpg","contentUrl":"https:\/\/www.quebakan.com\/v15\/wp-content\/uploads\/2026\/06\/FOTO-EMPRESARIAL-1.jpg","width":700,"height":458},{"@type":"BreadcrumbList","@id":"https:\/\/www.quebakan.com\/v15\/regia-apuesta-por-la-innovacion-sostenible-con-un-nuevo-envase-hecho-de-piedra-que-reduce-el-uso-de-plastico-hasta-en-un-30\/#breadcrumb","itemListElement":[{"@type":"ListItem","position":1,"name":"Portada","item":"https:\/\/www.quebakan.com\/v15\/"},{"@type":"ListItem","position":2,"name":"Regia apuesta por la innovaci\u00f3n sostenible con un nuevo envase hecho de piedra que reduce el uso de pl\u00e1stico hasta en un 30%"}]},{"@type":"WebSite","@id":"https:\/\/www.quebakan.com\/v15\/#website","url":"https:\/\/www.quebakan.com\/v15\/","name":"QUEBAKAN","description":"..","publisher":{"@id":"https:\/\/www.quebakan.com\/v15\/#organization"},"potentialAction":[{"@type":"SearchAction","target":{"@type":"EntryPoint","urlTemplate":"https:\/\/www.quebakan.com\/v15\/?s={search_term_string}"},"query-input":{"@type":"PropertyValueSpecification","valueRequired":true,"valueName":"search_term_string"}}],"inLanguage":"es"},{"@type":"Organization","@id":"https:\/\/www.quebakan.com\/v15\/#organization","name":"Quebakan.com","url":"https:\/\/www.quebakan.com\/v15\/","logo":{"@type":"ImageObject","inLanguage":"es","@id":"https:\/\/www.quebakan.com\/v15\/#\/schema\/logo\/image\/","url":"https:\/\/www.quebakan.com\/v15\/wp-content\/uploads\/2023\/07\/logoquebakanenero2021.jpg","contentUrl":"https:\/\/www.quebakan.com\/v15\/wp-content\/uploads\/2023\/07\/logoquebakanenero2021.jpg","width":1920,"height":1080,"caption":"Quebakan.com"},"image":{"@id":"https:\/\/www.quebakan.com\/v15\/#\/schema\/logo\/image\/"},"sameAs":["http:\/\/www.facebook.com\/quebakan","https:\/\/x.com\/quebakanec","http:\/\/www.instagram.com\/quebakan","http:\/\/www.youtube.com\/quebakan1"]},{"@type":"Person","@id":"https:\/\/www.quebakan.com\/v15\/#\/schema\/person\/d90fa9f9cfa81eb8ace9811e5b7b9118","name":"Erick Villafuerte","image":{"@type":"ImageObject","inLanguage":"es","@id":"https:\/\/www.quebakan.com\/v15\/wp-content\/uploads\/avatars\/4\/1731297654-bpfull.png","url":"https:\/\/www.quebakan.com\/v15\/wp-content\/uploads\/avatars\/4\/1731297654-bpfull.png","contentUrl":"https:\/\/www.quebakan.com\/v15\/wp-content\/uploads\/avatars\/4\/1731297654-bpfull.png","caption":"Erick Villafuerte"}}]}},"_links":{"self":[{"href":"https:\/\/www.quebakan.com\/v15\/wp-json\/wp\/v2\/posts\/143769","targetHints":{"allow":["GET"]}}],"collection":[{"href":"https:\/\/www.quebakan.com\/v15\/wp-json\/wp\/v2\/posts"}],"about":[{"href":"https:\/\/www.quebakan.com\/v15\/wp-json\/wp\/v2\/types\/post"}],"author":[{"embeddable":true,"href":"https:\/\/www.quebakan.com\/v15\/wp-json\/wp\/v2\/users\/4"}],"replies":[{"embeddable":true,"href":"https:\/\/www.quebakan.com\/v15\/wp-json\/wp\/v2\/comments?post=143769"}],"version-history":[{"count":1,"href":"https:\/\/www.quebakan.com\/v15\/wp-json\/wp\/v2\/posts\/143769\/revisions"}],"predecessor-version":[{"id":143771,"href":"https:\/\/www.quebakan.com\/v15\/wp-json\/wp\/v2\/posts\/143769\/revisions\/143771"}],"wp:featuredmedia":[{"embeddable":true,"href":"https:\/\/www.quebakan.com\/v15\/wp-json\/wp\/v2\/media\/143770"}],"wp:attachment":[{"href":"https:\/\/www.quebakan.com\/v15\/wp-json\/wp\/v2\/media?parent=143769"}],"wp:term":[{"taxonomy":"category","embeddable":true,"href":"https:\/\/www.quebakan.com\/v15\/wp-json\/wp\/v2\/categories?post=143769"},{"taxonomy":"post_tag","embeddable":true,"href":"https:\/\/www.quebakan.com\/v15\/wp-json\/wp\/v2\/tags?post=143769"}],"curies":[{"name":"wp","href":"https:\/\/api.w.org\/{rel}","templated":true}]}}