{"id":146124,"date":"2026-08-30T20:30:09","date_gmt":"2026-08-31T01:30:09","guid":{"rendered":"https:\/\/www.quebakan.com\/v15\/?p=146124"},"modified":"2026-08-30T20:30:09","modified_gmt":"2026-08-31T01:30:09","slug":"innovacion-en-sintonia-contigo-una-invitacion-a-ifa-2026-que-lg-electronics-hace-al-mundo","status":"publish","type":"post","link":"https:\/\/www.quebakan.com\/v15\/innovacion-en-sintonia-contigo-una-invitacion-a-ifa-2026-que-lg-electronics-hace-al-mundo\/","title":{"rendered":"\u201cInnovaci\u00f3n En Sinton\u00eda Contigo\u201d, una invitaci\u00f3n a IFA 2026 que LG Electronics hace al mundo"},"content":{"rendered":"<p style=\"text-align: justify;\"><strong><span style=\"color: #000000;\"><em>LG presentar\u00e1 soluciones de IA conectadas en los espacios del hogar, los estilos de vida y las rutinas diarias de sus consumidores<\/em><\/span><\/strong><\/p>\n<p style=\"text-align: justify;\"><span style=\"color: #000000;\"><em><img fetchpriority=\"high\" decoding=\"async\" class=\"aligncenter size-full wp-image-146125\" src=\"https:\/\/www.quebakan.com\/v15\/wp-content\/uploads\/2026\/08\/260603_IFA_KV_MASTER.jpg\" alt=\"\" width=\"700\" height=\"394\" \/><\/em><\/span><\/p>\n<p style=\"text-align: justify;\"><span style=\"color: #000000;\"><strong>Ecuador, 26 de agosto de 2026<\/strong>\u00a0\u2014 LG Electronics (LG) invita a consumidores de todo el mundo a visitar su espacio de exhibici\u00f3n en IFA 2026, que se llevar\u00e1 a cabo del 4 al 8 de septiembre en Berl\u00edn, Alemania. Bajo el concepto \u201cInnovaci\u00f3n en sinton\u00eda contigo\u201d, LG presentar\u00e1 su visi\u00f3n de AI Home, impulsada por \u201cInteligencia Afectiva\u201d, a trav\u00e9s de soluciones integradas que conectan diferentes espacios del hogar con las necesidades, estilos de vida y rutinas cotidianas de las personas.<\/span><\/p>\n<p style=\"text-align: justify;\"><span style=\"color: #000000;\">LG presentar\u00e1 la evoluci\u00f3n de su concepto AI Appliances Orchestra en IFA 2026, con un ecosistema conectado y potenciado por inteligencia artificial que ampl\u00eda la propuesta presentada el a\u00f1o pasado por primera vez. El espacio de exhibici\u00f3n reunir\u00e1 productos, servicios y experiencias impulsadas por IA para mostrar c\u00f3mo las soluciones de LG pueden trabajar en conjunto para hacer que la vida de los consumidores sea m\u00e1s pr\u00e1ctica, personalizada y eficiente.<\/span><\/p>\n<p style=\"text-align: justify;\"><span style=\"color: #000000;\">La exhibici\u00f3n tambi\u00e9n destacar\u00e1 los m\u00e1s recientes televisores LG con inteligencia artificial, dise\u00f1ados para llevar el entretenimiento en el hogar a otro nivel mediante funciones inteligentes. Sus im\u00e1genes y sonido mejorados permiten disfrutar de cada momento en pantalla con mayor realismo y una experiencia de visualizaci\u00f3n m\u00e1s envolvente.<\/span><\/p>\n<p style=\"text-align: justify;\"><span style=\"color: #000000;\">Los visitantes podr\u00e1n conocer aplicaciones pr\u00e1cticas que muestran la visi\u00f3n de LG sobre la inteligencia artificial en diferentes espacios del hogar en el Pabell\u00f3n 18 de Messe Berlin, as\u00ed como en la gesti\u00f3n de energ\u00eda y la conectividad. La versi\u00f3n ampliada de AI Orchestra demostrar\u00e1 c\u00f3mo las soluciones integradas de AI Home pueden contribuir a crear experiencias de vida m\u00e1s eficientes y conectadas, adaptadas a los estilos de vida europeos.<\/span><\/p>\n<p style=\"text-align: justify;\"><span style=\"color: #000000;\">Quienes no puedan asistir presencialmente a IFA, LG compartir\u00e1 la experiencia de su estand en IFA 2026 a trav\u00e9s del canal de <a style=\"color: #000000;\" href=\"https:\/\/www.youtube.com\/@LGGlobal\">LG Global YouTube<\/a>.<\/span><\/p>\n","protected":false},"excerpt":{"rendered":"<p>LG presentar\u00e1 soluciones de IA conectadas en los espacios del hogar, los estilos de vida y las rutinas diarias de sus consumidores Ecuador, 26 de agosto de 2026\u00a0\u2014 LG Electronics (LG) invita a consumidores de todo el mundo a visitar su espacio de exhibici\u00f3n en IFA 2026, que se llevar\u00e1 a cabo del 4 al [&hellip;]<\/p>\n","protected":false},"author":4,"featured_media":146125,"comment_status":"closed","ping_status":"closed","sticky":false,"template":"","format":"standard","meta":{"_bbp_topic_count":0,"_bbp_reply_count":0,"_bbp_total_topic_count":0,"_bbp_total_reply_count":0,"_bbp_voice_count":0,"_bbp_anonymous_reply_count":0,"_bbp_topic_count_hidden":0,"_bbp_reply_count_hidden":0,"_bbp_forum_subforum_count":0,"buzzeditor_post_format":"","footnotes":""},"categories":[2],"tags":[],"class_list":["post-146124","post","type-post","status-publish","format-standard","has-post-thumbnail","hentry","category-noticias"],"yoast_head":"<!-- This site is optimized with the Yoast SEO plugin v28.3 - https:\/\/yoast.com\/product\/yoast-seo-wordpress\/ -->\n<title>\u201cInnovaci\u00f3n En Sinton\u00eda Contigo\u201d, una invitaci\u00f3n a IFA 2026 que LG Electronics hace al mundo &#8211; QUEBAKAN.COM 2026: Noticias, Eventos, Conciertos y mucho m\u00e1s....<\/title>\n<meta name=\"robots\" content=\"index, follow, max-snippet:-1, max-image-preview:large, max-video-preview:-1\" \/>\n<link rel=\"canonical\" href=\"https:\/\/www.quebakan.com\/v15\/innovacion-en-sintonia-contigo-una-invitacion-a-ifa-2026-que-lg-electronics-hace-al-mundo\/\" \/>\n<meta property=\"og:locale\" content=\"es_ES\" \/>\n<meta property=\"og:type\" content=\"article\" \/>\n<meta property=\"og:title\" content=\"\u201cInnovaci\u00f3n En Sinton\u00eda Contigo\u201d, una invitaci\u00f3n a IFA 2026 que LG Electronics hace al mundo &#8211; QUEBAKAN.COM 2026: Noticias, Eventos, Conciertos y mucho m\u00e1s....\" \/>\n<meta property=\"og:description\" content=\"LG presentar\u00e1 soluciones de IA conectadas en los espacios del hogar, los estilos de vida y las rutinas diarias de sus consumidores Ecuador, 26 de agosto de 2026\u00a0\u2014 LG Electronics (LG) invita a consumidores de todo el mundo a visitar su espacio de exhibici\u00f3n en IFA 2026, que se llevar\u00e1 a cabo del 4 al [&hellip;]\" \/>\n<meta property=\"og:url\" content=\"https:\/\/www.quebakan.com\/v15\/innovacion-en-sintonia-contigo-una-invitacion-a-ifa-2026-que-lg-electronics-hace-al-mundo\/\" \/>\n<meta property=\"og:site_name\" content=\"QUEBAKAN.COM 2026: Noticias, Eventos, Conciertos y mucho m\u00e1s....\" \/>\n<meta property=\"article:publisher\" content=\"http:\/\/www.facebook.com\/quebakan\" \/>\n<meta property=\"article:published_time\" content=\"2026-08-31T01:30:09+00:00\" \/>\n<meta property=\"og:image\" content=\"https:\/\/www.quebakan.com\/v15\/wp-content\/uploads\/2026\/08\/260603_IFA_KV_MASTER.jpg\" \/>\n\t<meta property=\"og:image:width\" content=\"700\" \/>\n\t<meta property=\"og:image:height\" content=\"394\" \/>\n\t<meta property=\"og:image:type\" content=\"image\/jpeg\" \/>\n<meta name=\"author\" content=\"Erick Villafuerte\" \/>\n<meta name=\"twitter:card\" content=\"summary_large_image\" \/>\n<meta name=\"twitter:creator\" content=\"@quebakanec\" \/>\n<meta name=\"twitter:site\" content=\"@quebakanec\" \/>\n<meta name=\"twitter:label1\" content=\"Escrito por\" \/>\n\t<meta name=\"twitter:data1\" content=\"Erick Villafuerte\" \/>\n\t<meta name=\"twitter:label2\" content=\"Tiempo de lectura\" \/>\n\t<meta name=\"twitter:data2\" content=\"2 minutos\" \/>\n<script type=\"application\/ld+json\" class=\"yoast-schema-graph\">{\"@context\":\"https:\\\/\\\/schema.org\",\"@graph\":[{\"@type\":\"Article\",\"@id\":\"https:\\\/\\\/www.quebakan.com\\\/v15\\\/innovacion-en-sintonia-contigo-una-invitacion-a-ifa-2026-que-lg-electronics-hace-al-mundo\\\/#article\",\"isPartOf\":{\"@id\":\"https:\\\/\\\/www.quebakan.com\\\/v15\\\/innovacion-en-sintonia-contigo-una-invitacion-a-ifa-2026-que-lg-electronics-hace-al-mundo\\\/\"},\"author\":{\"name\":\"Erick Villafuerte\",\"@id\":\"https:\\\/\\\/www.quebakan.com\\\/v15\\\/#\\\/schema\\\/person\\\/d90fa9f9cfa81eb8ace9811e5b7b9118\"},\"headline\":\"\u201cInnovaci\u00f3n En Sinton\u00eda Contigo\u201d, una invitaci\u00f3n a IFA 2026 que LG Electronics hace al mundo\",\"datePublished\":\"2026-08-31T01:30:09+00:00\",\"mainEntityOfPage\":{\"@id\":\"https:\\\/\\\/www.quebakan.com\\\/v15\\\/innovacion-en-sintonia-contigo-una-invitacion-a-ifa-2026-que-lg-electronics-hace-al-mundo\\\/\"},\"wordCount\":354,\"publisher\":{\"@id\":\"https:\\\/\\\/www.quebakan.com\\\/v15\\\/#organization\"},\"image\":{\"@id\":\"https:\\\/\\\/www.quebakan.com\\\/v15\\\/innovacion-en-sintonia-contigo-una-invitacion-a-ifa-2026-que-lg-electronics-hace-al-mundo\\\/#primaryimage\"},\"thumbnailUrl\":\"https:\\\/\\\/www.quebakan.com\\\/v15\\\/wp-content\\\/uploads\\\/2026\\\/08\\\/260603_IFA_KV_MASTER.jpg\",\"articleSection\":[\"Noticias\"],\"inLanguage\":\"es\"},{\"@type\":\"WebPage\",\"@id\":\"https:\\\/\\\/www.quebakan.com\\\/v15\\\/innovacion-en-sintonia-contigo-una-invitacion-a-ifa-2026-que-lg-electronics-hace-al-mundo\\\/\",\"url\":\"https:\\\/\\\/www.quebakan.com\\\/v15\\\/innovacion-en-sintonia-contigo-una-invitacion-a-ifa-2026-que-lg-electronics-hace-al-mundo\\\/\",\"name\":\"\u201cInnovaci\u00f3n En Sinton\u00eda Contigo\u201d, una invitaci\u00f3n a IFA 2026 que LG Electronics hace al mundo &#8211; QUEBAKAN.COM 2026: Noticias, Eventos, Conciertos y mucho m\u00e1s....\",\"isPartOf\":{\"@id\":\"https:\\\/\\\/www.quebakan.com\\\/v15\\\/#website\"},\"primaryImageOfPage\":{\"@id\":\"https:\\\/\\\/www.quebakan.com\\\/v15\\\/innovacion-en-sintonia-contigo-una-invitacion-a-ifa-2026-que-lg-electronics-hace-al-mundo\\\/#primaryimage\"},\"image\":{\"@id\":\"https:\\\/\\\/www.quebakan.com\\\/v15\\\/innovacion-en-sintonia-contigo-una-invitacion-a-ifa-2026-que-lg-electronics-hace-al-mundo\\\/#primaryimage\"},\"thumbnailUrl\":\"https:\\\/\\\/www.quebakan.com\\\/v15\\\/wp-content\\\/uploads\\\/2026\\\/08\\\/260603_IFA_KV_MASTER.jpg\",\"datePublished\":\"2026-08-31T01:30:09+00:00\",\"breadcrumb\":{\"@id\":\"https:\\\/\\\/www.quebakan.com\\\/v15\\\/innovacion-en-sintonia-contigo-una-invitacion-a-ifa-2026-que-lg-electronics-hace-al-mundo\\\/#breadcrumb\"},\"inLanguage\":\"es\",\"potentialAction\":[{\"@type\":\"ReadAction\",\"target\":[\"https:\\\/\\\/www.quebakan.com\\\/v15\\\/innovacion-en-sintonia-contigo-una-invitacion-a-ifa-2026-que-lg-electronics-hace-al-mundo\\\/\"]}]},{\"@type\":\"ImageObject\",\"inLanguage\":\"es\",\"@id\":\"https:\\\/\\\/www.quebakan.com\\\/v15\\\/innovacion-en-sintonia-contigo-una-invitacion-a-ifa-2026-que-lg-electronics-hace-al-mundo\\\/#primaryimage\",\"url\":\"https:\\\/\\\/www.quebakan.com\\\/v15\\\/wp-content\\\/uploads\\\/2026\\\/08\\\/260603_IFA_KV_MASTER.jpg\",\"contentUrl\":\"https:\\\/\\\/www.quebakan.com\\\/v15\\\/wp-content\\\/uploads\\\/2026\\\/08\\\/260603_IFA_KV_MASTER.jpg\",\"width\":700,\"height\":394},{\"@type\":\"BreadcrumbList\",\"@id\":\"https:\\\/\\\/www.quebakan.com\\\/v15\\\/innovacion-en-sintonia-contigo-una-invitacion-a-ifa-2026-que-lg-electronics-hace-al-mundo\\\/#breadcrumb\",\"itemListElement\":[{\"@type\":\"ListItem\",\"position\":1,\"name\":\"Portada\",\"item\":\"https:\\\/\\\/www.quebakan.com\\\/v15\\\/\"},{\"@type\":\"ListItem\",\"position\":2,\"name\":\"\u201cInnovaci\u00f3n En Sinton\u00eda Contigo\u201d, una invitaci\u00f3n a IFA 2026 que LG Electronics hace al mundo\"}]},{\"@type\":\"WebSite\",\"@id\":\"https:\\\/\\\/www.quebakan.com\\\/v15\\\/#website\",\"url\":\"https:\\\/\\\/www.quebakan.com\\\/v15\\\/\",\"name\":\"QUEBAKAN\",\"description\":\"..\",\"publisher\":{\"@id\":\"https:\\\/\\\/www.quebakan.com\\\/v15\\\/#organization\"},\"potentialAction\":[{\"@type\":\"SearchAction\",\"target\":{\"@type\":\"EntryPoint\",\"urlTemplate\":\"https:\\\/\\\/www.quebakan.com\\\/v15\\\/?s={search_term_string}\"},\"query-input\":{\"@type\":\"PropertyValueSpecification\",\"valueRequired\":true,\"valueName\":\"search_term_string\"}}],\"inLanguage\":\"es\"},{\"@type\":\"Organization\",\"@id\":\"https:\\\/\\\/www.quebakan.com\\\/v15\\\/#organization\",\"name\":\"Quebakan.com\",\"url\":\"https:\\\/\\\/www.quebakan.com\\\/v15\\\/\",\"logo\":{\"@type\":\"ImageObject\",\"inLanguage\":\"es\",\"@id\":\"https:\\\/\\\/www.quebakan.com\\\/v15\\\/#\\\/schema\\\/logo\\\/image\\\/\",\"url\":\"https:\\\/\\\/www.quebakan.com\\\/v15\\\/wp-content\\\/uploads\\\/2023\\\/07\\\/logoquebakanenero2021.jpg\",\"contentUrl\":\"https:\\\/\\\/www.quebakan.com\\\/v15\\\/wp-content\\\/uploads\\\/2023\\\/07\\\/logoquebakanenero2021.jpg\",\"width\":1920,\"height\":1080,\"caption\":\"Quebakan.com\"},\"image\":{\"@id\":\"https:\\\/\\\/www.quebakan.com\\\/v15\\\/#\\\/schema\\\/logo\\\/image\\\/\"},\"sameAs\":[\"http:\\\/\\\/www.facebook.com\\\/quebakan\",\"https:\\\/\\\/x.com\\\/quebakanec\",\"http:\\\/\\\/www.instagram.com\\\/quebakan\",\"http:\\\/\\\/www.youtube.com\\\/quebakan1\"]},{\"@type\":\"Person\",\"@id\":\"https:\\\/\\\/www.quebakan.com\\\/v15\\\/#\\\/schema\\\/person\\\/d90fa9f9cfa81eb8ace9811e5b7b9118\",\"name\":\"Erick Villafuerte\",\"image\":{\"@type\":\"ImageObject\",\"inLanguage\":\"es\",\"@id\":\"https:\\\/\\\/www.quebakan.com\\\/v15\\\/wp-content\\\/uploads\\\/avatars\\\/4\\\/1731297654-bpfull.png\",\"url\":\"https:\\\/\\\/www.quebakan.com\\\/v15\\\/wp-content\\\/uploads\\\/avatars\\\/4\\\/1731297654-bpfull.png\",\"contentUrl\":\"https:\\\/\\\/www.quebakan.com\\\/v15\\\/wp-content\\\/uploads\\\/avatars\\\/4\\\/1731297654-bpfull.png\",\"caption\":\"Erick Villafuerte\"}}]}<\/script>\n<!-- \/ Yoast SEO plugin. -->","yoast_head_json":{"title":"\u201cInnovaci\u00f3n En Sinton\u00eda Contigo\u201d, una invitaci\u00f3n a IFA 2026 que LG Electronics hace al mundo &#8211; QUEBAKAN.COM 2026: Noticias, Eventos, Conciertos y mucho m\u00e1s....","robots":{"index":"index","follow":"follow","max-snippet":"max-snippet:-1","max-image-preview":"max-image-preview:large","max-video-preview":"max-video-preview:-1"},"canonical":"https:\/\/www.quebakan.com\/v15\/innovacion-en-sintonia-contigo-una-invitacion-a-ifa-2026-que-lg-electronics-hace-al-mundo\/","og_locale":"es_ES","og_type":"article","og_title":"\u201cInnovaci\u00f3n En Sinton\u00eda Contigo\u201d, una invitaci\u00f3n a IFA 2026 que LG Electronics hace al mundo &#8211; QUEBAKAN.COM 2026: Noticias, Eventos, Conciertos y mucho m\u00e1s....","og_description":"LG presentar\u00e1 soluciones de IA conectadas en los espacios del hogar, los estilos de vida y las rutinas diarias de sus consumidores Ecuador, 26 de agosto de 2026\u00a0\u2014 LG Electronics (LG) invita a consumidores de todo el mundo a visitar su espacio de exhibici\u00f3n en IFA 2026, que se llevar\u00e1 a cabo del 4 al [&hellip;]","og_url":"https:\/\/www.quebakan.com\/v15\/innovacion-en-sintonia-contigo-una-invitacion-a-ifa-2026-que-lg-electronics-hace-al-mundo\/","og_site_name":"QUEBAKAN.COM 2026: Noticias, Eventos, Conciertos y mucho m\u00e1s....","article_publisher":"http:\/\/www.facebook.com\/quebakan","article_published_time":"2026-08-31T01:30:09+00:00","og_image":[{"width":700,"height":394,"url":"https:\/\/www.quebakan.com\/v15\/wp-content\/uploads\/2026\/08\/260603_IFA_KV_MASTER.jpg","type":"image\/jpeg"}],"author":"Erick Villafuerte","twitter_card":"summary_large_image","twitter_creator":"@quebakanec","twitter_site":"@quebakanec","twitter_misc":{"Escrito por":"Erick Villafuerte","Tiempo de lectura":"2 minutos"},"schema":{"@context":"https:\/\/schema.org","@graph":[{"@type":"Article","@id":"https:\/\/www.quebakan.com\/v15\/innovacion-en-sintonia-contigo-una-invitacion-a-ifa-2026-que-lg-electronics-hace-al-mundo\/#article","isPartOf":{"@id":"https:\/\/www.quebakan.com\/v15\/innovacion-en-sintonia-contigo-una-invitacion-a-ifa-2026-que-lg-electronics-hace-al-mundo\/"},"author":{"name":"Erick Villafuerte","@id":"https:\/\/www.quebakan.com\/v15\/#\/schema\/person\/d90fa9f9cfa81eb8ace9811e5b7b9118"},"headline":"\u201cInnovaci\u00f3n En Sinton\u00eda Contigo\u201d, una invitaci\u00f3n a IFA 2026 que LG Electronics hace al mundo","datePublished":"2026-08-31T01:30:09+00:00","mainEntityOfPage":{"@id":"https:\/\/www.quebakan.com\/v15\/innovacion-en-sintonia-contigo-una-invitacion-a-ifa-2026-que-lg-electronics-hace-al-mundo\/"},"wordCount":354,"publisher":{"@id":"https:\/\/www.quebakan.com\/v15\/#organization"},"image":{"@id":"https:\/\/www.quebakan.com\/v15\/innovacion-en-sintonia-contigo-una-invitacion-a-ifa-2026-que-lg-electronics-hace-al-mundo\/#primaryimage"},"thumbnailUrl":"https:\/\/www.quebakan.com\/v15\/wp-content\/uploads\/2026\/08\/260603_IFA_KV_MASTER.jpg","articleSection":["Noticias"],"inLanguage":"es"},{"@type":"WebPage","@id":"https:\/\/www.quebakan.com\/v15\/innovacion-en-sintonia-contigo-una-invitacion-a-ifa-2026-que-lg-electronics-hace-al-mundo\/","url":"https:\/\/www.quebakan.com\/v15\/innovacion-en-sintonia-contigo-una-invitacion-a-ifa-2026-que-lg-electronics-hace-al-mundo\/","name":"\u201cInnovaci\u00f3n En Sinton\u00eda Contigo\u201d, una invitaci\u00f3n a IFA 2026 que LG Electronics hace al mundo &#8211; QUEBAKAN.COM 2026: Noticias, Eventos, Conciertos y mucho m\u00e1s....","isPartOf":{"@id":"https:\/\/www.quebakan.com\/v15\/#website"},"primaryImageOfPage":{"@id":"https:\/\/www.quebakan.com\/v15\/innovacion-en-sintonia-contigo-una-invitacion-a-ifa-2026-que-lg-electronics-hace-al-mundo\/#primaryimage"},"image":{"@id":"https:\/\/www.quebakan.com\/v15\/innovacion-en-sintonia-contigo-una-invitacion-a-ifa-2026-que-lg-electronics-hace-al-mundo\/#primaryimage"},"thumbnailUrl":"https:\/\/www.quebakan.com\/v15\/wp-content\/uploads\/2026\/08\/260603_IFA_KV_MASTER.jpg","datePublished":"2026-08-31T01:30:09+00:00","breadcrumb":{"@id":"https:\/\/www.quebakan.com\/v15\/innovacion-en-sintonia-contigo-una-invitacion-a-ifa-2026-que-lg-electronics-hace-al-mundo\/#breadcrumb"},"inLanguage":"es","potentialAction":[{"@type":"ReadAction","target":["https:\/\/www.quebakan.com\/v15\/innovacion-en-sintonia-contigo-una-invitacion-a-ifa-2026-que-lg-electronics-hace-al-mundo\/"]}]},{"@type":"ImageObject","inLanguage":"es","@id":"https:\/\/www.quebakan.com\/v15\/innovacion-en-sintonia-contigo-una-invitacion-a-ifa-2026-que-lg-electronics-hace-al-mundo\/#primaryimage","url":"https:\/\/www.quebakan.com\/v15\/wp-content\/uploads\/2026\/08\/260603_IFA_KV_MASTER.jpg","contentUrl":"https:\/\/www.quebakan.com\/v15\/wp-content\/uploads\/2026\/08\/260603_IFA_KV_MASTER.jpg","width":700,"height":394},{"@type":"BreadcrumbList","@id":"https:\/\/www.quebakan.com\/v15\/innovacion-en-sintonia-contigo-una-invitacion-a-ifa-2026-que-lg-electronics-hace-al-mundo\/#breadcrumb","itemListElement":[{"@type":"ListItem","position":1,"name":"Portada","item":"https:\/\/www.quebakan.com\/v15\/"},{"@type":"ListItem","position":2,"name":"\u201cInnovaci\u00f3n En Sinton\u00eda Contigo\u201d, una invitaci\u00f3n a IFA 2026 que LG Electronics hace al mundo"}]},{"@type":"WebSite","@id":"https:\/\/www.quebakan.com\/v15\/#website","url":"https:\/\/www.quebakan.com\/v15\/","name":"QUEBAKAN","description":"..","publisher":{"@id":"https:\/\/www.quebakan.com\/v15\/#organization"},"potentialAction":[{"@type":"SearchAction","target":{"@type":"EntryPoint","urlTemplate":"https:\/\/www.quebakan.com\/v15\/?s={search_term_string}"},"query-input":{"@type":"PropertyValueSpecification","valueRequired":true,"valueName":"search_term_string"}}],"inLanguage":"es"},{"@type":"Organization","@id":"https:\/\/www.quebakan.com\/v15\/#organization","name":"Quebakan.com","url":"https:\/\/www.quebakan.com\/v15\/","logo":{"@type":"ImageObject","inLanguage":"es","@id":"https:\/\/www.quebakan.com\/v15\/#\/schema\/logo\/image\/","url":"https:\/\/www.quebakan.com\/v15\/wp-content\/uploads\/2023\/07\/logoquebakanenero2021.jpg","contentUrl":"https:\/\/www.quebakan.com\/v15\/wp-content\/uploads\/2023\/07\/logoquebakanenero2021.jpg","width":1920,"height":1080,"caption":"Quebakan.com"},"image":{"@id":"https:\/\/www.quebakan.com\/v15\/#\/schema\/logo\/image\/"},"sameAs":["http:\/\/www.facebook.com\/quebakan","https:\/\/x.com\/quebakanec","http:\/\/www.instagram.com\/quebakan","http:\/\/www.youtube.com\/quebakan1"]},{"@type":"Person","@id":"https:\/\/www.quebakan.com\/v15\/#\/schema\/person\/d90fa9f9cfa81eb8ace9811e5b7b9118","name":"Erick Villafuerte","image":{"@type":"ImageObject","inLanguage":"es","@id":"https:\/\/www.quebakan.com\/v15\/wp-content\/uploads\/avatars\/4\/1731297654-bpfull.png","url":"https:\/\/www.quebakan.com\/v15\/wp-content\/uploads\/avatars\/4\/1731297654-bpfull.png","contentUrl":"https:\/\/www.quebakan.com\/v15\/wp-content\/uploads\/avatars\/4\/1731297654-bpfull.png","caption":"Erick Villafuerte"}}]}},"_links":{"self":[{"href":"https:\/\/www.quebakan.com\/v15\/wp-json\/wp\/v2\/posts\/146124","targetHints":{"allow":["GET"]}}],"collection":[{"href":"https:\/\/www.quebakan.com\/v15\/wp-json\/wp\/v2\/posts"}],"about":[{"href":"https:\/\/www.quebakan.com\/v15\/wp-json\/wp\/v2\/types\/post"}],"author":[{"embeddable":true,"href":"https:\/\/www.quebakan.com\/v15\/wp-json\/wp\/v2\/users\/4"}],"replies":[{"embeddable":true,"href":"https:\/\/www.quebakan.com\/v15\/wp-json\/wp\/v2\/comments?post=146124"}],"version-history":[{"count":1,"href":"https:\/\/www.quebakan.com\/v15\/wp-json\/wp\/v2\/posts\/146124\/revisions"}],"predecessor-version":[{"id":146126,"href":"https:\/\/www.quebakan.com\/v15\/wp-json\/wp\/v2\/posts\/146124\/revisions\/146126"}],"wp:featuredmedia":[{"embeddable":true,"href":"https:\/\/www.quebakan.com\/v15\/wp-json\/wp\/v2\/media\/146125"}],"wp:attachment":[{"href":"https:\/\/www.quebakan.com\/v15\/wp-json\/wp\/v2\/media?parent=146124"}],"wp:term":[{"taxonomy":"category","embeddable":true,"href":"https:\/\/www.quebakan.com\/v15\/wp-json\/wp\/v2\/categories?post=146124"},{"taxonomy":"post_tag","embeddable":true,"href":"https:\/\/www.quebakan.com\/v15\/wp-json\/wp\/v2\/tags?post=146124"}],"curies":[{"name":"wp","href":"https:\/\/api.w.org\/{rel}","templated":true}]}}