{"id":146130,"date":"2026-08-31T00:27:12","date_gmt":"2026-08-31T05:27:12","guid":{"rendered":"https:\/\/www.quebakan.com\/v15\/?p=146130"},"modified":"2026-08-31T00:27:12","modified_gmt":"2026-08-31T05:27:12","slug":"santiago-cruz-y-cardellino-presentan-4-vasos-y-1-florero-un-bolero-del-siglo-xxi-que-explora-las-relaciones-la-autoestima-y-la-teoria-del-espejo","status":"publish","type":"post","link":"https:\/\/www.quebakan.com\/v15\/santiago-cruz-y-cardellino-presentan-4-vasos-y-1-florero-un-bolero-del-siglo-xxi-que-explora-las-relaciones-la-autoestima-y-la-teoria-del-espejo\/","title":{"rendered":"SANTIAGO CRUZ Y CARDELLINO PRESENTAN \u201c4 VASOS Y 1 FLORERO\u201d UN BOLERO DEL SIGLO XXI QUE EXPLORA LAS RELACIONES, LA AUTOESTIMA Y LA \u201cTEOR\u00cdA DEL ESPEJO\u201d"},"content":{"rendered":"<p><img fetchpriority=\"high\" decoding=\"async\" class=\"aligncenter size-full wp-image-146131\" src=\"https:\/\/www.quebakan.com\/v15\/wp-content\/uploads\/2026\/08\/SANTIAGO-CRUZ-Y-CARDELINO-REDES.jpg\" alt=\"\" width=\"700\" height=\"467\" \/><\/p>\n<p style=\"text-align: justify;\"><span style=\"color: #000000;\"><strong>\u201c4 VASOS Y 1 FLORERO\u201d ES EL SEGUNDO SENCILLO DE \u201cFRAGMENTOS\u201d, EL NUEVO \u00c1LBUM DE SANTIAGO CRUZ QUE SE ESTRENAR\u00c1 EN SEPTIEMBRE<\/strong><\/span><\/p>\n<p style=\"text-align: justify;\"><span style=\"color: #000000;\"><strong>EL LANZAMIENTO LLEGA EN LA ANTESALA DEL \u201cTOUR SIGO EN PIE\u201d, QUE SE CONVERTIR\u00c1 EN UNA OPORTUNIDAD PARA AYUDAR: EL ARTISTA DONAR\u00c1 PARTE DE LAS GANANCIAS DE SUS CONCIERTOS EN BOGOT\u00c1, CALI Y MEDELL\u00cdN PARA APOYAR A LOS DAMNIFICADOS POR EL TERREMOTO DEL 10 DE AGOSTO Y LOS INCENDIOS QUE AFECTAN AL DEPARTAMENTO DEL TOLIMA, DE LA MANO DE ABACO.<\/strong><\/span><\/p>\n<p style=\"text-align: justify;\"><span style=\"color: #000000;\"><strong>ESCUCHA <\/strong><a style=\"color: #000000;\" href=\"https:\/\/orcd.co\/4vasosy1florero\"><strong>AQU\u00cd<\/strong><\/a><\/span><\/p>\n<p style=\"text-align: justify;\"><span style=\"color: #000000;\"><strong>MIRA EL VIDEOCLIP <\/strong><a style=\"color: #000000;\" href=\"https:\/\/www.youtube.com\/watch?v=HNWCBOlHDh8\"><strong>AQU\u00cd<\/strong><\/a><\/span><\/p>\n<p style=\"text-align: justify;\"><span style=\"color: #000000;\"><strong>Colombia, 21 de agosto de 2026. <\/strong>El cantante, compositor y escritor colombiano <strong>Santiago Cruz<\/strong> presenta <strong>\u201c4 Vasos y 1 Florero\u201d<\/strong>, una colaboraci\u00f3n con el m\u00fasico uruguayo <strong>Cardellino<\/strong> que explora las relaciones sentimentales desde una perspectiva de introspecci\u00f3n y responsabilidad personal. Concebida como un <strong>bolero del siglo XXI<\/strong>, la canci\u00f3n combina el protagonismo del piano y la melod\u00eda tradicional del g\u00e9nero con programaciones y atm\u00f3sferas contempor\u00e1neas, mientras el estilo de Cardellino se integra a la interpretaci\u00f3n de Santiago para darle una identidad sonora particular.<\/span><\/p>\n<p style=\"text-align: justify;\"><span style=\"color: #000000;\"><strong>\u201c4 Vasos y 1 Florero\u201d<\/strong> es una reflexi\u00f3n sobre aquellas relaciones en las que, por falta de autoestima, una persona termina aceptando ser menospreciada o dada por sentada. El sencillo, producido por Santiago Cruz y Christofer Velandia, y compuesto junto a Cardellino, Sof\u00eda Castillo Volc\u00e1n y Christyan Camilo Velandia, propone una mirada hacia adentro que va m\u00e1s all\u00e1 de responsabilizar \u00fanicamente al otro: reconocer c\u00f3mo las propias emociones y decisiones tambi\u00e9n hacen parte de aquello que se vive en una relaci\u00f3n.<\/span><\/p>\n<p style=\"text-align: justify;\"><span style=\"color: #000000;\">Para Santiago Cruz, este enfoque est\u00e1 directamente relacionado con la llamada <strong>\u201cteor\u00eda del espejo\u201d<\/strong>, una idea que atraviesa el tema y plantea que las acciones de los dem\u00e1s pueden funcionar como un reflejo del propio estado emocional.<\/span><\/p>\n<p style=\"text-align: justify;\"><span style=\"color: #000000;\"><em>\u201cEs una de las canciones m\u00e1s interesantes que he grabado. La tem\u00e1tica me encanta; sigue explorando temas profundos de las relaciones personales, la teor\u00eda del espejo, donde el accionar del otro es simplemente un reflejo de tu estado emocional. La parte musical es muy interesante, lo que logramos desde la sesi\u00f3n de composici\u00f3n es muy interesante y se logr\u00f3 mantener, incluso potenciar, durante el desarrollo del tema hasta llegar al producto final. Soy muy fan de Cardellino, y hemos hecho una linda amistad; contar con su energ\u00eda, su talento, su onda y su flow, es un privilegio para m\u00ed\u201d<\/em>, expresa <strong>Santiago Cruz<\/strong>.<\/span><\/p>\n<p style=\"text-align: justify;\"><span style=\"color: #000000;\">El videoclip de <strong>\u201c4 Vasos y 1 Florero\u201d<\/strong>, realizado por <strong>Kinof\u00f3nica<\/strong> bajo la direcci\u00f3n de <strong>Z\u00e1rate<\/strong>, transcurre en un espacio minimalista donde Santiago y Cardellino, separados por un espejo, recrean escenas paralelas alrededor de una mesa, vasos y un florero con un clavel. La imagen del espejo refuerza el concepto de la canci\u00f3n: aunque dos personas est\u00e9n en lugares distintos, pueden estar atravesando emociones similares y encontrarse, a trav\u00e9s del otro, con aspectos propios que necesitan ser reconocidos.<\/span><\/p>\n<p style=\"text-align: justify;\"><span style=\"color: #000000;\">Entre tanto, en la antesala del \u201cTour Sigo En Pie\u201d, Santiago Cruz anunci\u00f3 recientemente que <strong>donar\u00e1 parte de las ganancias de sus conciertos en Bogot\u00e1, Cali y Medell\u00edn <\/strong>para apoyar a las personas y comunidades afectadas por el terremoto del pasado 10 de agosto y los incendios que afectan a Colombia, especialmente al departamento del Tolima, de la mano de la <strong>Asociaci\u00f3n de Bancos de Alimentos de Colombia (ABACO)<\/strong>. La iniciativa contempla los cuatro conciertos de Bogot\u00e1: <strong>16 de septiembre en el Teatro Panorama, 17 y 18 de septiembre en el Jorge Eli\u00e9cer Gait\u00e1n y 22 de septiembre en el Teatro Col\u00f3n<\/strong>, adem\u00e1s de sus presentaciones del <strong>24 de octubre en la Arena USC de Cali<\/strong> y el <strong>12 de diciembre en el Teatro Metropolitano de Medell\u00edn<\/strong>.<\/span><\/p>\n<p style=\"text-align: justify;\"><span style=\"color: #000000;\"><strong>M\u00e1s informaci\u00f3n y venta de boletos en <\/strong><a style=\"color: #000000;\" href=\"http:\/\/www.santiagocruz.co\"><strong>www.santiagocruz.co<\/strong><\/a><\/span><\/p>\n<audio class=\"wp-audio-shortcode\" id=\"audio-146130-1\" preload=\"none\" style=\"width: 100%;\" controls=\"controls\"><source type=\"audio\/mpeg\" src=\"https:\/\/www.quebakan.com\/v15\/wp-content\/uploads\/2026\/08\/Santiago-Cruz-4-Vasos-y-1-Florero.mp3?_=1\" \/><a href=\"https:\/\/www.quebakan.com\/v15\/wp-content\/uploads\/2026\/08\/Santiago-Cruz-4-Vasos-y-1-Florero.mp3\">https:\/\/www.quebakan.com\/v15\/wp-content\/uploads\/2026\/08\/Santiago-Cruz-4-Vasos-y-1-Florero.mp3<\/a><\/audio>\n","protected":false},"excerpt":{"rendered":"<p>\u201c4 VASOS Y 1 FLORERO\u201d ES EL SEGUNDO SENCILLO DE \u201cFRAGMENTOS\u201d, EL NUEVO \u00c1LBUM DE SANTIAGO CRUZ QUE SE ESTRENAR\u00c1 EN SEPTIEMBRE EL LANZAMIENTO LLEGA EN LA ANTESALA DEL \u201cTOUR SIGO EN PIE\u201d, QUE SE CONVERTIR\u00c1 EN UNA OPORTUNIDAD PARA AYUDAR: EL ARTISTA DONAR\u00c1 PARTE DE LAS GANANCIAS DE SUS CONCIERTOS EN BOGOT\u00c1, CALI Y [&hellip;]<\/p>\n","protected":false},"author":4,"featured_media":146131,"comment_status":"closed","ping_status":"closed","sticky":false,"template":"","format":"standard","meta":{"_bbp_topic_count":0,"_bbp_reply_count":0,"_bbp_total_topic_count":0,"_bbp_total_reply_count":0,"_bbp_voice_count":0,"_bbp_anonymous_reply_count":0,"_bbp_topic_count_hidden":0,"_bbp_reply_count_hidden":0,"_bbp_forum_subforum_count":0,"buzzeditor_post_format":"","footnotes":""},"categories":[2],"tags":[],"class_list":["post-146130","post","type-post","status-publish","format-standard","has-post-thumbnail","hentry","category-noticias"],"yoast_head":"<!-- This site is optimized with the Yoast SEO plugin v28.3 - https:\/\/yoast.com\/product\/yoast-seo-wordpress\/ -->\n<title>SANTIAGO CRUZ Y CARDELLINO PRESENTAN \u201c4 VASOS Y 1 FLORERO\u201d UN BOLERO DEL SIGLO XXI QUE EXPLORA LAS RELACIONES, LA AUTOESTIMA Y LA \u201cTEOR\u00cdA DEL ESPEJO\u201d &#8211; QUEBAKAN.COM 2026: Noticias, Eventos, Conciertos y mucho m\u00e1s....<\/title>\n<meta name=\"robots\" content=\"index, follow, max-snippet:-1, max-image-preview:large, max-video-preview:-1\" \/>\n<link rel=\"canonical\" href=\"https:\/\/www.quebakan.com\/v15\/santiago-cruz-y-cardellino-presentan-4-vasos-y-1-florero-un-bolero-del-siglo-xxi-que-explora-las-relaciones-la-autoestima-y-la-teoria-del-espejo\/\" \/>\n<meta property=\"og:locale\" content=\"es_ES\" \/>\n<meta property=\"og:type\" content=\"article\" \/>\n<meta property=\"og:title\" content=\"SANTIAGO CRUZ Y CARDELLINO PRESENTAN \u201c4 VASOS Y 1 FLORERO\u201d UN BOLERO DEL SIGLO XXI QUE EXPLORA LAS RELACIONES, LA AUTOESTIMA Y LA \u201cTEOR\u00cdA DEL ESPEJO\u201d &#8211; QUEBAKAN.COM 2026: Noticias, Eventos, Conciertos y mucho m\u00e1s....\" \/>\n<meta property=\"og:description\" content=\"\u201c4 VASOS Y 1 FLORERO\u201d ES EL SEGUNDO SENCILLO DE \u201cFRAGMENTOS\u201d, EL NUEVO \u00c1LBUM DE SANTIAGO CRUZ QUE SE ESTRENAR\u00c1 EN SEPTIEMBRE EL LANZAMIENTO LLEGA EN LA ANTESALA DEL \u201cTOUR SIGO EN PIE\u201d, QUE SE CONVERTIR\u00c1 EN UNA OPORTUNIDAD PARA AYUDAR: EL ARTISTA DONAR\u00c1 PARTE DE LAS GANANCIAS DE SUS CONCIERTOS EN BOGOT\u00c1, CALI Y [&hellip;]\" \/>\n<meta property=\"og:url\" content=\"https:\/\/www.quebakan.com\/v15\/santiago-cruz-y-cardellino-presentan-4-vasos-y-1-florero-un-bolero-del-siglo-xxi-que-explora-las-relaciones-la-autoestima-y-la-teoria-del-espejo\/\" \/>\n<meta property=\"og:site_name\" content=\"QUEBAKAN.COM 2026: Noticias, Eventos, Conciertos y mucho m\u00e1s....\" \/>\n<meta property=\"article:publisher\" content=\"http:\/\/www.facebook.com\/quebakan\" \/>\n<meta property=\"article:published_time\" content=\"2026-08-31T05:27:12+00:00\" \/>\n<meta property=\"og:image\" content=\"https:\/\/www.quebakan.com\/v15\/wp-content\/uploads\/2026\/08\/SANTIAGO-CRUZ-Y-CARDELINO-REDES.jpg\" \/>\n\t<meta property=\"og:image:width\" content=\"700\" \/>\n\t<meta property=\"og:image:height\" content=\"467\" \/>\n\t<meta property=\"og:image:type\" content=\"image\/jpeg\" \/>\n<meta name=\"author\" content=\"Erick Villafuerte\" \/>\n<meta name=\"twitter:card\" content=\"summary_large_image\" \/>\n<meta name=\"twitter:creator\" content=\"@quebakanec\" \/>\n<meta name=\"twitter:site\" content=\"@quebakanec\" \/>\n<meta name=\"twitter:label1\" content=\"Escrito por\" \/>\n\t<meta name=\"twitter:data1\" content=\"Erick Villafuerte\" \/>\n\t<meta name=\"twitter:label2\" content=\"Tiempo de lectura\" \/>\n\t<meta name=\"twitter:data2\" content=\"4 minutos\" \/>\n<script type=\"application\/ld+json\" class=\"yoast-schema-graph\">{\"@context\":\"https:\\\/\\\/schema.org\",\"@graph\":[{\"@type\":\"Article\",\"@id\":\"https:\\\/\\\/www.quebakan.com\\\/v15\\\/santiago-cruz-y-cardellino-presentan-4-vasos-y-1-florero-un-bolero-del-siglo-xxi-que-explora-las-relaciones-la-autoestima-y-la-teoria-del-espejo\\\/#article\",\"isPartOf\":{\"@id\":\"https:\\\/\\\/www.quebakan.com\\\/v15\\\/santiago-cruz-y-cardellino-presentan-4-vasos-y-1-florero-un-bolero-del-siglo-xxi-que-explora-las-relaciones-la-autoestima-y-la-teoria-del-espejo\\\/\"},\"author\":{\"name\":\"Erick Villafuerte\",\"@id\":\"https:\\\/\\\/www.quebakan.com\\\/v15\\\/#\\\/schema\\\/person\\\/d90fa9f9cfa81eb8ace9811e5b7b9118\"},\"headline\":\"SANTIAGO CRUZ Y CARDELLINO PRESENTAN \u201c4 VASOS Y 1 FLORERO\u201d UN BOLERO DEL SIGLO XXI QUE EXPLORA LAS RELACIONES, LA AUTOESTIMA Y LA \u201cTEOR\u00cdA DEL ESPEJO\u201d\",\"datePublished\":\"2026-08-31T05:27:12+00:00\",\"mainEntityOfPage\":{\"@id\":\"https:\\\/\\\/www.quebakan.com\\\/v15\\\/santiago-cruz-y-cardellino-presentan-4-vasos-y-1-florero-un-bolero-del-siglo-xxi-que-explora-las-relaciones-la-autoestima-y-la-teoria-del-espejo\\\/\"},\"wordCount\":667,\"publisher\":{\"@id\":\"https:\\\/\\\/www.quebakan.com\\\/v15\\\/#organization\"},\"image\":{\"@id\":\"https:\\\/\\\/www.quebakan.com\\\/v15\\\/santiago-cruz-y-cardellino-presentan-4-vasos-y-1-florero-un-bolero-del-siglo-xxi-que-explora-las-relaciones-la-autoestima-y-la-teoria-del-espejo\\\/#primaryimage\"},\"thumbnailUrl\":\"https:\\\/\\\/www.quebakan.com\\\/v15\\\/wp-content\\\/uploads\\\/2026\\\/08\\\/SANTIAGO-CRUZ-Y-CARDELINO-REDES.jpg\",\"articleSection\":[\"Noticias\"],\"inLanguage\":\"es\"},{\"@type\":\"WebPage\",\"@id\":\"https:\\\/\\\/www.quebakan.com\\\/v15\\\/santiago-cruz-y-cardellino-presentan-4-vasos-y-1-florero-un-bolero-del-siglo-xxi-que-explora-las-relaciones-la-autoestima-y-la-teoria-del-espejo\\\/\",\"url\":\"https:\\\/\\\/www.quebakan.com\\\/v15\\\/santiago-cruz-y-cardellino-presentan-4-vasos-y-1-florero-un-bolero-del-siglo-xxi-que-explora-las-relaciones-la-autoestima-y-la-teoria-del-espejo\\\/\",\"name\":\"SANTIAGO CRUZ Y CARDELLINO PRESENTAN \u201c4 VASOS Y 1 FLORERO\u201d UN BOLERO DEL SIGLO XXI QUE EXPLORA LAS RELACIONES, LA AUTOESTIMA Y LA \u201cTEOR\u00cdA DEL ESPEJO\u201d &#8211; QUEBAKAN.COM 2026: Noticias, Eventos, Conciertos y mucho m\u00e1s....\",\"isPartOf\":{\"@id\":\"https:\\\/\\\/www.quebakan.com\\\/v15\\\/#website\"},\"primaryImageOfPage\":{\"@id\":\"https:\\\/\\\/www.quebakan.com\\\/v15\\\/santiago-cruz-y-cardellino-presentan-4-vasos-y-1-florero-un-bolero-del-siglo-xxi-que-explora-las-relaciones-la-autoestima-y-la-teoria-del-espejo\\\/#primaryimage\"},\"image\":{\"@id\":\"https:\\\/\\\/www.quebakan.com\\\/v15\\\/santiago-cruz-y-cardellino-presentan-4-vasos-y-1-florero-un-bolero-del-siglo-xxi-que-explora-las-relaciones-la-autoestima-y-la-teoria-del-espejo\\\/#primaryimage\"},\"thumbnailUrl\":\"https:\\\/\\\/www.quebakan.com\\\/v15\\\/wp-content\\\/uploads\\\/2026\\\/08\\\/SANTIAGO-CRUZ-Y-CARDELINO-REDES.jpg\",\"datePublished\":\"2026-08-31T05:27:12+00:00\",\"breadcrumb\":{\"@id\":\"https:\\\/\\\/www.quebakan.com\\\/v15\\\/santiago-cruz-y-cardellino-presentan-4-vasos-y-1-florero-un-bolero-del-siglo-xxi-que-explora-las-relaciones-la-autoestima-y-la-teoria-del-espejo\\\/#breadcrumb\"},\"inLanguage\":\"es\",\"potentialAction\":[{\"@type\":\"ReadAction\",\"target\":[\"https:\\\/\\\/www.quebakan.com\\\/v15\\\/santiago-cruz-y-cardellino-presentan-4-vasos-y-1-florero-un-bolero-del-siglo-xxi-que-explora-las-relaciones-la-autoestima-y-la-teoria-del-espejo\\\/\"]}]},{\"@type\":\"ImageObject\",\"inLanguage\":\"es\",\"@id\":\"https:\\\/\\\/www.quebakan.com\\\/v15\\\/santiago-cruz-y-cardellino-presentan-4-vasos-y-1-florero-un-bolero-del-siglo-xxi-que-explora-las-relaciones-la-autoestima-y-la-teoria-del-espejo\\\/#primaryimage\",\"url\":\"https:\\\/\\\/www.quebakan.com\\\/v15\\\/wp-content\\\/uploads\\\/2026\\\/08\\\/SANTIAGO-CRUZ-Y-CARDELINO-REDES.jpg\",\"contentUrl\":\"https:\\\/\\\/www.quebakan.com\\\/v15\\\/wp-content\\\/uploads\\\/2026\\\/08\\\/SANTIAGO-CRUZ-Y-CARDELINO-REDES.jpg\",\"width\":700,\"height\":467},{\"@type\":\"BreadcrumbList\",\"@id\":\"https:\\\/\\\/www.quebakan.com\\\/v15\\\/santiago-cruz-y-cardellino-presentan-4-vasos-y-1-florero-un-bolero-del-siglo-xxi-que-explora-las-relaciones-la-autoestima-y-la-teoria-del-espejo\\\/#breadcrumb\",\"itemListElement\":[{\"@type\":\"ListItem\",\"position\":1,\"name\":\"Portada\",\"item\":\"https:\\\/\\\/www.quebakan.com\\\/v15\\\/\"},{\"@type\":\"ListItem\",\"position\":2,\"name\":\"SANTIAGO CRUZ Y CARDELLINO PRESENTAN \u201c4 VASOS Y 1 FLORERO\u201d UN BOLERO DEL SIGLO XXI QUE EXPLORA LAS RELACIONES, LA AUTOESTIMA Y LA \u201cTEOR\u00cdA DEL ESPEJO\u201d\"}]},{\"@type\":\"WebSite\",\"@id\":\"https:\\\/\\\/www.quebakan.com\\\/v15\\\/#website\",\"url\":\"https:\\\/\\\/www.quebakan.com\\\/v15\\\/\",\"name\":\"QUEBAKAN\",\"description\":\"..\",\"publisher\":{\"@id\":\"https:\\\/\\\/www.quebakan.com\\\/v15\\\/#organization\"},\"potentialAction\":[{\"@type\":\"SearchAction\",\"target\":{\"@type\":\"EntryPoint\",\"urlTemplate\":\"https:\\\/\\\/www.quebakan.com\\\/v15\\\/?s={search_term_string}\"},\"query-input\":{\"@type\":\"PropertyValueSpecification\",\"valueRequired\":true,\"valueName\":\"search_term_string\"}}],\"inLanguage\":\"es\"},{\"@type\":\"Organization\",\"@id\":\"https:\\\/\\\/www.quebakan.com\\\/v15\\\/#organization\",\"name\":\"Quebakan.com\",\"url\":\"https:\\\/\\\/www.quebakan.com\\\/v15\\\/\",\"logo\":{\"@type\":\"ImageObject\",\"inLanguage\":\"es\",\"@id\":\"https:\\\/\\\/www.quebakan.com\\\/v15\\\/#\\\/schema\\\/logo\\\/image\\\/\",\"url\":\"https:\\\/\\\/www.quebakan.com\\\/v15\\\/wp-content\\\/uploads\\\/2023\\\/07\\\/logoquebakanenero2021.jpg\",\"contentUrl\":\"https:\\\/\\\/www.quebakan.com\\\/v15\\\/wp-content\\\/uploads\\\/2023\\\/07\\\/logoquebakanenero2021.jpg\",\"width\":1920,\"height\":1080,\"caption\":\"Quebakan.com\"},\"image\":{\"@id\":\"https:\\\/\\\/www.quebakan.com\\\/v15\\\/#\\\/schema\\\/logo\\\/image\\\/\"},\"sameAs\":[\"http:\\\/\\\/www.facebook.com\\\/quebakan\",\"https:\\\/\\\/x.com\\\/quebakanec\",\"http:\\\/\\\/www.instagram.com\\\/quebakan\",\"http:\\\/\\\/www.youtube.com\\\/quebakan1\"]},{\"@type\":\"Person\",\"@id\":\"https:\\\/\\\/www.quebakan.com\\\/v15\\\/#\\\/schema\\\/person\\\/d90fa9f9cfa81eb8ace9811e5b7b9118\",\"name\":\"Erick Villafuerte\",\"image\":{\"@type\":\"ImageObject\",\"inLanguage\":\"es\",\"@id\":\"https:\\\/\\\/www.quebakan.com\\\/v15\\\/wp-content\\\/uploads\\\/avatars\\\/4\\\/1731297654-bpfull.png\",\"url\":\"https:\\\/\\\/www.quebakan.com\\\/v15\\\/wp-content\\\/uploads\\\/avatars\\\/4\\\/1731297654-bpfull.png\",\"contentUrl\":\"https:\\\/\\\/www.quebakan.com\\\/v15\\\/wp-content\\\/uploads\\\/avatars\\\/4\\\/1731297654-bpfull.png\",\"caption\":\"Erick Villafuerte\"}}]}<\/script>\n<!-- \/ Yoast SEO plugin. -->","yoast_head_json":{"title":"SANTIAGO CRUZ Y CARDELLINO PRESENTAN \u201c4 VASOS Y 1 FLORERO\u201d UN BOLERO DEL SIGLO XXI QUE EXPLORA LAS RELACIONES, LA AUTOESTIMA Y LA \u201cTEOR\u00cdA DEL ESPEJO\u201d &#8211; QUEBAKAN.COM 2026: Noticias, Eventos, Conciertos y mucho m\u00e1s....","robots":{"index":"index","follow":"follow","max-snippet":"max-snippet:-1","max-image-preview":"max-image-preview:large","max-video-preview":"max-video-preview:-1"},"canonical":"https:\/\/www.quebakan.com\/v15\/santiago-cruz-y-cardellino-presentan-4-vasos-y-1-florero-un-bolero-del-siglo-xxi-que-explora-las-relaciones-la-autoestima-y-la-teoria-del-espejo\/","og_locale":"es_ES","og_type":"article","og_title":"SANTIAGO CRUZ Y CARDELLINO PRESENTAN \u201c4 VASOS Y 1 FLORERO\u201d UN BOLERO DEL SIGLO XXI QUE EXPLORA LAS RELACIONES, LA AUTOESTIMA Y LA \u201cTEOR\u00cdA DEL ESPEJO\u201d &#8211; QUEBAKAN.COM 2026: Noticias, Eventos, Conciertos y mucho m\u00e1s....","og_description":"\u201c4 VASOS Y 1 FLORERO\u201d ES EL SEGUNDO SENCILLO DE \u201cFRAGMENTOS\u201d, EL NUEVO \u00c1LBUM DE SANTIAGO CRUZ QUE SE ESTRENAR\u00c1 EN SEPTIEMBRE EL LANZAMIENTO LLEGA EN LA ANTESALA DEL \u201cTOUR SIGO EN PIE\u201d, QUE SE CONVERTIR\u00c1 EN UNA OPORTUNIDAD PARA AYUDAR: EL ARTISTA DONAR\u00c1 PARTE DE LAS GANANCIAS DE SUS CONCIERTOS EN BOGOT\u00c1, CALI Y [&hellip;]","og_url":"https:\/\/www.quebakan.com\/v15\/santiago-cruz-y-cardellino-presentan-4-vasos-y-1-florero-un-bolero-del-siglo-xxi-que-explora-las-relaciones-la-autoestima-y-la-teoria-del-espejo\/","og_site_name":"QUEBAKAN.COM 2026: Noticias, Eventos, Conciertos y mucho m\u00e1s....","article_publisher":"http:\/\/www.facebook.com\/quebakan","article_published_time":"2026-08-31T05:27:12+00:00","og_image":[{"width":700,"height":467,"url":"https:\/\/www.quebakan.com\/v15\/wp-content\/uploads\/2026\/08\/SANTIAGO-CRUZ-Y-CARDELINO-REDES.jpg","type":"image\/jpeg"}],"author":"Erick Villafuerte","twitter_card":"summary_large_image","twitter_creator":"@quebakanec","twitter_site":"@quebakanec","twitter_misc":{"Escrito por":"Erick Villafuerte","Tiempo de lectura":"4 minutos"},"schema":{"@context":"https:\/\/schema.org","@graph":[{"@type":"Article","@id":"https:\/\/www.quebakan.com\/v15\/santiago-cruz-y-cardellino-presentan-4-vasos-y-1-florero-un-bolero-del-siglo-xxi-que-explora-las-relaciones-la-autoestima-y-la-teoria-del-espejo\/#article","isPartOf":{"@id":"https:\/\/www.quebakan.com\/v15\/santiago-cruz-y-cardellino-presentan-4-vasos-y-1-florero-un-bolero-del-siglo-xxi-que-explora-las-relaciones-la-autoestima-y-la-teoria-del-espejo\/"},"author":{"name":"Erick Villafuerte","@id":"https:\/\/www.quebakan.com\/v15\/#\/schema\/person\/d90fa9f9cfa81eb8ace9811e5b7b9118"},"headline":"SANTIAGO CRUZ Y CARDELLINO PRESENTAN \u201c4 VASOS Y 1 FLORERO\u201d UN BOLERO DEL SIGLO XXI QUE EXPLORA LAS RELACIONES, LA AUTOESTIMA Y LA \u201cTEOR\u00cdA DEL ESPEJO\u201d","datePublished":"2026-08-31T05:27:12+00:00","mainEntityOfPage":{"@id":"https:\/\/www.quebakan.com\/v15\/santiago-cruz-y-cardellino-presentan-4-vasos-y-1-florero-un-bolero-del-siglo-xxi-que-explora-las-relaciones-la-autoestima-y-la-teoria-del-espejo\/"},"wordCount":667,"publisher":{"@id":"https:\/\/www.quebakan.com\/v15\/#organization"},"image":{"@id":"https:\/\/www.quebakan.com\/v15\/santiago-cruz-y-cardellino-presentan-4-vasos-y-1-florero-un-bolero-del-siglo-xxi-que-explora-las-relaciones-la-autoestima-y-la-teoria-del-espejo\/#primaryimage"},"thumbnailUrl":"https:\/\/www.quebakan.com\/v15\/wp-content\/uploads\/2026\/08\/SANTIAGO-CRUZ-Y-CARDELINO-REDES.jpg","articleSection":["Noticias"],"inLanguage":"es"},{"@type":"WebPage","@id":"https:\/\/www.quebakan.com\/v15\/santiago-cruz-y-cardellino-presentan-4-vasos-y-1-florero-un-bolero-del-siglo-xxi-que-explora-las-relaciones-la-autoestima-y-la-teoria-del-espejo\/","url":"https:\/\/www.quebakan.com\/v15\/santiago-cruz-y-cardellino-presentan-4-vasos-y-1-florero-un-bolero-del-siglo-xxi-que-explora-las-relaciones-la-autoestima-y-la-teoria-del-espejo\/","name":"SANTIAGO CRUZ Y CARDELLINO PRESENTAN \u201c4 VASOS Y 1 FLORERO\u201d UN BOLERO DEL SIGLO XXI QUE EXPLORA LAS RELACIONES, LA AUTOESTIMA Y LA \u201cTEOR\u00cdA DEL ESPEJO\u201d &#8211; QUEBAKAN.COM 2026: Noticias, Eventos, Conciertos y mucho m\u00e1s....","isPartOf":{"@id":"https:\/\/www.quebakan.com\/v15\/#website"},"primaryImageOfPage":{"@id":"https:\/\/www.quebakan.com\/v15\/santiago-cruz-y-cardellino-presentan-4-vasos-y-1-florero-un-bolero-del-siglo-xxi-que-explora-las-relaciones-la-autoestima-y-la-teoria-del-espejo\/#primaryimage"},"image":{"@id":"https:\/\/www.quebakan.com\/v15\/santiago-cruz-y-cardellino-presentan-4-vasos-y-1-florero-un-bolero-del-siglo-xxi-que-explora-las-relaciones-la-autoestima-y-la-teoria-del-espejo\/#primaryimage"},"thumbnailUrl":"https:\/\/www.quebakan.com\/v15\/wp-content\/uploads\/2026\/08\/SANTIAGO-CRUZ-Y-CARDELINO-REDES.jpg","datePublished":"2026-08-31T05:27:12+00:00","breadcrumb":{"@id":"https:\/\/www.quebakan.com\/v15\/santiago-cruz-y-cardellino-presentan-4-vasos-y-1-florero-un-bolero-del-siglo-xxi-que-explora-las-relaciones-la-autoestima-y-la-teoria-del-espejo\/#breadcrumb"},"inLanguage":"es","potentialAction":[{"@type":"ReadAction","target":["https:\/\/www.quebakan.com\/v15\/santiago-cruz-y-cardellino-presentan-4-vasos-y-1-florero-un-bolero-del-siglo-xxi-que-explora-las-relaciones-la-autoestima-y-la-teoria-del-espejo\/"]}]},{"@type":"ImageObject","inLanguage":"es","@id":"https:\/\/www.quebakan.com\/v15\/santiago-cruz-y-cardellino-presentan-4-vasos-y-1-florero-un-bolero-del-siglo-xxi-que-explora-las-relaciones-la-autoestima-y-la-teoria-del-espejo\/#primaryimage","url":"https:\/\/www.quebakan.com\/v15\/wp-content\/uploads\/2026\/08\/SANTIAGO-CRUZ-Y-CARDELINO-REDES.jpg","contentUrl":"https:\/\/www.quebakan.com\/v15\/wp-content\/uploads\/2026\/08\/SANTIAGO-CRUZ-Y-CARDELINO-REDES.jpg","width":700,"height":467},{"@type":"BreadcrumbList","@id":"https:\/\/www.quebakan.com\/v15\/santiago-cruz-y-cardellino-presentan-4-vasos-y-1-florero-un-bolero-del-siglo-xxi-que-explora-las-relaciones-la-autoestima-y-la-teoria-del-espejo\/#breadcrumb","itemListElement":[{"@type":"ListItem","position":1,"name":"Portada","item":"https:\/\/www.quebakan.com\/v15\/"},{"@type":"ListItem","position":2,"name":"SANTIAGO CRUZ Y CARDELLINO PRESENTAN \u201c4 VASOS Y 1 FLORERO\u201d UN BOLERO DEL SIGLO XXI QUE EXPLORA LAS RELACIONES, LA AUTOESTIMA Y LA \u201cTEOR\u00cdA DEL ESPEJO\u201d"}]},{"@type":"WebSite","@id":"https:\/\/www.quebakan.com\/v15\/#website","url":"https:\/\/www.quebakan.com\/v15\/","name":"QUEBAKAN","description":"..","publisher":{"@id":"https:\/\/www.quebakan.com\/v15\/#organization"},"potentialAction":[{"@type":"SearchAction","target":{"@type":"EntryPoint","urlTemplate":"https:\/\/www.quebakan.com\/v15\/?s={search_term_string}"},"query-input":{"@type":"PropertyValueSpecification","valueRequired":true,"valueName":"search_term_string"}}],"inLanguage":"es"},{"@type":"Organization","@id":"https:\/\/www.quebakan.com\/v15\/#organization","name":"Quebakan.com","url":"https:\/\/www.quebakan.com\/v15\/","logo":{"@type":"ImageObject","inLanguage":"es","@id":"https:\/\/www.quebakan.com\/v15\/#\/schema\/logo\/image\/","url":"https:\/\/www.quebakan.com\/v15\/wp-content\/uploads\/2023\/07\/logoquebakanenero2021.jpg","contentUrl":"https:\/\/www.quebakan.com\/v15\/wp-content\/uploads\/2023\/07\/logoquebakanenero2021.jpg","width":1920,"height":1080,"caption":"Quebakan.com"},"image":{"@id":"https:\/\/www.quebakan.com\/v15\/#\/schema\/logo\/image\/"},"sameAs":["http:\/\/www.facebook.com\/quebakan","https:\/\/x.com\/quebakanec","http:\/\/www.instagram.com\/quebakan","http:\/\/www.youtube.com\/quebakan1"]},{"@type":"Person","@id":"https:\/\/www.quebakan.com\/v15\/#\/schema\/person\/d90fa9f9cfa81eb8ace9811e5b7b9118","name":"Erick Villafuerte","image":{"@type":"ImageObject","inLanguage":"es","@id":"https:\/\/www.quebakan.com\/v15\/wp-content\/uploads\/avatars\/4\/1731297654-bpfull.png","url":"https:\/\/www.quebakan.com\/v15\/wp-content\/uploads\/avatars\/4\/1731297654-bpfull.png","contentUrl":"https:\/\/www.quebakan.com\/v15\/wp-content\/uploads\/avatars\/4\/1731297654-bpfull.png","caption":"Erick Villafuerte"}}]}},"_links":{"self":[{"href":"https:\/\/www.quebakan.com\/v15\/wp-json\/wp\/v2\/posts\/146130","targetHints":{"allow":["GET"]}}],"collection":[{"href":"https:\/\/www.quebakan.com\/v15\/wp-json\/wp\/v2\/posts"}],"about":[{"href":"https:\/\/www.quebakan.com\/v15\/wp-json\/wp\/v2\/types\/post"}],"author":[{"embeddable":true,"href":"https:\/\/www.quebakan.com\/v15\/wp-json\/wp\/v2\/users\/4"}],"replies":[{"embeddable":true,"href":"https:\/\/www.quebakan.com\/v15\/wp-json\/wp\/v2\/comments?post=146130"}],"version-history":[{"count":1,"href":"https:\/\/www.quebakan.com\/v15\/wp-json\/wp\/v2\/posts\/146130\/revisions"}],"predecessor-version":[{"id":146134,"href":"https:\/\/www.quebakan.com\/v15\/wp-json\/wp\/v2\/posts\/146130\/revisions\/146134"}],"wp:featuredmedia":[{"embeddable":true,"href":"https:\/\/www.quebakan.com\/v15\/wp-json\/wp\/v2\/media\/146131"}],"wp:attachment":[{"href":"https:\/\/www.quebakan.com\/v15\/wp-json\/wp\/v2\/media?parent=146130"}],"wp:term":[{"taxonomy":"category","embeddable":true,"href":"https:\/\/www.quebakan.com\/v15\/wp-json\/wp\/v2\/categories?post=146130"},{"taxonomy":"post_tag","embeddable":true,"href":"https:\/\/www.quebakan.com\/v15\/wp-json\/wp\/v2\/tags?post=146130"}],"curies":[{"name":"wp","href":"https:\/\/api.w.org\/{rel}","templated":true}]}}