{"id":146155,"date":"2026-08-31T09:27:43","date_gmt":"2026-08-31T14:27:43","guid":{"rendered":"https:\/\/www.quebakan.com\/v15\/?p=146155"},"modified":"2026-08-31T09:27:43","modified_gmt":"2026-08-31T14:27:43","slug":"sonido-distrito-sur-nace-la-primera-artist-company-ecuatoriana-conectada-desde-su-origen-con-universal-music-group-y-warner-chapell-music","status":"publish","type":"post","link":"https:\/\/www.quebakan.com\/v15\/sonido-distrito-sur-nace-la-primera-artist-company-ecuatoriana-conectada-desde-su-origen-con-universal-music-group-y-warner-chapell-music\/","title":{"rendered":"SONIDO DISTRITO SUR: NACE LA PRIMERA ARTIST COMPANY ECUATORIANA CONECTADA DESDE SU OR\u00cdGEN CON  UNIVERSAL MUSIC GROUP Y WARNER CHAPELL MUSIC"},"content":{"rendered":"<div>\n<p><img fetchpriority=\"high\" decoding=\"async\" class=\"aligncenter size-full wp-image-146156\" src=\"https:\/\/www.quebakan.com\/v15\/wp-content\/uploads\/2026\/08\/4467400d-1f69-4fdb-98d4-80f106b224af.jpg\" alt=\"\" width=\"600\" height=\"155\" \/><\/p>\n<p class=\"x_gmail-Default\" style=\"text-align: justify;\"><span lang=\"ES-TRAD\" style=\"color: #000000;\" data-olk-copy-source=\"MessageBody\">QUITO, ECUADOR \u2014 Durante d\u00e9cadas, Ecuador ha dado vida a artistas extraordinarios. Sin embargo, el reconocimiento de ese talento no siempre ha estado acompa\u00f1ado por una estructura capaz de proyectarlo dentro y fuera del pa\u00eds.<\/span><\/p>\n<p class=\"x_gmail-Default\" style=\"text-align: justify;\"><span lang=\"ES-TRAD\" style=\"color: #000000;\">Con esa visi\u00f3n nace Sonido Distrito Sur (SDS), una nueva artist company ecuatoriana creada para elevar el valor de los artistas nacionales y conectar su talento con la industria musical internacional. Desde su origen, SDS establece alianzas estrat\u00e9gicas con Universal Music Group como Label y Warner Chappell Music en publishing, adem\u00e1s de una futura alianza internacional para el desarrollo de su operaci\u00f3n de booking.<\/span><\/p>\n<\/div>\n<div>\n<div style=\"text-align: justify;\">\n<p class=\"x_gmail-Default\"><span lang=\"ES-TRAD\" style=\"color: #000000;\">M\u00e1s que una empresa, SDS es una plataforma para desarrollar carreras art\u00edsticas. Su modelo integra inversi\u00f3n, producci\u00f3n, distribuci\u00f3n, marketing, promoci\u00f3n, AGR, colaboraciones internacionales y nuevas oportunidades de crecimiento para artistas ecuatorianos. En esta primera etapa, la compa\u00f1\u00eda enfocar\u00e1 su trabajo en artistas consagrados de la m\u00fasica popular, cuyo valor art\u00edstico y cultural merece una mayor proyecci\u00f3n dentro y fuera del pa\u00eds.<\/span><\/p>\n<p class=\"x_gmail-Body\"><span style=\"color: #000000;\"><b><span lang=\"DE\">ARTIST<\/span><\/b><b><span lang=\"EN-US\">ELEVATION<\/span><\/b><b><\/b><\/span><\/p>\n<p class=\"x_gmail-Default\"><span lang=\"ES-TRAD\" style=\"color: #000000;\">El coraz\u00f3n de SDS es Artist Elevation, un modelo propio que busca fortalecer integralmente la carrera de cada artista a trav\u00e9s del desarrollo de repertorio, imagen, posicionamiento, colaboraciones, presencia en plataformas y la evoluci\u00f3n art\u00edstica, t\u00e9cnica, visual y comercial de sus espect\u00e1culos en vivo.<\/span><\/p>\n<p class=\"x_gmail-Body\"><span style=\"color: #000000;\"><i><span lang=\"ES-TRAD\">\u201cEcuador nunca ha carecido de talento. Lo que ha faltado es una estructura capaz de conectar ese talento con las oportunidades de la industria musical internacional. Sonido Distrito Sur nace para construir ese puente y ayudar a que nuestros artistas alcancen la valoraci\u00f3<\/span><\/i><i><span lang=\"PT\">n que realmente merecen.<\/span><\/i><i><span lang=\"ES-TRAD\">\u201d<\/span><\/i><i><\/i><\/span><\/p>\n<p class=\"x_gmail-Default\"><span lang=\"ES-TRAD\" style=\"color: #000000;\">\u2014JuanFernandoVelasco,cofundadordeSonidoDistritoSur<\/span><\/p>\n<p class=\"x_gmail-Default\"><span lang=\"ES-TRAD\" style=\"color: #000000;\">SDS re\u00fane a un equipo de profesionales del entretenimiento y es liderada por Juan Fernando Velasco y Ricardo Ord\u00f3\u00f1ez,\u00a0quienes combinan experiencia art\u00edstica,ejecutiva y estrat\u00e9gica para impulsar una nueva etapa de la m\u00fasica ecuatoriana. Su visi\u00f3n es convertir a Sonido Distrito Sur en la compa\u00f1\u00eda musical independiente m\u00e1s importante de la regi\u00f3n andina y proyectar a los artistas ecuatorianos hacia nuevos mercados como Per\u00fa, Colombia y\u00a0Centroam\u00e9rica.<\/span><\/p>\n<p class=\"x_gmail-Body\" style=\"text-align: left;\" align=\"center\"><span style=\"color: #000000;\"><b><span lang=\"ES-TRAD\">EL VALOR YA EXISTE<\/span><\/b><b><\/b><\/span><\/p>\n<p><span style=\"color: #000000;\"><b><span lang=\"ES-TRAD\">SDS NACE PARA QUE EL MUNDO LO RECONOZCA<\/span><\/b><\/span><\/div>\n<\/div>\n","protected":false},"excerpt":{"rendered":"<p>QUITO, ECUADOR \u2014 Durante d\u00e9cadas, Ecuador ha dado vida a artistas extraordinarios. Sin embargo, el reconocimiento de ese talento no siempre ha estado acompa\u00f1ado por una estructura capaz de proyectarlo dentro y fuera del pa\u00eds. Con esa visi\u00f3n nace Sonido Distrito Sur (SDS), una nueva artist company ecuatoriana creada para elevar el valor de los [&hellip;]<\/p>\n","protected":false},"author":4,"featured_media":146156,"comment_status":"closed","ping_status":"closed","sticky":false,"template":"","format":"standard","meta":{"_bbp_topic_count":0,"_bbp_reply_count":0,"_bbp_total_topic_count":0,"_bbp_total_reply_count":0,"_bbp_voice_count":0,"_bbp_anonymous_reply_count":0,"_bbp_topic_count_hidden":0,"_bbp_reply_count_hidden":0,"_bbp_forum_subforum_count":0,"buzzeditor_post_format":"","footnotes":""},"categories":[2],"tags":[],"class_list":["post-146155","post","type-post","status-publish","format-standard","has-post-thumbnail","hentry","category-noticias"],"yoast_head":"<!-- This site is optimized with the Yoast SEO plugin v28.3 - https:\/\/yoast.com\/product\/yoast-seo-wordpress\/ -->\n<title>SONIDO DISTRITO SUR: NACE LA PRIMERA ARTIST COMPANY ECUATORIANA CONECTADA DESDE SU OR\u00cdGEN CON UNIVERSAL MUSIC GROUP Y WARNER CHAPELL MUSIC &#8211; QUEBAKAN.COM 2026: Noticias, Eventos, Conciertos y mucho m\u00e1s....<\/title>\n<meta name=\"robots\" content=\"index, follow, max-snippet:-1, max-image-preview:large, max-video-preview:-1\" \/>\n<link rel=\"canonical\" href=\"https:\/\/www.quebakan.com\/v15\/sonido-distrito-sur-nace-la-primera-artist-company-ecuatoriana-conectada-desde-su-origen-con-universal-music-group-y-warner-chapell-music\/\" \/>\n<meta property=\"og:locale\" content=\"es_ES\" \/>\n<meta property=\"og:type\" content=\"article\" \/>\n<meta property=\"og:title\" content=\"SONIDO DISTRITO SUR: NACE LA PRIMERA ARTIST COMPANY ECUATORIANA CONECTADA DESDE SU OR\u00cdGEN CON UNIVERSAL MUSIC GROUP Y WARNER CHAPELL MUSIC &#8211; QUEBAKAN.COM 2026: Noticias, Eventos, Conciertos y mucho m\u00e1s....\" \/>\n<meta property=\"og:description\" content=\"QUITO, ECUADOR \u2014 Durante d\u00e9cadas, Ecuador ha dado vida a artistas extraordinarios. Sin embargo, el reconocimiento de ese talento no siempre ha estado acompa\u00f1ado por una estructura capaz de proyectarlo dentro y fuera del pa\u00eds. Con esa visi\u00f3n nace Sonido Distrito Sur (SDS), una nueva artist company ecuatoriana creada para elevar el valor de los [&hellip;]\" \/>\n<meta property=\"og:url\" content=\"https:\/\/www.quebakan.com\/v15\/sonido-distrito-sur-nace-la-primera-artist-company-ecuatoriana-conectada-desde-su-origen-con-universal-music-group-y-warner-chapell-music\/\" \/>\n<meta property=\"og:site_name\" content=\"QUEBAKAN.COM 2026: Noticias, Eventos, Conciertos y mucho m\u00e1s....\" \/>\n<meta property=\"article:publisher\" content=\"http:\/\/www.facebook.com\/quebakan\" \/>\n<meta property=\"article:published_time\" content=\"2026-08-31T14:27:43+00:00\" \/>\n<meta property=\"og:image\" content=\"https:\/\/www.quebakan.com\/v15\/wp-content\/uploads\/2026\/08\/4467400d-1f69-4fdb-98d4-80f106b224af.jpg\" \/>\n\t<meta property=\"og:image:width\" content=\"600\" \/>\n\t<meta property=\"og:image:height\" content=\"155\" \/>\n\t<meta property=\"og:image:type\" content=\"image\/jpeg\" \/>\n<meta name=\"author\" content=\"Erick Villafuerte\" \/>\n<meta name=\"twitter:card\" content=\"summary_large_image\" \/>\n<meta name=\"twitter:creator\" content=\"@quebakanec\" \/>\n<meta name=\"twitter:site\" content=\"@quebakanec\" \/>\n<meta name=\"twitter:label1\" content=\"Escrito por\" \/>\n\t<meta name=\"twitter:data1\" content=\"Erick Villafuerte\" \/>\n\t<meta name=\"twitter:label2\" content=\"Tiempo de lectura\" \/>\n\t<meta name=\"twitter:data2\" content=\"2 minutos\" \/>\n<script type=\"application\/ld+json\" class=\"yoast-schema-graph\">{\"@context\":\"https:\\\/\\\/schema.org\",\"@graph\":[{\"@type\":\"Article\",\"@id\":\"https:\\\/\\\/www.quebakan.com\\\/v15\\\/sonido-distrito-sur-nace-la-primera-artist-company-ecuatoriana-conectada-desde-su-origen-con-universal-music-group-y-warner-chapell-music\\\/#article\",\"isPartOf\":{\"@id\":\"https:\\\/\\\/www.quebakan.com\\\/v15\\\/sonido-distrito-sur-nace-la-primera-artist-company-ecuatoriana-conectada-desde-su-origen-con-universal-music-group-y-warner-chapell-music\\\/\"},\"author\":{\"name\":\"Erick Villafuerte\",\"@id\":\"https:\\\/\\\/www.quebakan.com\\\/v15\\\/#\\\/schema\\\/person\\\/d90fa9f9cfa81eb8ace9811e5b7b9118\"},\"headline\":\"SONIDO DISTRITO SUR: NACE LA PRIMERA ARTIST COMPANY ECUATORIANA CONECTADA DESDE SU OR\u00cdGEN CON UNIVERSAL MUSIC GROUP Y WARNER CHAPELL MUSIC\",\"datePublished\":\"2026-08-31T14:27:43+00:00\",\"mainEntityOfPage\":{\"@id\":\"https:\\\/\\\/www.quebakan.com\\\/v15\\\/sonido-distrito-sur-nace-la-primera-artist-company-ecuatoriana-conectada-desde-su-origen-con-universal-music-group-y-warner-chapell-music\\\/\"},\"wordCount\":390,\"publisher\":{\"@id\":\"https:\\\/\\\/www.quebakan.com\\\/v15\\\/#organization\"},\"image\":{\"@id\":\"https:\\\/\\\/www.quebakan.com\\\/v15\\\/sonido-distrito-sur-nace-la-primera-artist-company-ecuatoriana-conectada-desde-su-origen-con-universal-music-group-y-warner-chapell-music\\\/#primaryimage\"},\"thumbnailUrl\":\"https:\\\/\\\/www.quebakan.com\\\/v15\\\/wp-content\\\/uploads\\\/2026\\\/08\\\/4467400d-1f69-4fdb-98d4-80f106b224af.jpg\",\"articleSection\":[\"Noticias\"],\"inLanguage\":\"es\"},{\"@type\":\"WebPage\",\"@id\":\"https:\\\/\\\/www.quebakan.com\\\/v15\\\/sonido-distrito-sur-nace-la-primera-artist-company-ecuatoriana-conectada-desde-su-origen-con-universal-music-group-y-warner-chapell-music\\\/\",\"url\":\"https:\\\/\\\/www.quebakan.com\\\/v15\\\/sonido-distrito-sur-nace-la-primera-artist-company-ecuatoriana-conectada-desde-su-origen-con-universal-music-group-y-warner-chapell-music\\\/\",\"name\":\"SONIDO DISTRITO SUR: NACE LA PRIMERA ARTIST COMPANY ECUATORIANA CONECTADA DESDE SU OR\u00cdGEN CON UNIVERSAL MUSIC GROUP Y WARNER CHAPELL MUSIC &#8211; QUEBAKAN.COM 2026: Noticias, Eventos, Conciertos y mucho m\u00e1s....\",\"isPartOf\":{\"@id\":\"https:\\\/\\\/www.quebakan.com\\\/v15\\\/#website\"},\"primaryImageOfPage\":{\"@id\":\"https:\\\/\\\/www.quebakan.com\\\/v15\\\/sonido-distrito-sur-nace-la-primera-artist-company-ecuatoriana-conectada-desde-su-origen-con-universal-music-group-y-warner-chapell-music\\\/#primaryimage\"},\"image\":{\"@id\":\"https:\\\/\\\/www.quebakan.com\\\/v15\\\/sonido-distrito-sur-nace-la-primera-artist-company-ecuatoriana-conectada-desde-su-origen-con-universal-music-group-y-warner-chapell-music\\\/#primaryimage\"},\"thumbnailUrl\":\"https:\\\/\\\/www.quebakan.com\\\/v15\\\/wp-content\\\/uploads\\\/2026\\\/08\\\/4467400d-1f69-4fdb-98d4-80f106b224af.jpg\",\"datePublished\":\"2026-08-31T14:27:43+00:00\",\"breadcrumb\":{\"@id\":\"https:\\\/\\\/www.quebakan.com\\\/v15\\\/sonido-distrito-sur-nace-la-primera-artist-company-ecuatoriana-conectada-desde-su-origen-con-universal-music-group-y-warner-chapell-music\\\/#breadcrumb\"},\"inLanguage\":\"es\",\"potentialAction\":[{\"@type\":\"ReadAction\",\"target\":[\"https:\\\/\\\/www.quebakan.com\\\/v15\\\/sonido-distrito-sur-nace-la-primera-artist-company-ecuatoriana-conectada-desde-su-origen-con-universal-music-group-y-warner-chapell-music\\\/\"]}]},{\"@type\":\"ImageObject\",\"inLanguage\":\"es\",\"@id\":\"https:\\\/\\\/www.quebakan.com\\\/v15\\\/sonido-distrito-sur-nace-la-primera-artist-company-ecuatoriana-conectada-desde-su-origen-con-universal-music-group-y-warner-chapell-music\\\/#primaryimage\",\"url\":\"https:\\\/\\\/www.quebakan.com\\\/v15\\\/wp-content\\\/uploads\\\/2026\\\/08\\\/4467400d-1f69-4fdb-98d4-80f106b224af.jpg\",\"contentUrl\":\"https:\\\/\\\/www.quebakan.com\\\/v15\\\/wp-content\\\/uploads\\\/2026\\\/08\\\/4467400d-1f69-4fdb-98d4-80f106b224af.jpg\",\"width\":600,\"height\":155},{\"@type\":\"BreadcrumbList\",\"@id\":\"https:\\\/\\\/www.quebakan.com\\\/v15\\\/sonido-distrito-sur-nace-la-primera-artist-company-ecuatoriana-conectada-desde-su-origen-con-universal-music-group-y-warner-chapell-music\\\/#breadcrumb\",\"itemListElement\":[{\"@type\":\"ListItem\",\"position\":1,\"name\":\"Portada\",\"item\":\"https:\\\/\\\/www.quebakan.com\\\/v15\\\/\"},{\"@type\":\"ListItem\",\"position\":2,\"name\":\"SONIDO DISTRITO SUR: NACE LA PRIMERA ARTIST COMPANY ECUATORIANA CONECTADA DESDE SU OR\u00cdGEN CON UNIVERSAL MUSIC GROUP Y WARNER CHAPELL MUSIC\"}]},{\"@type\":\"WebSite\",\"@id\":\"https:\\\/\\\/www.quebakan.com\\\/v15\\\/#website\",\"url\":\"https:\\\/\\\/www.quebakan.com\\\/v15\\\/\",\"name\":\"QUEBAKAN\",\"description\":\"..\",\"publisher\":{\"@id\":\"https:\\\/\\\/www.quebakan.com\\\/v15\\\/#organization\"},\"potentialAction\":[{\"@type\":\"SearchAction\",\"target\":{\"@type\":\"EntryPoint\",\"urlTemplate\":\"https:\\\/\\\/www.quebakan.com\\\/v15\\\/?s={search_term_string}\"},\"query-input\":{\"@type\":\"PropertyValueSpecification\",\"valueRequired\":true,\"valueName\":\"search_term_string\"}}],\"inLanguage\":\"es\"},{\"@type\":\"Organization\",\"@id\":\"https:\\\/\\\/www.quebakan.com\\\/v15\\\/#organization\",\"name\":\"Quebakan.com\",\"url\":\"https:\\\/\\\/www.quebakan.com\\\/v15\\\/\",\"logo\":{\"@type\":\"ImageObject\",\"inLanguage\":\"es\",\"@id\":\"https:\\\/\\\/www.quebakan.com\\\/v15\\\/#\\\/schema\\\/logo\\\/image\\\/\",\"url\":\"https:\\\/\\\/www.quebakan.com\\\/v15\\\/wp-content\\\/uploads\\\/2023\\\/07\\\/logoquebakanenero2021.jpg\",\"contentUrl\":\"https:\\\/\\\/www.quebakan.com\\\/v15\\\/wp-content\\\/uploads\\\/2023\\\/07\\\/logoquebakanenero2021.jpg\",\"width\":1920,\"height\":1080,\"caption\":\"Quebakan.com\"},\"image\":{\"@id\":\"https:\\\/\\\/www.quebakan.com\\\/v15\\\/#\\\/schema\\\/logo\\\/image\\\/\"},\"sameAs\":[\"http:\\\/\\\/www.facebook.com\\\/quebakan\",\"https:\\\/\\\/x.com\\\/quebakanec\",\"http:\\\/\\\/www.instagram.com\\\/quebakan\",\"http:\\\/\\\/www.youtube.com\\\/quebakan1\"]},{\"@type\":\"Person\",\"@id\":\"https:\\\/\\\/www.quebakan.com\\\/v15\\\/#\\\/schema\\\/person\\\/d90fa9f9cfa81eb8ace9811e5b7b9118\",\"name\":\"Erick Villafuerte\",\"image\":{\"@type\":\"ImageObject\",\"inLanguage\":\"es\",\"@id\":\"https:\\\/\\\/www.quebakan.com\\\/v15\\\/wp-content\\\/uploads\\\/avatars\\\/4\\\/1731297654-bpfull.png\",\"url\":\"https:\\\/\\\/www.quebakan.com\\\/v15\\\/wp-content\\\/uploads\\\/avatars\\\/4\\\/1731297654-bpfull.png\",\"contentUrl\":\"https:\\\/\\\/www.quebakan.com\\\/v15\\\/wp-content\\\/uploads\\\/avatars\\\/4\\\/1731297654-bpfull.png\",\"caption\":\"Erick Villafuerte\"}}]}<\/script>\n<!-- \/ Yoast SEO plugin. -->","yoast_head_json":{"title":"SONIDO DISTRITO SUR: NACE LA PRIMERA ARTIST COMPANY ECUATORIANA CONECTADA DESDE SU OR\u00cdGEN CON UNIVERSAL MUSIC GROUP Y WARNER CHAPELL MUSIC &#8211; QUEBAKAN.COM 2026: Noticias, Eventos, Conciertos y mucho m\u00e1s....","robots":{"index":"index","follow":"follow","max-snippet":"max-snippet:-1","max-image-preview":"max-image-preview:large","max-video-preview":"max-video-preview:-1"},"canonical":"https:\/\/www.quebakan.com\/v15\/sonido-distrito-sur-nace-la-primera-artist-company-ecuatoriana-conectada-desde-su-origen-con-universal-music-group-y-warner-chapell-music\/","og_locale":"es_ES","og_type":"article","og_title":"SONIDO DISTRITO SUR: NACE LA PRIMERA ARTIST COMPANY ECUATORIANA CONECTADA DESDE SU OR\u00cdGEN CON UNIVERSAL MUSIC GROUP Y WARNER CHAPELL MUSIC &#8211; QUEBAKAN.COM 2026: Noticias, Eventos, Conciertos y mucho m\u00e1s....","og_description":"QUITO, ECUADOR \u2014 Durante d\u00e9cadas, Ecuador ha dado vida a artistas extraordinarios. Sin embargo, el reconocimiento de ese talento no siempre ha estado acompa\u00f1ado por una estructura capaz de proyectarlo dentro y fuera del pa\u00eds. Con esa visi\u00f3n nace Sonido Distrito Sur (SDS), una nueva artist company ecuatoriana creada para elevar el valor de los [&hellip;]","og_url":"https:\/\/www.quebakan.com\/v15\/sonido-distrito-sur-nace-la-primera-artist-company-ecuatoriana-conectada-desde-su-origen-con-universal-music-group-y-warner-chapell-music\/","og_site_name":"QUEBAKAN.COM 2026: Noticias, Eventos, Conciertos y mucho m\u00e1s....","article_publisher":"http:\/\/www.facebook.com\/quebakan","article_published_time":"2026-08-31T14:27:43+00:00","og_image":[{"width":600,"height":155,"url":"https:\/\/www.quebakan.com\/v15\/wp-content\/uploads\/2026\/08\/4467400d-1f69-4fdb-98d4-80f106b224af.jpg","type":"image\/jpeg"}],"author":"Erick Villafuerte","twitter_card":"summary_large_image","twitter_creator":"@quebakanec","twitter_site":"@quebakanec","twitter_misc":{"Escrito por":"Erick Villafuerte","Tiempo de lectura":"2 minutos"},"schema":{"@context":"https:\/\/schema.org","@graph":[{"@type":"Article","@id":"https:\/\/www.quebakan.com\/v15\/sonido-distrito-sur-nace-la-primera-artist-company-ecuatoriana-conectada-desde-su-origen-con-universal-music-group-y-warner-chapell-music\/#article","isPartOf":{"@id":"https:\/\/www.quebakan.com\/v15\/sonido-distrito-sur-nace-la-primera-artist-company-ecuatoriana-conectada-desde-su-origen-con-universal-music-group-y-warner-chapell-music\/"},"author":{"name":"Erick Villafuerte","@id":"https:\/\/www.quebakan.com\/v15\/#\/schema\/person\/d90fa9f9cfa81eb8ace9811e5b7b9118"},"headline":"SONIDO DISTRITO SUR: NACE LA PRIMERA ARTIST COMPANY ECUATORIANA CONECTADA DESDE SU OR\u00cdGEN CON UNIVERSAL MUSIC GROUP Y WARNER CHAPELL MUSIC","datePublished":"2026-08-31T14:27:43+00:00","mainEntityOfPage":{"@id":"https:\/\/www.quebakan.com\/v15\/sonido-distrito-sur-nace-la-primera-artist-company-ecuatoriana-conectada-desde-su-origen-con-universal-music-group-y-warner-chapell-music\/"},"wordCount":390,"publisher":{"@id":"https:\/\/www.quebakan.com\/v15\/#organization"},"image":{"@id":"https:\/\/www.quebakan.com\/v15\/sonido-distrito-sur-nace-la-primera-artist-company-ecuatoriana-conectada-desde-su-origen-con-universal-music-group-y-warner-chapell-music\/#primaryimage"},"thumbnailUrl":"https:\/\/www.quebakan.com\/v15\/wp-content\/uploads\/2026\/08\/4467400d-1f69-4fdb-98d4-80f106b224af.jpg","articleSection":["Noticias"],"inLanguage":"es"},{"@type":"WebPage","@id":"https:\/\/www.quebakan.com\/v15\/sonido-distrito-sur-nace-la-primera-artist-company-ecuatoriana-conectada-desde-su-origen-con-universal-music-group-y-warner-chapell-music\/","url":"https:\/\/www.quebakan.com\/v15\/sonido-distrito-sur-nace-la-primera-artist-company-ecuatoriana-conectada-desde-su-origen-con-universal-music-group-y-warner-chapell-music\/","name":"SONIDO DISTRITO SUR: NACE LA PRIMERA ARTIST COMPANY ECUATORIANA CONECTADA DESDE SU OR\u00cdGEN CON UNIVERSAL MUSIC GROUP Y WARNER CHAPELL MUSIC &#8211; QUEBAKAN.COM 2026: Noticias, Eventos, Conciertos y mucho m\u00e1s....","isPartOf":{"@id":"https:\/\/www.quebakan.com\/v15\/#website"},"primaryImageOfPage":{"@id":"https:\/\/www.quebakan.com\/v15\/sonido-distrito-sur-nace-la-primera-artist-company-ecuatoriana-conectada-desde-su-origen-con-universal-music-group-y-warner-chapell-music\/#primaryimage"},"image":{"@id":"https:\/\/www.quebakan.com\/v15\/sonido-distrito-sur-nace-la-primera-artist-company-ecuatoriana-conectada-desde-su-origen-con-universal-music-group-y-warner-chapell-music\/#primaryimage"},"thumbnailUrl":"https:\/\/www.quebakan.com\/v15\/wp-content\/uploads\/2026\/08\/4467400d-1f69-4fdb-98d4-80f106b224af.jpg","datePublished":"2026-08-31T14:27:43+00:00","breadcrumb":{"@id":"https:\/\/www.quebakan.com\/v15\/sonido-distrito-sur-nace-la-primera-artist-company-ecuatoriana-conectada-desde-su-origen-con-universal-music-group-y-warner-chapell-music\/#breadcrumb"},"inLanguage":"es","potentialAction":[{"@type":"ReadAction","target":["https:\/\/www.quebakan.com\/v15\/sonido-distrito-sur-nace-la-primera-artist-company-ecuatoriana-conectada-desde-su-origen-con-universal-music-group-y-warner-chapell-music\/"]}]},{"@type":"ImageObject","inLanguage":"es","@id":"https:\/\/www.quebakan.com\/v15\/sonido-distrito-sur-nace-la-primera-artist-company-ecuatoriana-conectada-desde-su-origen-con-universal-music-group-y-warner-chapell-music\/#primaryimage","url":"https:\/\/www.quebakan.com\/v15\/wp-content\/uploads\/2026\/08\/4467400d-1f69-4fdb-98d4-80f106b224af.jpg","contentUrl":"https:\/\/www.quebakan.com\/v15\/wp-content\/uploads\/2026\/08\/4467400d-1f69-4fdb-98d4-80f106b224af.jpg","width":600,"height":155},{"@type":"BreadcrumbList","@id":"https:\/\/www.quebakan.com\/v15\/sonido-distrito-sur-nace-la-primera-artist-company-ecuatoriana-conectada-desde-su-origen-con-universal-music-group-y-warner-chapell-music\/#breadcrumb","itemListElement":[{"@type":"ListItem","position":1,"name":"Portada","item":"https:\/\/www.quebakan.com\/v15\/"},{"@type":"ListItem","position":2,"name":"SONIDO DISTRITO SUR: NACE LA PRIMERA ARTIST COMPANY ECUATORIANA CONECTADA DESDE SU OR\u00cdGEN CON UNIVERSAL MUSIC GROUP Y WARNER CHAPELL MUSIC"}]},{"@type":"WebSite","@id":"https:\/\/www.quebakan.com\/v15\/#website","url":"https:\/\/www.quebakan.com\/v15\/","name":"QUEBAKAN","description":"..","publisher":{"@id":"https:\/\/www.quebakan.com\/v15\/#organization"},"potentialAction":[{"@type":"SearchAction","target":{"@type":"EntryPoint","urlTemplate":"https:\/\/www.quebakan.com\/v15\/?s={search_term_string}"},"query-input":{"@type":"PropertyValueSpecification","valueRequired":true,"valueName":"search_term_string"}}],"inLanguage":"es"},{"@type":"Organization","@id":"https:\/\/www.quebakan.com\/v15\/#organization","name":"Quebakan.com","url":"https:\/\/www.quebakan.com\/v15\/","logo":{"@type":"ImageObject","inLanguage":"es","@id":"https:\/\/www.quebakan.com\/v15\/#\/schema\/logo\/image\/","url":"https:\/\/www.quebakan.com\/v15\/wp-content\/uploads\/2023\/07\/logoquebakanenero2021.jpg","contentUrl":"https:\/\/www.quebakan.com\/v15\/wp-content\/uploads\/2023\/07\/logoquebakanenero2021.jpg","width":1920,"height":1080,"caption":"Quebakan.com"},"image":{"@id":"https:\/\/www.quebakan.com\/v15\/#\/schema\/logo\/image\/"},"sameAs":["http:\/\/www.facebook.com\/quebakan","https:\/\/x.com\/quebakanec","http:\/\/www.instagram.com\/quebakan","http:\/\/www.youtube.com\/quebakan1"]},{"@type":"Person","@id":"https:\/\/www.quebakan.com\/v15\/#\/schema\/person\/d90fa9f9cfa81eb8ace9811e5b7b9118","name":"Erick Villafuerte","image":{"@type":"ImageObject","inLanguage":"es","@id":"https:\/\/www.quebakan.com\/v15\/wp-content\/uploads\/avatars\/4\/1731297654-bpfull.png","url":"https:\/\/www.quebakan.com\/v15\/wp-content\/uploads\/avatars\/4\/1731297654-bpfull.png","contentUrl":"https:\/\/www.quebakan.com\/v15\/wp-content\/uploads\/avatars\/4\/1731297654-bpfull.png","caption":"Erick Villafuerte"}}]}},"_links":{"self":[{"href":"https:\/\/www.quebakan.com\/v15\/wp-json\/wp\/v2\/posts\/146155","targetHints":{"allow":["GET"]}}],"collection":[{"href":"https:\/\/www.quebakan.com\/v15\/wp-json\/wp\/v2\/posts"}],"about":[{"href":"https:\/\/www.quebakan.com\/v15\/wp-json\/wp\/v2\/types\/post"}],"author":[{"embeddable":true,"href":"https:\/\/www.quebakan.com\/v15\/wp-json\/wp\/v2\/users\/4"}],"replies":[{"embeddable":true,"href":"https:\/\/www.quebakan.com\/v15\/wp-json\/wp\/v2\/comments?post=146155"}],"version-history":[{"count":1,"href":"https:\/\/www.quebakan.com\/v15\/wp-json\/wp\/v2\/posts\/146155\/revisions"}],"predecessor-version":[{"id":146157,"href":"https:\/\/www.quebakan.com\/v15\/wp-json\/wp\/v2\/posts\/146155\/revisions\/146157"}],"wp:featuredmedia":[{"embeddable":true,"href":"https:\/\/www.quebakan.com\/v15\/wp-json\/wp\/v2\/media\/146156"}],"wp:attachment":[{"href":"https:\/\/www.quebakan.com\/v15\/wp-json\/wp\/v2\/media?parent=146155"}],"wp:term":[{"taxonomy":"category","embeddable":true,"href":"https:\/\/www.quebakan.com\/v15\/wp-json\/wp\/v2\/categories?post=146155"},{"taxonomy":"post_tag","embeddable":true,"href":"https:\/\/www.quebakan.com\/v15\/wp-json\/wp\/v2\/tags?post=146155"}],"curies":[{"name":"wp","href":"https:\/\/api.w.org\/{rel}","templated":true}]}}