{"id":146158,"date":"2026-08-31T10:04:18","date_gmt":"2026-08-31T15:04:18","guid":{"rendered":"https:\/\/www.quebakan.com\/v15\/?p=146158"},"modified":"2026-08-31T10:04:18","modified_gmt":"2026-08-31T15:04:18","slug":"cansado-de-madrugar-porque-una-carrera-cerro-las-calles-la-carrera-nocturna-de-quito-esta-de-regreso","status":"publish","type":"post","link":"https:\/\/www.quebakan.com\/v15\/cansado-de-madrugar-porque-una-carrera-cerro-las-calles-la-carrera-nocturna-de-quito-esta-de-regreso\/","title":{"rendered":"\u00bfCansado de madrugar porque una carrera cerr\u00f3 las calles? La carrera nocturna de Quito est\u00e1 de regreso"},"content":{"rendered":"<p><img fetchpriority=\"high\" decoding=\"async\" class=\"aligncenter size-full wp-image-146159\" src=\"https:\/\/www.quebakan.com\/v15\/wp-content\/uploads\/2026\/08\/IMG_0586.jpg\" alt=\"\" width=\"700\" height=\"551\" \/><\/p>\n<p style=\"text-align: justify;\"><span style=\"color: #000000;\"><em>Dolce Vita Run 10K vuelve este 5 de septiembre con una propuesta que demuestra que correr tambi\u00e9n puede vivirse de noche, sin alterar la rutina de la ciudad.<\/em><\/span><\/p>\n<p style=\"text-align: justify;\"><span style=\"color: #000000;\"><strong>Quito, agosto de 2026.<\/strong> Cada fin de semana, miles de quite\u00f1os se encuentran con el mismo escenario: calles cerradas desde muy temprano por competencias atl\u00e9ticas. Para algunos corredores es una tradici\u00f3n; para muchos ciudadanos, un dolor de cabeza.<\/span><\/p>\n<p style=\"text-align: justify;\"><span style=\"color: #000000;\">Con esa realidad en mente, Dolce Vita Run 10K regresa este 5 de septiembre apostando por un formato que cambia las reglas del juego: una carrera nocturna, dise\u00f1ada para que los participantes disfruten de una experiencia diferente sin interferir con las actividades de la ciudad durante la ma\u00f1ana.<\/span><\/p>\n<p style=\"text-align: justify;\"><span style=\"color: #000000;\">El recorrido de 10 kil\u00f3metros iniciar\u00e1 en el Bulevar de la Av. 24 de Mayo y finalizar\u00e1 en el CCI, donde los corredores ser\u00e1n recibidos con la premiaci\u00f3n y un concierto de cierre. La experiencia, sin embargo, comienza mucho antes del disparo de salida, con entrenamientos y social runs que preparan a los participantes para vivir una carrera distinta.<\/span><\/p>\n<p style=\"text-align: justify;\"><span style=\"color: #000000;\"><em>\u00abQueremos demostrar que una carrera puede convertirse en un plan para disfrutar con amigos, en pareja o en familia. Dolce Vita Run 10K no busca \u00fanicamente que las personas crucen una meta; queremos que vivan una noche inolvidable, con entretenimiento, seguridad y una experiencia que recuerden mucho despu\u00e9s de terminar los 10 kil\u00f3metros\u00bb<\/em>, se\u00f1ala Vicky Guerra, organizadora del evento.<\/span><\/p>\n<p style=\"text-align: justify;\"><span style=\"color: #000000;\">Tras una primera edici\u00f3n que super\u00f3 las expectativas, este a\u00f1o la organizaci\u00f3n espera reunir 5.000 participantes, consolidando a Dolce Vita Run 10K como una de las principales experiencias runner del pa\u00eds.<\/span><\/p>\n<p style=\"text-align: justify;\"><span style=\"color: #000000;\">La seguridad ser\u00e1 uno de los pilares del evento, con un operativo coordinado junto a una empresa especializada y bajo la direcci\u00f3n t\u00e9cnica de Franklin Tenorio, referente del atletismo ecuatoriano. La carrera tambi\u00e9n mantendr\u00e1 su componente solidario, destinando parte de los recursos recaudados a la Fundaci\u00f3n Juntos por Ecuador. Los participantes recibir\u00e1n un kit oficial con camiseta, dorsal, medalla y beneficios de los auspiciantes. Las inscripciones ya se encuentran disponibles por USD 35.<\/span><\/p>\n<p style=\"text-align: justify;\"><span style=\"color: #000000;\">Este a\u00f1o, Dolce Vita Run 10K quiere demostrar que las mejores carreras no siempre comienzan al amanecer. A veces, empiezan cuando cae la noche y la ciudad se transforma en el escenario perfecto para correr, disfrutar y vivir una experiencia diferente.<\/span><\/p>\n<p><img decoding=\"async\" class=\"aligncenter size-full wp-image-146160\" src=\"https:\/\/www.quebakan.com\/v15\/wp-content\/uploads\/2026\/08\/IMG_0588.jpg\" alt=\"\" width=\"700\" height=\"695\" srcset=\"https:\/\/www.quebakan.com\/v15\/wp-content\/uploads\/2026\/08\/IMG_0588.jpg 700w, https:\/\/www.quebakan.com\/v15\/wp-content\/uploads\/2026\/08\/IMG_0588-75x75.jpg 75w\" sizes=\"(max-width: 700px) 100vw, 700px\" \/><\/p>\n<p>&nbsp;<\/p>\n<p><img decoding=\"async\" class=\"aligncenter size-full wp-image-146161\" src=\"https:\/\/www.quebakan.com\/v15\/wp-content\/uploads\/2026\/08\/IMG_0589.jpg\" alt=\"\" width=\"700\" height=\"618\" \/><\/p>\n<p>&nbsp;<\/p>\n<p><img loading=\"lazy\" decoding=\"async\" class=\"aligncenter size-full wp-image-146162\" src=\"https:\/\/www.quebakan.com\/v15\/wp-content\/uploads\/2026\/08\/IMG_0587.jpg\" alt=\"\" width=\"700\" height=\"607\" \/><\/p>\n","protected":false},"excerpt":{"rendered":"<p>Dolce Vita Run 10K vuelve este 5 de septiembre con una propuesta que demuestra que correr tambi\u00e9n puede vivirse de noche, sin alterar la rutina de la ciudad. Quito, agosto de 2026. Cada fin de semana, miles de quite\u00f1os se encuentran con el mismo escenario: calles cerradas desde muy temprano por competencias atl\u00e9ticas. Para algunos [&hellip;]<\/p>\n","protected":false},"author":4,"featured_media":146159,"comment_status":"closed","ping_status":"closed","sticky":false,"template":"","format":"standard","meta":{"_bbp_topic_count":0,"_bbp_reply_count":0,"_bbp_total_topic_count":0,"_bbp_total_reply_count":0,"_bbp_voice_count":0,"_bbp_anonymous_reply_count":0,"_bbp_topic_count_hidden":0,"_bbp_reply_count_hidden":0,"_bbp_forum_subforum_count":0,"buzzeditor_post_format":"","footnotes":""},"categories":[2],"tags":[],"class_list":["post-146158","post","type-post","status-publish","format-standard","has-post-thumbnail","hentry","category-noticias"],"yoast_head":"<!-- This site is optimized with the Yoast SEO plugin v28.3 - https:\/\/yoast.com\/product\/yoast-seo-wordpress\/ -->\n<title>\u00bfCansado de madrugar porque una carrera cerr\u00f3 las calles? La carrera nocturna de Quito est\u00e1 de regreso &#8211; QUEBAKAN.COM 2026: Noticias, Eventos, Conciertos y mucho m\u00e1s....<\/title>\n<meta name=\"robots\" content=\"index, follow, max-snippet:-1, max-image-preview:large, max-video-preview:-1\" \/>\n<link rel=\"canonical\" href=\"https:\/\/www.quebakan.com\/v15\/cansado-de-madrugar-porque-una-carrera-cerro-las-calles-la-carrera-nocturna-de-quito-esta-de-regreso\/\" \/>\n<meta property=\"og:locale\" content=\"es_ES\" \/>\n<meta property=\"og:type\" content=\"article\" \/>\n<meta property=\"og:title\" content=\"\u00bfCansado de madrugar porque una carrera cerr\u00f3 las calles? La carrera nocturna de Quito est\u00e1 de regreso &#8211; QUEBAKAN.COM 2026: Noticias, Eventos, Conciertos y mucho m\u00e1s....\" \/>\n<meta property=\"og:description\" content=\"Dolce Vita Run 10K vuelve este 5 de septiembre con una propuesta que demuestra que correr tambi\u00e9n puede vivirse de noche, sin alterar la rutina de la ciudad. Quito, agosto de 2026. Cada fin de semana, miles de quite\u00f1os se encuentran con el mismo escenario: calles cerradas desde muy temprano por competencias atl\u00e9ticas. Para algunos [&hellip;]\" \/>\n<meta property=\"og:url\" content=\"https:\/\/www.quebakan.com\/v15\/cansado-de-madrugar-porque-una-carrera-cerro-las-calles-la-carrera-nocturna-de-quito-esta-de-regreso\/\" \/>\n<meta property=\"og:site_name\" content=\"QUEBAKAN.COM 2026: Noticias, Eventos, Conciertos y mucho m\u00e1s....\" \/>\n<meta property=\"article:publisher\" content=\"http:\/\/www.facebook.com\/quebakan\" \/>\n<meta property=\"article:published_time\" content=\"2026-08-31T15:04:18+00:00\" \/>\n<meta property=\"og:image\" content=\"https:\/\/www.quebakan.com\/v15\/wp-content\/uploads\/2026\/08\/IMG_0586.jpg\" \/>\n\t<meta property=\"og:image:width\" content=\"700\" \/>\n\t<meta property=\"og:image:height\" content=\"551\" \/>\n\t<meta property=\"og:image:type\" content=\"image\/jpeg\" \/>\n<meta name=\"author\" content=\"Erick Villafuerte\" \/>\n<meta name=\"twitter:card\" content=\"summary_large_image\" \/>\n<meta name=\"twitter:creator\" content=\"@quebakanec\" \/>\n<meta name=\"twitter:site\" content=\"@quebakanec\" \/>\n<meta name=\"twitter:label1\" content=\"Escrito por\" \/>\n\t<meta name=\"twitter:data1\" content=\"Erick Villafuerte\" \/>\n\t<meta name=\"twitter:label2\" content=\"Tiempo de lectura\" \/>\n\t<meta name=\"twitter:data2\" content=\"3 minutos\" \/>\n<script type=\"application\/ld+json\" class=\"yoast-schema-graph\">{\"@context\":\"https:\\\/\\\/schema.org\",\"@graph\":[{\"@type\":\"Article\",\"@id\":\"https:\\\/\\\/www.quebakan.com\\\/v15\\\/cansado-de-madrugar-porque-una-carrera-cerro-las-calles-la-carrera-nocturna-de-quito-esta-de-regreso\\\/#article\",\"isPartOf\":{\"@id\":\"https:\\\/\\\/www.quebakan.com\\\/v15\\\/cansado-de-madrugar-porque-una-carrera-cerro-las-calles-la-carrera-nocturna-de-quito-esta-de-regreso\\\/\"},\"author\":{\"name\":\"Erick Villafuerte\",\"@id\":\"https:\\\/\\\/www.quebakan.com\\\/v15\\\/#\\\/schema\\\/person\\\/d90fa9f9cfa81eb8ace9811e5b7b9118\"},\"headline\":\"\u00bfCansado de madrugar porque una carrera cerr\u00f3 las calles? La carrera nocturna de Quito est\u00e1 de regreso\",\"datePublished\":\"2026-08-31T15:04:18+00:00\",\"mainEntityOfPage\":{\"@id\":\"https:\\\/\\\/www.quebakan.com\\\/v15\\\/cansado-de-madrugar-porque-una-carrera-cerro-las-calles-la-carrera-nocturna-de-quito-esta-de-regreso\\\/\"},\"wordCount\":410,\"publisher\":{\"@id\":\"https:\\\/\\\/www.quebakan.com\\\/v15\\\/#organization\"},\"image\":{\"@id\":\"https:\\\/\\\/www.quebakan.com\\\/v15\\\/cansado-de-madrugar-porque-una-carrera-cerro-las-calles-la-carrera-nocturna-de-quito-esta-de-regreso\\\/#primaryimage\"},\"thumbnailUrl\":\"https:\\\/\\\/www.quebakan.com\\\/v15\\\/wp-content\\\/uploads\\\/2026\\\/08\\\/IMG_0586.jpg\",\"articleSection\":[\"Noticias\"],\"inLanguage\":\"es\"},{\"@type\":\"WebPage\",\"@id\":\"https:\\\/\\\/www.quebakan.com\\\/v15\\\/cansado-de-madrugar-porque-una-carrera-cerro-las-calles-la-carrera-nocturna-de-quito-esta-de-regreso\\\/\",\"url\":\"https:\\\/\\\/www.quebakan.com\\\/v15\\\/cansado-de-madrugar-porque-una-carrera-cerro-las-calles-la-carrera-nocturna-de-quito-esta-de-regreso\\\/\",\"name\":\"\u00bfCansado de madrugar porque una carrera cerr\u00f3 las calles? La carrera nocturna de Quito est\u00e1 de regreso &#8211; QUEBAKAN.COM 2026: Noticias, Eventos, Conciertos y mucho m\u00e1s....\",\"isPartOf\":{\"@id\":\"https:\\\/\\\/www.quebakan.com\\\/v15\\\/#website\"},\"primaryImageOfPage\":{\"@id\":\"https:\\\/\\\/www.quebakan.com\\\/v15\\\/cansado-de-madrugar-porque-una-carrera-cerro-las-calles-la-carrera-nocturna-de-quito-esta-de-regreso\\\/#primaryimage\"},\"image\":{\"@id\":\"https:\\\/\\\/www.quebakan.com\\\/v15\\\/cansado-de-madrugar-porque-una-carrera-cerro-las-calles-la-carrera-nocturna-de-quito-esta-de-regreso\\\/#primaryimage\"},\"thumbnailUrl\":\"https:\\\/\\\/www.quebakan.com\\\/v15\\\/wp-content\\\/uploads\\\/2026\\\/08\\\/IMG_0586.jpg\",\"datePublished\":\"2026-08-31T15:04:18+00:00\",\"breadcrumb\":{\"@id\":\"https:\\\/\\\/www.quebakan.com\\\/v15\\\/cansado-de-madrugar-porque-una-carrera-cerro-las-calles-la-carrera-nocturna-de-quito-esta-de-regreso\\\/#breadcrumb\"},\"inLanguage\":\"es\",\"potentialAction\":[{\"@type\":\"ReadAction\",\"target\":[\"https:\\\/\\\/www.quebakan.com\\\/v15\\\/cansado-de-madrugar-porque-una-carrera-cerro-las-calles-la-carrera-nocturna-de-quito-esta-de-regreso\\\/\"]}]},{\"@type\":\"ImageObject\",\"inLanguage\":\"es\",\"@id\":\"https:\\\/\\\/www.quebakan.com\\\/v15\\\/cansado-de-madrugar-porque-una-carrera-cerro-las-calles-la-carrera-nocturna-de-quito-esta-de-regreso\\\/#primaryimage\",\"url\":\"https:\\\/\\\/www.quebakan.com\\\/v15\\\/wp-content\\\/uploads\\\/2026\\\/08\\\/IMG_0586.jpg\",\"contentUrl\":\"https:\\\/\\\/www.quebakan.com\\\/v15\\\/wp-content\\\/uploads\\\/2026\\\/08\\\/IMG_0586.jpg\",\"width\":700,\"height\":551},{\"@type\":\"BreadcrumbList\",\"@id\":\"https:\\\/\\\/www.quebakan.com\\\/v15\\\/cansado-de-madrugar-porque-una-carrera-cerro-las-calles-la-carrera-nocturna-de-quito-esta-de-regreso\\\/#breadcrumb\",\"itemListElement\":[{\"@type\":\"ListItem\",\"position\":1,\"name\":\"Portada\",\"item\":\"https:\\\/\\\/www.quebakan.com\\\/v15\\\/\"},{\"@type\":\"ListItem\",\"position\":2,\"name\":\"\u00bfCansado de madrugar porque una carrera cerr\u00f3 las calles? La carrera nocturna de Quito est\u00e1 de regreso\"}]},{\"@type\":\"WebSite\",\"@id\":\"https:\\\/\\\/www.quebakan.com\\\/v15\\\/#website\",\"url\":\"https:\\\/\\\/www.quebakan.com\\\/v15\\\/\",\"name\":\"QUEBAKAN\",\"description\":\"..\",\"publisher\":{\"@id\":\"https:\\\/\\\/www.quebakan.com\\\/v15\\\/#organization\"},\"potentialAction\":[{\"@type\":\"SearchAction\",\"target\":{\"@type\":\"EntryPoint\",\"urlTemplate\":\"https:\\\/\\\/www.quebakan.com\\\/v15\\\/?s={search_term_string}\"},\"query-input\":{\"@type\":\"PropertyValueSpecification\",\"valueRequired\":true,\"valueName\":\"search_term_string\"}}],\"inLanguage\":\"es\"},{\"@type\":\"Organization\",\"@id\":\"https:\\\/\\\/www.quebakan.com\\\/v15\\\/#organization\",\"name\":\"Quebakan.com\",\"url\":\"https:\\\/\\\/www.quebakan.com\\\/v15\\\/\",\"logo\":{\"@type\":\"ImageObject\",\"inLanguage\":\"es\",\"@id\":\"https:\\\/\\\/www.quebakan.com\\\/v15\\\/#\\\/schema\\\/logo\\\/image\\\/\",\"url\":\"https:\\\/\\\/www.quebakan.com\\\/v15\\\/wp-content\\\/uploads\\\/2023\\\/07\\\/logoquebakanenero2021.jpg\",\"contentUrl\":\"https:\\\/\\\/www.quebakan.com\\\/v15\\\/wp-content\\\/uploads\\\/2023\\\/07\\\/logoquebakanenero2021.jpg\",\"width\":1920,\"height\":1080,\"caption\":\"Quebakan.com\"},\"image\":{\"@id\":\"https:\\\/\\\/www.quebakan.com\\\/v15\\\/#\\\/schema\\\/logo\\\/image\\\/\"},\"sameAs\":[\"http:\\\/\\\/www.facebook.com\\\/quebakan\",\"https:\\\/\\\/x.com\\\/quebakanec\",\"http:\\\/\\\/www.instagram.com\\\/quebakan\",\"http:\\\/\\\/www.youtube.com\\\/quebakan1\"]},{\"@type\":\"Person\",\"@id\":\"https:\\\/\\\/www.quebakan.com\\\/v15\\\/#\\\/schema\\\/person\\\/d90fa9f9cfa81eb8ace9811e5b7b9118\",\"name\":\"Erick Villafuerte\",\"image\":{\"@type\":\"ImageObject\",\"inLanguage\":\"es\",\"@id\":\"https:\\\/\\\/www.quebakan.com\\\/v15\\\/wp-content\\\/uploads\\\/avatars\\\/4\\\/1731297654-bpfull.png\",\"url\":\"https:\\\/\\\/www.quebakan.com\\\/v15\\\/wp-content\\\/uploads\\\/avatars\\\/4\\\/1731297654-bpfull.png\",\"contentUrl\":\"https:\\\/\\\/www.quebakan.com\\\/v15\\\/wp-content\\\/uploads\\\/avatars\\\/4\\\/1731297654-bpfull.png\",\"caption\":\"Erick Villafuerte\"}}]}<\/script>\n<!-- \/ Yoast SEO plugin. -->","yoast_head_json":{"title":"\u00bfCansado de madrugar porque una carrera cerr\u00f3 las calles? La carrera nocturna de Quito est\u00e1 de regreso &#8211; QUEBAKAN.COM 2026: Noticias, Eventos, Conciertos y mucho m\u00e1s....","robots":{"index":"index","follow":"follow","max-snippet":"max-snippet:-1","max-image-preview":"max-image-preview:large","max-video-preview":"max-video-preview:-1"},"canonical":"https:\/\/www.quebakan.com\/v15\/cansado-de-madrugar-porque-una-carrera-cerro-las-calles-la-carrera-nocturna-de-quito-esta-de-regreso\/","og_locale":"es_ES","og_type":"article","og_title":"\u00bfCansado de madrugar porque una carrera cerr\u00f3 las calles? La carrera nocturna de Quito est\u00e1 de regreso &#8211; QUEBAKAN.COM 2026: Noticias, Eventos, Conciertos y mucho m\u00e1s....","og_description":"Dolce Vita Run 10K vuelve este 5 de septiembre con una propuesta que demuestra que correr tambi\u00e9n puede vivirse de noche, sin alterar la rutina de la ciudad. Quito, agosto de 2026. Cada fin de semana, miles de quite\u00f1os se encuentran con el mismo escenario: calles cerradas desde muy temprano por competencias atl\u00e9ticas. Para algunos [&hellip;]","og_url":"https:\/\/www.quebakan.com\/v15\/cansado-de-madrugar-porque-una-carrera-cerro-las-calles-la-carrera-nocturna-de-quito-esta-de-regreso\/","og_site_name":"QUEBAKAN.COM 2026: Noticias, Eventos, Conciertos y mucho m\u00e1s....","article_publisher":"http:\/\/www.facebook.com\/quebakan","article_published_time":"2026-08-31T15:04:18+00:00","og_image":[{"width":700,"height":551,"url":"https:\/\/www.quebakan.com\/v15\/wp-content\/uploads\/2026\/08\/IMG_0586.jpg","type":"image\/jpeg"}],"author":"Erick Villafuerte","twitter_card":"summary_large_image","twitter_creator":"@quebakanec","twitter_site":"@quebakanec","twitter_misc":{"Escrito por":"Erick Villafuerte","Tiempo de lectura":"3 minutos"},"schema":{"@context":"https:\/\/schema.org","@graph":[{"@type":"Article","@id":"https:\/\/www.quebakan.com\/v15\/cansado-de-madrugar-porque-una-carrera-cerro-las-calles-la-carrera-nocturna-de-quito-esta-de-regreso\/#article","isPartOf":{"@id":"https:\/\/www.quebakan.com\/v15\/cansado-de-madrugar-porque-una-carrera-cerro-las-calles-la-carrera-nocturna-de-quito-esta-de-regreso\/"},"author":{"name":"Erick Villafuerte","@id":"https:\/\/www.quebakan.com\/v15\/#\/schema\/person\/d90fa9f9cfa81eb8ace9811e5b7b9118"},"headline":"\u00bfCansado de madrugar porque una carrera cerr\u00f3 las calles? La carrera nocturna de Quito est\u00e1 de regreso","datePublished":"2026-08-31T15:04:18+00:00","mainEntityOfPage":{"@id":"https:\/\/www.quebakan.com\/v15\/cansado-de-madrugar-porque-una-carrera-cerro-las-calles-la-carrera-nocturna-de-quito-esta-de-regreso\/"},"wordCount":410,"publisher":{"@id":"https:\/\/www.quebakan.com\/v15\/#organization"},"image":{"@id":"https:\/\/www.quebakan.com\/v15\/cansado-de-madrugar-porque-una-carrera-cerro-las-calles-la-carrera-nocturna-de-quito-esta-de-regreso\/#primaryimage"},"thumbnailUrl":"https:\/\/www.quebakan.com\/v15\/wp-content\/uploads\/2026\/08\/IMG_0586.jpg","articleSection":["Noticias"],"inLanguage":"es"},{"@type":"WebPage","@id":"https:\/\/www.quebakan.com\/v15\/cansado-de-madrugar-porque-una-carrera-cerro-las-calles-la-carrera-nocturna-de-quito-esta-de-regreso\/","url":"https:\/\/www.quebakan.com\/v15\/cansado-de-madrugar-porque-una-carrera-cerro-las-calles-la-carrera-nocturna-de-quito-esta-de-regreso\/","name":"\u00bfCansado de madrugar porque una carrera cerr\u00f3 las calles? La carrera nocturna de Quito est\u00e1 de regreso &#8211; QUEBAKAN.COM 2026: Noticias, Eventos, Conciertos y mucho m\u00e1s....","isPartOf":{"@id":"https:\/\/www.quebakan.com\/v15\/#website"},"primaryImageOfPage":{"@id":"https:\/\/www.quebakan.com\/v15\/cansado-de-madrugar-porque-una-carrera-cerro-las-calles-la-carrera-nocturna-de-quito-esta-de-regreso\/#primaryimage"},"image":{"@id":"https:\/\/www.quebakan.com\/v15\/cansado-de-madrugar-porque-una-carrera-cerro-las-calles-la-carrera-nocturna-de-quito-esta-de-regreso\/#primaryimage"},"thumbnailUrl":"https:\/\/www.quebakan.com\/v15\/wp-content\/uploads\/2026\/08\/IMG_0586.jpg","datePublished":"2026-08-31T15:04:18+00:00","breadcrumb":{"@id":"https:\/\/www.quebakan.com\/v15\/cansado-de-madrugar-porque-una-carrera-cerro-las-calles-la-carrera-nocturna-de-quito-esta-de-regreso\/#breadcrumb"},"inLanguage":"es","potentialAction":[{"@type":"ReadAction","target":["https:\/\/www.quebakan.com\/v15\/cansado-de-madrugar-porque-una-carrera-cerro-las-calles-la-carrera-nocturna-de-quito-esta-de-regreso\/"]}]},{"@type":"ImageObject","inLanguage":"es","@id":"https:\/\/www.quebakan.com\/v15\/cansado-de-madrugar-porque-una-carrera-cerro-las-calles-la-carrera-nocturna-de-quito-esta-de-regreso\/#primaryimage","url":"https:\/\/www.quebakan.com\/v15\/wp-content\/uploads\/2026\/08\/IMG_0586.jpg","contentUrl":"https:\/\/www.quebakan.com\/v15\/wp-content\/uploads\/2026\/08\/IMG_0586.jpg","width":700,"height":551},{"@type":"BreadcrumbList","@id":"https:\/\/www.quebakan.com\/v15\/cansado-de-madrugar-porque-una-carrera-cerro-las-calles-la-carrera-nocturna-de-quito-esta-de-regreso\/#breadcrumb","itemListElement":[{"@type":"ListItem","position":1,"name":"Portada","item":"https:\/\/www.quebakan.com\/v15\/"},{"@type":"ListItem","position":2,"name":"\u00bfCansado de madrugar porque una carrera cerr\u00f3 las calles? La carrera nocturna de Quito est\u00e1 de regreso"}]},{"@type":"WebSite","@id":"https:\/\/www.quebakan.com\/v15\/#website","url":"https:\/\/www.quebakan.com\/v15\/","name":"QUEBAKAN","description":"..","publisher":{"@id":"https:\/\/www.quebakan.com\/v15\/#organization"},"potentialAction":[{"@type":"SearchAction","target":{"@type":"EntryPoint","urlTemplate":"https:\/\/www.quebakan.com\/v15\/?s={search_term_string}"},"query-input":{"@type":"PropertyValueSpecification","valueRequired":true,"valueName":"search_term_string"}}],"inLanguage":"es"},{"@type":"Organization","@id":"https:\/\/www.quebakan.com\/v15\/#organization","name":"Quebakan.com","url":"https:\/\/www.quebakan.com\/v15\/","logo":{"@type":"ImageObject","inLanguage":"es","@id":"https:\/\/www.quebakan.com\/v15\/#\/schema\/logo\/image\/","url":"https:\/\/www.quebakan.com\/v15\/wp-content\/uploads\/2023\/07\/logoquebakanenero2021.jpg","contentUrl":"https:\/\/www.quebakan.com\/v15\/wp-content\/uploads\/2023\/07\/logoquebakanenero2021.jpg","width":1920,"height":1080,"caption":"Quebakan.com"},"image":{"@id":"https:\/\/www.quebakan.com\/v15\/#\/schema\/logo\/image\/"},"sameAs":["http:\/\/www.facebook.com\/quebakan","https:\/\/x.com\/quebakanec","http:\/\/www.instagram.com\/quebakan","http:\/\/www.youtube.com\/quebakan1"]},{"@type":"Person","@id":"https:\/\/www.quebakan.com\/v15\/#\/schema\/person\/d90fa9f9cfa81eb8ace9811e5b7b9118","name":"Erick Villafuerte","image":{"@type":"ImageObject","inLanguage":"es","@id":"https:\/\/www.quebakan.com\/v15\/wp-content\/uploads\/avatars\/4\/1731297654-bpfull.png","url":"https:\/\/www.quebakan.com\/v15\/wp-content\/uploads\/avatars\/4\/1731297654-bpfull.png","contentUrl":"https:\/\/www.quebakan.com\/v15\/wp-content\/uploads\/avatars\/4\/1731297654-bpfull.png","caption":"Erick Villafuerte"}}]}},"_links":{"self":[{"href":"https:\/\/www.quebakan.com\/v15\/wp-json\/wp\/v2\/posts\/146158","targetHints":{"allow":["GET"]}}],"collection":[{"href":"https:\/\/www.quebakan.com\/v15\/wp-json\/wp\/v2\/posts"}],"about":[{"href":"https:\/\/www.quebakan.com\/v15\/wp-json\/wp\/v2\/types\/post"}],"author":[{"embeddable":true,"href":"https:\/\/www.quebakan.com\/v15\/wp-json\/wp\/v2\/users\/4"}],"replies":[{"embeddable":true,"href":"https:\/\/www.quebakan.com\/v15\/wp-json\/wp\/v2\/comments?post=146158"}],"version-history":[{"count":1,"href":"https:\/\/www.quebakan.com\/v15\/wp-json\/wp\/v2\/posts\/146158\/revisions"}],"predecessor-version":[{"id":146163,"href":"https:\/\/www.quebakan.com\/v15\/wp-json\/wp\/v2\/posts\/146158\/revisions\/146163"}],"wp:featuredmedia":[{"embeddable":true,"href":"https:\/\/www.quebakan.com\/v15\/wp-json\/wp\/v2\/media\/146159"}],"wp:attachment":[{"href":"https:\/\/www.quebakan.com\/v15\/wp-json\/wp\/v2\/media?parent=146158"}],"wp:term":[{"taxonomy":"category","embeddable":true,"href":"https:\/\/www.quebakan.com\/v15\/wp-json\/wp\/v2\/categories?post=146158"},{"taxonomy":"post_tag","embeddable":true,"href":"https:\/\/www.quebakan.com\/v15\/wp-json\/wp\/v2\/tags?post=146158"}],"curies":[{"name":"wp","href":"https:\/\/api.w.org\/{rel}","templated":true}]}}