{"id":146176,"date":"2026-08-31T13:03:01","date_gmt":"2026-08-31T18:03:01","guid":{"rendered":"https:\/\/www.quebakan.com\/v15\/?p=146176"},"modified":"2026-08-31T13:03:01","modified_gmt":"2026-08-31T18:03:01","slug":"metrocar-es-reconocido-por-general-motors-sudamerica-por-su-excelencia-y-desempeno-integral","status":"publish","type":"post","link":"https:\/\/www.quebakan.com\/v15\/metrocar-es-reconocido-por-general-motors-sudamerica-por-su-excelencia-y-desempeno-integral\/","title":{"rendered":"Metrocar es reconocido por General Motors Sudam\u00e9rica por su excelencia y desempe\u00f1o integral"},"content":{"rendered":"<p><img fetchpriority=\"high\" decoding=\"async\" class=\"aligncenter size-full wp-image-146177\" src=\"https:\/\/www.quebakan.com\/v15\/wp-content\/uploads\/2026\/08\/Metrocar-2.jpg\" alt=\"\" width=\"700\" height=\"444\" \/><\/p>\n<p style=\"text-align: justify;\"><span style=\"color: #000000;\"><strong>Metrocar Austro y Metrocar Manab\u00ed alcanzan la Categor\u00eda \u201cA\u201d en el desempe\u00f1o integral 2025, reafirmando el compromiso de la compa\u00f1\u00eda con la excelencia y la satisfacci\u00f3n de sus clientes Chevrolet.<\/strong><\/span><\/p>\n<p style=\"text-align: justify;\"><span style=\"color: #000000;\"><strong>[Quito, Ecuador \u2013 Fecha]<\/strong>.\u2013 Metrocar, uno de los principales concesionarios Chevrolet del Ecuador, celebra un importante reconocimiento otorgado por <strong>General Motors Sudam\u00e9rica<\/strong>, que distingue a <strong>Metrocar Austro y Metrocar Manab\u00ed con la Categor\u00eda \u201cA\u201d correspondiente al desempe\u00f1o integral 2025<\/strong>.<\/span><\/p>\n<p style=\"text-align: justify;\"><span style=\"color: #000000;\">Esta distinci\u00f3n reconoce el desempe\u00f1o sobresaliente de ambas operaciones y, especialmente, su compromiso permanente con la <strong>excelencia, la calidad del servicio y la satisfacci\u00f3n de los clientes Chevrolet<\/strong>.<\/span><\/p>\n<p style=\"text-align: justify;\"><span style=\"color: #000000;\">La Categor\u00eda \u201cA\u201d representa un reconocimiento al trabajo desarrollado de manera integral por los equipos de Metrocar, quienes diariamente buscan ofrecer una experiencia de atenci\u00f3n de alto nivel en cada uno de los puntos de contacto con sus clientes, desde la venta de veh\u00edculos hasta los servicios de posventa.<\/span><\/p>\n<p style=\"text-align: justify;\"><span style=\"color: #000000;\"><strong>Excelencia que se construye junto a los clientes<\/strong><\/span><\/p>\n<p style=\"text-align: justify;\"><span style=\"color: #000000;\">El reconocimiento de General Motors Sudam\u00e9rica constituye un motivo de orgullo para Metrocar, pero tambi\u00e9n representa un compromiso para continuar elevando los est\u00e1ndares de atenci\u00f3n y servicio.<\/span><\/p>\n<p style=\"text-align: justify;\"><span style=\"color: #000000;\">En el caso de <strong>Metrocar Austro<\/strong>, este logro adquiere un significado especial al consolidar su posicionamiento como un referente de la marca Chevrolet en la ciudad y la regi\u00f3n. La operaci\u00f3n ha enfocado sus esfuerzos en brindar una experiencia integral a sus clientes, respaldada por un equipo humano comprometido y una oferta de productos y servicios acorde con las necesidades del mercado.<\/span><\/p>\n<p style=\"text-align: justify;\"><span style=\"color: #000000;\">Por su parte, <strong>Metrocar Manab\u00ed<\/strong> tambi\u00e9n alcanz\u00f3 la <strong>Categor\u00eda \u201cA\u201d en desempe\u00f1o integral 2025<\/strong>, demostrando el trabajo sostenido de su equipo y su orientaci\u00f3n hacia la satisfacci\u00f3n y fidelizaci\u00f3n de sus clientes.<\/span><\/p>\n<p style=\"text-align: justify;\"><span style=\"color: #000000;\"><strong>\u201cEste reconocimiento de General Motors Sudam\u00e9rica nos llena de orgullo y, al mismo tiempo, nos plantea un nuevo desaf\u00edo: seguir mejorando. La Categor\u00eda \u2018A\u2019 es el resultado del trabajo, compromiso y dedicaci\u00f3n de nuestros equipos y, sobre todo, de la confianza que nuestros clientes depositan en Metrocar y Chevrolet\u201d,<\/strong> se\u00f1al\u00f3 Francisco Camino, Jefe Nacional de Marketing \u00a0<\/span><\/p>\n<p style=\"text-align: justify;\"><span style=\"color: #000000;\"><strong>Un reconocimiento que llega en un a\u00f1o especial<\/strong><\/span><\/p>\n<p style=\"text-align: justify;\"><span style=\"color: #000000;\">Este logro se suma a un momento particularmente importante para Metrocar, que celebra <strong>50 a\u00f1os de trayectoria<\/strong>, consolidando cinco d\u00e9cadas de historia vinculada al sector automotor ecuatoriano y a la marca Chevrolet.<\/span><\/p>\n<p style=\"text-align: justify;\"><span style=\"color: #000000;\">Durante estos 50 a\u00f1os, Metrocar ha construido una relaci\u00f3n cercana con miles de clientes a nivel nacional, evolucionando junto con las necesidades del mercado y fortaleciendo su propuesta de valor en ventas, posventa y atenci\u00f3n al cliente.<\/span><\/p>\n<p style=\"text-align: justify;\"><span style=\"color: #000000;\">La celebraci\u00f3n de este aniversario representa tambi\u00e9n una oportunidad para mirar hacia el futuro y continuar trabajando bajo los mismos principios que han acompa\u00f1ado a la compa\u00f1\u00eda a lo largo de su trayectoria: <strong>excelencia, innovaci\u00f3n, servicio y compromiso con sus clientes<\/strong>.<\/span><\/p>\n<p style=\"text-align: justify;\"><span style=\"color: #000000;\"><strong>Mirando hacia el futuro<\/strong><\/span><\/p>\n<p style=\"text-align: justify;\"><span style=\"color: #000000;\">Para Metrocar, obtener la Categor\u00eda \u201cA\u201d no significa \u00fanicamente celebrar un resultado, sino <strong>reconocer el esfuerzo de sus colaboradores y renovar el compromiso de continuar ofreciendo experiencias excepcionales a sus clientes<\/strong>.<\/span><\/p>\n<p style=\"text-align: justify;\"><span style=\"color: #000000;\">Con este reconocimiento, Metrocar reafirma su posici\u00f3n como un aliado estrat\u00e9gico de Chevrolet en Ecuador y contin\u00faa trabajando para fortalecer sus operaciones y mantener altos est\u00e1ndares de calidad en cada uno de sus concesionarios a nivel nacional.<\/span><\/p>\n<p style=\"text-align: justify;\"><span style=\"color: #000000;\"><strong>Metrocar: 50 a\u00f1os acompa\u00f1ando a los ecuatorianos y construyendo el futuro de la movilidad junto a Chevrolet.<\/strong><\/span><\/p>\n","protected":false},"excerpt":{"rendered":"<p>Metrocar Austro y Metrocar Manab\u00ed alcanzan la Categor\u00eda \u201cA\u201d en el desempe\u00f1o integral 2025, reafirmando el compromiso de la compa\u00f1\u00eda con la excelencia y la satisfacci\u00f3n de sus clientes Chevrolet. [Quito, Ecuador \u2013 Fecha].\u2013 Metrocar, uno de los principales concesionarios Chevrolet del Ecuador, celebra un importante reconocimiento otorgado por General Motors Sudam\u00e9rica, que distingue a [&hellip;]<\/p>\n","protected":false},"author":4,"featured_media":146177,"comment_status":"closed","ping_status":"closed","sticky":false,"template":"","format":"standard","meta":{"_bbp_topic_count":0,"_bbp_reply_count":0,"_bbp_total_topic_count":0,"_bbp_total_reply_count":0,"_bbp_voice_count":0,"_bbp_anonymous_reply_count":0,"_bbp_topic_count_hidden":0,"_bbp_reply_count_hidden":0,"_bbp_forum_subforum_count":0,"buzzeditor_post_format":"","footnotes":""},"categories":[2],"tags":[],"class_list":["post-146176","post","type-post","status-publish","format-standard","has-post-thumbnail","hentry","category-noticias"],"yoast_head":"<!-- This site is optimized with the Yoast SEO plugin v28.3 - https:\/\/yoast.com\/product\/yoast-seo-wordpress\/ -->\n<title>Metrocar es reconocido por General Motors Sudam\u00e9rica por su excelencia y desempe\u00f1o integral &#8211; QUEBAKAN.COM 2026: Noticias, Eventos, Conciertos y mucho m\u00e1s....<\/title>\n<meta name=\"robots\" content=\"index, follow, max-snippet:-1, max-image-preview:large, max-video-preview:-1\" \/>\n<link rel=\"canonical\" href=\"https:\/\/www.quebakan.com\/v15\/metrocar-es-reconocido-por-general-motors-sudamerica-por-su-excelencia-y-desempeno-integral\/\" \/>\n<meta property=\"og:locale\" content=\"es_ES\" \/>\n<meta property=\"og:type\" content=\"article\" \/>\n<meta property=\"og:title\" content=\"Metrocar es reconocido por General Motors Sudam\u00e9rica por su excelencia y desempe\u00f1o integral &#8211; QUEBAKAN.COM 2026: Noticias, Eventos, Conciertos y mucho m\u00e1s....\" \/>\n<meta property=\"og:description\" content=\"Metrocar Austro y Metrocar Manab\u00ed alcanzan la Categor\u00eda \u201cA\u201d en el desempe\u00f1o integral 2025, reafirmando el compromiso de la compa\u00f1\u00eda con la excelencia y la satisfacci\u00f3n de sus clientes Chevrolet. [Quito, Ecuador \u2013 Fecha].\u2013 Metrocar, uno de los principales concesionarios Chevrolet del Ecuador, celebra un importante reconocimiento otorgado por General Motors Sudam\u00e9rica, que distingue a [&hellip;]\" \/>\n<meta property=\"og:url\" content=\"https:\/\/www.quebakan.com\/v15\/metrocar-es-reconocido-por-general-motors-sudamerica-por-su-excelencia-y-desempeno-integral\/\" \/>\n<meta property=\"og:site_name\" content=\"QUEBAKAN.COM 2026: Noticias, Eventos, Conciertos y mucho m\u00e1s....\" \/>\n<meta property=\"article:publisher\" content=\"http:\/\/www.facebook.com\/quebakan\" \/>\n<meta property=\"article:published_time\" content=\"2026-08-31T18:03:01+00:00\" \/>\n<meta property=\"og:image\" content=\"https:\/\/www.quebakan.com\/v15\/wp-content\/uploads\/2026\/08\/Metrocar-2.jpg\" \/>\n\t<meta property=\"og:image:width\" content=\"700\" \/>\n\t<meta property=\"og:image:height\" content=\"444\" \/>\n\t<meta property=\"og:image:type\" content=\"image\/jpeg\" \/>\n<meta name=\"author\" content=\"Erick Villafuerte\" \/>\n<meta name=\"twitter:card\" content=\"summary_large_image\" \/>\n<meta name=\"twitter:creator\" content=\"@quebakanec\" \/>\n<meta name=\"twitter:site\" content=\"@quebakanec\" \/>\n<meta name=\"twitter:label1\" content=\"Escrito por\" \/>\n\t<meta name=\"twitter:data1\" content=\"Erick Villafuerte\" \/>\n\t<meta name=\"twitter:label2\" content=\"Tiempo de lectura\" \/>\n\t<meta name=\"twitter:data2\" content=\"3 minutos\" \/>\n<script type=\"application\/ld+json\" class=\"yoast-schema-graph\">{\"@context\":\"https:\\\/\\\/schema.org\",\"@graph\":[{\"@type\":\"Article\",\"@id\":\"https:\\\/\\\/www.quebakan.com\\\/v15\\\/metrocar-es-reconocido-por-general-motors-sudamerica-por-su-excelencia-y-desempeno-integral\\\/#article\",\"isPartOf\":{\"@id\":\"https:\\\/\\\/www.quebakan.com\\\/v15\\\/metrocar-es-reconocido-por-general-motors-sudamerica-por-su-excelencia-y-desempeno-integral\\\/\"},\"author\":{\"name\":\"Erick Villafuerte\",\"@id\":\"https:\\\/\\\/www.quebakan.com\\\/v15\\\/#\\\/schema\\\/person\\\/d90fa9f9cfa81eb8ace9811e5b7b9118\"},\"headline\":\"Metrocar es reconocido por General Motors Sudam\u00e9rica por su excelencia y desempe\u00f1o integral\",\"datePublished\":\"2026-08-31T18:03:01+00:00\",\"mainEntityOfPage\":{\"@id\":\"https:\\\/\\\/www.quebakan.com\\\/v15\\\/metrocar-es-reconocido-por-general-motors-sudamerica-por-su-excelencia-y-desempeno-integral\\\/\"},\"wordCount\":594,\"publisher\":{\"@id\":\"https:\\\/\\\/www.quebakan.com\\\/v15\\\/#organization\"},\"image\":{\"@id\":\"https:\\\/\\\/www.quebakan.com\\\/v15\\\/metrocar-es-reconocido-por-general-motors-sudamerica-por-su-excelencia-y-desempeno-integral\\\/#primaryimage\"},\"thumbnailUrl\":\"https:\\\/\\\/www.quebakan.com\\\/v15\\\/wp-content\\\/uploads\\\/2026\\\/08\\\/Metrocar-2.jpg\",\"articleSection\":[\"Noticias\"],\"inLanguage\":\"es\"},{\"@type\":\"WebPage\",\"@id\":\"https:\\\/\\\/www.quebakan.com\\\/v15\\\/metrocar-es-reconocido-por-general-motors-sudamerica-por-su-excelencia-y-desempeno-integral\\\/\",\"url\":\"https:\\\/\\\/www.quebakan.com\\\/v15\\\/metrocar-es-reconocido-por-general-motors-sudamerica-por-su-excelencia-y-desempeno-integral\\\/\",\"name\":\"Metrocar es reconocido por General Motors Sudam\u00e9rica por su excelencia y desempe\u00f1o integral &#8211; QUEBAKAN.COM 2026: Noticias, Eventos, Conciertos y mucho m\u00e1s....\",\"isPartOf\":{\"@id\":\"https:\\\/\\\/www.quebakan.com\\\/v15\\\/#website\"},\"primaryImageOfPage\":{\"@id\":\"https:\\\/\\\/www.quebakan.com\\\/v15\\\/metrocar-es-reconocido-por-general-motors-sudamerica-por-su-excelencia-y-desempeno-integral\\\/#primaryimage\"},\"image\":{\"@id\":\"https:\\\/\\\/www.quebakan.com\\\/v15\\\/metrocar-es-reconocido-por-general-motors-sudamerica-por-su-excelencia-y-desempeno-integral\\\/#primaryimage\"},\"thumbnailUrl\":\"https:\\\/\\\/www.quebakan.com\\\/v15\\\/wp-content\\\/uploads\\\/2026\\\/08\\\/Metrocar-2.jpg\",\"datePublished\":\"2026-08-31T18:03:01+00:00\",\"breadcrumb\":{\"@id\":\"https:\\\/\\\/www.quebakan.com\\\/v15\\\/metrocar-es-reconocido-por-general-motors-sudamerica-por-su-excelencia-y-desempeno-integral\\\/#breadcrumb\"},\"inLanguage\":\"es\",\"potentialAction\":[{\"@type\":\"ReadAction\",\"target\":[\"https:\\\/\\\/www.quebakan.com\\\/v15\\\/metrocar-es-reconocido-por-general-motors-sudamerica-por-su-excelencia-y-desempeno-integral\\\/\"]}]},{\"@type\":\"ImageObject\",\"inLanguage\":\"es\",\"@id\":\"https:\\\/\\\/www.quebakan.com\\\/v15\\\/metrocar-es-reconocido-por-general-motors-sudamerica-por-su-excelencia-y-desempeno-integral\\\/#primaryimage\",\"url\":\"https:\\\/\\\/www.quebakan.com\\\/v15\\\/wp-content\\\/uploads\\\/2026\\\/08\\\/Metrocar-2.jpg\",\"contentUrl\":\"https:\\\/\\\/www.quebakan.com\\\/v15\\\/wp-content\\\/uploads\\\/2026\\\/08\\\/Metrocar-2.jpg\",\"width\":700,\"height\":444},{\"@type\":\"BreadcrumbList\",\"@id\":\"https:\\\/\\\/www.quebakan.com\\\/v15\\\/metrocar-es-reconocido-por-general-motors-sudamerica-por-su-excelencia-y-desempeno-integral\\\/#breadcrumb\",\"itemListElement\":[{\"@type\":\"ListItem\",\"position\":1,\"name\":\"Portada\",\"item\":\"https:\\\/\\\/www.quebakan.com\\\/v15\\\/\"},{\"@type\":\"ListItem\",\"position\":2,\"name\":\"Metrocar es reconocido por General Motors Sudam\u00e9rica por su excelencia y desempe\u00f1o integral\"}]},{\"@type\":\"WebSite\",\"@id\":\"https:\\\/\\\/www.quebakan.com\\\/v15\\\/#website\",\"url\":\"https:\\\/\\\/www.quebakan.com\\\/v15\\\/\",\"name\":\"QUEBAKAN\",\"description\":\"..\",\"publisher\":{\"@id\":\"https:\\\/\\\/www.quebakan.com\\\/v15\\\/#organization\"},\"potentialAction\":[{\"@type\":\"SearchAction\",\"target\":{\"@type\":\"EntryPoint\",\"urlTemplate\":\"https:\\\/\\\/www.quebakan.com\\\/v15\\\/?s={search_term_string}\"},\"query-input\":{\"@type\":\"PropertyValueSpecification\",\"valueRequired\":true,\"valueName\":\"search_term_string\"}}],\"inLanguage\":\"es\"},{\"@type\":\"Organization\",\"@id\":\"https:\\\/\\\/www.quebakan.com\\\/v15\\\/#organization\",\"name\":\"Quebakan.com\",\"url\":\"https:\\\/\\\/www.quebakan.com\\\/v15\\\/\",\"logo\":{\"@type\":\"ImageObject\",\"inLanguage\":\"es\",\"@id\":\"https:\\\/\\\/www.quebakan.com\\\/v15\\\/#\\\/schema\\\/logo\\\/image\\\/\",\"url\":\"https:\\\/\\\/www.quebakan.com\\\/v15\\\/wp-content\\\/uploads\\\/2023\\\/07\\\/logoquebakanenero2021.jpg\",\"contentUrl\":\"https:\\\/\\\/www.quebakan.com\\\/v15\\\/wp-content\\\/uploads\\\/2023\\\/07\\\/logoquebakanenero2021.jpg\",\"width\":1920,\"height\":1080,\"caption\":\"Quebakan.com\"},\"image\":{\"@id\":\"https:\\\/\\\/www.quebakan.com\\\/v15\\\/#\\\/schema\\\/logo\\\/image\\\/\"},\"sameAs\":[\"http:\\\/\\\/www.facebook.com\\\/quebakan\",\"https:\\\/\\\/x.com\\\/quebakanec\",\"http:\\\/\\\/www.instagram.com\\\/quebakan\",\"http:\\\/\\\/www.youtube.com\\\/quebakan1\"]},{\"@type\":\"Person\",\"@id\":\"https:\\\/\\\/www.quebakan.com\\\/v15\\\/#\\\/schema\\\/person\\\/d90fa9f9cfa81eb8ace9811e5b7b9118\",\"name\":\"Erick Villafuerte\",\"image\":{\"@type\":\"ImageObject\",\"inLanguage\":\"es\",\"@id\":\"https:\\\/\\\/www.quebakan.com\\\/v15\\\/wp-content\\\/uploads\\\/avatars\\\/4\\\/1731297654-bpfull.png\",\"url\":\"https:\\\/\\\/www.quebakan.com\\\/v15\\\/wp-content\\\/uploads\\\/avatars\\\/4\\\/1731297654-bpfull.png\",\"contentUrl\":\"https:\\\/\\\/www.quebakan.com\\\/v15\\\/wp-content\\\/uploads\\\/avatars\\\/4\\\/1731297654-bpfull.png\",\"caption\":\"Erick Villafuerte\"}}]}<\/script>\n<!-- \/ Yoast SEO plugin. -->","yoast_head_json":{"title":"Metrocar es reconocido por General Motors Sudam\u00e9rica por su excelencia y desempe\u00f1o integral &#8211; QUEBAKAN.COM 2026: Noticias, Eventos, Conciertos y mucho m\u00e1s....","robots":{"index":"index","follow":"follow","max-snippet":"max-snippet:-1","max-image-preview":"max-image-preview:large","max-video-preview":"max-video-preview:-1"},"canonical":"https:\/\/www.quebakan.com\/v15\/metrocar-es-reconocido-por-general-motors-sudamerica-por-su-excelencia-y-desempeno-integral\/","og_locale":"es_ES","og_type":"article","og_title":"Metrocar es reconocido por General Motors Sudam\u00e9rica por su excelencia y desempe\u00f1o integral &#8211; QUEBAKAN.COM 2026: Noticias, Eventos, Conciertos y mucho m\u00e1s....","og_description":"Metrocar Austro y Metrocar Manab\u00ed alcanzan la Categor\u00eda \u201cA\u201d en el desempe\u00f1o integral 2025, reafirmando el compromiso de la compa\u00f1\u00eda con la excelencia y la satisfacci\u00f3n de sus clientes Chevrolet. [Quito, Ecuador \u2013 Fecha].\u2013 Metrocar, uno de los principales concesionarios Chevrolet del Ecuador, celebra un importante reconocimiento otorgado por General Motors Sudam\u00e9rica, que distingue a [&hellip;]","og_url":"https:\/\/www.quebakan.com\/v15\/metrocar-es-reconocido-por-general-motors-sudamerica-por-su-excelencia-y-desempeno-integral\/","og_site_name":"QUEBAKAN.COM 2026: Noticias, Eventos, Conciertos y mucho m\u00e1s....","article_publisher":"http:\/\/www.facebook.com\/quebakan","article_published_time":"2026-08-31T18:03:01+00:00","og_image":[{"width":700,"height":444,"url":"https:\/\/www.quebakan.com\/v15\/wp-content\/uploads\/2026\/08\/Metrocar-2.jpg","type":"image\/jpeg"}],"author":"Erick Villafuerte","twitter_card":"summary_large_image","twitter_creator":"@quebakanec","twitter_site":"@quebakanec","twitter_misc":{"Escrito por":"Erick Villafuerte","Tiempo de lectura":"3 minutos"},"schema":{"@context":"https:\/\/schema.org","@graph":[{"@type":"Article","@id":"https:\/\/www.quebakan.com\/v15\/metrocar-es-reconocido-por-general-motors-sudamerica-por-su-excelencia-y-desempeno-integral\/#article","isPartOf":{"@id":"https:\/\/www.quebakan.com\/v15\/metrocar-es-reconocido-por-general-motors-sudamerica-por-su-excelencia-y-desempeno-integral\/"},"author":{"name":"Erick Villafuerte","@id":"https:\/\/www.quebakan.com\/v15\/#\/schema\/person\/d90fa9f9cfa81eb8ace9811e5b7b9118"},"headline":"Metrocar es reconocido por General Motors Sudam\u00e9rica por su excelencia y desempe\u00f1o integral","datePublished":"2026-08-31T18:03:01+00:00","mainEntityOfPage":{"@id":"https:\/\/www.quebakan.com\/v15\/metrocar-es-reconocido-por-general-motors-sudamerica-por-su-excelencia-y-desempeno-integral\/"},"wordCount":594,"publisher":{"@id":"https:\/\/www.quebakan.com\/v15\/#organization"},"image":{"@id":"https:\/\/www.quebakan.com\/v15\/metrocar-es-reconocido-por-general-motors-sudamerica-por-su-excelencia-y-desempeno-integral\/#primaryimage"},"thumbnailUrl":"https:\/\/www.quebakan.com\/v15\/wp-content\/uploads\/2026\/08\/Metrocar-2.jpg","articleSection":["Noticias"],"inLanguage":"es"},{"@type":"WebPage","@id":"https:\/\/www.quebakan.com\/v15\/metrocar-es-reconocido-por-general-motors-sudamerica-por-su-excelencia-y-desempeno-integral\/","url":"https:\/\/www.quebakan.com\/v15\/metrocar-es-reconocido-por-general-motors-sudamerica-por-su-excelencia-y-desempeno-integral\/","name":"Metrocar es reconocido por General Motors Sudam\u00e9rica por su excelencia y desempe\u00f1o integral &#8211; QUEBAKAN.COM 2026: Noticias, Eventos, Conciertos y mucho m\u00e1s....","isPartOf":{"@id":"https:\/\/www.quebakan.com\/v15\/#website"},"primaryImageOfPage":{"@id":"https:\/\/www.quebakan.com\/v15\/metrocar-es-reconocido-por-general-motors-sudamerica-por-su-excelencia-y-desempeno-integral\/#primaryimage"},"image":{"@id":"https:\/\/www.quebakan.com\/v15\/metrocar-es-reconocido-por-general-motors-sudamerica-por-su-excelencia-y-desempeno-integral\/#primaryimage"},"thumbnailUrl":"https:\/\/www.quebakan.com\/v15\/wp-content\/uploads\/2026\/08\/Metrocar-2.jpg","datePublished":"2026-08-31T18:03:01+00:00","breadcrumb":{"@id":"https:\/\/www.quebakan.com\/v15\/metrocar-es-reconocido-por-general-motors-sudamerica-por-su-excelencia-y-desempeno-integral\/#breadcrumb"},"inLanguage":"es","potentialAction":[{"@type":"ReadAction","target":["https:\/\/www.quebakan.com\/v15\/metrocar-es-reconocido-por-general-motors-sudamerica-por-su-excelencia-y-desempeno-integral\/"]}]},{"@type":"ImageObject","inLanguage":"es","@id":"https:\/\/www.quebakan.com\/v15\/metrocar-es-reconocido-por-general-motors-sudamerica-por-su-excelencia-y-desempeno-integral\/#primaryimage","url":"https:\/\/www.quebakan.com\/v15\/wp-content\/uploads\/2026\/08\/Metrocar-2.jpg","contentUrl":"https:\/\/www.quebakan.com\/v15\/wp-content\/uploads\/2026\/08\/Metrocar-2.jpg","width":700,"height":444},{"@type":"BreadcrumbList","@id":"https:\/\/www.quebakan.com\/v15\/metrocar-es-reconocido-por-general-motors-sudamerica-por-su-excelencia-y-desempeno-integral\/#breadcrumb","itemListElement":[{"@type":"ListItem","position":1,"name":"Portada","item":"https:\/\/www.quebakan.com\/v15\/"},{"@type":"ListItem","position":2,"name":"Metrocar es reconocido por General Motors Sudam\u00e9rica por su excelencia y desempe\u00f1o integral"}]},{"@type":"WebSite","@id":"https:\/\/www.quebakan.com\/v15\/#website","url":"https:\/\/www.quebakan.com\/v15\/","name":"QUEBAKAN","description":"..","publisher":{"@id":"https:\/\/www.quebakan.com\/v15\/#organization"},"potentialAction":[{"@type":"SearchAction","target":{"@type":"EntryPoint","urlTemplate":"https:\/\/www.quebakan.com\/v15\/?s={search_term_string}"},"query-input":{"@type":"PropertyValueSpecification","valueRequired":true,"valueName":"search_term_string"}}],"inLanguage":"es"},{"@type":"Organization","@id":"https:\/\/www.quebakan.com\/v15\/#organization","name":"Quebakan.com","url":"https:\/\/www.quebakan.com\/v15\/","logo":{"@type":"ImageObject","inLanguage":"es","@id":"https:\/\/www.quebakan.com\/v15\/#\/schema\/logo\/image\/","url":"https:\/\/www.quebakan.com\/v15\/wp-content\/uploads\/2023\/07\/logoquebakanenero2021.jpg","contentUrl":"https:\/\/www.quebakan.com\/v15\/wp-content\/uploads\/2023\/07\/logoquebakanenero2021.jpg","width":1920,"height":1080,"caption":"Quebakan.com"},"image":{"@id":"https:\/\/www.quebakan.com\/v15\/#\/schema\/logo\/image\/"},"sameAs":["http:\/\/www.facebook.com\/quebakan","https:\/\/x.com\/quebakanec","http:\/\/www.instagram.com\/quebakan","http:\/\/www.youtube.com\/quebakan1"]},{"@type":"Person","@id":"https:\/\/www.quebakan.com\/v15\/#\/schema\/person\/d90fa9f9cfa81eb8ace9811e5b7b9118","name":"Erick Villafuerte","image":{"@type":"ImageObject","inLanguage":"es","@id":"https:\/\/www.quebakan.com\/v15\/wp-content\/uploads\/avatars\/4\/1731297654-bpfull.png","url":"https:\/\/www.quebakan.com\/v15\/wp-content\/uploads\/avatars\/4\/1731297654-bpfull.png","contentUrl":"https:\/\/www.quebakan.com\/v15\/wp-content\/uploads\/avatars\/4\/1731297654-bpfull.png","caption":"Erick Villafuerte"}}]}},"_links":{"self":[{"href":"https:\/\/www.quebakan.com\/v15\/wp-json\/wp\/v2\/posts\/146176","targetHints":{"allow":["GET"]}}],"collection":[{"href":"https:\/\/www.quebakan.com\/v15\/wp-json\/wp\/v2\/posts"}],"about":[{"href":"https:\/\/www.quebakan.com\/v15\/wp-json\/wp\/v2\/types\/post"}],"author":[{"embeddable":true,"href":"https:\/\/www.quebakan.com\/v15\/wp-json\/wp\/v2\/users\/4"}],"replies":[{"embeddable":true,"href":"https:\/\/www.quebakan.com\/v15\/wp-json\/wp\/v2\/comments?post=146176"}],"version-history":[{"count":1,"href":"https:\/\/www.quebakan.com\/v15\/wp-json\/wp\/v2\/posts\/146176\/revisions"}],"predecessor-version":[{"id":146178,"href":"https:\/\/www.quebakan.com\/v15\/wp-json\/wp\/v2\/posts\/146176\/revisions\/146178"}],"wp:featuredmedia":[{"embeddable":true,"href":"https:\/\/www.quebakan.com\/v15\/wp-json\/wp\/v2\/media\/146177"}],"wp:attachment":[{"href":"https:\/\/www.quebakan.com\/v15\/wp-json\/wp\/v2\/media?parent=146176"}],"wp:term":[{"taxonomy":"category","embeddable":true,"href":"https:\/\/www.quebakan.com\/v15\/wp-json\/wp\/v2\/categories?post=146176"},{"taxonomy":"post_tag","embeddable":true,"href":"https:\/\/www.quebakan.com\/v15\/wp-json\/wp\/v2\/tags?post=146176"}],"curies":[{"name":"wp","href":"https:\/\/api.w.org\/{rel}","templated":true}]}}