{"id":146187,"date":"2026-08-31T14:42:57","date_gmt":"2026-08-31T19:42:57","guid":{"rendered":"https:\/\/www.quebakan.com\/v15\/?p=146187"},"modified":"2026-08-31T14:42:57","modified_gmt":"2026-08-31T19:42:57","slug":"telconet-latam-inaugura-su-tercer-centro-de-datos-reafirmando-su-compromiso-con-la-innovacion-y-la-infraestructura-tecnologica-del-ecuador","status":"publish","type":"post","link":"https:\/\/www.quebakan.com\/v15\/telconet-latam-inaugura-su-tercer-centro-de-datos-reafirmando-su-compromiso-con-la-innovacion-y-la-infraestructura-tecnologica-del-ecuador\/","title":{"rendered":"TELCONET LATAM INAUGURA SU TERCER CENTRO DE DATOS  REAFIRMANDO SU COMPROMISO CON LA INNOVACI\u00d3N Y LA INFRAESTRUCTURA TECNOL\u00d3GICA DEL ECUADOR"},"content":{"rendered":"<p><img fetchpriority=\"high\" decoding=\"async\" class=\"aligncenter size-full wp-image-146188\" src=\"https:\/\/www.quebakan.com\/v15\/wp-content\/uploads\/2026\/08\/TCC3.jpg\" alt=\"\" width=\"700\" height=\"368\" \/><\/p>\n<ul>\n<li style=\"text-align: justify;\"><span style=\"color: #000000;\"><strong><em>Guayaquil y Quito fueron escenario de la inauguraci\u00f3n del Telconet Cloud Center III, un nuevo hito en la evoluci\u00f3n de la infraestructura tecnol\u00f3gica de Telconet Latam.<\/em><\/strong><\/span><\/li>\n<\/ul>\n<p style=\"text-align: justify;\"><span style=\"color: #000000;\">Telconet Latam inaugur\u00f3 oficialmente su tercer Centro de Datos<strong>, Telconet Cloud Center III<\/strong>, consolidando su apuesta por el desarrollo de infraestructura tecnol\u00f3gica de alta disponibilidad, seguridad y eficiencia para acompa\u00f1ar las necesidades de transformaci\u00f3n digital de las organizaciones en Ecuador.<\/span><\/p>\n<p style=\"text-align: justify;\"><span style=\"color: #000000;\">Este nuevo Centro de Datos representa un importante hito para la compa\u00f1\u00eda y es resultado del trabajo conjunto de equipos especializados, aliados tecnol\u00f3gicos y clientes que conf\u00edan en la infraestructura de Telconet Latam para soportar sus operaciones cr\u00edticas. Su implementaci\u00f3n incorpora est\u00e1ndares internacionales que respaldan la calidad y confiabilidad de la infraestructura.<\/span><\/p>\n<p style=\"text-align: justify;\"><span style=\"color: #000000;\">Durante las jornadas de inauguraci\u00f3n realizadas en <strong>Guayaquil y Quito<\/strong>, se comparti\u00f3 con clientes, aliados y representantes de la compa\u00f1\u00eda la visi\u00f3n detr\u00e1s de este nuevo espacio tecnol\u00f3gico y la importancia de continuar fortaleciendo las capacidades de infraestructura que requiere el ecosistema digital del pa\u00eds.<\/span><\/p>\n<p style=\"text-align: justify;\"><span style=\"color: #000000;\">Como parte de esta celebraci\u00f3n, tambi\u00e9n se realiz\u00f3 un reconocimiento a clientes por<strong> \u201cLa excelencia y la eficiencia operativa en el uso de la infraestructura de los Centros de Datos de Telconet Latam\u201d<\/strong>, destacando su confianza y la manera en que aprovechan estas capacidades para impulsar sus operaciones.<\/span><\/p>\n<p style=\"text-align: justify;\"><span style=\"color: #000000;\">La jornada incluy\u00f3 adem\u00e1s un reconocimiento especial al <strong>Ing. Tomislav Topic <\/strong>por parte de la C\u00e1mara Comercio de Guayaquil, en el marco de la inauguraci\u00f3n, destacando el aporte y compromiso de quienes han sido parte de la evoluci\u00f3n de la infraestructura tecnol\u00f3gica de Telconet Latam.<\/span><\/p>\n<p style=\"text-align: justify;\"><span style=\"color: #000000;\">El proyecto tambi\u00e9n cuenta con el respaldo de importantes aliados tecnol\u00f3gicos. Entre ellos, <strong>Siemon&#x2122; <\/strong>que reconoci\u00f3 a Telconet Latam por la implementaci\u00f3n de la infraestructura tecnol\u00f3gica de su tercer Centro de Datos en Guayaquil, destacando el cumplimiento de est\u00e1ndares como TIA-942, TIA-568 e ISO\/IEC 22237.<\/span><\/p>\n<p style=\"text-align: justify;\"><span style=\"color: #000000;\">La inauguraci\u00f3n del <strong>Telconet Cloud Center III<\/strong> marca as\u00ed un nuevo cap\u00edtulo para Telconet Latam: continuar construyendo infraestructura preparada para los desaf\u00edos actuales y futuros, fortaleciendo su capacidad de acompa\u00f1ar a empresas e instituciones en sus procesos de transformaci\u00f3n digital.<\/span><\/p>\n","protected":false},"excerpt":{"rendered":"<p>Guayaquil y Quito fueron escenario de la inauguraci\u00f3n del Telconet Cloud Center III, un nuevo hito en la evoluci\u00f3n de la infraestructura tecnol\u00f3gica de Telconet Latam. Telconet Latam inaugur\u00f3 oficialmente su tercer Centro de Datos, Telconet Cloud Center III, consolidando su apuesta por el desarrollo de infraestructura tecnol\u00f3gica de alta disponibilidad, seguridad y eficiencia para [&hellip;]<\/p>\n","protected":false},"author":4,"featured_media":146188,"comment_status":"closed","ping_status":"closed","sticky":false,"template":"","format":"standard","meta":{"_bbp_topic_count":0,"_bbp_reply_count":0,"_bbp_total_topic_count":0,"_bbp_total_reply_count":0,"_bbp_voice_count":0,"_bbp_anonymous_reply_count":0,"_bbp_topic_count_hidden":0,"_bbp_reply_count_hidden":0,"_bbp_forum_subforum_count":0,"buzzeditor_post_format":"","footnotes":""},"categories":[2],"tags":[],"class_list":["post-146187","post","type-post","status-publish","format-standard","has-post-thumbnail","hentry","category-noticias"],"yoast_head":"<!-- This site is optimized with the Yoast SEO plugin v28.3 - https:\/\/yoast.com\/product\/yoast-seo-wordpress\/ -->\n<title>TELCONET LATAM INAUGURA SU TERCER CENTRO DE DATOS REAFIRMANDO SU COMPROMISO CON LA INNOVACI\u00d3N Y LA INFRAESTRUCTURA TECNOL\u00d3GICA DEL ECUADOR &#8211; QUEBAKAN.COM 2026: Noticias, Eventos, Conciertos y mucho m\u00e1s....<\/title>\n<meta name=\"robots\" content=\"index, follow, max-snippet:-1, max-image-preview:large, max-video-preview:-1\" \/>\n<link rel=\"canonical\" href=\"https:\/\/www.quebakan.com\/v15\/telconet-latam-inaugura-su-tercer-centro-de-datos-reafirmando-su-compromiso-con-la-innovacion-y-la-infraestructura-tecnologica-del-ecuador\/\" \/>\n<meta property=\"og:locale\" content=\"es_ES\" \/>\n<meta property=\"og:type\" content=\"article\" \/>\n<meta property=\"og:title\" content=\"TELCONET LATAM INAUGURA SU TERCER CENTRO DE DATOS REAFIRMANDO SU COMPROMISO CON LA INNOVACI\u00d3N Y LA INFRAESTRUCTURA TECNOL\u00d3GICA DEL ECUADOR &#8211; QUEBAKAN.COM 2026: Noticias, Eventos, Conciertos y mucho m\u00e1s....\" \/>\n<meta property=\"og:description\" content=\"Guayaquil y Quito fueron escenario de la inauguraci\u00f3n del Telconet Cloud Center III, un nuevo hito en la evoluci\u00f3n de la infraestructura tecnol\u00f3gica de Telconet Latam. Telconet Latam inaugur\u00f3 oficialmente su tercer Centro de Datos, Telconet Cloud Center III, consolidando su apuesta por el desarrollo de infraestructura tecnol\u00f3gica de alta disponibilidad, seguridad y eficiencia para [&hellip;]\" \/>\n<meta property=\"og:url\" content=\"https:\/\/www.quebakan.com\/v15\/telconet-latam-inaugura-su-tercer-centro-de-datos-reafirmando-su-compromiso-con-la-innovacion-y-la-infraestructura-tecnologica-del-ecuador\/\" \/>\n<meta property=\"og:site_name\" content=\"QUEBAKAN.COM 2026: Noticias, Eventos, Conciertos y mucho m\u00e1s....\" \/>\n<meta property=\"article:publisher\" content=\"http:\/\/www.facebook.com\/quebakan\" \/>\n<meta property=\"article:published_time\" content=\"2026-08-31T19:42:57+00:00\" \/>\n<meta property=\"og:image\" content=\"https:\/\/www.quebakan.com\/v15\/wp-content\/uploads\/2026\/08\/TCC3.jpg\" \/>\n\t<meta property=\"og:image:width\" content=\"700\" \/>\n\t<meta property=\"og:image:height\" content=\"368\" \/>\n\t<meta property=\"og:image:type\" content=\"image\/jpeg\" \/>\n<meta name=\"author\" content=\"Erick Villafuerte\" \/>\n<meta name=\"twitter:card\" content=\"summary_large_image\" \/>\n<meta name=\"twitter:creator\" content=\"@quebakanec\" \/>\n<meta name=\"twitter:site\" content=\"@quebakanec\" \/>\n<meta name=\"twitter:label1\" content=\"Escrito por\" \/>\n\t<meta name=\"twitter:data1\" content=\"Erick Villafuerte\" \/>\n\t<meta name=\"twitter:label2\" content=\"Tiempo de lectura\" \/>\n\t<meta name=\"twitter:data2\" content=\"2 minutos\" \/>\n<script type=\"application\/ld+json\" class=\"yoast-schema-graph\">{\"@context\":\"https:\\\/\\\/schema.org\",\"@graph\":[{\"@type\":\"Article\",\"@id\":\"https:\\\/\\\/www.quebakan.com\\\/v15\\\/telconet-latam-inaugura-su-tercer-centro-de-datos-reafirmando-su-compromiso-con-la-innovacion-y-la-infraestructura-tecnologica-del-ecuador\\\/#article\",\"isPartOf\":{\"@id\":\"https:\\\/\\\/www.quebakan.com\\\/v15\\\/telconet-latam-inaugura-su-tercer-centro-de-datos-reafirmando-su-compromiso-con-la-innovacion-y-la-infraestructura-tecnologica-del-ecuador\\\/\"},\"author\":{\"name\":\"Erick Villafuerte\",\"@id\":\"https:\\\/\\\/www.quebakan.com\\\/v15\\\/#\\\/schema\\\/person\\\/d90fa9f9cfa81eb8ace9811e5b7b9118\"},\"headline\":\"TELCONET LATAM INAUGURA SU TERCER CENTRO DE DATOS REAFIRMANDO SU COMPROMISO CON LA INNOVACI\u00d3N Y LA INFRAESTRUCTURA TECNOL\u00d3GICA DEL ECUADOR\",\"datePublished\":\"2026-08-31T19:42:57+00:00\",\"mainEntityOfPage\":{\"@id\":\"https:\\\/\\\/www.quebakan.com\\\/v15\\\/telconet-latam-inaugura-su-tercer-centro-de-datos-reafirmando-su-compromiso-con-la-innovacion-y-la-infraestructura-tecnologica-del-ecuador\\\/\"},\"wordCount\":399,\"publisher\":{\"@id\":\"https:\\\/\\\/www.quebakan.com\\\/v15\\\/#organization\"},\"image\":{\"@id\":\"https:\\\/\\\/www.quebakan.com\\\/v15\\\/telconet-latam-inaugura-su-tercer-centro-de-datos-reafirmando-su-compromiso-con-la-innovacion-y-la-infraestructura-tecnologica-del-ecuador\\\/#primaryimage\"},\"thumbnailUrl\":\"https:\\\/\\\/www.quebakan.com\\\/v15\\\/wp-content\\\/uploads\\\/2026\\\/08\\\/TCC3.jpg\",\"articleSection\":[\"Noticias\"],\"inLanguage\":\"es\"},{\"@type\":\"WebPage\",\"@id\":\"https:\\\/\\\/www.quebakan.com\\\/v15\\\/telconet-latam-inaugura-su-tercer-centro-de-datos-reafirmando-su-compromiso-con-la-innovacion-y-la-infraestructura-tecnologica-del-ecuador\\\/\",\"url\":\"https:\\\/\\\/www.quebakan.com\\\/v15\\\/telconet-latam-inaugura-su-tercer-centro-de-datos-reafirmando-su-compromiso-con-la-innovacion-y-la-infraestructura-tecnologica-del-ecuador\\\/\",\"name\":\"TELCONET LATAM INAUGURA SU TERCER CENTRO DE DATOS REAFIRMANDO SU COMPROMISO CON LA INNOVACI\u00d3N Y LA INFRAESTRUCTURA TECNOL\u00d3GICA DEL ECUADOR &#8211; QUEBAKAN.COM 2026: Noticias, Eventos, Conciertos y mucho m\u00e1s....\",\"isPartOf\":{\"@id\":\"https:\\\/\\\/www.quebakan.com\\\/v15\\\/#website\"},\"primaryImageOfPage\":{\"@id\":\"https:\\\/\\\/www.quebakan.com\\\/v15\\\/telconet-latam-inaugura-su-tercer-centro-de-datos-reafirmando-su-compromiso-con-la-innovacion-y-la-infraestructura-tecnologica-del-ecuador\\\/#primaryimage\"},\"image\":{\"@id\":\"https:\\\/\\\/www.quebakan.com\\\/v15\\\/telconet-latam-inaugura-su-tercer-centro-de-datos-reafirmando-su-compromiso-con-la-innovacion-y-la-infraestructura-tecnologica-del-ecuador\\\/#primaryimage\"},\"thumbnailUrl\":\"https:\\\/\\\/www.quebakan.com\\\/v15\\\/wp-content\\\/uploads\\\/2026\\\/08\\\/TCC3.jpg\",\"datePublished\":\"2026-08-31T19:42:57+00:00\",\"breadcrumb\":{\"@id\":\"https:\\\/\\\/www.quebakan.com\\\/v15\\\/telconet-latam-inaugura-su-tercer-centro-de-datos-reafirmando-su-compromiso-con-la-innovacion-y-la-infraestructura-tecnologica-del-ecuador\\\/#breadcrumb\"},\"inLanguage\":\"es\",\"potentialAction\":[{\"@type\":\"ReadAction\",\"target\":[\"https:\\\/\\\/www.quebakan.com\\\/v15\\\/telconet-latam-inaugura-su-tercer-centro-de-datos-reafirmando-su-compromiso-con-la-innovacion-y-la-infraestructura-tecnologica-del-ecuador\\\/\"]}]},{\"@type\":\"ImageObject\",\"inLanguage\":\"es\",\"@id\":\"https:\\\/\\\/www.quebakan.com\\\/v15\\\/telconet-latam-inaugura-su-tercer-centro-de-datos-reafirmando-su-compromiso-con-la-innovacion-y-la-infraestructura-tecnologica-del-ecuador\\\/#primaryimage\",\"url\":\"https:\\\/\\\/www.quebakan.com\\\/v15\\\/wp-content\\\/uploads\\\/2026\\\/08\\\/TCC3.jpg\",\"contentUrl\":\"https:\\\/\\\/www.quebakan.com\\\/v15\\\/wp-content\\\/uploads\\\/2026\\\/08\\\/TCC3.jpg\",\"width\":700,\"height\":368},{\"@type\":\"BreadcrumbList\",\"@id\":\"https:\\\/\\\/www.quebakan.com\\\/v15\\\/telconet-latam-inaugura-su-tercer-centro-de-datos-reafirmando-su-compromiso-con-la-innovacion-y-la-infraestructura-tecnologica-del-ecuador\\\/#breadcrumb\",\"itemListElement\":[{\"@type\":\"ListItem\",\"position\":1,\"name\":\"Portada\",\"item\":\"https:\\\/\\\/www.quebakan.com\\\/v15\\\/\"},{\"@type\":\"ListItem\",\"position\":2,\"name\":\"TELCONET LATAM INAUGURA SU TERCER CENTRO DE DATOS REAFIRMANDO SU COMPROMISO CON LA INNOVACI\u00d3N Y LA INFRAESTRUCTURA TECNOL\u00d3GICA DEL ECUADOR\"}]},{\"@type\":\"WebSite\",\"@id\":\"https:\\\/\\\/www.quebakan.com\\\/v15\\\/#website\",\"url\":\"https:\\\/\\\/www.quebakan.com\\\/v15\\\/\",\"name\":\"QUEBAKAN\",\"description\":\"..\",\"publisher\":{\"@id\":\"https:\\\/\\\/www.quebakan.com\\\/v15\\\/#organization\"},\"potentialAction\":[{\"@type\":\"SearchAction\",\"target\":{\"@type\":\"EntryPoint\",\"urlTemplate\":\"https:\\\/\\\/www.quebakan.com\\\/v15\\\/?s={search_term_string}\"},\"query-input\":{\"@type\":\"PropertyValueSpecification\",\"valueRequired\":true,\"valueName\":\"search_term_string\"}}],\"inLanguage\":\"es\"},{\"@type\":\"Organization\",\"@id\":\"https:\\\/\\\/www.quebakan.com\\\/v15\\\/#organization\",\"name\":\"Quebakan.com\",\"url\":\"https:\\\/\\\/www.quebakan.com\\\/v15\\\/\",\"logo\":{\"@type\":\"ImageObject\",\"inLanguage\":\"es\",\"@id\":\"https:\\\/\\\/www.quebakan.com\\\/v15\\\/#\\\/schema\\\/logo\\\/image\\\/\",\"url\":\"https:\\\/\\\/www.quebakan.com\\\/v15\\\/wp-content\\\/uploads\\\/2023\\\/07\\\/logoquebakanenero2021.jpg\",\"contentUrl\":\"https:\\\/\\\/www.quebakan.com\\\/v15\\\/wp-content\\\/uploads\\\/2023\\\/07\\\/logoquebakanenero2021.jpg\",\"width\":1920,\"height\":1080,\"caption\":\"Quebakan.com\"},\"image\":{\"@id\":\"https:\\\/\\\/www.quebakan.com\\\/v15\\\/#\\\/schema\\\/logo\\\/image\\\/\"},\"sameAs\":[\"http:\\\/\\\/www.facebook.com\\\/quebakan\",\"https:\\\/\\\/x.com\\\/quebakanec\",\"http:\\\/\\\/www.instagram.com\\\/quebakan\",\"http:\\\/\\\/www.youtube.com\\\/quebakan1\"]},{\"@type\":\"Person\",\"@id\":\"https:\\\/\\\/www.quebakan.com\\\/v15\\\/#\\\/schema\\\/person\\\/d90fa9f9cfa81eb8ace9811e5b7b9118\",\"name\":\"Erick Villafuerte\",\"image\":{\"@type\":\"ImageObject\",\"inLanguage\":\"es\",\"@id\":\"https:\\\/\\\/www.quebakan.com\\\/v15\\\/wp-content\\\/uploads\\\/avatars\\\/4\\\/1731297654-bpfull.png\",\"url\":\"https:\\\/\\\/www.quebakan.com\\\/v15\\\/wp-content\\\/uploads\\\/avatars\\\/4\\\/1731297654-bpfull.png\",\"contentUrl\":\"https:\\\/\\\/www.quebakan.com\\\/v15\\\/wp-content\\\/uploads\\\/avatars\\\/4\\\/1731297654-bpfull.png\",\"caption\":\"Erick Villafuerte\"}}]}<\/script>\n<!-- \/ Yoast SEO plugin. -->","yoast_head_json":{"title":"TELCONET LATAM INAUGURA SU TERCER CENTRO DE DATOS REAFIRMANDO SU COMPROMISO CON LA INNOVACI\u00d3N Y LA INFRAESTRUCTURA TECNOL\u00d3GICA DEL ECUADOR &#8211; QUEBAKAN.COM 2026: Noticias, Eventos, Conciertos y mucho m\u00e1s....","robots":{"index":"index","follow":"follow","max-snippet":"max-snippet:-1","max-image-preview":"max-image-preview:large","max-video-preview":"max-video-preview:-1"},"canonical":"https:\/\/www.quebakan.com\/v15\/telconet-latam-inaugura-su-tercer-centro-de-datos-reafirmando-su-compromiso-con-la-innovacion-y-la-infraestructura-tecnologica-del-ecuador\/","og_locale":"es_ES","og_type":"article","og_title":"TELCONET LATAM INAUGURA SU TERCER CENTRO DE DATOS REAFIRMANDO SU COMPROMISO CON LA INNOVACI\u00d3N Y LA INFRAESTRUCTURA TECNOL\u00d3GICA DEL ECUADOR &#8211; QUEBAKAN.COM 2026: Noticias, Eventos, Conciertos y mucho m\u00e1s....","og_description":"Guayaquil y Quito fueron escenario de la inauguraci\u00f3n del Telconet Cloud Center III, un nuevo hito en la evoluci\u00f3n de la infraestructura tecnol\u00f3gica de Telconet Latam. Telconet Latam inaugur\u00f3 oficialmente su tercer Centro de Datos, Telconet Cloud Center III, consolidando su apuesta por el desarrollo de infraestructura tecnol\u00f3gica de alta disponibilidad, seguridad y eficiencia para [&hellip;]","og_url":"https:\/\/www.quebakan.com\/v15\/telconet-latam-inaugura-su-tercer-centro-de-datos-reafirmando-su-compromiso-con-la-innovacion-y-la-infraestructura-tecnologica-del-ecuador\/","og_site_name":"QUEBAKAN.COM 2026: Noticias, Eventos, Conciertos y mucho m\u00e1s....","article_publisher":"http:\/\/www.facebook.com\/quebakan","article_published_time":"2026-08-31T19:42:57+00:00","og_image":[{"width":700,"height":368,"url":"https:\/\/www.quebakan.com\/v15\/wp-content\/uploads\/2026\/08\/TCC3.jpg","type":"image\/jpeg"}],"author":"Erick Villafuerte","twitter_card":"summary_large_image","twitter_creator":"@quebakanec","twitter_site":"@quebakanec","twitter_misc":{"Escrito por":"Erick Villafuerte","Tiempo de lectura":"2 minutos"},"schema":{"@context":"https:\/\/schema.org","@graph":[{"@type":"Article","@id":"https:\/\/www.quebakan.com\/v15\/telconet-latam-inaugura-su-tercer-centro-de-datos-reafirmando-su-compromiso-con-la-innovacion-y-la-infraestructura-tecnologica-del-ecuador\/#article","isPartOf":{"@id":"https:\/\/www.quebakan.com\/v15\/telconet-latam-inaugura-su-tercer-centro-de-datos-reafirmando-su-compromiso-con-la-innovacion-y-la-infraestructura-tecnologica-del-ecuador\/"},"author":{"name":"Erick Villafuerte","@id":"https:\/\/www.quebakan.com\/v15\/#\/schema\/person\/d90fa9f9cfa81eb8ace9811e5b7b9118"},"headline":"TELCONET LATAM INAUGURA SU TERCER CENTRO DE DATOS REAFIRMANDO SU COMPROMISO CON LA INNOVACI\u00d3N Y LA INFRAESTRUCTURA TECNOL\u00d3GICA DEL ECUADOR","datePublished":"2026-08-31T19:42:57+00:00","mainEntityOfPage":{"@id":"https:\/\/www.quebakan.com\/v15\/telconet-latam-inaugura-su-tercer-centro-de-datos-reafirmando-su-compromiso-con-la-innovacion-y-la-infraestructura-tecnologica-del-ecuador\/"},"wordCount":399,"publisher":{"@id":"https:\/\/www.quebakan.com\/v15\/#organization"},"image":{"@id":"https:\/\/www.quebakan.com\/v15\/telconet-latam-inaugura-su-tercer-centro-de-datos-reafirmando-su-compromiso-con-la-innovacion-y-la-infraestructura-tecnologica-del-ecuador\/#primaryimage"},"thumbnailUrl":"https:\/\/www.quebakan.com\/v15\/wp-content\/uploads\/2026\/08\/TCC3.jpg","articleSection":["Noticias"],"inLanguage":"es"},{"@type":"WebPage","@id":"https:\/\/www.quebakan.com\/v15\/telconet-latam-inaugura-su-tercer-centro-de-datos-reafirmando-su-compromiso-con-la-innovacion-y-la-infraestructura-tecnologica-del-ecuador\/","url":"https:\/\/www.quebakan.com\/v15\/telconet-latam-inaugura-su-tercer-centro-de-datos-reafirmando-su-compromiso-con-la-innovacion-y-la-infraestructura-tecnologica-del-ecuador\/","name":"TELCONET LATAM INAUGURA SU TERCER CENTRO DE DATOS REAFIRMANDO SU COMPROMISO CON LA INNOVACI\u00d3N Y LA INFRAESTRUCTURA TECNOL\u00d3GICA DEL ECUADOR &#8211; QUEBAKAN.COM 2026: Noticias, Eventos, Conciertos y mucho m\u00e1s....","isPartOf":{"@id":"https:\/\/www.quebakan.com\/v15\/#website"},"primaryImageOfPage":{"@id":"https:\/\/www.quebakan.com\/v15\/telconet-latam-inaugura-su-tercer-centro-de-datos-reafirmando-su-compromiso-con-la-innovacion-y-la-infraestructura-tecnologica-del-ecuador\/#primaryimage"},"image":{"@id":"https:\/\/www.quebakan.com\/v15\/telconet-latam-inaugura-su-tercer-centro-de-datos-reafirmando-su-compromiso-con-la-innovacion-y-la-infraestructura-tecnologica-del-ecuador\/#primaryimage"},"thumbnailUrl":"https:\/\/www.quebakan.com\/v15\/wp-content\/uploads\/2026\/08\/TCC3.jpg","datePublished":"2026-08-31T19:42:57+00:00","breadcrumb":{"@id":"https:\/\/www.quebakan.com\/v15\/telconet-latam-inaugura-su-tercer-centro-de-datos-reafirmando-su-compromiso-con-la-innovacion-y-la-infraestructura-tecnologica-del-ecuador\/#breadcrumb"},"inLanguage":"es","potentialAction":[{"@type":"ReadAction","target":["https:\/\/www.quebakan.com\/v15\/telconet-latam-inaugura-su-tercer-centro-de-datos-reafirmando-su-compromiso-con-la-innovacion-y-la-infraestructura-tecnologica-del-ecuador\/"]}]},{"@type":"ImageObject","inLanguage":"es","@id":"https:\/\/www.quebakan.com\/v15\/telconet-latam-inaugura-su-tercer-centro-de-datos-reafirmando-su-compromiso-con-la-innovacion-y-la-infraestructura-tecnologica-del-ecuador\/#primaryimage","url":"https:\/\/www.quebakan.com\/v15\/wp-content\/uploads\/2026\/08\/TCC3.jpg","contentUrl":"https:\/\/www.quebakan.com\/v15\/wp-content\/uploads\/2026\/08\/TCC3.jpg","width":700,"height":368},{"@type":"BreadcrumbList","@id":"https:\/\/www.quebakan.com\/v15\/telconet-latam-inaugura-su-tercer-centro-de-datos-reafirmando-su-compromiso-con-la-innovacion-y-la-infraestructura-tecnologica-del-ecuador\/#breadcrumb","itemListElement":[{"@type":"ListItem","position":1,"name":"Portada","item":"https:\/\/www.quebakan.com\/v15\/"},{"@type":"ListItem","position":2,"name":"TELCONET LATAM INAUGURA SU TERCER CENTRO DE DATOS REAFIRMANDO SU COMPROMISO CON LA INNOVACI\u00d3N Y LA INFRAESTRUCTURA TECNOL\u00d3GICA DEL ECUADOR"}]},{"@type":"WebSite","@id":"https:\/\/www.quebakan.com\/v15\/#website","url":"https:\/\/www.quebakan.com\/v15\/","name":"QUEBAKAN","description":"..","publisher":{"@id":"https:\/\/www.quebakan.com\/v15\/#organization"},"potentialAction":[{"@type":"SearchAction","target":{"@type":"EntryPoint","urlTemplate":"https:\/\/www.quebakan.com\/v15\/?s={search_term_string}"},"query-input":{"@type":"PropertyValueSpecification","valueRequired":true,"valueName":"search_term_string"}}],"inLanguage":"es"},{"@type":"Organization","@id":"https:\/\/www.quebakan.com\/v15\/#organization","name":"Quebakan.com","url":"https:\/\/www.quebakan.com\/v15\/","logo":{"@type":"ImageObject","inLanguage":"es","@id":"https:\/\/www.quebakan.com\/v15\/#\/schema\/logo\/image\/","url":"https:\/\/www.quebakan.com\/v15\/wp-content\/uploads\/2023\/07\/logoquebakanenero2021.jpg","contentUrl":"https:\/\/www.quebakan.com\/v15\/wp-content\/uploads\/2023\/07\/logoquebakanenero2021.jpg","width":1920,"height":1080,"caption":"Quebakan.com"},"image":{"@id":"https:\/\/www.quebakan.com\/v15\/#\/schema\/logo\/image\/"},"sameAs":["http:\/\/www.facebook.com\/quebakan","https:\/\/x.com\/quebakanec","http:\/\/www.instagram.com\/quebakan","http:\/\/www.youtube.com\/quebakan1"]},{"@type":"Person","@id":"https:\/\/www.quebakan.com\/v15\/#\/schema\/person\/d90fa9f9cfa81eb8ace9811e5b7b9118","name":"Erick Villafuerte","image":{"@type":"ImageObject","inLanguage":"es","@id":"https:\/\/www.quebakan.com\/v15\/wp-content\/uploads\/avatars\/4\/1731297654-bpfull.png","url":"https:\/\/www.quebakan.com\/v15\/wp-content\/uploads\/avatars\/4\/1731297654-bpfull.png","contentUrl":"https:\/\/www.quebakan.com\/v15\/wp-content\/uploads\/avatars\/4\/1731297654-bpfull.png","caption":"Erick Villafuerte"}}]}},"_links":{"self":[{"href":"https:\/\/www.quebakan.com\/v15\/wp-json\/wp\/v2\/posts\/146187","targetHints":{"allow":["GET"]}}],"collection":[{"href":"https:\/\/www.quebakan.com\/v15\/wp-json\/wp\/v2\/posts"}],"about":[{"href":"https:\/\/www.quebakan.com\/v15\/wp-json\/wp\/v2\/types\/post"}],"author":[{"embeddable":true,"href":"https:\/\/www.quebakan.com\/v15\/wp-json\/wp\/v2\/users\/4"}],"replies":[{"embeddable":true,"href":"https:\/\/www.quebakan.com\/v15\/wp-json\/wp\/v2\/comments?post=146187"}],"version-history":[{"count":1,"href":"https:\/\/www.quebakan.com\/v15\/wp-json\/wp\/v2\/posts\/146187\/revisions"}],"predecessor-version":[{"id":146189,"href":"https:\/\/www.quebakan.com\/v15\/wp-json\/wp\/v2\/posts\/146187\/revisions\/146189"}],"wp:featuredmedia":[{"embeddable":true,"href":"https:\/\/www.quebakan.com\/v15\/wp-json\/wp\/v2\/media\/146188"}],"wp:attachment":[{"href":"https:\/\/www.quebakan.com\/v15\/wp-json\/wp\/v2\/media?parent=146187"}],"wp:term":[{"taxonomy":"category","embeddable":true,"href":"https:\/\/www.quebakan.com\/v15\/wp-json\/wp\/v2\/categories?post=146187"},{"taxonomy":"post_tag","embeddable":true,"href":"https:\/\/www.quebakan.com\/v15\/wp-json\/wp\/v2\/tags?post=146187"}],"curies":[{"name":"wp","href":"https:\/\/api.w.org\/{rel}","templated":true}]}}