{"id":146206,"date":"2026-08-31T23:06:20","date_gmt":"2026-09-01T04:06:20","guid":{"rendered":"https:\/\/www.quebakan.com\/v15\/?p=146206"},"modified":"2026-08-31T23:06:20","modified_gmt":"2026-09-01T04:06:20","slug":"omar-acedo-inicia-una-nueva-era-une-su-voz-a-magic-juan-y-confia-su-proximo-disco-a-sergio-george","status":"publish","type":"post","link":"https:\/\/www.quebakan.com\/v15\/omar-acedo-inicia-una-nueva-era-une-su-voz-a-magic-juan-y-confia-su-proximo-disco-a-sergio-george\/","title":{"rendered":"OMAR ACEDO INICIA UNA NUEVA ERA: UNE SU VOZ A MAGIC JUAN Y CONF\u00cdA SU PR\u00d3XIMO DISCO A SERGIO GEORGE"},"content":{"rendered":"<p><img fetchpriority=\"high\" decoding=\"async\" class=\"aligncenter size-full wp-image-146207\" src=\"https:\/\/www.quebakan.com\/v15\/wp-content\/uploads\/2026\/08\/COVER-SOLO-CONTIGO-REMIX-OMAR-ACEDO-MAGIC-JUAN.jpg\" alt=\"\" width=\"700\" height=\"700\" srcset=\"https:\/\/www.quebakan.com\/v15\/wp-content\/uploads\/2026\/08\/COVER-SOLO-CONTIGO-REMIX-OMAR-ACEDO-MAGIC-JUAN.jpg 700w, https:\/\/www.quebakan.com\/v15\/wp-content\/uploads\/2026\/08\/COVER-SOLO-CONTIGO-REMIX-OMAR-ACEDO-MAGIC-JUAN-300x300.jpg 300w, https:\/\/www.quebakan.com\/v15\/wp-content\/uploads\/2026\/08\/COVER-SOLO-CONTIGO-REMIX-OMAR-ACEDO-MAGIC-JUAN-75x75.jpg 75w\" sizes=\"(max-width: 700px) 100vw, 700px\" \/><\/p>\n<p style=\"text-align: justify;\"><span style=\"color: #000000;\">El artista venezolano presenta \u201cSolo Contigo Remix\u201d y prepara para octubre uno de los proyectos m\u00e1s ambiciosos de su trayectoria.<\/span><\/p>\n<p style=\"text-align: justify;\"><span style=\"color: #000000;\">La espera termin\u00f3.Omar Acedo abre uno de los cap\u00edtulos m\u00e1s ambiciosos de su carrera con el lanzamiento de \u201cSolo Contigo Remix\u201d, una poderosa colaboraci\u00f3n junto aMagic Juan.<\/span><\/p>\n<p style=\"text-align: justify;\"><span style=\"color: #000000;\">Esta nueva versi\u00f3n revive el \u00e9xito que marc\u00f3 su etapa como solista, conservando su esencia rom\u00e1ntica, pero incorporando sonidos actuales, tropicales y urbanos con proyecci\u00f3n internacional. El lanzamiento representa el comienzo de esa nueva era musical que sus seguidores esperaban desde el \u00e9xito de \u201cBesos en guerra\u201d, tema con el que reafirm\u00f3 su vigencia y volvi\u00f3 a conquistar al p\u00fablico dentro y fuera de Venezuela.<\/span><\/p>\n<p style=\"text-align: justify;\"><span style=\"color: #000000;\">Esta etapa de su carrera va de la mano del empresario y m\u00e1nager Remil Renna \u201cCobi\u201d, con quien consigui\u00f3 elgran \u00e9xito de \u201cBesos en guerra\u201d y actualmente desarrolla una estrategia enfocada en su crecimiento einternacionalizaci\u00f3n. <\/span><\/p>\n<p style=\"text-align: justify;\"><span style=\"color: #000000;\">\u201cSolo Contigo Remix\u201d ser\u00e1 adem\u00e1s la antesala de su nuevo \u00e1lbum, previsto para octubre, un proyecto que promete mostrar una faceta renovada, madura y global del artista venezolano. El disco estar\u00e1 encabezado por la producci\u00f3n del reconocido maestro Sergio Georgey contar\u00e1 con la participaci\u00f3n de Magic Juan, adem\u00e1s de otros importantes productores y figuras de la m\u00fasica latina.<\/span><\/p>\n<p style=\"text-align: justify;\"><span style=\"color: #000000;\">Con este proyecto, Omar busca unir el romanticismo que siempre lo ha caracterizado con nuevos ritmos, colaboraciones y una propuesta dise\u00f1ada para trascender fronteras. Su historia art\u00edstica comenz\u00f3 en Salser\u00edn, una de las agrupaciones juveniles m\u00e1s importantes de Latinoam\u00e9rica.<\/span><\/p>\n<p style=\"text-align: justify;\"><span style=\"color: #000000;\">Posteriormente integr\u00f3 Bacanos y Calle Ciega, etapas fundamentales para desarrollar su identidad y experiencia sobre los escenarios. Como solista alcanz\u00f3 importantes posiciones con canciones como \u201cYo Te Quiero\u201d, \u201cPa\u2019 Que Te Enamores\u201d, \u201cVamos a Portarnos Mal\u201d y \u201cSolo Contigo\u201d, uno de los mayores \u00e9xitos de su trayectoria. Ahora, respaldado por Sergio George, acompa\u00f1ado por Magic Juan y bajo la direcci\u00f3n de Remil Renna \u201cCobi\u201d, Omar Acedo regresa dispuesto a convertir esta nueva era en el cap\u00edtulo m\u00e1s internacional de su carrera.<\/span><\/p>\n<audio class=\"wp-audio-shortcode\" id=\"audio-146206-1\" preload=\"none\" style=\"width: 100%;\" controls=\"controls\"><source type=\"audio\/mpeg\" src=\"https:\/\/www.quebakan.com\/v15\/wp-content\/uploads\/2026\/08\/SOLO-CONTIGO-REMIX-OMAR-ACEDO-MAGIC-JUAN-MP3.mp3?_=1\" \/><a href=\"https:\/\/www.quebakan.com\/v15\/wp-content\/uploads\/2026\/08\/SOLO-CONTIGO-REMIX-OMAR-ACEDO-MAGIC-JUAN-MP3.mp3\">https:\/\/www.quebakan.com\/v15\/wp-content\/uploads\/2026\/08\/SOLO-CONTIGO-REMIX-OMAR-ACEDO-MAGIC-JUAN-MP3.mp3<\/a><\/audio>\n","protected":false},"excerpt":{"rendered":"<p>El artista venezolano presenta \u201cSolo Contigo Remix\u201d y prepara para octubre uno de los proyectos m\u00e1s ambiciosos de su trayectoria. La espera termin\u00f3.Omar Acedo abre uno de los cap\u00edtulos m\u00e1s ambiciosos de su carrera con el lanzamiento de \u201cSolo Contigo Remix\u201d, una poderosa colaboraci\u00f3n junto aMagic Juan. Esta nueva versi\u00f3n revive el \u00e9xito que marc\u00f3 [&hellip;]<\/p>\n","protected":false},"author":4,"featured_media":0,"comment_status":"closed","ping_status":"closed","sticky":false,"template":"","format":"standard","meta":{"_bbp_topic_count":0,"_bbp_reply_count":0,"_bbp_total_topic_count":0,"_bbp_total_reply_count":0,"_bbp_voice_count":0,"_bbp_anonymous_reply_count":0,"_bbp_topic_count_hidden":0,"_bbp_reply_count_hidden":0,"_bbp_forum_subforum_count":0,"buzzeditor_post_format":"","footnotes":""},"categories":[332],"tags":[],"class_list":["post-146206","post","type-post","status-publish","format-standard","hentry","category-musica"],"yoast_head":"<!-- This site is optimized with the Yoast SEO plugin v28.3 - https:\/\/yoast.com\/product\/yoast-seo-wordpress\/ -->\n<title>OMAR ACEDO INICIA UNA NUEVA ERA: UNE SU VOZ A MAGIC JUAN Y CONF\u00cdA SU PR\u00d3XIMO DISCO A SERGIO GEORGE &#8211; QUEBAKAN.COM 2026: Noticias, Eventos, Conciertos y mucho m\u00e1s....<\/title>\n<meta name=\"robots\" content=\"index, follow, max-snippet:-1, max-image-preview:large, max-video-preview:-1\" \/>\n<link rel=\"canonical\" href=\"https:\/\/www.quebakan.com\/v15\/omar-acedo-inicia-una-nueva-era-une-su-voz-a-magic-juan-y-confia-su-proximo-disco-a-sergio-george\/\" \/>\n<meta property=\"og:locale\" content=\"es_ES\" \/>\n<meta property=\"og:type\" content=\"article\" \/>\n<meta property=\"og:title\" content=\"OMAR ACEDO INICIA UNA NUEVA ERA: UNE SU VOZ A MAGIC JUAN Y CONF\u00cdA SU PR\u00d3XIMO DISCO A SERGIO GEORGE &#8211; QUEBAKAN.COM 2026: Noticias, Eventos, Conciertos y mucho m\u00e1s....\" \/>\n<meta property=\"og:description\" content=\"El artista venezolano presenta \u201cSolo Contigo Remix\u201d y prepara para octubre uno de los proyectos m\u00e1s ambiciosos de su trayectoria. La espera termin\u00f3.Omar Acedo abre uno de los cap\u00edtulos m\u00e1s ambiciosos de su carrera con el lanzamiento de \u201cSolo Contigo Remix\u201d, una poderosa colaboraci\u00f3n junto aMagic Juan. Esta nueva versi\u00f3n revive el \u00e9xito que marc\u00f3 [&hellip;]\" \/>\n<meta property=\"og:url\" content=\"https:\/\/www.quebakan.com\/v15\/omar-acedo-inicia-una-nueva-era-une-su-voz-a-magic-juan-y-confia-su-proximo-disco-a-sergio-george\/\" \/>\n<meta property=\"og:site_name\" content=\"QUEBAKAN.COM 2026: Noticias, Eventos, Conciertos y mucho m\u00e1s....\" \/>\n<meta property=\"article:publisher\" content=\"http:\/\/www.facebook.com\/quebakan\" \/>\n<meta property=\"article:published_time\" content=\"2026-09-01T04:06:20+00:00\" \/>\n<meta property=\"og:image\" content=\"https:\/\/www.quebakan.com\/v15\/wp-content\/uploads\/2026\/08\/COVER-SOLO-CONTIGO-REMIX-OMAR-ACEDO-MAGIC-JUAN.jpg\" \/>\n\t<meta property=\"og:image:width\" content=\"700\" \/>\n\t<meta property=\"og:image:height\" content=\"700\" \/>\n\t<meta property=\"og:image:type\" content=\"image\/jpeg\" \/>\n<meta name=\"author\" content=\"Erick Villafuerte\" \/>\n<meta name=\"twitter:card\" content=\"summary_large_image\" \/>\n<meta name=\"twitter:creator\" content=\"@quebakanec\" \/>\n<meta name=\"twitter:site\" content=\"@quebakanec\" \/>\n<meta name=\"twitter:label1\" content=\"Escrito por\" \/>\n\t<meta name=\"twitter:data1\" content=\"Erick Villafuerte\" \/>\n\t<meta name=\"twitter:label2\" content=\"Tiempo de lectura\" \/>\n\t<meta name=\"twitter:data2\" content=\"2 minutos\" \/>\n<script type=\"application\/ld+json\" class=\"yoast-schema-graph\">{\"@context\":\"https:\\\/\\\/schema.org\",\"@graph\":[{\"@type\":\"Article\",\"@id\":\"https:\\\/\\\/www.quebakan.com\\\/v15\\\/omar-acedo-inicia-una-nueva-era-une-su-voz-a-magic-juan-y-confia-su-proximo-disco-a-sergio-george\\\/#article\",\"isPartOf\":{\"@id\":\"https:\\\/\\\/www.quebakan.com\\\/v15\\\/omar-acedo-inicia-una-nueva-era-une-su-voz-a-magic-juan-y-confia-su-proximo-disco-a-sergio-george\\\/\"},\"author\":{\"name\":\"Erick Villafuerte\",\"@id\":\"https:\\\/\\\/www.quebakan.com\\\/v15\\\/#\\\/schema\\\/person\\\/d90fa9f9cfa81eb8ace9811e5b7b9118\"},\"headline\":\"OMAR ACEDO INICIA UNA NUEVA ERA: UNE SU VOZ A MAGIC JUAN Y CONF\u00cdA SU PR\u00d3XIMO DISCO A SERGIO GEORGE\",\"datePublished\":\"2026-09-01T04:06:20+00:00\",\"mainEntityOfPage\":{\"@id\":\"https:\\\/\\\/www.quebakan.com\\\/v15\\\/omar-acedo-inicia-una-nueva-era-une-su-voz-a-magic-juan-y-confia-su-proximo-disco-a-sergio-george\\\/\"},\"wordCount\":384,\"publisher\":{\"@id\":\"https:\\\/\\\/www.quebakan.com\\\/v15\\\/#organization\"},\"image\":{\"@id\":\"https:\\\/\\\/www.quebakan.com\\\/v15\\\/omar-acedo-inicia-una-nueva-era-une-su-voz-a-magic-juan-y-confia-su-proximo-disco-a-sergio-george\\\/#primaryimage\"},\"thumbnailUrl\":\"https:\\\/\\\/www.quebakan.com\\\/v15\\\/wp-content\\\/uploads\\\/2026\\\/08\\\/COVER-SOLO-CONTIGO-REMIX-OMAR-ACEDO-MAGIC-JUAN.jpg\",\"articleSection\":[\"M\u00fasica\"],\"inLanguage\":\"es\"},{\"@type\":\"WebPage\",\"@id\":\"https:\\\/\\\/www.quebakan.com\\\/v15\\\/omar-acedo-inicia-una-nueva-era-une-su-voz-a-magic-juan-y-confia-su-proximo-disco-a-sergio-george\\\/\",\"url\":\"https:\\\/\\\/www.quebakan.com\\\/v15\\\/omar-acedo-inicia-una-nueva-era-une-su-voz-a-magic-juan-y-confia-su-proximo-disco-a-sergio-george\\\/\",\"name\":\"OMAR ACEDO INICIA UNA NUEVA ERA: UNE SU VOZ A MAGIC JUAN Y CONF\u00cdA SU PR\u00d3XIMO DISCO A SERGIO GEORGE &#8211; QUEBAKAN.COM 2026: Noticias, Eventos, Conciertos y mucho m\u00e1s....\",\"isPartOf\":{\"@id\":\"https:\\\/\\\/www.quebakan.com\\\/v15\\\/#website\"},\"primaryImageOfPage\":{\"@id\":\"https:\\\/\\\/www.quebakan.com\\\/v15\\\/omar-acedo-inicia-una-nueva-era-une-su-voz-a-magic-juan-y-confia-su-proximo-disco-a-sergio-george\\\/#primaryimage\"},\"image\":{\"@id\":\"https:\\\/\\\/www.quebakan.com\\\/v15\\\/omar-acedo-inicia-una-nueva-era-une-su-voz-a-magic-juan-y-confia-su-proximo-disco-a-sergio-george\\\/#primaryimage\"},\"thumbnailUrl\":\"https:\\\/\\\/www.quebakan.com\\\/v15\\\/wp-content\\\/uploads\\\/2026\\\/08\\\/COVER-SOLO-CONTIGO-REMIX-OMAR-ACEDO-MAGIC-JUAN.jpg\",\"datePublished\":\"2026-09-01T04:06:20+00:00\",\"breadcrumb\":{\"@id\":\"https:\\\/\\\/www.quebakan.com\\\/v15\\\/omar-acedo-inicia-una-nueva-era-une-su-voz-a-magic-juan-y-confia-su-proximo-disco-a-sergio-george\\\/#breadcrumb\"},\"inLanguage\":\"es\",\"potentialAction\":[{\"@type\":\"ReadAction\",\"target\":[\"https:\\\/\\\/www.quebakan.com\\\/v15\\\/omar-acedo-inicia-una-nueva-era-une-su-voz-a-magic-juan-y-confia-su-proximo-disco-a-sergio-george\\\/\"]}]},{\"@type\":\"ImageObject\",\"inLanguage\":\"es\",\"@id\":\"https:\\\/\\\/www.quebakan.com\\\/v15\\\/omar-acedo-inicia-una-nueva-era-une-su-voz-a-magic-juan-y-confia-su-proximo-disco-a-sergio-george\\\/#primaryimage\",\"url\":\"https:\\\/\\\/www.quebakan.com\\\/v15\\\/wp-content\\\/uploads\\\/2026\\\/08\\\/COVER-SOLO-CONTIGO-REMIX-OMAR-ACEDO-MAGIC-JUAN.jpg\",\"contentUrl\":\"https:\\\/\\\/www.quebakan.com\\\/v15\\\/wp-content\\\/uploads\\\/2026\\\/08\\\/COVER-SOLO-CONTIGO-REMIX-OMAR-ACEDO-MAGIC-JUAN.jpg\",\"width\":700,\"height\":700},{\"@type\":\"BreadcrumbList\",\"@id\":\"https:\\\/\\\/www.quebakan.com\\\/v15\\\/omar-acedo-inicia-una-nueva-era-une-su-voz-a-magic-juan-y-confia-su-proximo-disco-a-sergio-george\\\/#breadcrumb\",\"itemListElement\":[{\"@type\":\"ListItem\",\"position\":1,\"name\":\"Portada\",\"item\":\"https:\\\/\\\/www.quebakan.com\\\/v15\\\/\"},{\"@type\":\"ListItem\",\"position\":2,\"name\":\"OMAR ACEDO INICIA UNA NUEVA ERA: UNE SU VOZ A MAGIC JUAN Y CONF\u00cdA SU PR\u00d3XIMO DISCO A SERGIO GEORGE\"}]},{\"@type\":\"WebSite\",\"@id\":\"https:\\\/\\\/www.quebakan.com\\\/v15\\\/#website\",\"url\":\"https:\\\/\\\/www.quebakan.com\\\/v15\\\/\",\"name\":\"QUEBAKAN\",\"description\":\"..\",\"publisher\":{\"@id\":\"https:\\\/\\\/www.quebakan.com\\\/v15\\\/#organization\"},\"potentialAction\":[{\"@type\":\"SearchAction\",\"target\":{\"@type\":\"EntryPoint\",\"urlTemplate\":\"https:\\\/\\\/www.quebakan.com\\\/v15\\\/?s={search_term_string}\"},\"query-input\":{\"@type\":\"PropertyValueSpecification\",\"valueRequired\":true,\"valueName\":\"search_term_string\"}}],\"inLanguage\":\"es\"},{\"@type\":\"Organization\",\"@id\":\"https:\\\/\\\/www.quebakan.com\\\/v15\\\/#organization\",\"name\":\"Quebakan.com\",\"url\":\"https:\\\/\\\/www.quebakan.com\\\/v15\\\/\",\"logo\":{\"@type\":\"ImageObject\",\"inLanguage\":\"es\",\"@id\":\"https:\\\/\\\/www.quebakan.com\\\/v15\\\/#\\\/schema\\\/logo\\\/image\\\/\",\"url\":\"https:\\\/\\\/www.quebakan.com\\\/v15\\\/wp-content\\\/uploads\\\/2023\\\/07\\\/logoquebakanenero2021.jpg\",\"contentUrl\":\"https:\\\/\\\/www.quebakan.com\\\/v15\\\/wp-content\\\/uploads\\\/2023\\\/07\\\/logoquebakanenero2021.jpg\",\"width\":1920,\"height\":1080,\"caption\":\"Quebakan.com\"},\"image\":{\"@id\":\"https:\\\/\\\/www.quebakan.com\\\/v15\\\/#\\\/schema\\\/logo\\\/image\\\/\"},\"sameAs\":[\"http:\\\/\\\/www.facebook.com\\\/quebakan\",\"https:\\\/\\\/x.com\\\/quebakanec\",\"http:\\\/\\\/www.instagram.com\\\/quebakan\",\"http:\\\/\\\/www.youtube.com\\\/quebakan1\"]},{\"@type\":\"Person\",\"@id\":\"https:\\\/\\\/www.quebakan.com\\\/v15\\\/#\\\/schema\\\/person\\\/d90fa9f9cfa81eb8ace9811e5b7b9118\",\"name\":\"Erick Villafuerte\",\"image\":{\"@type\":\"ImageObject\",\"inLanguage\":\"es\",\"@id\":\"https:\\\/\\\/www.quebakan.com\\\/v15\\\/wp-content\\\/uploads\\\/avatars\\\/4\\\/1731297654-bpfull.png\",\"url\":\"https:\\\/\\\/www.quebakan.com\\\/v15\\\/wp-content\\\/uploads\\\/avatars\\\/4\\\/1731297654-bpfull.png\",\"contentUrl\":\"https:\\\/\\\/www.quebakan.com\\\/v15\\\/wp-content\\\/uploads\\\/avatars\\\/4\\\/1731297654-bpfull.png\",\"caption\":\"Erick Villafuerte\"}}]}<\/script>\n<!-- \/ Yoast SEO plugin. -->","yoast_head_json":{"title":"OMAR ACEDO INICIA UNA NUEVA ERA: UNE SU VOZ A MAGIC JUAN Y CONF\u00cdA SU PR\u00d3XIMO DISCO A SERGIO GEORGE &#8211; QUEBAKAN.COM 2026: Noticias, Eventos, Conciertos y mucho m\u00e1s....","robots":{"index":"index","follow":"follow","max-snippet":"max-snippet:-1","max-image-preview":"max-image-preview:large","max-video-preview":"max-video-preview:-1"},"canonical":"https:\/\/www.quebakan.com\/v15\/omar-acedo-inicia-una-nueva-era-une-su-voz-a-magic-juan-y-confia-su-proximo-disco-a-sergio-george\/","og_locale":"es_ES","og_type":"article","og_title":"OMAR ACEDO INICIA UNA NUEVA ERA: UNE SU VOZ A MAGIC JUAN Y CONF\u00cdA SU PR\u00d3XIMO DISCO A SERGIO GEORGE &#8211; QUEBAKAN.COM 2026: Noticias, Eventos, Conciertos y mucho m\u00e1s....","og_description":"El artista venezolano presenta \u201cSolo Contigo Remix\u201d y prepara para octubre uno de los proyectos m\u00e1s ambiciosos de su trayectoria. La espera termin\u00f3.Omar Acedo abre uno de los cap\u00edtulos m\u00e1s ambiciosos de su carrera con el lanzamiento de \u201cSolo Contigo Remix\u201d, una poderosa colaboraci\u00f3n junto aMagic Juan. Esta nueva versi\u00f3n revive el \u00e9xito que marc\u00f3 [&hellip;]","og_url":"https:\/\/www.quebakan.com\/v15\/omar-acedo-inicia-una-nueva-era-une-su-voz-a-magic-juan-y-confia-su-proximo-disco-a-sergio-george\/","og_site_name":"QUEBAKAN.COM 2026: Noticias, Eventos, Conciertos y mucho m\u00e1s....","article_publisher":"http:\/\/www.facebook.com\/quebakan","article_published_time":"2026-09-01T04:06:20+00:00","og_image":[{"width":700,"height":700,"url":"https:\/\/www.quebakan.com\/v15\/wp-content\/uploads\/2026\/08\/COVER-SOLO-CONTIGO-REMIX-OMAR-ACEDO-MAGIC-JUAN.jpg","type":"image\/jpeg"}],"author":"Erick Villafuerte","twitter_card":"summary_large_image","twitter_creator":"@quebakanec","twitter_site":"@quebakanec","twitter_misc":{"Escrito por":"Erick Villafuerte","Tiempo de lectura":"2 minutos"},"schema":{"@context":"https:\/\/schema.org","@graph":[{"@type":"Article","@id":"https:\/\/www.quebakan.com\/v15\/omar-acedo-inicia-una-nueva-era-une-su-voz-a-magic-juan-y-confia-su-proximo-disco-a-sergio-george\/#article","isPartOf":{"@id":"https:\/\/www.quebakan.com\/v15\/omar-acedo-inicia-una-nueva-era-une-su-voz-a-magic-juan-y-confia-su-proximo-disco-a-sergio-george\/"},"author":{"name":"Erick Villafuerte","@id":"https:\/\/www.quebakan.com\/v15\/#\/schema\/person\/d90fa9f9cfa81eb8ace9811e5b7b9118"},"headline":"OMAR ACEDO INICIA UNA NUEVA ERA: UNE SU VOZ A MAGIC JUAN Y CONF\u00cdA SU PR\u00d3XIMO DISCO A SERGIO GEORGE","datePublished":"2026-09-01T04:06:20+00:00","mainEntityOfPage":{"@id":"https:\/\/www.quebakan.com\/v15\/omar-acedo-inicia-una-nueva-era-une-su-voz-a-magic-juan-y-confia-su-proximo-disco-a-sergio-george\/"},"wordCount":384,"publisher":{"@id":"https:\/\/www.quebakan.com\/v15\/#organization"},"image":{"@id":"https:\/\/www.quebakan.com\/v15\/omar-acedo-inicia-una-nueva-era-une-su-voz-a-magic-juan-y-confia-su-proximo-disco-a-sergio-george\/#primaryimage"},"thumbnailUrl":"https:\/\/www.quebakan.com\/v15\/wp-content\/uploads\/2026\/08\/COVER-SOLO-CONTIGO-REMIX-OMAR-ACEDO-MAGIC-JUAN.jpg","articleSection":["M\u00fasica"],"inLanguage":"es"},{"@type":"WebPage","@id":"https:\/\/www.quebakan.com\/v15\/omar-acedo-inicia-una-nueva-era-une-su-voz-a-magic-juan-y-confia-su-proximo-disco-a-sergio-george\/","url":"https:\/\/www.quebakan.com\/v15\/omar-acedo-inicia-una-nueva-era-une-su-voz-a-magic-juan-y-confia-su-proximo-disco-a-sergio-george\/","name":"OMAR ACEDO INICIA UNA NUEVA ERA: UNE SU VOZ A MAGIC JUAN Y CONF\u00cdA SU PR\u00d3XIMO DISCO A SERGIO GEORGE &#8211; QUEBAKAN.COM 2026: Noticias, Eventos, Conciertos y mucho m\u00e1s....","isPartOf":{"@id":"https:\/\/www.quebakan.com\/v15\/#website"},"primaryImageOfPage":{"@id":"https:\/\/www.quebakan.com\/v15\/omar-acedo-inicia-una-nueva-era-une-su-voz-a-magic-juan-y-confia-su-proximo-disco-a-sergio-george\/#primaryimage"},"image":{"@id":"https:\/\/www.quebakan.com\/v15\/omar-acedo-inicia-una-nueva-era-une-su-voz-a-magic-juan-y-confia-su-proximo-disco-a-sergio-george\/#primaryimage"},"thumbnailUrl":"https:\/\/www.quebakan.com\/v15\/wp-content\/uploads\/2026\/08\/COVER-SOLO-CONTIGO-REMIX-OMAR-ACEDO-MAGIC-JUAN.jpg","datePublished":"2026-09-01T04:06:20+00:00","breadcrumb":{"@id":"https:\/\/www.quebakan.com\/v15\/omar-acedo-inicia-una-nueva-era-une-su-voz-a-magic-juan-y-confia-su-proximo-disco-a-sergio-george\/#breadcrumb"},"inLanguage":"es","potentialAction":[{"@type":"ReadAction","target":["https:\/\/www.quebakan.com\/v15\/omar-acedo-inicia-una-nueva-era-une-su-voz-a-magic-juan-y-confia-su-proximo-disco-a-sergio-george\/"]}]},{"@type":"ImageObject","inLanguage":"es","@id":"https:\/\/www.quebakan.com\/v15\/omar-acedo-inicia-una-nueva-era-une-su-voz-a-magic-juan-y-confia-su-proximo-disco-a-sergio-george\/#primaryimage","url":"https:\/\/www.quebakan.com\/v15\/wp-content\/uploads\/2026\/08\/COVER-SOLO-CONTIGO-REMIX-OMAR-ACEDO-MAGIC-JUAN.jpg","contentUrl":"https:\/\/www.quebakan.com\/v15\/wp-content\/uploads\/2026\/08\/COVER-SOLO-CONTIGO-REMIX-OMAR-ACEDO-MAGIC-JUAN.jpg","width":700,"height":700},{"@type":"BreadcrumbList","@id":"https:\/\/www.quebakan.com\/v15\/omar-acedo-inicia-una-nueva-era-une-su-voz-a-magic-juan-y-confia-su-proximo-disco-a-sergio-george\/#breadcrumb","itemListElement":[{"@type":"ListItem","position":1,"name":"Portada","item":"https:\/\/www.quebakan.com\/v15\/"},{"@type":"ListItem","position":2,"name":"OMAR ACEDO INICIA UNA NUEVA ERA: UNE SU VOZ A MAGIC JUAN Y CONF\u00cdA SU PR\u00d3XIMO DISCO A SERGIO GEORGE"}]},{"@type":"WebSite","@id":"https:\/\/www.quebakan.com\/v15\/#website","url":"https:\/\/www.quebakan.com\/v15\/","name":"QUEBAKAN","description":"..","publisher":{"@id":"https:\/\/www.quebakan.com\/v15\/#organization"},"potentialAction":[{"@type":"SearchAction","target":{"@type":"EntryPoint","urlTemplate":"https:\/\/www.quebakan.com\/v15\/?s={search_term_string}"},"query-input":{"@type":"PropertyValueSpecification","valueRequired":true,"valueName":"search_term_string"}}],"inLanguage":"es"},{"@type":"Organization","@id":"https:\/\/www.quebakan.com\/v15\/#organization","name":"Quebakan.com","url":"https:\/\/www.quebakan.com\/v15\/","logo":{"@type":"ImageObject","inLanguage":"es","@id":"https:\/\/www.quebakan.com\/v15\/#\/schema\/logo\/image\/","url":"https:\/\/www.quebakan.com\/v15\/wp-content\/uploads\/2023\/07\/logoquebakanenero2021.jpg","contentUrl":"https:\/\/www.quebakan.com\/v15\/wp-content\/uploads\/2023\/07\/logoquebakanenero2021.jpg","width":1920,"height":1080,"caption":"Quebakan.com"},"image":{"@id":"https:\/\/www.quebakan.com\/v15\/#\/schema\/logo\/image\/"},"sameAs":["http:\/\/www.facebook.com\/quebakan","https:\/\/x.com\/quebakanec","http:\/\/www.instagram.com\/quebakan","http:\/\/www.youtube.com\/quebakan1"]},{"@type":"Person","@id":"https:\/\/www.quebakan.com\/v15\/#\/schema\/person\/d90fa9f9cfa81eb8ace9811e5b7b9118","name":"Erick Villafuerte","image":{"@type":"ImageObject","inLanguage":"es","@id":"https:\/\/www.quebakan.com\/v15\/wp-content\/uploads\/avatars\/4\/1731297654-bpfull.png","url":"https:\/\/www.quebakan.com\/v15\/wp-content\/uploads\/avatars\/4\/1731297654-bpfull.png","contentUrl":"https:\/\/www.quebakan.com\/v15\/wp-content\/uploads\/avatars\/4\/1731297654-bpfull.png","caption":"Erick Villafuerte"}}]}},"_links":{"self":[{"href":"https:\/\/www.quebakan.com\/v15\/wp-json\/wp\/v2\/posts\/146206","targetHints":{"allow":["GET"]}}],"collection":[{"href":"https:\/\/www.quebakan.com\/v15\/wp-json\/wp\/v2\/posts"}],"about":[{"href":"https:\/\/www.quebakan.com\/v15\/wp-json\/wp\/v2\/types\/post"}],"author":[{"embeddable":true,"href":"https:\/\/www.quebakan.com\/v15\/wp-json\/wp\/v2\/users\/4"}],"replies":[{"embeddable":true,"href":"https:\/\/www.quebakan.com\/v15\/wp-json\/wp\/v2\/comments?post=146206"}],"version-history":[{"count":1,"href":"https:\/\/www.quebakan.com\/v15\/wp-json\/wp\/v2\/posts\/146206\/revisions"}],"predecessor-version":[{"id":146209,"href":"https:\/\/www.quebakan.com\/v15\/wp-json\/wp\/v2\/posts\/146206\/revisions\/146209"}],"wp:attachment":[{"href":"https:\/\/www.quebakan.com\/v15\/wp-json\/wp\/v2\/media?parent=146206"}],"wp:term":[{"taxonomy":"category","embeddable":true,"href":"https:\/\/www.quebakan.com\/v15\/wp-json\/wp\/v2\/categories?post=146206"},{"taxonomy":"post_tag","embeddable":true,"href":"https:\/\/www.quebakan.com\/v15\/wp-json\/wp\/v2\/tags?post=146206"}],"curies":[{"name":"wp","href":"https:\/\/api.w.org\/{rel}","templated":true}]}}