{"id":146215,"date":"2026-09-03T12:13:58","date_gmt":"2026-09-03T17:13:58","guid":{"rendered":"https:\/\/www.quebakan.com\/v15\/?p=146215"},"modified":"2026-09-03T12:13:58","modified_gmt":"2026-09-03T17:13:58","slug":"evil-dead-en-llamas-la-nueva-entrega-de-la-iconica-saga-de-terror-llega-a-directv","status":"publish","type":"post","link":"https:\/\/www.quebakan.com\/v15\/evil-dead-en-llamas-la-nueva-entrega-de-la-iconica-saga-de-terror-llega-a-directv\/","title":{"rendered":"\u201cEvil Dead: En Llamas\u201d, la nueva entrega de la ic\u00f3nica saga de terror llega a DIRECTV"},"content":{"rendered":"<p><img fetchpriority=\"high\" decoding=\"async\" class=\"aligncenter size-full wp-image-146216\" src=\"https:\/\/www.quebakan.com\/v15\/wp-content\/uploads\/2026\/09\/EvilDeadBurn.jpg\" alt=\"\" width=\"700\" height=\"394\" \/><\/p>\n<p style=\"text-align: justify;\"><span style=\"color: #000000;\"><em>La pel\u00edcula dirigida por S\u00e9bastien Vani\u010dek estar\u00e1 disponible para alquiler en el servicio Pay Per View de DIRECTV en Argentina, Chile, Colombia, Ecuador, Per\u00fa y Uruguay.<\/em><\/span><\/p>\n<p style=\"text-align: justify;\"><span style=\"color: #000000;\"><strong>Buenos Aires, 2 de septiembre de 2026 \u2013 <\/strong>DIRECTV pondr\u00e1 a disposici\u00f3n de los clientes de TV satelital en su servicio Pay Per View la pel\u00edcula \u201cEvil Dead: En Llamas\u201d, la nueva entrega de la emblem\u00e1tica franquicia de terror creada por Sam Raimi.<\/span><\/p>\n<p style=\"text-align: justify;\"><span style=\"color: #000000;\">Dirigida por el realizador franc\u00e9s S\u00e9bastien Vani\u010dek, la producci\u00f3n propone una nueva historia dentro del universo de los Deadites, combinando horror sobrenatural, tensi\u00f3n y una fuerte carga emocional.<\/span><\/p>\n<p style=\"text-align: justify;\"><span style=\"color: #000000;\">El film, recientemente estrenado en salas de cine, estar\u00e1 disponible para alquiler en los canales 406 y 1406 HD (853 SD &amp; HD en Uruguay) de la grilla de DIRECTV, desde el viernes 4 de septiembre.<\/span><\/p>\n<p style=\"text-align: justify;\"><span style=\"color: #000000;\">La pel\u00edcula es protagonizada por Souheila Yacoub, reconocida por su participaci\u00f3n en \u201cDune: Parte Dos\u201d, junto a Hunter Doohan (Wednesday), Tandi Wright, Luciane Buchanan, Erroll Shand y Maude Davey.<\/span><\/p>\n<p style=\"text-align: justify;\"><span style=\"color: #000000;\">La trama sigue a Alice, una mujer que, tras la muerte de su esposo, se refugia en la aislada casa de sus suegros buscando consuelo. Lo que comienza como una reuni\u00f3n familiar pronto se convierte en una pesadilla cuando los miembros de la familia empiezan a ser pose\u00eddos por fuerzas demon\u00edacas y transformados en Deadites. Mientras lucha por sobrevivir, Alice descubre que los votos que hizo en vida con su marido siguen teniendo un inquietante poder incluso despu\u00e9s de la muerte.<\/span><\/p>\n<p style=\"text-align: justify;\"><span style=\"color: #000000;\">\u201cEvil Dead: En Llamas\u201d se encontrar\u00e1 disponible en alquiler, desde el viernes 4 de septiembre, para que los suscriptores del servicio de TV satelital de DIRECTV puedan disfrutarla en Argentina, Chile, Colombia, Ecuador, Per\u00fa y Uruguay.<\/span><\/p>\n","protected":false},"excerpt":{"rendered":"<p>La pel\u00edcula dirigida por S\u00e9bastien Vani\u010dek estar\u00e1 disponible para alquiler en el servicio Pay Per View de DIRECTV en Argentina, Chile, Colombia, Ecuador, Per\u00fa y Uruguay. Buenos Aires, 2 de septiembre de 2026 \u2013 DIRECTV pondr\u00e1 a disposici\u00f3n de los clientes de TV satelital en su servicio Pay Per View la pel\u00edcula \u201cEvil Dead: En [&hellip;]<\/p>\n","protected":false},"author":4,"featured_media":146216,"comment_status":"closed","ping_status":"closed","sticky":false,"template":"","format":"standard","meta":{"_bbp_topic_count":0,"_bbp_reply_count":0,"_bbp_total_topic_count":0,"_bbp_total_reply_count":0,"_bbp_voice_count":0,"_bbp_anonymous_reply_count":0,"_bbp_topic_count_hidden":0,"_bbp_reply_count_hidden":0,"_bbp_forum_subforum_count":0,"buzzeditor_post_format":"","footnotes":""},"categories":[2],"tags":[],"class_list":["post-146215","post","type-post","status-publish","format-standard","has-post-thumbnail","hentry","category-noticias"],"yoast_head":"<!-- This site is optimized with the Yoast SEO plugin v28.3 - https:\/\/yoast.com\/product\/yoast-seo-wordpress\/ -->\n<title>\u201cEvil Dead: En Llamas\u201d, la nueva entrega de la ic\u00f3nica saga de terror llega a DIRECTV &#8211; QUEBAKAN.COM 2026: Noticias, Eventos, Conciertos y mucho m\u00e1s....<\/title>\n<meta name=\"robots\" content=\"index, follow, max-snippet:-1, max-image-preview:large, max-video-preview:-1\" \/>\n<link rel=\"canonical\" href=\"https:\/\/www.quebakan.com\/v15\/evil-dead-en-llamas-la-nueva-entrega-de-la-iconica-saga-de-terror-llega-a-directv\/\" \/>\n<meta property=\"og:locale\" content=\"es_ES\" \/>\n<meta property=\"og:type\" content=\"article\" \/>\n<meta property=\"og:title\" content=\"\u201cEvil Dead: En Llamas\u201d, la nueva entrega de la ic\u00f3nica saga de terror llega a DIRECTV &#8211; QUEBAKAN.COM 2026: Noticias, Eventos, Conciertos y mucho m\u00e1s....\" \/>\n<meta property=\"og:description\" content=\"La pel\u00edcula dirigida por S\u00e9bastien Vani\u010dek estar\u00e1 disponible para alquiler en el servicio Pay Per View de DIRECTV en Argentina, Chile, Colombia, Ecuador, Per\u00fa y Uruguay. Buenos Aires, 2 de septiembre de 2026 \u2013 DIRECTV pondr\u00e1 a disposici\u00f3n de los clientes de TV satelital en su servicio Pay Per View la pel\u00edcula \u201cEvil Dead: En [&hellip;]\" \/>\n<meta property=\"og:url\" content=\"https:\/\/www.quebakan.com\/v15\/evil-dead-en-llamas-la-nueva-entrega-de-la-iconica-saga-de-terror-llega-a-directv\/\" \/>\n<meta property=\"og:site_name\" content=\"QUEBAKAN.COM 2026: Noticias, Eventos, Conciertos y mucho m\u00e1s....\" \/>\n<meta property=\"article:publisher\" content=\"http:\/\/www.facebook.com\/quebakan\" \/>\n<meta property=\"article:published_time\" content=\"2026-09-03T17:13:58+00:00\" \/>\n<meta property=\"og:image\" content=\"https:\/\/www.quebakan.com\/v15\/wp-content\/uploads\/2026\/09\/EvilDeadBurn.jpg\" \/>\n\t<meta property=\"og:image:width\" content=\"700\" \/>\n\t<meta property=\"og:image:height\" content=\"394\" \/>\n\t<meta property=\"og:image:type\" content=\"image\/jpeg\" \/>\n<meta name=\"author\" content=\"Erick Villafuerte\" \/>\n<meta name=\"twitter:card\" content=\"summary_large_image\" \/>\n<meta name=\"twitter:creator\" content=\"@quebakanec\" \/>\n<meta name=\"twitter:site\" content=\"@quebakanec\" \/>\n<meta name=\"twitter:label1\" content=\"Escrito por\" \/>\n\t<meta name=\"twitter:data1\" content=\"Erick Villafuerte\" \/>\n\t<meta name=\"twitter:label2\" content=\"Tiempo de lectura\" \/>\n\t<meta name=\"twitter:data2\" content=\"2 minutos\" \/>\n<script type=\"application\/ld+json\" class=\"yoast-schema-graph\">{\"@context\":\"https:\\\/\\\/schema.org\",\"@graph\":[{\"@type\":\"Article\",\"@id\":\"https:\\\/\\\/www.quebakan.com\\\/v15\\\/evil-dead-en-llamas-la-nueva-entrega-de-la-iconica-saga-de-terror-llega-a-directv\\\/#article\",\"isPartOf\":{\"@id\":\"https:\\\/\\\/www.quebakan.com\\\/v15\\\/evil-dead-en-llamas-la-nueva-entrega-de-la-iconica-saga-de-terror-llega-a-directv\\\/\"},\"author\":{\"name\":\"Erick Villafuerte\",\"@id\":\"https:\\\/\\\/www.quebakan.com\\\/v15\\\/#\\\/schema\\\/person\\\/d90fa9f9cfa81eb8ace9811e5b7b9118\"},\"headline\":\"\u201cEvil Dead: En Llamas\u201d, la nueva entrega de la ic\u00f3nica saga de terror llega a DIRECTV\",\"datePublished\":\"2026-09-03T17:13:58+00:00\",\"mainEntityOfPage\":{\"@id\":\"https:\\\/\\\/www.quebakan.com\\\/v15\\\/evil-dead-en-llamas-la-nueva-entrega-de-la-iconica-saga-de-terror-llega-a-directv\\\/\"},\"wordCount\":305,\"publisher\":{\"@id\":\"https:\\\/\\\/www.quebakan.com\\\/v15\\\/#organization\"},\"image\":{\"@id\":\"https:\\\/\\\/www.quebakan.com\\\/v15\\\/evil-dead-en-llamas-la-nueva-entrega-de-la-iconica-saga-de-terror-llega-a-directv\\\/#primaryimage\"},\"thumbnailUrl\":\"https:\\\/\\\/www.quebakan.com\\\/v15\\\/wp-content\\\/uploads\\\/2026\\\/09\\\/EvilDeadBurn.jpg\",\"articleSection\":[\"Noticias\"],\"inLanguage\":\"es\"},{\"@type\":\"WebPage\",\"@id\":\"https:\\\/\\\/www.quebakan.com\\\/v15\\\/evil-dead-en-llamas-la-nueva-entrega-de-la-iconica-saga-de-terror-llega-a-directv\\\/\",\"url\":\"https:\\\/\\\/www.quebakan.com\\\/v15\\\/evil-dead-en-llamas-la-nueva-entrega-de-la-iconica-saga-de-terror-llega-a-directv\\\/\",\"name\":\"\u201cEvil Dead: En Llamas\u201d, la nueva entrega de la ic\u00f3nica saga de terror llega a DIRECTV &#8211; QUEBAKAN.COM 2026: Noticias, Eventos, Conciertos y mucho m\u00e1s....\",\"isPartOf\":{\"@id\":\"https:\\\/\\\/www.quebakan.com\\\/v15\\\/#website\"},\"primaryImageOfPage\":{\"@id\":\"https:\\\/\\\/www.quebakan.com\\\/v15\\\/evil-dead-en-llamas-la-nueva-entrega-de-la-iconica-saga-de-terror-llega-a-directv\\\/#primaryimage\"},\"image\":{\"@id\":\"https:\\\/\\\/www.quebakan.com\\\/v15\\\/evil-dead-en-llamas-la-nueva-entrega-de-la-iconica-saga-de-terror-llega-a-directv\\\/#primaryimage\"},\"thumbnailUrl\":\"https:\\\/\\\/www.quebakan.com\\\/v15\\\/wp-content\\\/uploads\\\/2026\\\/09\\\/EvilDeadBurn.jpg\",\"datePublished\":\"2026-09-03T17:13:58+00:00\",\"breadcrumb\":{\"@id\":\"https:\\\/\\\/www.quebakan.com\\\/v15\\\/evil-dead-en-llamas-la-nueva-entrega-de-la-iconica-saga-de-terror-llega-a-directv\\\/#breadcrumb\"},\"inLanguage\":\"es\",\"potentialAction\":[{\"@type\":\"ReadAction\",\"target\":[\"https:\\\/\\\/www.quebakan.com\\\/v15\\\/evil-dead-en-llamas-la-nueva-entrega-de-la-iconica-saga-de-terror-llega-a-directv\\\/\"]}]},{\"@type\":\"ImageObject\",\"inLanguage\":\"es\",\"@id\":\"https:\\\/\\\/www.quebakan.com\\\/v15\\\/evil-dead-en-llamas-la-nueva-entrega-de-la-iconica-saga-de-terror-llega-a-directv\\\/#primaryimage\",\"url\":\"https:\\\/\\\/www.quebakan.com\\\/v15\\\/wp-content\\\/uploads\\\/2026\\\/09\\\/EvilDeadBurn.jpg\",\"contentUrl\":\"https:\\\/\\\/www.quebakan.com\\\/v15\\\/wp-content\\\/uploads\\\/2026\\\/09\\\/EvilDeadBurn.jpg\",\"width\":700,\"height\":394},{\"@type\":\"BreadcrumbList\",\"@id\":\"https:\\\/\\\/www.quebakan.com\\\/v15\\\/evil-dead-en-llamas-la-nueva-entrega-de-la-iconica-saga-de-terror-llega-a-directv\\\/#breadcrumb\",\"itemListElement\":[{\"@type\":\"ListItem\",\"position\":1,\"name\":\"Portada\",\"item\":\"https:\\\/\\\/www.quebakan.com\\\/v15\\\/\"},{\"@type\":\"ListItem\",\"position\":2,\"name\":\"\u201cEvil Dead: En Llamas\u201d, la nueva entrega de la ic\u00f3nica saga de terror llega a DIRECTV\"}]},{\"@type\":\"WebSite\",\"@id\":\"https:\\\/\\\/www.quebakan.com\\\/v15\\\/#website\",\"url\":\"https:\\\/\\\/www.quebakan.com\\\/v15\\\/\",\"name\":\"QUEBAKAN\",\"description\":\"..\",\"publisher\":{\"@id\":\"https:\\\/\\\/www.quebakan.com\\\/v15\\\/#organization\"},\"potentialAction\":[{\"@type\":\"SearchAction\",\"target\":{\"@type\":\"EntryPoint\",\"urlTemplate\":\"https:\\\/\\\/www.quebakan.com\\\/v15\\\/?s={search_term_string}\"},\"query-input\":{\"@type\":\"PropertyValueSpecification\",\"valueRequired\":true,\"valueName\":\"search_term_string\"}}],\"inLanguage\":\"es\"},{\"@type\":\"Organization\",\"@id\":\"https:\\\/\\\/www.quebakan.com\\\/v15\\\/#organization\",\"name\":\"Quebakan.com\",\"url\":\"https:\\\/\\\/www.quebakan.com\\\/v15\\\/\",\"logo\":{\"@type\":\"ImageObject\",\"inLanguage\":\"es\",\"@id\":\"https:\\\/\\\/www.quebakan.com\\\/v15\\\/#\\\/schema\\\/logo\\\/image\\\/\",\"url\":\"https:\\\/\\\/www.quebakan.com\\\/v15\\\/wp-content\\\/uploads\\\/2023\\\/07\\\/logoquebakanenero2021.jpg\",\"contentUrl\":\"https:\\\/\\\/www.quebakan.com\\\/v15\\\/wp-content\\\/uploads\\\/2023\\\/07\\\/logoquebakanenero2021.jpg\",\"width\":1920,\"height\":1080,\"caption\":\"Quebakan.com\"},\"image\":{\"@id\":\"https:\\\/\\\/www.quebakan.com\\\/v15\\\/#\\\/schema\\\/logo\\\/image\\\/\"},\"sameAs\":[\"http:\\\/\\\/www.facebook.com\\\/quebakan\",\"https:\\\/\\\/x.com\\\/quebakanec\",\"http:\\\/\\\/www.instagram.com\\\/quebakan\",\"http:\\\/\\\/www.youtube.com\\\/quebakan1\"]},{\"@type\":\"Person\",\"@id\":\"https:\\\/\\\/www.quebakan.com\\\/v15\\\/#\\\/schema\\\/person\\\/d90fa9f9cfa81eb8ace9811e5b7b9118\",\"name\":\"Erick Villafuerte\",\"image\":{\"@type\":\"ImageObject\",\"inLanguage\":\"es\",\"@id\":\"https:\\\/\\\/www.quebakan.com\\\/v15\\\/wp-content\\\/uploads\\\/avatars\\\/4\\\/1731297654-bpfull.png\",\"url\":\"https:\\\/\\\/www.quebakan.com\\\/v15\\\/wp-content\\\/uploads\\\/avatars\\\/4\\\/1731297654-bpfull.png\",\"contentUrl\":\"https:\\\/\\\/www.quebakan.com\\\/v15\\\/wp-content\\\/uploads\\\/avatars\\\/4\\\/1731297654-bpfull.png\",\"caption\":\"Erick Villafuerte\"}}]}<\/script>\n<!-- \/ Yoast SEO plugin. -->","yoast_head_json":{"title":"\u201cEvil Dead: En Llamas\u201d, la nueva entrega de la ic\u00f3nica saga de terror llega a DIRECTV &#8211; QUEBAKAN.COM 2026: Noticias, Eventos, Conciertos y mucho m\u00e1s....","robots":{"index":"index","follow":"follow","max-snippet":"max-snippet:-1","max-image-preview":"max-image-preview:large","max-video-preview":"max-video-preview:-1"},"canonical":"https:\/\/www.quebakan.com\/v15\/evil-dead-en-llamas-la-nueva-entrega-de-la-iconica-saga-de-terror-llega-a-directv\/","og_locale":"es_ES","og_type":"article","og_title":"\u201cEvil Dead: En Llamas\u201d, la nueva entrega de la ic\u00f3nica saga de terror llega a DIRECTV &#8211; QUEBAKAN.COM 2026: Noticias, Eventos, Conciertos y mucho m\u00e1s....","og_description":"La pel\u00edcula dirigida por S\u00e9bastien Vani\u010dek estar\u00e1 disponible para alquiler en el servicio Pay Per View de DIRECTV en Argentina, Chile, Colombia, Ecuador, Per\u00fa y Uruguay. Buenos Aires, 2 de septiembre de 2026 \u2013 DIRECTV pondr\u00e1 a disposici\u00f3n de los clientes de TV satelital en su servicio Pay Per View la pel\u00edcula \u201cEvil Dead: En [&hellip;]","og_url":"https:\/\/www.quebakan.com\/v15\/evil-dead-en-llamas-la-nueva-entrega-de-la-iconica-saga-de-terror-llega-a-directv\/","og_site_name":"QUEBAKAN.COM 2026: Noticias, Eventos, Conciertos y mucho m\u00e1s....","article_publisher":"http:\/\/www.facebook.com\/quebakan","article_published_time":"2026-09-03T17:13:58+00:00","og_image":[{"width":700,"height":394,"url":"https:\/\/www.quebakan.com\/v15\/wp-content\/uploads\/2026\/09\/EvilDeadBurn.jpg","type":"image\/jpeg"}],"author":"Erick Villafuerte","twitter_card":"summary_large_image","twitter_creator":"@quebakanec","twitter_site":"@quebakanec","twitter_misc":{"Escrito por":"Erick Villafuerte","Tiempo de lectura":"2 minutos"},"schema":{"@context":"https:\/\/schema.org","@graph":[{"@type":"Article","@id":"https:\/\/www.quebakan.com\/v15\/evil-dead-en-llamas-la-nueva-entrega-de-la-iconica-saga-de-terror-llega-a-directv\/#article","isPartOf":{"@id":"https:\/\/www.quebakan.com\/v15\/evil-dead-en-llamas-la-nueva-entrega-de-la-iconica-saga-de-terror-llega-a-directv\/"},"author":{"name":"Erick Villafuerte","@id":"https:\/\/www.quebakan.com\/v15\/#\/schema\/person\/d90fa9f9cfa81eb8ace9811e5b7b9118"},"headline":"\u201cEvil Dead: En Llamas\u201d, la nueva entrega de la ic\u00f3nica saga de terror llega a DIRECTV","datePublished":"2026-09-03T17:13:58+00:00","mainEntityOfPage":{"@id":"https:\/\/www.quebakan.com\/v15\/evil-dead-en-llamas-la-nueva-entrega-de-la-iconica-saga-de-terror-llega-a-directv\/"},"wordCount":305,"publisher":{"@id":"https:\/\/www.quebakan.com\/v15\/#organization"},"image":{"@id":"https:\/\/www.quebakan.com\/v15\/evil-dead-en-llamas-la-nueva-entrega-de-la-iconica-saga-de-terror-llega-a-directv\/#primaryimage"},"thumbnailUrl":"https:\/\/www.quebakan.com\/v15\/wp-content\/uploads\/2026\/09\/EvilDeadBurn.jpg","articleSection":["Noticias"],"inLanguage":"es"},{"@type":"WebPage","@id":"https:\/\/www.quebakan.com\/v15\/evil-dead-en-llamas-la-nueva-entrega-de-la-iconica-saga-de-terror-llega-a-directv\/","url":"https:\/\/www.quebakan.com\/v15\/evil-dead-en-llamas-la-nueva-entrega-de-la-iconica-saga-de-terror-llega-a-directv\/","name":"\u201cEvil Dead: En Llamas\u201d, la nueva entrega de la ic\u00f3nica saga de terror llega a DIRECTV &#8211; QUEBAKAN.COM 2026: Noticias, Eventos, Conciertos y mucho m\u00e1s....","isPartOf":{"@id":"https:\/\/www.quebakan.com\/v15\/#website"},"primaryImageOfPage":{"@id":"https:\/\/www.quebakan.com\/v15\/evil-dead-en-llamas-la-nueva-entrega-de-la-iconica-saga-de-terror-llega-a-directv\/#primaryimage"},"image":{"@id":"https:\/\/www.quebakan.com\/v15\/evil-dead-en-llamas-la-nueva-entrega-de-la-iconica-saga-de-terror-llega-a-directv\/#primaryimage"},"thumbnailUrl":"https:\/\/www.quebakan.com\/v15\/wp-content\/uploads\/2026\/09\/EvilDeadBurn.jpg","datePublished":"2026-09-03T17:13:58+00:00","breadcrumb":{"@id":"https:\/\/www.quebakan.com\/v15\/evil-dead-en-llamas-la-nueva-entrega-de-la-iconica-saga-de-terror-llega-a-directv\/#breadcrumb"},"inLanguage":"es","potentialAction":[{"@type":"ReadAction","target":["https:\/\/www.quebakan.com\/v15\/evil-dead-en-llamas-la-nueva-entrega-de-la-iconica-saga-de-terror-llega-a-directv\/"]}]},{"@type":"ImageObject","inLanguage":"es","@id":"https:\/\/www.quebakan.com\/v15\/evil-dead-en-llamas-la-nueva-entrega-de-la-iconica-saga-de-terror-llega-a-directv\/#primaryimage","url":"https:\/\/www.quebakan.com\/v15\/wp-content\/uploads\/2026\/09\/EvilDeadBurn.jpg","contentUrl":"https:\/\/www.quebakan.com\/v15\/wp-content\/uploads\/2026\/09\/EvilDeadBurn.jpg","width":700,"height":394},{"@type":"BreadcrumbList","@id":"https:\/\/www.quebakan.com\/v15\/evil-dead-en-llamas-la-nueva-entrega-de-la-iconica-saga-de-terror-llega-a-directv\/#breadcrumb","itemListElement":[{"@type":"ListItem","position":1,"name":"Portada","item":"https:\/\/www.quebakan.com\/v15\/"},{"@type":"ListItem","position":2,"name":"\u201cEvil Dead: En Llamas\u201d, la nueva entrega de la ic\u00f3nica saga de terror llega a DIRECTV"}]},{"@type":"WebSite","@id":"https:\/\/www.quebakan.com\/v15\/#website","url":"https:\/\/www.quebakan.com\/v15\/","name":"QUEBAKAN","description":"..","publisher":{"@id":"https:\/\/www.quebakan.com\/v15\/#organization"},"potentialAction":[{"@type":"SearchAction","target":{"@type":"EntryPoint","urlTemplate":"https:\/\/www.quebakan.com\/v15\/?s={search_term_string}"},"query-input":{"@type":"PropertyValueSpecification","valueRequired":true,"valueName":"search_term_string"}}],"inLanguage":"es"},{"@type":"Organization","@id":"https:\/\/www.quebakan.com\/v15\/#organization","name":"Quebakan.com","url":"https:\/\/www.quebakan.com\/v15\/","logo":{"@type":"ImageObject","inLanguage":"es","@id":"https:\/\/www.quebakan.com\/v15\/#\/schema\/logo\/image\/","url":"https:\/\/www.quebakan.com\/v15\/wp-content\/uploads\/2023\/07\/logoquebakanenero2021.jpg","contentUrl":"https:\/\/www.quebakan.com\/v15\/wp-content\/uploads\/2023\/07\/logoquebakanenero2021.jpg","width":1920,"height":1080,"caption":"Quebakan.com"},"image":{"@id":"https:\/\/www.quebakan.com\/v15\/#\/schema\/logo\/image\/"},"sameAs":["http:\/\/www.facebook.com\/quebakan","https:\/\/x.com\/quebakanec","http:\/\/www.instagram.com\/quebakan","http:\/\/www.youtube.com\/quebakan1"]},{"@type":"Person","@id":"https:\/\/www.quebakan.com\/v15\/#\/schema\/person\/d90fa9f9cfa81eb8ace9811e5b7b9118","name":"Erick Villafuerte","image":{"@type":"ImageObject","inLanguage":"es","@id":"https:\/\/www.quebakan.com\/v15\/wp-content\/uploads\/avatars\/4\/1731297654-bpfull.png","url":"https:\/\/www.quebakan.com\/v15\/wp-content\/uploads\/avatars\/4\/1731297654-bpfull.png","contentUrl":"https:\/\/www.quebakan.com\/v15\/wp-content\/uploads\/avatars\/4\/1731297654-bpfull.png","caption":"Erick Villafuerte"}}]}},"_links":{"self":[{"href":"https:\/\/www.quebakan.com\/v15\/wp-json\/wp\/v2\/posts\/146215","targetHints":{"allow":["GET"]}}],"collection":[{"href":"https:\/\/www.quebakan.com\/v15\/wp-json\/wp\/v2\/posts"}],"about":[{"href":"https:\/\/www.quebakan.com\/v15\/wp-json\/wp\/v2\/types\/post"}],"author":[{"embeddable":true,"href":"https:\/\/www.quebakan.com\/v15\/wp-json\/wp\/v2\/users\/4"}],"replies":[{"embeddable":true,"href":"https:\/\/www.quebakan.com\/v15\/wp-json\/wp\/v2\/comments?post=146215"}],"version-history":[{"count":1,"href":"https:\/\/www.quebakan.com\/v15\/wp-json\/wp\/v2\/posts\/146215\/revisions"}],"predecessor-version":[{"id":146217,"href":"https:\/\/www.quebakan.com\/v15\/wp-json\/wp\/v2\/posts\/146215\/revisions\/146217"}],"wp:featuredmedia":[{"embeddable":true,"href":"https:\/\/www.quebakan.com\/v15\/wp-json\/wp\/v2\/media\/146216"}],"wp:attachment":[{"href":"https:\/\/www.quebakan.com\/v15\/wp-json\/wp\/v2\/media?parent=146215"}],"wp:term":[{"taxonomy":"category","embeddable":true,"href":"https:\/\/www.quebakan.com\/v15\/wp-json\/wp\/v2\/categories?post=146215"},{"taxonomy":"post_tag","embeddable":true,"href":"https:\/\/www.quebakan.com\/v15\/wp-json\/wp\/v2\/tags?post=146215"}],"curies":[{"name":"wp","href":"https:\/\/api.w.org\/{rel}","templated":true}]}}