{"id":146221,"date":"2026-09-03T14:51:18","date_gmt":"2026-09-03T19:51:18","guid":{"rendered":"https:\/\/www.quebakan.com\/v15\/?p=146221"},"modified":"2026-09-03T14:51:18","modified_gmt":"2026-09-03T19:51:18","slug":"consorcio-urvaseo-arranca-nueva-campana-de-educacion-ambiental-en-escuelas-y-colegios-de-guayaquil","status":"publish","type":"post","link":"https:\/\/www.quebakan.com\/v15\/consorcio-urvaseo-arranca-nueva-campana-de-educacion-ambiental-en-escuelas-y-colegios-de-guayaquil\/","title":{"rendered":"CONSORCIO URVASEO ARRANCA NUEVA CAMPA\u00d1A DE EDUCACI\u00d3N AMBIENTAL EN ESCUELAS Y COLEGIOS DE GUAYAQUIL"},"content":{"rendered":"<p><img fetchpriority=\"high\" decoding=\"async\" class=\"aligncenter size-full wp-image-146222\" src=\"https:\/\/www.quebakan.com\/v15\/wp-content\/uploads\/2026\/09\/EDUC-AMBIENTAL.jpg\" alt=\"\" width=\"700\" height=\"394\" \/><\/p>\n<p style=\"text-align: justify;\"><span style=\"color: #000000;\">Generar conciencia sobre la correcta disposici\u00f3n de los desechos, el respeto a los horarios y frecuencias de recolecci\u00f3n, y el cuidado del entorno escolar son los principales objetivos de la nueva edici\u00f3n del Programa de Educaci\u00f3n Ambiental dirigido a estudiantes de escuelas y colegios de la ciudad.<\/span><\/p>\n<p style=\"text-align: justify;\"><span style=\"color: #000000;\">Consorcio Urvaseo transforma el aprendizaje ambiental en una experiencia colectiva y din\u00e1mica. A trav\u00e9s de una propuesta esc\u00e9nica con ritmo, m\u00fasica, tambores y barras participativas, ni\u00f1os y adolescentes se convierten en los protagonistas de una gran jugada por Guayaquil, interiorizando h\u00e1bitos responsables para el manejo adecuado de los desechos.<\/span><\/p>\n<p style=\"text-align: justify;\"><span style=\"color: #000000;\">El programa busca que los estudiantes se conviertan en verdaderos agentes de cambio dentro y fuera de sus aulas y hogares.<\/span><\/p>\n<p style=\"text-align: justify;\"><span style=\"color: #000000;\">Daniela Falquez, Subgerente de Comunicaciones de Urvaseo, destaca la importancia de esta campa\u00f1a:<\/span><br \/>\n<span style=\"color: #000000;\">\u201cHoy es momento de actuar: desde peque\u00f1os, aprendamos a disponer correctamente los desechos, respetemos los horarios y frecuencias de recolecci\u00f3n, mantengamos limpias nuestras veredas y trabajemos unidos por una ciudad cada vez m\u00e1s limpia y ordenada.<\/span><br \/>\n<span style=\"color: #000000;\">Si deseas que visitemos tu escuela o colegio, puedes escribirnos a nuestro canal de whatsapp 0962992992<\/span><\/p>\n<p style=\"text-align: justify;\"><strong><span style=\"color: #000000;\">Objetivos principales de la iniciativa:<\/span><\/strong><br \/>\n<span style=\"color: #000000;\">\u2022 Informar: Difundir la manera correcta de disponer los desechos en los centros educativos y barrios.<\/span><br \/>\n<span style=\"color: #000000;\">\u2022 Generar cambios de h\u00e1bitos: Promover comportamientos cotidianos en ni\u00f1os y j\u00f3venes que se traduzcan en impactos ambientales reales y positivos.<\/span><br \/>\n<span style=\"color: #000000;\">\u2022 Fomentar el compromiso ciudadano: Crear conciencia sobre la responsabilidad compartida de mantener limpias las veredas e instalaciones educativas.<\/span><br \/>\n<span style=\"color: #000000;\">Con esta campa\u00f1a, Urvaseo reafirma su compromiso con la ni\u00f1ez y juventud de Guayaquil, contribuyendo activamente a la formaci\u00f3n de una ciudadan\u00eda m\u00e1s consciente y responsable de su entorno.<\/span><\/p>\n","protected":false},"excerpt":{"rendered":"<p>Generar conciencia sobre la correcta disposici\u00f3n de los desechos, el respeto a los horarios y frecuencias de recolecci\u00f3n, y el cuidado del entorno escolar son los principales objetivos de la nueva edici\u00f3n del Programa de Educaci\u00f3n Ambiental dirigido a estudiantes de escuelas y colegios de la ciudad. Consorcio Urvaseo transforma el aprendizaje ambiental en una [&hellip;]<\/p>\n","protected":false},"author":4,"featured_media":146222,"comment_status":"closed","ping_status":"closed","sticky":false,"template":"","format":"standard","meta":{"_bbp_topic_count":0,"_bbp_reply_count":0,"_bbp_total_topic_count":0,"_bbp_total_reply_count":0,"_bbp_voice_count":0,"_bbp_anonymous_reply_count":0,"_bbp_topic_count_hidden":0,"_bbp_reply_count_hidden":0,"_bbp_forum_subforum_count":0,"buzzeditor_post_format":"","footnotes":""},"categories":[2],"tags":[],"class_list":["post-146221","post","type-post","status-publish","format-standard","has-post-thumbnail","hentry","category-noticias"],"yoast_head":"<!-- This site is optimized with the Yoast SEO plugin v28.3 - https:\/\/yoast.com\/product\/yoast-seo-wordpress\/ -->\n<title>CONSORCIO URVASEO ARRANCA NUEVA CAMPA\u00d1A DE EDUCACI\u00d3N AMBIENTAL EN ESCUELAS Y COLEGIOS DE GUAYAQUIL &#8211; QUEBAKAN.COM 2026: Noticias, Eventos, Conciertos y mucho m\u00e1s....<\/title>\n<meta name=\"robots\" content=\"index, follow, max-snippet:-1, max-image-preview:large, max-video-preview:-1\" \/>\n<link rel=\"canonical\" href=\"https:\/\/www.quebakan.com\/v15\/consorcio-urvaseo-arranca-nueva-campana-de-educacion-ambiental-en-escuelas-y-colegios-de-guayaquil\/\" \/>\n<meta property=\"og:locale\" content=\"es_ES\" \/>\n<meta property=\"og:type\" content=\"article\" \/>\n<meta property=\"og:title\" content=\"CONSORCIO URVASEO ARRANCA NUEVA CAMPA\u00d1A DE EDUCACI\u00d3N AMBIENTAL EN ESCUELAS Y COLEGIOS DE GUAYAQUIL &#8211; QUEBAKAN.COM 2026: Noticias, Eventos, Conciertos y mucho m\u00e1s....\" \/>\n<meta property=\"og:description\" content=\"Generar conciencia sobre la correcta disposici\u00f3n de los desechos, el respeto a los horarios y frecuencias de recolecci\u00f3n, y el cuidado del entorno escolar son los principales objetivos de la nueva edici\u00f3n del Programa de Educaci\u00f3n Ambiental dirigido a estudiantes de escuelas y colegios de la ciudad. Consorcio Urvaseo transforma el aprendizaje ambiental en una [&hellip;]\" \/>\n<meta property=\"og:url\" content=\"https:\/\/www.quebakan.com\/v15\/consorcio-urvaseo-arranca-nueva-campana-de-educacion-ambiental-en-escuelas-y-colegios-de-guayaquil\/\" \/>\n<meta property=\"og:site_name\" content=\"QUEBAKAN.COM 2026: Noticias, Eventos, Conciertos y mucho m\u00e1s....\" \/>\n<meta property=\"article:publisher\" content=\"http:\/\/www.facebook.com\/quebakan\" \/>\n<meta property=\"article:published_time\" content=\"2026-09-03T19:51:18+00:00\" \/>\n<meta property=\"og:image\" content=\"https:\/\/www.quebakan.com\/v15\/wp-content\/uploads\/2026\/09\/EDUC-AMBIENTAL.jpg\" \/>\n\t<meta property=\"og:image:width\" content=\"700\" \/>\n\t<meta property=\"og:image:height\" content=\"394\" \/>\n\t<meta property=\"og:image:type\" content=\"image\/jpeg\" \/>\n<meta name=\"author\" content=\"Erick Villafuerte\" \/>\n<meta name=\"twitter:card\" content=\"summary_large_image\" \/>\n<meta name=\"twitter:creator\" content=\"@quebakanec\" \/>\n<meta name=\"twitter:site\" content=\"@quebakanec\" \/>\n<meta name=\"twitter:label1\" content=\"Escrito por\" \/>\n\t<meta name=\"twitter:data1\" content=\"Erick Villafuerte\" \/>\n\t<meta name=\"twitter:label2\" content=\"Tiempo de lectura\" \/>\n\t<meta name=\"twitter:data2\" content=\"2 minutos\" \/>\n<script type=\"application\/ld+json\" class=\"yoast-schema-graph\">{\"@context\":\"https:\\\/\\\/schema.org\",\"@graph\":[{\"@type\":\"Article\",\"@id\":\"https:\\\/\\\/www.quebakan.com\\\/v15\\\/consorcio-urvaseo-arranca-nueva-campana-de-educacion-ambiental-en-escuelas-y-colegios-de-guayaquil\\\/#article\",\"isPartOf\":{\"@id\":\"https:\\\/\\\/www.quebakan.com\\\/v15\\\/consorcio-urvaseo-arranca-nueva-campana-de-educacion-ambiental-en-escuelas-y-colegios-de-guayaquil\\\/\"},\"author\":{\"name\":\"Erick Villafuerte\",\"@id\":\"https:\\\/\\\/www.quebakan.com\\\/v15\\\/#\\\/schema\\\/person\\\/d90fa9f9cfa81eb8ace9811e5b7b9118\"},\"headline\":\"CONSORCIO URVASEO ARRANCA NUEVA CAMPA\u00d1A DE EDUCACI\u00d3N AMBIENTAL EN ESCUELAS Y COLEGIOS DE GUAYAQUIL\",\"datePublished\":\"2026-09-03T19:51:18+00:00\",\"mainEntityOfPage\":{\"@id\":\"https:\\\/\\\/www.quebakan.com\\\/v15\\\/consorcio-urvaseo-arranca-nueva-campana-de-educacion-ambiental-en-escuelas-y-colegios-de-guayaquil\\\/\"},\"wordCount\":306,\"publisher\":{\"@id\":\"https:\\\/\\\/www.quebakan.com\\\/v15\\\/#organization\"},\"image\":{\"@id\":\"https:\\\/\\\/www.quebakan.com\\\/v15\\\/consorcio-urvaseo-arranca-nueva-campana-de-educacion-ambiental-en-escuelas-y-colegios-de-guayaquil\\\/#primaryimage\"},\"thumbnailUrl\":\"https:\\\/\\\/www.quebakan.com\\\/v15\\\/wp-content\\\/uploads\\\/2026\\\/09\\\/EDUC-AMBIENTAL.jpg\",\"articleSection\":[\"Noticias\"],\"inLanguage\":\"es\"},{\"@type\":\"WebPage\",\"@id\":\"https:\\\/\\\/www.quebakan.com\\\/v15\\\/consorcio-urvaseo-arranca-nueva-campana-de-educacion-ambiental-en-escuelas-y-colegios-de-guayaquil\\\/\",\"url\":\"https:\\\/\\\/www.quebakan.com\\\/v15\\\/consorcio-urvaseo-arranca-nueva-campana-de-educacion-ambiental-en-escuelas-y-colegios-de-guayaquil\\\/\",\"name\":\"CONSORCIO URVASEO ARRANCA NUEVA CAMPA\u00d1A DE EDUCACI\u00d3N AMBIENTAL EN ESCUELAS Y COLEGIOS DE GUAYAQUIL &#8211; QUEBAKAN.COM 2026: Noticias, Eventos, Conciertos y mucho m\u00e1s....\",\"isPartOf\":{\"@id\":\"https:\\\/\\\/www.quebakan.com\\\/v15\\\/#website\"},\"primaryImageOfPage\":{\"@id\":\"https:\\\/\\\/www.quebakan.com\\\/v15\\\/consorcio-urvaseo-arranca-nueva-campana-de-educacion-ambiental-en-escuelas-y-colegios-de-guayaquil\\\/#primaryimage\"},\"image\":{\"@id\":\"https:\\\/\\\/www.quebakan.com\\\/v15\\\/consorcio-urvaseo-arranca-nueva-campana-de-educacion-ambiental-en-escuelas-y-colegios-de-guayaquil\\\/#primaryimage\"},\"thumbnailUrl\":\"https:\\\/\\\/www.quebakan.com\\\/v15\\\/wp-content\\\/uploads\\\/2026\\\/09\\\/EDUC-AMBIENTAL.jpg\",\"datePublished\":\"2026-09-03T19:51:18+00:00\",\"breadcrumb\":{\"@id\":\"https:\\\/\\\/www.quebakan.com\\\/v15\\\/consorcio-urvaseo-arranca-nueva-campana-de-educacion-ambiental-en-escuelas-y-colegios-de-guayaquil\\\/#breadcrumb\"},\"inLanguage\":\"es\",\"potentialAction\":[{\"@type\":\"ReadAction\",\"target\":[\"https:\\\/\\\/www.quebakan.com\\\/v15\\\/consorcio-urvaseo-arranca-nueva-campana-de-educacion-ambiental-en-escuelas-y-colegios-de-guayaquil\\\/\"]}]},{\"@type\":\"ImageObject\",\"inLanguage\":\"es\",\"@id\":\"https:\\\/\\\/www.quebakan.com\\\/v15\\\/consorcio-urvaseo-arranca-nueva-campana-de-educacion-ambiental-en-escuelas-y-colegios-de-guayaquil\\\/#primaryimage\",\"url\":\"https:\\\/\\\/www.quebakan.com\\\/v15\\\/wp-content\\\/uploads\\\/2026\\\/09\\\/EDUC-AMBIENTAL.jpg\",\"contentUrl\":\"https:\\\/\\\/www.quebakan.com\\\/v15\\\/wp-content\\\/uploads\\\/2026\\\/09\\\/EDUC-AMBIENTAL.jpg\",\"width\":700,\"height\":394},{\"@type\":\"BreadcrumbList\",\"@id\":\"https:\\\/\\\/www.quebakan.com\\\/v15\\\/consorcio-urvaseo-arranca-nueva-campana-de-educacion-ambiental-en-escuelas-y-colegios-de-guayaquil\\\/#breadcrumb\",\"itemListElement\":[{\"@type\":\"ListItem\",\"position\":1,\"name\":\"Portada\",\"item\":\"https:\\\/\\\/www.quebakan.com\\\/v15\\\/\"},{\"@type\":\"ListItem\",\"position\":2,\"name\":\"CONSORCIO URVASEO ARRANCA NUEVA CAMPA\u00d1A DE EDUCACI\u00d3N AMBIENTAL EN ESCUELAS Y COLEGIOS DE GUAYAQUIL\"}]},{\"@type\":\"WebSite\",\"@id\":\"https:\\\/\\\/www.quebakan.com\\\/v15\\\/#website\",\"url\":\"https:\\\/\\\/www.quebakan.com\\\/v15\\\/\",\"name\":\"QUEBAKAN\",\"description\":\"..\",\"publisher\":{\"@id\":\"https:\\\/\\\/www.quebakan.com\\\/v15\\\/#organization\"},\"potentialAction\":[{\"@type\":\"SearchAction\",\"target\":{\"@type\":\"EntryPoint\",\"urlTemplate\":\"https:\\\/\\\/www.quebakan.com\\\/v15\\\/?s={search_term_string}\"},\"query-input\":{\"@type\":\"PropertyValueSpecification\",\"valueRequired\":true,\"valueName\":\"search_term_string\"}}],\"inLanguage\":\"es\"},{\"@type\":\"Organization\",\"@id\":\"https:\\\/\\\/www.quebakan.com\\\/v15\\\/#organization\",\"name\":\"Quebakan.com\",\"url\":\"https:\\\/\\\/www.quebakan.com\\\/v15\\\/\",\"logo\":{\"@type\":\"ImageObject\",\"inLanguage\":\"es\",\"@id\":\"https:\\\/\\\/www.quebakan.com\\\/v15\\\/#\\\/schema\\\/logo\\\/image\\\/\",\"url\":\"https:\\\/\\\/www.quebakan.com\\\/v15\\\/wp-content\\\/uploads\\\/2023\\\/07\\\/logoquebakanenero2021.jpg\",\"contentUrl\":\"https:\\\/\\\/www.quebakan.com\\\/v15\\\/wp-content\\\/uploads\\\/2023\\\/07\\\/logoquebakanenero2021.jpg\",\"width\":1920,\"height\":1080,\"caption\":\"Quebakan.com\"},\"image\":{\"@id\":\"https:\\\/\\\/www.quebakan.com\\\/v15\\\/#\\\/schema\\\/logo\\\/image\\\/\"},\"sameAs\":[\"http:\\\/\\\/www.facebook.com\\\/quebakan\",\"https:\\\/\\\/x.com\\\/quebakanec\",\"http:\\\/\\\/www.instagram.com\\\/quebakan\",\"http:\\\/\\\/www.youtube.com\\\/quebakan1\"]},{\"@type\":\"Person\",\"@id\":\"https:\\\/\\\/www.quebakan.com\\\/v15\\\/#\\\/schema\\\/person\\\/d90fa9f9cfa81eb8ace9811e5b7b9118\",\"name\":\"Erick Villafuerte\",\"image\":{\"@type\":\"ImageObject\",\"inLanguage\":\"es\",\"@id\":\"https:\\\/\\\/www.quebakan.com\\\/v15\\\/wp-content\\\/uploads\\\/avatars\\\/4\\\/1731297654-bpfull.png\",\"url\":\"https:\\\/\\\/www.quebakan.com\\\/v15\\\/wp-content\\\/uploads\\\/avatars\\\/4\\\/1731297654-bpfull.png\",\"contentUrl\":\"https:\\\/\\\/www.quebakan.com\\\/v15\\\/wp-content\\\/uploads\\\/avatars\\\/4\\\/1731297654-bpfull.png\",\"caption\":\"Erick Villafuerte\"}}]}<\/script>\n<!-- \/ Yoast SEO plugin. -->","yoast_head_json":{"title":"CONSORCIO URVASEO ARRANCA NUEVA CAMPA\u00d1A DE EDUCACI\u00d3N AMBIENTAL EN ESCUELAS Y COLEGIOS DE GUAYAQUIL &#8211; QUEBAKAN.COM 2026: Noticias, Eventos, Conciertos y mucho m\u00e1s....","robots":{"index":"index","follow":"follow","max-snippet":"max-snippet:-1","max-image-preview":"max-image-preview:large","max-video-preview":"max-video-preview:-1"},"canonical":"https:\/\/www.quebakan.com\/v15\/consorcio-urvaseo-arranca-nueva-campana-de-educacion-ambiental-en-escuelas-y-colegios-de-guayaquil\/","og_locale":"es_ES","og_type":"article","og_title":"CONSORCIO URVASEO ARRANCA NUEVA CAMPA\u00d1A DE EDUCACI\u00d3N AMBIENTAL EN ESCUELAS Y COLEGIOS DE GUAYAQUIL &#8211; QUEBAKAN.COM 2026: Noticias, Eventos, Conciertos y mucho m\u00e1s....","og_description":"Generar conciencia sobre la correcta disposici\u00f3n de los desechos, el respeto a los horarios y frecuencias de recolecci\u00f3n, y el cuidado del entorno escolar son los principales objetivos de la nueva edici\u00f3n del Programa de Educaci\u00f3n Ambiental dirigido a estudiantes de escuelas y colegios de la ciudad. Consorcio Urvaseo transforma el aprendizaje ambiental en una [&hellip;]","og_url":"https:\/\/www.quebakan.com\/v15\/consorcio-urvaseo-arranca-nueva-campana-de-educacion-ambiental-en-escuelas-y-colegios-de-guayaquil\/","og_site_name":"QUEBAKAN.COM 2026: Noticias, Eventos, Conciertos y mucho m\u00e1s....","article_publisher":"http:\/\/www.facebook.com\/quebakan","article_published_time":"2026-09-03T19:51:18+00:00","og_image":[{"width":700,"height":394,"url":"https:\/\/www.quebakan.com\/v15\/wp-content\/uploads\/2026\/09\/EDUC-AMBIENTAL.jpg","type":"image\/jpeg"}],"author":"Erick Villafuerte","twitter_card":"summary_large_image","twitter_creator":"@quebakanec","twitter_site":"@quebakanec","twitter_misc":{"Escrito por":"Erick Villafuerte","Tiempo de lectura":"2 minutos"},"schema":{"@context":"https:\/\/schema.org","@graph":[{"@type":"Article","@id":"https:\/\/www.quebakan.com\/v15\/consorcio-urvaseo-arranca-nueva-campana-de-educacion-ambiental-en-escuelas-y-colegios-de-guayaquil\/#article","isPartOf":{"@id":"https:\/\/www.quebakan.com\/v15\/consorcio-urvaseo-arranca-nueva-campana-de-educacion-ambiental-en-escuelas-y-colegios-de-guayaquil\/"},"author":{"name":"Erick Villafuerte","@id":"https:\/\/www.quebakan.com\/v15\/#\/schema\/person\/d90fa9f9cfa81eb8ace9811e5b7b9118"},"headline":"CONSORCIO URVASEO ARRANCA NUEVA CAMPA\u00d1A DE EDUCACI\u00d3N AMBIENTAL EN ESCUELAS Y COLEGIOS DE GUAYAQUIL","datePublished":"2026-09-03T19:51:18+00:00","mainEntityOfPage":{"@id":"https:\/\/www.quebakan.com\/v15\/consorcio-urvaseo-arranca-nueva-campana-de-educacion-ambiental-en-escuelas-y-colegios-de-guayaquil\/"},"wordCount":306,"publisher":{"@id":"https:\/\/www.quebakan.com\/v15\/#organization"},"image":{"@id":"https:\/\/www.quebakan.com\/v15\/consorcio-urvaseo-arranca-nueva-campana-de-educacion-ambiental-en-escuelas-y-colegios-de-guayaquil\/#primaryimage"},"thumbnailUrl":"https:\/\/www.quebakan.com\/v15\/wp-content\/uploads\/2026\/09\/EDUC-AMBIENTAL.jpg","articleSection":["Noticias"],"inLanguage":"es"},{"@type":"WebPage","@id":"https:\/\/www.quebakan.com\/v15\/consorcio-urvaseo-arranca-nueva-campana-de-educacion-ambiental-en-escuelas-y-colegios-de-guayaquil\/","url":"https:\/\/www.quebakan.com\/v15\/consorcio-urvaseo-arranca-nueva-campana-de-educacion-ambiental-en-escuelas-y-colegios-de-guayaquil\/","name":"CONSORCIO URVASEO ARRANCA NUEVA CAMPA\u00d1A DE EDUCACI\u00d3N AMBIENTAL EN ESCUELAS Y COLEGIOS DE GUAYAQUIL &#8211; QUEBAKAN.COM 2026: Noticias, Eventos, Conciertos y mucho m\u00e1s....","isPartOf":{"@id":"https:\/\/www.quebakan.com\/v15\/#website"},"primaryImageOfPage":{"@id":"https:\/\/www.quebakan.com\/v15\/consorcio-urvaseo-arranca-nueva-campana-de-educacion-ambiental-en-escuelas-y-colegios-de-guayaquil\/#primaryimage"},"image":{"@id":"https:\/\/www.quebakan.com\/v15\/consorcio-urvaseo-arranca-nueva-campana-de-educacion-ambiental-en-escuelas-y-colegios-de-guayaquil\/#primaryimage"},"thumbnailUrl":"https:\/\/www.quebakan.com\/v15\/wp-content\/uploads\/2026\/09\/EDUC-AMBIENTAL.jpg","datePublished":"2026-09-03T19:51:18+00:00","breadcrumb":{"@id":"https:\/\/www.quebakan.com\/v15\/consorcio-urvaseo-arranca-nueva-campana-de-educacion-ambiental-en-escuelas-y-colegios-de-guayaquil\/#breadcrumb"},"inLanguage":"es","potentialAction":[{"@type":"ReadAction","target":["https:\/\/www.quebakan.com\/v15\/consorcio-urvaseo-arranca-nueva-campana-de-educacion-ambiental-en-escuelas-y-colegios-de-guayaquil\/"]}]},{"@type":"ImageObject","inLanguage":"es","@id":"https:\/\/www.quebakan.com\/v15\/consorcio-urvaseo-arranca-nueva-campana-de-educacion-ambiental-en-escuelas-y-colegios-de-guayaquil\/#primaryimage","url":"https:\/\/www.quebakan.com\/v15\/wp-content\/uploads\/2026\/09\/EDUC-AMBIENTAL.jpg","contentUrl":"https:\/\/www.quebakan.com\/v15\/wp-content\/uploads\/2026\/09\/EDUC-AMBIENTAL.jpg","width":700,"height":394},{"@type":"BreadcrumbList","@id":"https:\/\/www.quebakan.com\/v15\/consorcio-urvaseo-arranca-nueva-campana-de-educacion-ambiental-en-escuelas-y-colegios-de-guayaquil\/#breadcrumb","itemListElement":[{"@type":"ListItem","position":1,"name":"Portada","item":"https:\/\/www.quebakan.com\/v15\/"},{"@type":"ListItem","position":2,"name":"CONSORCIO URVASEO ARRANCA NUEVA CAMPA\u00d1A DE EDUCACI\u00d3N AMBIENTAL EN ESCUELAS Y COLEGIOS DE GUAYAQUIL"}]},{"@type":"WebSite","@id":"https:\/\/www.quebakan.com\/v15\/#website","url":"https:\/\/www.quebakan.com\/v15\/","name":"QUEBAKAN","description":"..","publisher":{"@id":"https:\/\/www.quebakan.com\/v15\/#organization"},"potentialAction":[{"@type":"SearchAction","target":{"@type":"EntryPoint","urlTemplate":"https:\/\/www.quebakan.com\/v15\/?s={search_term_string}"},"query-input":{"@type":"PropertyValueSpecification","valueRequired":true,"valueName":"search_term_string"}}],"inLanguage":"es"},{"@type":"Organization","@id":"https:\/\/www.quebakan.com\/v15\/#organization","name":"Quebakan.com","url":"https:\/\/www.quebakan.com\/v15\/","logo":{"@type":"ImageObject","inLanguage":"es","@id":"https:\/\/www.quebakan.com\/v15\/#\/schema\/logo\/image\/","url":"https:\/\/www.quebakan.com\/v15\/wp-content\/uploads\/2023\/07\/logoquebakanenero2021.jpg","contentUrl":"https:\/\/www.quebakan.com\/v15\/wp-content\/uploads\/2023\/07\/logoquebakanenero2021.jpg","width":1920,"height":1080,"caption":"Quebakan.com"},"image":{"@id":"https:\/\/www.quebakan.com\/v15\/#\/schema\/logo\/image\/"},"sameAs":["http:\/\/www.facebook.com\/quebakan","https:\/\/x.com\/quebakanec","http:\/\/www.instagram.com\/quebakan","http:\/\/www.youtube.com\/quebakan1"]},{"@type":"Person","@id":"https:\/\/www.quebakan.com\/v15\/#\/schema\/person\/d90fa9f9cfa81eb8ace9811e5b7b9118","name":"Erick Villafuerte","image":{"@type":"ImageObject","inLanguage":"es","@id":"https:\/\/www.quebakan.com\/v15\/wp-content\/uploads\/avatars\/4\/1731297654-bpfull.png","url":"https:\/\/www.quebakan.com\/v15\/wp-content\/uploads\/avatars\/4\/1731297654-bpfull.png","contentUrl":"https:\/\/www.quebakan.com\/v15\/wp-content\/uploads\/avatars\/4\/1731297654-bpfull.png","caption":"Erick Villafuerte"}}]}},"_links":{"self":[{"href":"https:\/\/www.quebakan.com\/v15\/wp-json\/wp\/v2\/posts\/146221","targetHints":{"allow":["GET"]}}],"collection":[{"href":"https:\/\/www.quebakan.com\/v15\/wp-json\/wp\/v2\/posts"}],"about":[{"href":"https:\/\/www.quebakan.com\/v15\/wp-json\/wp\/v2\/types\/post"}],"author":[{"embeddable":true,"href":"https:\/\/www.quebakan.com\/v15\/wp-json\/wp\/v2\/users\/4"}],"replies":[{"embeddable":true,"href":"https:\/\/www.quebakan.com\/v15\/wp-json\/wp\/v2\/comments?post=146221"}],"version-history":[{"count":1,"href":"https:\/\/www.quebakan.com\/v15\/wp-json\/wp\/v2\/posts\/146221\/revisions"}],"predecessor-version":[{"id":146223,"href":"https:\/\/www.quebakan.com\/v15\/wp-json\/wp\/v2\/posts\/146221\/revisions\/146223"}],"wp:featuredmedia":[{"embeddable":true,"href":"https:\/\/www.quebakan.com\/v15\/wp-json\/wp\/v2\/media\/146222"}],"wp:attachment":[{"href":"https:\/\/www.quebakan.com\/v15\/wp-json\/wp\/v2\/media?parent=146221"}],"wp:term":[{"taxonomy":"category","embeddable":true,"href":"https:\/\/www.quebakan.com\/v15\/wp-json\/wp\/v2\/categories?post=146221"},{"taxonomy":"post_tag","embeddable":true,"href":"https:\/\/www.quebakan.com\/v15\/wp-json\/wp\/v2\/tags?post=146221"}],"curies":[{"name":"wp","href":"https:\/\/api.w.org\/{rel}","templated":true}]}}