{"id":146232,"date":"2026-09-03T15:16:30","date_gmt":"2026-09-03T20:16:30","guid":{"rendered":"https:\/\/www.quebakan.com\/v15\/?p=146232"},"modified":"2026-09-03T15:16:30","modified_gmt":"2026-09-03T20:16:30","slug":"porque-tu-lo-pediste-todo-trueque-se-extiende-del-29-de-agosto-al-6-de-septiembre","status":"publish","type":"post","link":"https:\/\/www.quebakan.com\/v15\/porque-tu-lo-pediste-todo-trueque-se-extiende-del-29-de-agosto-al-6-de-septiembre\/","title":{"rendered":"Porque t\u00fa lo pediste \u201cTodo Trueque\u201d se extiende del 29 de agosto al 6 de septiembre"},"content":{"rendered":"<p><img fetchpriority=\"high\" decoding=\"async\" class=\"aligncenter size-full wp-image-146233\" src=\"https:\/\/www.quebakan.com\/v15\/wp-content\/uploads\/2026\/09\/AF_KV_TODOTRUEQUE_2026_Extension__07_09__Outlines-1.jpg\" alt=\"\" width=\"553\" height=\"700\" \/><\/p>\n<p style=\"text-align: justify;\"><span style=\"color: #000000;\"><strong>Los equipos y productos recolectados ser\u00e1n donados a la Fundaci\u00f3n Dejemos Huellas<\/strong><\/span><\/p>\n<p style=\"text-align: justify;\"><span style=\"color: #000000;\">Tu televisor viejo de cualquier marca o tama\u00f1o vale el 20% de uno nuevo, adem\u00e1s solo en esta semana que se extiende la campa\u00f1a, participan todos los productos de las semanas anteriores: cocinas, planchas de cocina, hornos y empotrables, refrigedoras, congeladores, frigobares y vitrinas, electodom\u00e9sticos menores y bater\u00edas de cocina, lavadoras, secadoras, colchones, almohadas y protectores.<\/span><\/p>\n<p style=\"text-align: justify;\"><span style=\"color: #000000;\">Los clientes podr\u00e1n entregar su producto o electrodom\u00e9stico antiguo al momento de recibir el nuevo producto en su domicilio o llevarlo directamente a cualquiera de las tiendas Todohogar durante el proceso de compra.<\/span><\/p>\n<p style=\"text-align: justify;\"><span style=\"color: #000000;\">Los equipos recolectados ser\u00e1n donados a la Fundaci\u00f3n Dejemos Huellas, contribuyendo a fortalecer sus programas sociales y educativos dirigidos a ni\u00f1os y ni\u00f1as que enfrentan barreras econ\u00f3micas para acceder a mejores oportunidades de formaci\u00f3n.<\/span><\/p>\n<p style=\"text-align: justify;\"><span style=\"color: #000000;\">Esta alianza demuestra que peque\u00f1as acciones pueden generar un impacto significativo. A trav\u00e9s de Todo Trueque, miles de familias tendr\u00e1n la posibilidad de renovar sus electrodom\u00e9sticos mientras apoyan una causa que transforma vidas y promueve un futuro con m\u00e1s oportunidades para la ni\u00f1ez ecuatoriana.<\/span><\/p>\n<p style=\"text-align: justify;\"><span style=\"color: #000000;\">Todohogar y la Fundaci\u00f3n Dejemos Huellas invita a la ciudadan\u00eda a sumarse a esta campa\u00f1a solidaria, recordando que cada electrodom\u00e9stico donado representa una nueva oportunidad para impulsar la educaci\u00f3n y el desarrollo de ni\u00f1os y ni\u00f1as que necesitan apoyo para construir un mejor futuro.<\/span><\/p>\n","protected":false},"excerpt":{"rendered":"<p>Los equipos y productos recolectados ser\u00e1n donados a la Fundaci\u00f3n Dejemos Huellas Tu televisor viejo de cualquier marca o tama\u00f1o vale el 20% de uno nuevo, adem\u00e1s solo en esta semana que se extiende la campa\u00f1a, participan todos los productos de las semanas anteriores: cocinas, planchas de cocina, hornos y empotrables, refrigedoras, congeladores, frigobares y [&hellip;]<\/p>\n","protected":false},"author":4,"featured_media":146233,"comment_status":"closed","ping_status":"closed","sticky":false,"template":"","format":"standard","meta":{"_bbp_topic_count":0,"_bbp_reply_count":0,"_bbp_total_topic_count":0,"_bbp_total_reply_count":0,"_bbp_voice_count":0,"_bbp_anonymous_reply_count":0,"_bbp_topic_count_hidden":0,"_bbp_reply_count_hidden":0,"_bbp_forum_subforum_count":0,"buzzeditor_post_format":"","footnotes":""},"categories":[2],"tags":[],"class_list":["post-146232","post","type-post","status-publish","format-standard","has-post-thumbnail","hentry","category-noticias"],"yoast_head":"<!-- This site is optimized with the Yoast SEO plugin v28.3 - https:\/\/yoast.com\/product\/yoast-seo-wordpress\/ -->\n<title>Porque t\u00fa lo pediste \u201cTodo Trueque\u201d se extiende del 29 de agosto al 6 de septiembre &#8211; QUEBAKAN.COM 2026: Noticias, Eventos, Conciertos y mucho m\u00e1s....<\/title>\n<meta name=\"robots\" content=\"index, follow, max-snippet:-1, max-image-preview:large, max-video-preview:-1\" \/>\n<link rel=\"canonical\" href=\"https:\/\/www.quebakan.com\/v15\/porque-tu-lo-pediste-todo-trueque-se-extiende-del-29-de-agosto-al-6-de-septiembre\/\" \/>\n<meta property=\"og:locale\" content=\"es_ES\" \/>\n<meta property=\"og:type\" content=\"article\" \/>\n<meta property=\"og:title\" content=\"Porque t\u00fa lo pediste \u201cTodo Trueque\u201d se extiende del 29 de agosto al 6 de septiembre &#8211; QUEBAKAN.COM 2026: Noticias, Eventos, Conciertos y mucho m\u00e1s....\" \/>\n<meta property=\"og:description\" content=\"Los equipos y productos recolectados ser\u00e1n donados a la Fundaci\u00f3n Dejemos Huellas Tu televisor viejo de cualquier marca o tama\u00f1o vale el 20% de uno nuevo, adem\u00e1s solo en esta semana que se extiende la campa\u00f1a, participan todos los productos de las semanas anteriores: cocinas, planchas de cocina, hornos y empotrables, refrigedoras, congeladores, frigobares y [&hellip;]\" \/>\n<meta property=\"og:url\" content=\"https:\/\/www.quebakan.com\/v15\/porque-tu-lo-pediste-todo-trueque-se-extiende-del-29-de-agosto-al-6-de-septiembre\/\" \/>\n<meta property=\"og:site_name\" content=\"QUEBAKAN.COM 2026: Noticias, Eventos, Conciertos y mucho m\u00e1s....\" \/>\n<meta property=\"article:publisher\" content=\"http:\/\/www.facebook.com\/quebakan\" \/>\n<meta property=\"article:published_time\" content=\"2026-09-03T20:16:30+00:00\" \/>\n<meta property=\"og:image\" content=\"https:\/\/www.quebakan.com\/v15\/wp-content\/uploads\/2026\/09\/AF_KV_TODOTRUEQUE_2026_Extension__07_09__Outlines-1.jpg\" \/>\n\t<meta property=\"og:image:width\" content=\"553\" \/>\n\t<meta property=\"og:image:height\" content=\"700\" \/>\n\t<meta property=\"og:image:type\" content=\"image\/jpeg\" \/>\n<meta name=\"author\" content=\"Erick Villafuerte\" \/>\n<meta name=\"twitter:card\" content=\"summary_large_image\" \/>\n<meta name=\"twitter:creator\" content=\"@quebakanec\" \/>\n<meta name=\"twitter:site\" content=\"@quebakanec\" \/>\n<meta name=\"twitter:label1\" content=\"Escrito por\" \/>\n\t<meta name=\"twitter:data1\" content=\"Erick Villafuerte\" \/>\n\t<meta name=\"twitter:label2\" content=\"Tiempo de lectura\" \/>\n\t<meta name=\"twitter:data2\" content=\"2 minutos\" \/>\n<script type=\"application\/ld+json\" class=\"yoast-schema-graph\">{\"@context\":\"https:\\\/\\\/schema.org\",\"@graph\":[{\"@type\":\"Article\",\"@id\":\"https:\\\/\\\/www.quebakan.com\\\/v15\\\/porque-tu-lo-pediste-todo-trueque-se-extiende-del-29-de-agosto-al-6-de-septiembre\\\/#article\",\"isPartOf\":{\"@id\":\"https:\\\/\\\/www.quebakan.com\\\/v15\\\/porque-tu-lo-pediste-todo-trueque-se-extiende-del-29-de-agosto-al-6-de-septiembre\\\/\"},\"author\":{\"name\":\"Erick Villafuerte\",\"@id\":\"https:\\\/\\\/www.quebakan.com\\\/v15\\\/#\\\/schema\\\/person\\\/d90fa9f9cfa81eb8ace9811e5b7b9118\"},\"headline\":\"Porque t\u00fa lo pediste \u201cTodo Trueque\u201d se extiende del 29 de agosto al 6 de septiembre\",\"datePublished\":\"2026-09-03T20:16:30+00:00\",\"mainEntityOfPage\":{\"@id\":\"https:\\\/\\\/www.quebakan.com\\\/v15\\\/porque-tu-lo-pediste-todo-trueque-se-extiende-del-29-de-agosto-al-6-de-septiembre\\\/\"},\"wordCount\":264,\"publisher\":{\"@id\":\"https:\\\/\\\/www.quebakan.com\\\/v15\\\/#organization\"},\"image\":{\"@id\":\"https:\\\/\\\/www.quebakan.com\\\/v15\\\/porque-tu-lo-pediste-todo-trueque-se-extiende-del-29-de-agosto-al-6-de-septiembre\\\/#primaryimage\"},\"thumbnailUrl\":\"https:\\\/\\\/www.quebakan.com\\\/v15\\\/wp-content\\\/uploads\\\/2026\\\/09\\\/AF_KV_TODOTRUEQUE_2026_Extension__07_09__Outlines-1.jpg\",\"articleSection\":[\"Noticias\"],\"inLanguage\":\"es\"},{\"@type\":\"WebPage\",\"@id\":\"https:\\\/\\\/www.quebakan.com\\\/v15\\\/porque-tu-lo-pediste-todo-trueque-se-extiende-del-29-de-agosto-al-6-de-septiembre\\\/\",\"url\":\"https:\\\/\\\/www.quebakan.com\\\/v15\\\/porque-tu-lo-pediste-todo-trueque-se-extiende-del-29-de-agosto-al-6-de-septiembre\\\/\",\"name\":\"Porque t\u00fa lo pediste \u201cTodo Trueque\u201d se extiende del 29 de agosto al 6 de septiembre &#8211; QUEBAKAN.COM 2026: Noticias, Eventos, Conciertos y mucho m\u00e1s....\",\"isPartOf\":{\"@id\":\"https:\\\/\\\/www.quebakan.com\\\/v15\\\/#website\"},\"primaryImageOfPage\":{\"@id\":\"https:\\\/\\\/www.quebakan.com\\\/v15\\\/porque-tu-lo-pediste-todo-trueque-se-extiende-del-29-de-agosto-al-6-de-septiembre\\\/#primaryimage\"},\"image\":{\"@id\":\"https:\\\/\\\/www.quebakan.com\\\/v15\\\/porque-tu-lo-pediste-todo-trueque-se-extiende-del-29-de-agosto-al-6-de-septiembre\\\/#primaryimage\"},\"thumbnailUrl\":\"https:\\\/\\\/www.quebakan.com\\\/v15\\\/wp-content\\\/uploads\\\/2026\\\/09\\\/AF_KV_TODOTRUEQUE_2026_Extension__07_09__Outlines-1.jpg\",\"datePublished\":\"2026-09-03T20:16:30+00:00\",\"breadcrumb\":{\"@id\":\"https:\\\/\\\/www.quebakan.com\\\/v15\\\/porque-tu-lo-pediste-todo-trueque-se-extiende-del-29-de-agosto-al-6-de-septiembre\\\/#breadcrumb\"},\"inLanguage\":\"es\",\"potentialAction\":[{\"@type\":\"ReadAction\",\"target\":[\"https:\\\/\\\/www.quebakan.com\\\/v15\\\/porque-tu-lo-pediste-todo-trueque-se-extiende-del-29-de-agosto-al-6-de-septiembre\\\/\"]}]},{\"@type\":\"ImageObject\",\"inLanguage\":\"es\",\"@id\":\"https:\\\/\\\/www.quebakan.com\\\/v15\\\/porque-tu-lo-pediste-todo-trueque-se-extiende-del-29-de-agosto-al-6-de-septiembre\\\/#primaryimage\",\"url\":\"https:\\\/\\\/www.quebakan.com\\\/v15\\\/wp-content\\\/uploads\\\/2026\\\/09\\\/AF_KV_TODOTRUEQUE_2026_Extension__07_09__Outlines-1.jpg\",\"contentUrl\":\"https:\\\/\\\/www.quebakan.com\\\/v15\\\/wp-content\\\/uploads\\\/2026\\\/09\\\/AF_KV_TODOTRUEQUE_2026_Extension__07_09__Outlines-1.jpg\",\"width\":553,\"height\":700},{\"@type\":\"BreadcrumbList\",\"@id\":\"https:\\\/\\\/www.quebakan.com\\\/v15\\\/porque-tu-lo-pediste-todo-trueque-se-extiende-del-29-de-agosto-al-6-de-septiembre\\\/#breadcrumb\",\"itemListElement\":[{\"@type\":\"ListItem\",\"position\":1,\"name\":\"Portada\",\"item\":\"https:\\\/\\\/www.quebakan.com\\\/v15\\\/\"},{\"@type\":\"ListItem\",\"position\":2,\"name\":\"Porque t\u00fa lo pediste \u201cTodo Trueque\u201d se extiende del 29 de agosto al 6 de septiembre\"}]},{\"@type\":\"WebSite\",\"@id\":\"https:\\\/\\\/www.quebakan.com\\\/v15\\\/#website\",\"url\":\"https:\\\/\\\/www.quebakan.com\\\/v15\\\/\",\"name\":\"QUEBAKAN\",\"description\":\"..\",\"publisher\":{\"@id\":\"https:\\\/\\\/www.quebakan.com\\\/v15\\\/#organization\"},\"potentialAction\":[{\"@type\":\"SearchAction\",\"target\":{\"@type\":\"EntryPoint\",\"urlTemplate\":\"https:\\\/\\\/www.quebakan.com\\\/v15\\\/?s={search_term_string}\"},\"query-input\":{\"@type\":\"PropertyValueSpecification\",\"valueRequired\":true,\"valueName\":\"search_term_string\"}}],\"inLanguage\":\"es\"},{\"@type\":\"Organization\",\"@id\":\"https:\\\/\\\/www.quebakan.com\\\/v15\\\/#organization\",\"name\":\"Quebakan.com\",\"url\":\"https:\\\/\\\/www.quebakan.com\\\/v15\\\/\",\"logo\":{\"@type\":\"ImageObject\",\"inLanguage\":\"es\",\"@id\":\"https:\\\/\\\/www.quebakan.com\\\/v15\\\/#\\\/schema\\\/logo\\\/image\\\/\",\"url\":\"https:\\\/\\\/www.quebakan.com\\\/v15\\\/wp-content\\\/uploads\\\/2023\\\/07\\\/logoquebakanenero2021.jpg\",\"contentUrl\":\"https:\\\/\\\/www.quebakan.com\\\/v15\\\/wp-content\\\/uploads\\\/2023\\\/07\\\/logoquebakanenero2021.jpg\",\"width\":1920,\"height\":1080,\"caption\":\"Quebakan.com\"},\"image\":{\"@id\":\"https:\\\/\\\/www.quebakan.com\\\/v15\\\/#\\\/schema\\\/logo\\\/image\\\/\"},\"sameAs\":[\"http:\\\/\\\/www.facebook.com\\\/quebakan\",\"https:\\\/\\\/x.com\\\/quebakanec\",\"http:\\\/\\\/www.instagram.com\\\/quebakan\",\"http:\\\/\\\/www.youtube.com\\\/quebakan1\"]},{\"@type\":\"Person\",\"@id\":\"https:\\\/\\\/www.quebakan.com\\\/v15\\\/#\\\/schema\\\/person\\\/d90fa9f9cfa81eb8ace9811e5b7b9118\",\"name\":\"Erick Villafuerte\",\"image\":{\"@type\":\"ImageObject\",\"inLanguage\":\"es\",\"@id\":\"https:\\\/\\\/www.quebakan.com\\\/v15\\\/wp-content\\\/uploads\\\/avatars\\\/4\\\/1731297654-bpfull.png\",\"url\":\"https:\\\/\\\/www.quebakan.com\\\/v15\\\/wp-content\\\/uploads\\\/avatars\\\/4\\\/1731297654-bpfull.png\",\"contentUrl\":\"https:\\\/\\\/www.quebakan.com\\\/v15\\\/wp-content\\\/uploads\\\/avatars\\\/4\\\/1731297654-bpfull.png\",\"caption\":\"Erick Villafuerte\"}}]}<\/script>\n<!-- \/ Yoast SEO plugin. -->","yoast_head_json":{"title":"Porque t\u00fa lo pediste \u201cTodo Trueque\u201d se extiende del 29 de agosto al 6 de septiembre &#8211; QUEBAKAN.COM 2026: Noticias, Eventos, Conciertos y mucho m\u00e1s....","robots":{"index":"index","follow":"follow","max-snippet":"max-snippet:-1","max-image-preview":"max-image-preview:large","max-video-preview":"max-video-preview:-1"},"canonical":"https:\/\/www.quebakan.com\/v15\/porque-tu-lo-pediste-todo-trueque-se-extiende-del-29-de-agosto-al-6-de-septiembre\/","og_locale":"es_ES","og_type":"article","og_title":"Porque t\u00fa lo pediste \u201cTodo Trueque\u201d se extiende del 29 de agosto al 6 de septiembre &#8211; QUEBAKAN.COM 2026: Noticias, Eventos, Conciertos y mucho m\u00e1s....","og_description":"Los equipos y productos recolectados ser\u00e1n donados a la Fundaci\u00f3n Dejemos Huellas Tu televisor viejo de cualquier marca o tama\u00f1o vale el 20% de uno nuevo, adem\u00e1s solo en esta semana que se extiende la campa\u00f1a, participan todos los productos de las semanas anteriores: cocinas, planchas de cocina, hornos y empotrables, refrigedoras, congeladores, frigobares y [&hellip;]","og_url":"https:\/\/www.quebakan.com\/v15\/porque-tu-lo-pediste-todo-trueque-se-extiende-del-29-de-agosto-al-6-de-septiembre\/","og_site_name":"QUEBAKAN.COM 2026: Noticias, Eventos, Conciertos y mucho m\u00e1s....","article_publisher":"http:\/\/www.facebook.com\/quebakan","article_published_time":"2026-09-03T20:16:30+00:00","og_image":[{"width":553,"height":700,"url":"https:\/\/www.quebakan.com\/v15\/wp-content\/uploads\/2026\/09\/AF_KV_TODOTRUEQUE_2026_Extension__07_09__Outlines-1.jpg","type":"image\/jpeg"}],"author":"Erick Villafuerte","twitter_card":"summary_large_image","twitter_creator":"@quebakanec","twitter_site":"@quebakanec","twitter_misc":{"Escrito por":"Erick Villafuerte","Tiempo de lectura":"2 minutos"},"schema":{"@context":"https:\/\/schema.org","@graph":[{"@type":"Article","@id":"https:\/\/www.quebakan.com\/v15\/porque-tu-lo-pediste-todo-trueque-se-extiende-del-29-de-agosto-al-6-de-septiembre\/#article","isPartOf":{"@id":"https:\/\/www.quebakan.com\/v15\/porque-tu-lo-pediste-todo-trueque-se-extiende-del-29-de-agosto-al-6-de-septiembre\/"},"author":{"name":"Erick Villafuerte","@id":"https:\/\/www.quebakan.com\/v15\/#\/schema\/person\/d90fa9f9cfa81eb8ace9811e5b7b9118"},"headline":"Porque t\u00fa lo pediste \u201cTodo Trueque\u201d se extiende del 29 de agosto al 6 de septiembre","datePublished":"2026-09-03T20:16:30+00:00","mainEntityOfPage":{"@id":"https:\/\/www.quebakan.com\/v15\/porque-tu-lo-pediste-todo-trueque-se-extiende-del-29-de-agosto-al-6-de-septiembre\/"},"wordCount":264,"publisher":{"@id":"https:\/\/www.quebakan.com\/v15\/#organization"},"image":{"@id":"https:\/\/www.quebakan.com\/v15\/porque-tu-lo-pediste-todo-trueque-se-extiende-del-29-de-agosto-al-6-de-septiembre\/#primaryimage"},"thumbnailUrl":"https:\/\/www.quebakan.com\/v15\/wp-content\/uploads\/2026\/09\/AF_KV_TODOTRUEQUE_2026_Extension__07_09__Outlines-1.jpg","articleSection":["Noticias"],"inLanguage":"es"},{"@type":"WebPage","@id":"https:\/\/www.quebakan.com\/v15\/porque-tu-lo-pediste-todo-trueque-se-extiende-del-29-de-agosto-al-6-de-septiembre\/","url":"https:\/\/www.quebakan.com\/v15\/porque-tu-lo-pediste-todo-trueque-se-extiende-del-29-de-agosto-al-6-de-septiembre\/","name":"Porque t\u00fa lo pediste \u201cTodo Trueque\u201d se extiende del 29 de agosto al 6 de septiembre &#8211; QUEBAKAN.COM 2026: Noticias, Eventos, Conciertos y mucho m\u00e1s....","isPartOf":{"@id":"https:\/\/www.quebakan.com\/v15\/#website"},"primaryImageOfPage":{"@id":"https:\/\/www.quebakan.com\/v15\/porque-tu-lo-pediste-todo-trueque-se-extiende-del-29-de-agosto-al-6-de-septiembre\/#primaryimage"},"image":{"@id":"https:\/\/www.quebakan.com\/v15\/porque-tu-lo-pediste-todo-trueque-se-extiende-del-29-de-agosto-al-6-de-septiembre\/#primaryimage"},"thumbnailUrl":"https:\/\/www.quebakan.com\/v15\/wp-content\/uploads\/2026\/09\/AF_KV_TODOTRUEQUE_2026_Extension__07_09__Outlines-1.jpg","datePublished":"2026-09-03T20:16:30+00:00","breadcrumb":{"@id":"https:\/\/www.quebakan.com\/v15\/porque-tu-lo-pediste-todo-trueque-se-extiende-del-29-de-agosto-al-6-de-septiembre\/#breadcrumb"},"inLanguage":"es","potentialAction":[{"@type":"ReadAction","target":["https:\/\/www.quebakan.com\/v15\/porque-tu-lo-pediste-todo-trueque-se-extiende-del-29-de-agosto-al-6-de-septiembre\/"]}]},{"@type":"ImageObject","inLanguage":"es","@id":"https:\/\/www.quebakan.com\/v15\/porque-tu-lo-pediste-todo-trueque-se-extiende-del-29-de-agosto-al-6-de-septiembre\/#primaryimage","url":"https:\/\/www.quebakan.com\/v15\/wp-content\/uploads\/2026\/09\/AF_KV_TODOTRUEQUE_2026_Extension__07_09__Outlines-1.jpg","contentUrl":"https:\/\/www.quebakan.com\/v15\/wp-content\/uploads\/2026\/09\/AF_KV_TODOTRUEQUE_2026_Extension__07_09__Outlines-1.jpg","width":553,"height":700},{"@type":"BreadcrumbList","@id":"https:\/\/www.quebakan.com\/v15\/porque-tu-lo-pediste-todo-trueque-se-extiende-del-29-de-agosto-al-6-de-septiembre\/#breadcrumb","itemListElement":[{"@type":"ListItem","position":1,"name":"Portada","item":"https:\/\/www.quebakan.com\/v15\/"},{"@type":"ListItem","position":2,"name":"Porque t\u00fa lo pediste \u201cTodo Trueque\u201d se extiende del 29 de agosto al 6 de septiembre"}]},{"@type":"WebSite","@id":"https:\/\/www.quebakan.com\/v15\/#website","url":"https:\/\/www.quebakan.com\/v15\/","name":"QUEBAKAN","description":"..","publisher":{"@id":"https:\/\/www.quebakan.com\/v15\/#organization"},"potentialAction":[{"@type":"SearchAction","target":{"@type":"EntryPoint","urlTemplate":"https:\/\/www.quebakan.com\/v15\/?s={search_term_string}"},"query-input":{"@type":"PropertyValueSpecification","valueRequired":true,"valueName":"search_term_string"}}],"inLanguage":"es"},{"@type":"Organization","@id":"https:\/\/www.quebakan.com\/v15\/#organization","name":"Quebakan.com","url":"https:\/\/www.quebakan.com\/v15\/","logo":{"@type":"ImageObject","inLanguage":"es","@id":"https:\/\/www.quebakan.com\/v15\/#\/schema\/logo\/image\/","url":"https:\/\/www.quebakan.com\/v15\/wp-content\/uploads\/2023\/07\/logoquebakanenero2021.jpg","contentUrl":"https:\/\/www.quebakan.com\/v15\/wp-content\/uploads\/2023\/07\/logoquebakanenero2021.jpg","width":1920,"height":1080,"caption":"Quebakan.com"},"image":{"@id":"https:\/\/www.quebakan.com\/v15\/#\/schema\/logo\/image\/"},"sameAs":["http:\/\/www.facebook.com\/quebakan","https:\/\/x.com\/quebakanec","http:\/\/www.instagram.com\/quebakan","http:\/\/www.youtube.com\/quebakan1"]},{"@type":"Person","@id":"https:\/\/www.quebakan.com\/v15\/#\/schema\/person\/d90fa9f9cfa81eb8ace9811e5b7b9118","name":"Erick Villafuerte","image":{"@type":"ImageObject","inLanguage":"es","@id":"https:\/\/www.quebakan.com\/v15\/wp-content\/uploads\/avatars\/4\/1731297654-bpfull.png","url":"https:\/\/www.quebakan.com\/v15\/wp-content\/uploads\/avatars\/4\/1731297654-bpfull.png","contentUrl":"https:\/\/www.quebakan.com\/v15\/wp-content\/uploads\/avatars\/4\/1731297654-bpfull.png","caption":"Erick Villafuerte"}}]}},"_links":{"self":[{"href":"https:\/\/www.quebakan.com\/v15\/wp-json\/wp\/v2\/posts\/146232","targetHints":{"allow":["GET"]}}],"collection":[{"href":"https:\/\/www.quebakan.com\/v15\/wp-json\/wp\/v2\/posts"}],"about":[{"href":"https:\/\/www.quebakan.com\/v15\/wp-json\/wp\/v2\/types\/post"}],"author":[{"embeddable":true,"href":"https:\/\/www.quebakan.com\/v15\/wp-json\/wp\/v2\/users\/4"}],"replies":[{"embeddable":true,"href":"https:\/\/www.quebakan.com\/v15\/wp-json\/wp\/v2\/comments?post=146232"}],"version-history":[{"count":1,"href":"https:\/\/www.quebakan.com\/v15\/wp-json\/wp\/v2\/posts\/146232\/revisions"}],"predecessor-version":[{"id":146234,"href":"https:\/\/www.quebakan.com\/v15\/wp-json\/wp\/v2\/posts\/146232\/revisions\/146234"}],"wp:featuredmedia":[{"embeddable":true,"href":"https:\/\/www.quebakan.com\/v15\/wp-json\/wp\/v2\/media\/146233"}],"wp:attachment":[{"href":"https:\/\/www.quebakan.com\/v15\/wp-json\/wp\/v2\/media?parent=146232"}],"wp:term":[{"taxonomy":"category","embeddable":true,"href":"https:\/\/www.quebakan.com\/v15\/wp-json\/wp\/v2\/categories?post=146232"},{"taxonomy":"post_tag","embeddable":true,"href":"https:\/\/www.quebakan.com\/v15\/wp-json\/wp\/v2\/tags?post=146232"}],"curies":[{"name":"wp","href":"https:\/\/api.w.org\/{rel}","templated":true}]}}