{"id":146242,"date":"2026-09-03T17:02:27","date_gmt":"2026-09-03T22:02:27","guid":{"rendered":"https:\/\/www.quebakan.com\/v15\/?p=146242"},"modified":"2026-09-03T17:02:27","modified_gmt":"2026-09-03T22:02:27","slug":"lg-inverter-academy-forma-a-30-jovenes-como-especialistas-en-sistemas-de-aire-acondicionado","status":"publish","type":"post","link":"https:\/\/www.quebakan.com\/v15\/lg-inverter-academy-forma-a-30-jovenes-como-especialistas-en-sistemas-de-aire-acondicionado\/","title":{"rendered":"LG Inverter Academy forma a 30 j\u00f3venes como especialistas en sistemas de aire acondicionado"},"content":{"rendered":"<p><img fetchpriority=\"high\" decoding=\"async\" class=\"aligncenter size-full wp-image-146243\" src=\"https:\/\/www.quebakan.com\/v15\/wp-content\/uploads\/2026\/09\/Foto-empresarial.jpg\" alt=\"\" width=\"700\" height=\"467\" \/><\/p>\n<div style=\"text-align: justify;\"><span style=\"color: #000000;\"><span lang=\"es\" data-olk-copy-source=\"MessageBody\">Foto empresarial, de\u00a0<\/span>izquierda a derecha:<\/span><\/div>\n<div>\n<ul>\n<li style=\"text-align: justify;\"><span style=\"color: #000000;\">Daniel Uribe, Director de Proyectos FAS\u00a0<\/span><\/li>\n<li style=\"text-align: justify;\"><span style=\"color: #000000;\">Sr. Sun Je Park, Presidente de LG Electronics Ecuador<\/span><\/li>\n<li style=\"text-align: justify;\"><span style=\"color: #000000;\">Ver\u00f3nica Felix, Directora Ejecutiva FAS<\/span><\/li>\n<li style=\"text-align: justify;\"><span style=\"color: #000000;\">Desiree Roca, Gerente Regional de Marketing de LG Electronics\u00a0<\/span><\/li>\n<li style=\"text-align: justify;\"><span style=\"color: #000000;\">Honorable Sr. Shim Jae Hyun, Embajador de la Rep\u00fablica de Corea en Ecuador\u00a0<\/span><\/li>\n<\/ul>\n<\/div>\n<p style=\"text-align: justify;\"><span style=\"color: #000000;\"><em>Una iniciativa de LG Electronics Ecuador y Fundaci\u00f3n Acci\u00f3n Solidaria que impulsa la formaci\u00f3n t\u00e9cnica y genera nuevas oportunidades para j\u00f3venes.<\/em><\/span><\/p>\n<p style=\"text-align: justify;\"><span style=\"color: #000000;\"><strong>Ecuador, 2 de Septiembre de 2026 \u2014 <\/strong>Por segundo a\u00f1o consecutivo, LG Electronics Ecuador, en alianza con Fundaci\u00f3n Acci\u00f3n Solidaria, llev\u00f3 adelante <strong>LG Inverter Academy<\/strong>, reafirmando su compromiso con la formaci\u00f3n t\u00e9cnica y la generaci\u00f3n de oportunidades para j\u00f3venes ecuatorianos. En esta nueva edici\u00f3n, <strong>30 participantes se graduaron<\/strong> tras adquirir conocimientos especializados en instalaci\u00f3n, mantenimiento y reparaci\u00f3n de sistemas de aire acondicionado con tecnolog\u00eda Inverter.<\/span><\/p>\n<p style=\"text-align: justify;\"><span style=\"color: #000000;\">A trav\u00e9s de esta iniciativa, los participantes fortalecieron sus competencias t\u00e9cnicas y adquirieron herramientas que les permiten ampliar sus oportunidades de inserci\u00f3n laboral y emprendimiento en el sector de la climatizaci\u00f3n.<\/span><\/p>\n<p style=\"text-align: justify;\"><span style=\"color: #000000;\">La ceremonia de graduaci\u00f3n reuni\u00f3 a representantes de LG Electronics Ecuador, Fundaci\u00f3n Acci\u00f3n Solidaria, autoridades y medios de comunicaci\u00f3n, quienes acompa\u00f1aron a los j\u00f3venes en este importante cierre de su proceso de formaci\u00f3n.<\/span><\/p>\n<p style=\"text-align: justify;\"><span style=\"color: #000000;\">Como parte de la culminaci\u00f3n del programa, los participantes recibieron su certificaci\u00f3n como <strong>Especialistas en Aire Acondicionado<\/strong>, avalada por LG Electronics Ecuador y Fundaci\u00f3n Acci\u00f3n Solidaria, que reconoce los conocimientos adquiridos durante su preparaci\u00f3n en el manejo de equipos con tecnolog\u00eda Inverter.<\/span><\/p>\n<p style=\"text-align: justify;\"><span style=\"color: #000000;\">\u201cEste programa representa una oportunidad para que los j\u00f3venes no solo desarrollen conocimientos t\u00e9cnicos, sino que tambi\u00e9n descubran nuevas posibilidades para construir su futuro. Desde LG Electronics, nos sentimos orgullosos de acompa\u00f1arlos en este proceso y de contribuir a una formaci\u00f3n que puede abrirles nuevas puertas en el \u00e1mbito profesional\u201d, afirm\u00f3 <strong>Sr. Sun Je Park, Presidente de LG Electronics Ecuador <\/strong><\/span><\/p>\n<p style=\"text-align: justify;\"><strong><span style=\"color: #000000;\">Formaci\u00f3n t\u00e9cnica que abre nuevas oportunidades<\/span><\/strong><\/p>\n<p style=\"text-align: justify;\"><span style=\"color: #000000;\">Durante tres meses, los participantes completaron <strong>80 horas de capacitaci\u00f3n distribuidas en 20 sesiones<\/strong>, combinando contenidos te\u00f3ricos con actividades pr\u00e1cticas realizadas con equipos residenciales y comerciales de LG Electronics. El proceso estuvo a cargo de instructores de Fundaci\u00f3n Acci\u00f3n Solidaria, con el acompa\u00f1amiento del equipo t\u00e9cnico de LG.<\/span><\/p>\n<p style=\"text-align: justify;\"><span style=\"color: #000000;\">Adem\u00e1s de la formaci\u00f3n especializada, el programa incorpor\u00f3 <strong>Masterclasses complementarias<\/strong> orientadas a fortalecer habilidades que aportan al desarrollo profesional de los participantes. Entre ellas se incluyeron:<\/span><\/p>\n<ul style=\"text-align: justify;\">\n<li><span style=\"color: #000000;\"><strong>Redes sociales y marca personal profesional<\/strong>, con la elaboraci\u00f3n de un an\u00e1lisis FODA individual y explicaci\u00f3n del uso correcto de las redes sociales a nivel profesional.<\/span><\/li>\n<li><span style=\"color: #000000;\"><strong>Elaboraci\u00f3n de hojas de vida<\/strong>, con el acompa\u00f1amiento del equipo de Recursos Humanos de LG.<\/span><\/li>\n<li><span style=\"color: #000000;\"><strong>Tecnolog\u00eda y conectividad LG<\/strong>, enfocada en brindar conocimientos sobre las herramientas de Inteligencia Artificial y las funciones de conectividad integradas en los productos de la marca.<\/span><\/li>\n<\/ul>\n<p style=\"text-align: justify;\"><span style=\"color: #000000;\">\u00abDesde Fundaci\u00f3n Acci\u00f3n Solidaria celebramos esta alianza con LG, que nos permite brindar a 30 j\u00f3venes una formaci\u00f3n integral en instalaci\u00f3n y mantenimiento de aires acondicionados. Esta capacitaci\u00f3n fortalece sus conocimientos y habilidades t\u00e9cnicas, al tiempo que abre nuevas oportunidades de empleo y desarrollo profesional. A trav\u00e9s de esta iniciativa, reafirmamos nuestro compromiso de generar oportunidades que impulsen la autonom\u00eda, el crecimiento personal y una vida digna para cada participante.\u00bb afirm\u00f3 <strong>Daniel Uribe, Director de Programas y Sostenibilidad de Fundaci\u00f3n Acci\u00f3n Solidaria <\/strong><\/span><\/p>\n<p style=\"text-align: justify;\"><span style=\"color: #000000;\">La experiencia de LG Inverter Academy demuestra c\u00f3mo la articulaci\u00f3n entre el sector privado y organizaciones sociales puede contribuir a generar oportunidades concretas para j\u00f3venes a trav\u00e9s de la educaci\u00f3n y la capacitaci\u00f3n t\u00e9cnica.<\/span><\/p>\n<p style=\"text-align: justify;\"><span style=\"color: #000000;\">Con esta nueva edici\u00f3n, <strong>LG Electronics Ecuador y Fundaci\u00f3n Acci\u00f3n Solidaria reafirman su compromiso con el desarrollo del talento joven, la educaci\u00f3n t\u00e9cnica y la generaci\u00f3n de oportunidades que contribuyan a un crecimiento m\u00e1s inclusivo.<\/strong><\/span><\/p>\n<p><img decoding=\"async\" class=\"aligncenter size-full wp-image-146244\" src=\"https:\/\/www.quebakan.com\/v15\/wp-content\/uploads\/2026\/09\/SDIM2239.jpg\" alt=\"\" width=\"700\" height=\"382\" \/><\/p>\n<p>&nbsp;<\/p>\n<p><img decoding=\"async\" class=\"aligncenter size-full wp-image-146245\" src=\"https:\/\/www.quebakan.com\/v15\/wp-content\/uploads\/2026\/09\/SDIM2346.jpg\" alt=\"\" width=\"700\" height=\"467\" \/><\/p>\n<p>&nbsp;<\/p>\n<p><img loading=\"lazy\" decoding=\"async\" class=\"aligncenter size-full wp-image-146246\" src=\"https:\/\/www.quebakan.com\/v15\/wp-content\/uploads\/2026\/09\/SDIM2339.jpg\" alt=\"\" width=\"700\" height=\"467\" \/><\/p>\n<p>&nbsp;<\/p>\n<p><img loading=\"lazy\" decoding=\"async\" class=\"aligncenter size-full wp-image-146247\" src=\"https:\/\/www.quebakan.com\/v15\/wp-content\/uploads\/2026\/09\/SDIM2332.jpg\" alt=\"\" width=\"700\" height=\"467\" \/><\/p>\n","protected":false},"excerpt":{"rendered":"<p>Foto empresarial, de\u00a0izquierda a derecha: Daniel Uribe, Director de Proyectos FAS\u00a0 Sr. Sun Je Park, Presidente de LG Electronics Ecuador Ver\u00f3nica Felix, Directora Ejecutiva FAS Desiree Roca, Gerente Regional de Marketing de LG Electronics\u00a0 Honorable Sr. Shim Jae Hyun, Embajador de la Rep\u00fablica de Corea en Ecuador\u00a0 Una iniciativa de LG Electronics Ecuador y Fundaci\u00f3n [&hellip;]<\/p>\n","protected":false},"author":4,"featured_media":146243,"comment_status":"closed","ping_status":"closed","sticky":false,"template":"","format":"standard","meta":{"_bbp_topic_count":0,"_bbp_reply_count":0,"_bbp_total_topic_count":0,"_bbp_total_reply_count":0,"_bbp_voice_count":0,"_bbp_anonymous_reply_count":0,"_bbp_topic_count_hidden":0,"_bbp_reply_count_hidden":0,"_bbp_forum_subforum_count":0,"buzzeditor_post_format":"","footnotes":""},"categories":[2],"tags":[],"class_list":["post-146242","post","type-post","status-publish","format-standard","has-post-thumbnail","hentry","category-noticias"],"yoast_head":"<!-- This site is optimized with the Yoast SEO plugin v28.3 - https:\/\/yoast.com\/product\/yoast-seo-wordpress\/ -->\n<title>LG Inverter Academy forma a 30 j\u00f3venes como especialistas en sistemas de aire acondicionado &#8211; QUEBAKAN.COM 2026: Noticias, Eventos, Conciertos y mucho m\u00e1s....<\/title>\n<meta name=\"robots\" content=\"index, follow, max-snippet:-1, max-image-preview:large, max-video-preview:-1\" \/>\n<link rel=\"canonical\" href=\"https:\/\/www.quebakan.com\/v15\/lg-inverter-academy-forma-a-30-jovenes-como-especialistas-en-sistemas-de-aire-acondicionado\/\" \/>\n<meta property=\"og:locale\" content=\"es_ES\" \/>\n<meta property=\"og:type\" content=\"article\" \/>\n<meta property=\"og:title\" content=\"LG Inverter Academy forma a 30 j\u00f3venes como especialistas en sistemas de aire acondicionado &#8211; QUEBAKAN.COM 2026: Noticias, Eventos, Conciertos y mucho m\u00e1s....\" \/>\n<meta property=\"og:description\" content=\"Foto empresarial, de\u00a0izquierda a derecha: Daniel Uribe, Director de Proyectos FAS\u00a0 Sr. Sun Je Park, Presidente de LG Electronics Ecuador Ver\u00f3nica Felix, Directora Ejecutiva FAS Desiree Roca, Gerente Regional de Marketing de LG Electronics\u00a0 Honorable Sr. Shim Jae Hyun, Embajador de la Rep\u00fablica de Corea en Ecuador\u00a0 Una iniciativa de LG Electronics Ecuador y Fundaci\u00f3n [&hellip;]\" \/>\n<meta property=\"og:url\" content=\"https:\/\/www.quebakan.com\/v15\/lg-inverter-academy-forma-a-30-jovenes-como-especialistas-en-sistemas-de-aire-acondicionado\/\" \/>\n<meta property=\"og:site_name\" content=\"QUEBAKAN.COM 2026: Noticias, Eventos, Conciertos y mucho m\u00e1s....\" \/>\n<meta property=\"article:publisher\" content=\"http:\/\/www.facebook.com\/quebakan\" \/>\n<meta property=\"article:published_time\" content=\"2026-09-03T22:02:27+00:00\" \/>\n<meta property=\"og:image\" content=\"https:\/\/www.quebakan.com\/v15\/wp-content\/uploads\/2026\/09\/Foto-empresarial.jpg\" \/>\n\t<meta property=\"og:image:width\" content=\"700\" \/>\n\t<meta property=\"og:image:height\" content=\"467\" \/>\n\t<meta property=\"og:image:type\" content=\"image\/jpeg\" \/>\n<meta name=\"author\" content=\"Erick Villafuerte\" \/>\n<meta name=\"twitter:card\" content=\"summary_large_image\" \/>\n<meta name=\"twitter:creator\" content=\"@quebakanec\" \/>\n<meta name=\"twitter:site\" content=\"@quebakanec\" \/>\n<meta name=\"twitter:label1\" content=\"Escrito por\" \/>\n\t<meta name=\"twitter:data1\" content=\"Erick Villafuerte\" \/>\n\t<meta name=\"twitter:label2\" content=\"Tiempo de lectura\" \/>\n\t<meta name=\"twitter:data2\" content=\"4 minutos\" \/>\n<script type=\"application\/ld+json\" class=\"yoast-schema-graph\">{\"@context\":\"https:\\\/\\\/schema.org\",\"@graph\":[{\"@type\":\"Article\",\"@id\":\"https:\\\/\\\/www.quebakan.com\\\/v15\\\/lg-inverter-academy-forma-a-30-jovenes-como-especialistas-en-sistemas-de-aire-acondicionado\\\/#article\",\"isPartOf\":{\"@id\":\"https:\\\/\\\/www.quebakan.com\\\/v15\\\/lg-inverter-academy-forma-a-30-jovenes-como-especialistas-en-sistemas-de-aire-acondicionado\\\/\"},\"author\":{\"name\":\"Erick Villafuerte\",\"@id\":\"https:\\\/\\\/www.quebakan.com\\\/v15\\\/#\\\/schema\\\/person\\\/d90fa9f9cfa81eb8ace9811e5b7b9118\"},\"headline\":\"LG Inverter Academy forma a 30 j\u00f3venes como especialistas en sistemas de aire acondicionado\",\"datePublished\":\"2026-09-03T22:02:27+00:00\",\"mainEntityOfPage\":{\"@id\":\"https:\\\/\\\/www.quebakan.com\\\/v15\\\/lg-inverter-academy-forma-a-30-jovenes-como-especialistas-en-sistemas-de-aire-acondicionado\\\/\"},\"wordCount\":690,\"publisher\":{\"@id\":\"https:\\\/\\\/www.quebakan.com\\\/v15\\\/#organization\"},\"image\":{\"@id\":\"https:\\\/\\\/www.quebakan.com\\\/v15\\\/lg-inverter-academy-forma-a-30-jovenes-como-especialistas-en-sistemas-de-aire-acondicionado\\\/#primaryimage\"},\"thumbnailUrl\":\"https:\\\/\\\/www.quebakan.com\\\/v15\\\/wp-content\\\/uploads\\\/2026\\\/09\\\/Foto-empresarial.jpg\",\"articleSection\":[\"Noticias\"],\"inLanguage\":\"es\"},{\"@type\":\"WebPage\",\"@id\":\"https:\\\/\\\/www.quebakan.com\\\/v15\\\/lg-inverter-academy-forma-a-30-jovenes-como-especialistas-en-sistemas-de-aire-acondicionado\\\/\",\"url\":\"https:\\\/\\\/www.quebakan.com\\\/v15\\\/lg-inverter-academy-forma-a-30-jovenes-como-especialistas-en-sistemas-de-aire-acondicionado\\\/\",\"name\":\"LG Inverter Academy forma a 30 j\u00f3venes como especialistas en sistemas de aire acondicionado &#8211; QUEBAKAN.COM 2026: Noticias, Eventos, Conciertos y mucho m\u00e1s....\",\"isPartOf\":{\"@id\":\"https:\\\/\\\/www.quebakan.com\\\/v15\\\/#website\"},\"primaryImageOfPage\":{\"@id\":\"https:\\\/\\\/www.quebakan.com\\\/v15\\\/lg-inverter-academy-forma-a-30-jovenes-como-especialistas-en-sistemas-de-aire-acondicionado\\\/#primaryimage\"},\"image\":{\"@id\":\"https:\\\/\\\/www.quebakan.com\\\/v15\\\/lg-inverter-academy-forma-a-30-jovenes-como-especialistas-en-sistemas-de-aire-acondicionado\\\/#primaryimage\"},\"thumbnailUrl\":\"https:\\\/\\\/www.quebakan.com\\\/v15\\\/wp-content\\\/uploads\\\/2026\\\/09\\\/Foto-empresarial.jpg\",\"datePublished\":\"2026-09-03T22:02:27+00:00\",\"breadcrumb\":{\"@id\":\"https:\\\/\\\/www.quebakan.com\\\/v15\\\/lg-inverter-academy-forma-a-30-jovenes-como-especialistas-en-sistemas-de-aire-acondicionado\\\/#breadcrumb\"},\"inLanguage\":\"es\",\"potentialAction\":[{\"@type\":\"ReadAction\",\"target\":[\"https:\\\/\\\/www.quebakan.com\\\/v15\\\/lg-inverter-academy-forma-a-30-jovenes-como-especialistas-en-sistemas-de-aire-acondicionado\\\/\"]}]},{\"@type\":\"ImageObject\",\"inLanguage\":\"es\",\"@id\":\"https:\\\/\\\/www.quebakan.com\\\/v15\\\/lg-inverter-academy-forma-a-30-jovenes-como-especialistas-en-sistemas-de-aire-acondicionado\\\/#primaryimage\",\"url\":\"https:\\\/\\\/www.quebakan.com\\\/v15\\\/wp-content\\\/uploads\\\/2026\\\/09\\\/Foto-empresarial.jpg\",\"contentUrl\":\"https:\\\/\\\/www.quebakan.com\\\/v15\\\/wp-content\\\/uploads\\\/2026\\\/09\\\/Foto-empresarial.jpg\",\"width\":700,\"height\":467},{\"@type\":\"BreadcrumbList\",\"@id\":\"https:\\\/\\\/www.quebakan.com\\\/v15\\\/lg-inverter-academy-forma-a-30-jovenes-como-especialistas-en-sistemas-de-aire-acondicionado\\\/#breadcrumb\",\"itemListElement\":[{\"@type\":\"ListItem\",\"position\":1,\"name\":\"Portada\",\"item\":\"https:\\\/\\\/www.quebakan.com\\\/v15\\\/\"},{\"@type\":\"ListItem\",\"position\":2,\"name\":\"LG Inverter Academy forma a 30 j\u00f3venes como especialistas en sistemas de aire acondicionado\"}]},{\"@type\":\"WebSite\",\"@id\":\"https:\\\/\\\/www.quebakan.com\\\/v15\\\/#website\",\"url\":\"https:\\\/\\\/www.quebakan.com\\\/v15\\\/\",\"name\":\"QUEBAKAN\",\"description\":\"..\",\"publisher\":{\"@id\":\"https:\\\/\\\/www.quebakan.com\\\/v15\\\/#organization\"},\"potentialAction\":[{\"@type\":\"SearchAction\",\"target\":{\"@type\":\"EntryPoint\",\"urlTemplate\":\"https:\\\/\\\/www.quebakan.com\\\/v15\\\/?s={search_term_string}\"},\"query-input\":{\"@type\":\"PropertyValueSpecification\",\"valueRequired\":true,\"valueName\":\"search_term_string\"}}],\"inLanguage\":\"es\"},{\"@type\":\"Organization\",\"@id\":\"https:\\\/\\\/www.quebakan.com\\\/v15\\\/#organization\",\"name\":\"Quebakan.com\",\"url\":\"https:\\\/\\\/www.quebakan.com\\\/v15\\\/\",\"logo\":{\"@type\":\"ImageObject\",\"inLanguage\":\"es\",\"@id\":\"https:\\\/\\\/www.quebakan.com\\\/v15\\\/#\\\/schema\\\/logo\\\/image\\\/\",\"url\":\"https:\\\/\\\/www.quebakan.com\\\/v15\\\/wp-content\\\/uploads\\\/2023\\\/07\\\/logoquebakanenero2021.jpg\",\"contentUrl\":\"https:\\\/\\\/www.quebakan.com\\\/v15\\\/wp-content\\\/uploads\\\/2023\\\/07\\\/logoquebakanenero2021.jpg\",\"width\":1920,\"height\":1080,\"caption\":\"Quebakan.com\"},\"image\":{\"@id\":\"https:\\\/\\\/www.quebakan.com\\\/v15\\\/#\\\/schema\\\/logo\\\/image\\\/\"},\"sameAs\":[\"http:\\\/\\\/www.facebook.com\\\/quebakan\",\"https:\\\/\\\/x.com\\\/quebakanec\",\"http:\\\/\\\/www.instagram.com\\\/quebakan\",\"http:\\\/\\\/www.youtube.com\\\/quebakan1\"]},{\"@type\":\"Person\",\"@id\":\"https:\\\/\\\/www.quebakan.com\\\/v15\\\/#\\\/schema\\\/person\\\/d90fa9f9cfa81eb8ace9811e5b7b9118\",\"name\":\"Erick Villafuerte\",\"image\":{\"@type\":\"ImageObject\",\"inLanguage\":\"es\",\"@id\":\"https:\\\/\\\/www.quebakan.com\\\/v15\\\/wp-content\\\/uploads\\\/avatars\\\/4\\\/1731297654-bpfull.png\",\"url\":\"https:\\\/\\\/www.quebakan.com\\\/v15\\\/wp-content\\\/uploads\\\/avatars\\\/4\\\/1731297654-bpfull.png\",\"contentUrl\":\"https:\\\/\\\/www.quebakan.com\\\/v15\\\/wp-content\\\/uploads\\\/avatars\\\/4\\\/1731297654-bpfull.png\",\"caption\":\"Erick Villafuerte\"}}]}<\/script>\n<!-- \/ Yoast SEO plugin. -->","yoast_head_json":{"title":"LG Inverter Academy forma a 30 j\u00f3venes como especialistas en sistemas de aire acondicionado &#8211; QUEBAKAN.COM 2026: Noticias, Eventos, Conciertos y mucho m\u00e1s....","robots":{"index":"index","follow":"follow","max-snippet":"max-snippet:-1","max-image-preview":"max-image-preview:large","max-video-preview":"max-video-preview:-1"},"canonical":"https:\/\/www.quebakan.com\/v15\/lg-inverter-academy-forma-a-30-jovenes-como-especialistas-en-sistemas-de-aire-acondicionado\/","og_locale":"es_ES","og_type":"article","og_title":"LG Inverter Academy forma a 30 j\u00f3venes como especialistas en sistemas de aire acondicionado &#8211; QUEBAKAN.COM 2026: Noticias, Eventos, Conciertos y mucho m\u00e1s....","og_description":"Foto empresarial, de\u00a0izquierda a derecha: Daniel Uribe, Director de Proyectos FAS\u00a0 Sr. Sun Je Park, Presidente de LG Electronics Ecuador Ver\u00f3nica Felix, Directora Ejecutiva FAS Desiree Roca, Gerente Regional de Marketing de LG Electronics\u00a0 Honorable Sr. Shim Jae Hyun, Embajador de la Rep\u00fablica de Corea en Ecuador\u00a0 Una iniciativa de LG Electronics Ecuador y Fundaci\u00f3n [&hellip;]","og_url":"https:\/\/www.quebakan.com\/v15\/lg-inverter-academy-forma-a-30-jovenes-como-especialistas-en-sistemas-de-aire-acondicionado\/","og_site_name":"QUEBAKAN.COM 2026: Noticias, Eventos, Conciertos y mucho m\u00e1s....","article_publisher":"http:\/\/www.facebook.com\/quebakan","article_published_time":"2026-09-03T22:02:27+00:00","og_image":[{"width":700,"height":467,"url":"https:\/\/www.quebakan.com\/v15\/wp-content\/uploads\/2026\/09\/Foto-empresarial.jpg","type":"image\/jpeg"}],"author":"Erick Villafuerte","twitter_card":"summary_large_image","twitter_creator":"@quebakanec","twitter_site":"@quebakanec","twitter_misc":{"Escrito por":"Erick Villafuerte","Tiempo de lectura":"4 minutos"},"schema":{"@context":"https:\/\/schema.org","@graph":[{"@type":"Article","@id":"https:\/\/www.quebakan.com\/v15\/lg-inverter-academy-forma-a-30-jovenes-como-especialistas-en-sistemas-de-aire-acondicionado\/#article","isPartOf":{"@id":"https:\/\/www.quebakan.com\/v15\/lg-inverter-academy-forma-a-30-jovenes-como-especialistas-en-sistemas-de-aire-acondicionado\/"},"author":{"name":"Erick Villafuerte","@id":"https:\/\/www.quebakan.com\/v15\/#\/schema\/person\/d90fa9f9cfa81eb8ace9811e5b7b9118"},"headline":"LG Inverter Academy forma a 30 j\u00f3venes como especialistas en sistemas de aire acondicionado","datePublished":"2026-09-03T22:02:27+00:00","mainEntityOfPage":{"@id":"https:\/\/www.quebakan.com\/v15\/lg-inverter-academy-forma-a-30-jovenes-como-especialistas-en-sistemas-de-aire-acondicionado\/"},"wordCount":690,"publisher":{"@id":"https:\/\/www.quebakan.com\/v15\/#organization"},"image":{"@id":"https:\/\/www.quebakan.com\/v15\/lg-inverter-academy-forma-a-30-jovenes-como-especialistas-en-sistemas-de-aire-acondicionado\/#primaryimage"},"thumbnailUrl":"https:\/\/www.quebakan.com\/v15\/wp-content\/uploads\/2026\/09\/Foto-empresarial.jpg","articleSection":["Noticias"],"inLanguage":"es"},{"@type":"WebPage","@id":"https:\/\/www.quebakan.com\/v15\/lg-inverter-academy-forma-a-30-jovenes-como-especialistas-en-sistemas-de-aire-acondicionado\/","url":"https:\/\/www.quebakan.com\/v15\/lg-inverter-academy-forma-a-30-jovenes-como-especialistas-en-sistemas-de-aire-acondicionado\/","name":"LG Inverter Academy forma a 30 j\u00f3venes como especialistas en sistemas de aire acondicionado &#8211; QUEBAKAN.COM 2026: Noticias, Eventos, Conciertos y mucho m\u00e1s....","isPartOf":{"@id":"https:\/\/www.quebakan.com\/v15\/#website"},"primaryImageOfPage":{"@id":"https:\/\/www.quebakan.com\/v15\/lg-inverter-academy-forma-a-30-jovenes-como-especialistas-en-sistemas-de-aire-acondicionado\/#primaryimage"},"image":{"@id":"https:\/\/www.quebakan.com\/v15\/lg-inverter-academy-forma-a-30-jovenes-como-especialistas-en-sistemas-de-aire-acondicionado\/#primaryimage"},"thumbnailUrl":"https:\/\/www.quebakan.com\/v15\/wp-content\/uploads\/2026\/09\/Foto-empresarial.jpg","datePublished":"2026-09-03T22:02:27+00:00","breadcrumb":{"@id":"https:\/\/www.quebakan.com\/v15\/lg-inverter-academy-forma-a-30-jovenes-como-especialistas-en-sistemas-de-aire-acondicionado\/#breadcrumb"},"inLanguage":"es","potentialAction":[{"@type":"ReadAction","target":["https:\/\/www.quebakan.com\/v15\/lg-inverter-academy-forma-a-30-jovenes-como-especialistas-en-sistemas-de-aire-acondicionado\/"]}]},{"@type":"ImageObject","inLanguage":"es","@id":"https:\/\/www.quebakan.com\/v15\/lg-inverter-academy-forma-a-30-jovenes-como-especialistas-en-sistemas-de-aire-acondicionado\/#primaryimage","url":"https:\/\/www.quebakan.com\/v15\/wp-content\/uploads\/2026\/09\/Foto-empresarial.jpg","contentUrl":"https:\/\/www.quebakan.com\/v15\/wp-content\/uploads\/2026\/09\/Foto-empresarial.jpg","width":700,"height":467},{"@type":"BreadcrumbList","@id":"https:\/\/www.quebakan.com\/v15\/lg-inverter-academy-forma-a-30-jovenes-como-especialistas-en-sistemas-de-aire-acondicionado\/#breadcrumb","itemListElement":[{"@type":"ListItem","position":1,"name":"Portada","item":"https:\/\/www.quebakan.com\/v15\/"},{"@type":"ListItem","position":2,"name":"LG Inverter Academy forma a 30 j\u00f3venes como especialistas en sistemas de aire acondicionado"}]},{"@type":"WebSite","@id":"https:\/\/www.quebakan.com\/v15\/#website","url":"https:\/\/www.quebakan.com\/v15\/","name":"QUEBAKAN","description":"..","publisher":{"@id":"https:\/\/www.quebakan.com\/v15\/#organization"},"potentialAction":[{"@type":"SearchAction","target":{"@type":"EntryPoint","urlTemplate":"https:\/\/www.quebakan.com\/v15\/?s={search_term_string}"},"query-input":{"@type":"PropertyValueSpecification","valueRequired":true,"valueName":"search_term_string"}}],"inLanguage":"es"},{"@type":"Organization","@id":"https:\/\/www.quebakan.com\/v15\/#organization","name":"Quebakan.com","url":"https:\/\/www.quebakan.com\/v15\/","logo":{"@type":"ImageObject","inLanguage":"es","@id":"https:\/\/www.quebakan.com\/v15\/#\/schema\/logo\/image\/","url":"https:\/\/www.quebakan.com\/v15\/wp-content\/uploads\/2023\/07\/logoquebakanenero2021.jpg","contentUrl":"https:\/\/www.quebakan.com\/v15\/wp-content\/uploads\/2023\/07\/logoquebakanenero2021.jpg","width":1920,"height":1080,"caption":"Quebakan.com"},"image":{"@id":"https:\/\/www.quebakan.com\/v15\/#\/schema\/logo\/image\/"},"sameAs":["http:\/\/www.facebook.com\/quebakan","https:\/\/x.com\/quebakanec","http:\/\/www.instagram.com\/quebakan","http:\/\/www.youtube.com\/quebakan1"]},{"@type":"Person","@id":"https:\/\/www.quebakan.com\/v15\/#\/schema\/person\/d90fa9f9cfa81eb8ace9811e5b7b9118","name":"Erick Villafuerte","image":{"@type":"ImageObject","inLanguage":"es","@id":"https:\/\/www.quebakan.com\/v15\/wp-content\/uploads\/avatars\/4\/1731297654-bpfull.png","url":"https:\/\/www.quebakan.com\/v15\/wp-content\/uploads\/avatars\/4\/1731297654-bpfull.png","contentUrl":"https:\/\/www.quebakan.com\/v15\/wp-content\/uploads\/avatars\/4\/1731297654-bpfull.png","caption":"Erick Villafuerte"}}]}},"_links":{"self":[{"href":"https:\/\/www.quebakan.com\/v15\/wp-json\/wp\/v2\/posts\/146242","targetHints":{"allow":["GET"]}}],"collection":[{"href":"https:\/\/www.quebakan.com\/v15\/wp-json\/wp\/v2\/posts"}],"about":[{"href":"https:\/\/www.quebakan.com\/v15\/wp-json\/wp\/v2\/types\/post"}],"author":[{"embeddable":true,"href":"https:\/\/www.quebakan.com\/v15\/wp-json\/wp\/v2\/users\/4"}],"replies":[{"embeddable":true,"href":"https:\/\/www.quebakan.com\/v15\/wp-json\/wp\/v2\/comments?post=146242"}],"version-history":[{"count":1,"href":"https:\/\/www.quebakan.com\/v15\/wp-json\/wp\/v2\/posts\/146242\/revisions"}],"predecessor-version":[{"id":146248,"href":"https:\/\/www.quebakan.com\/v15\/wp-json\/wp\/v2\/posts\/146242\/revisions\/146248"}],"wp:featuredmedia":[{"embeddable":true,"href":"https:\/\/www.quebakan.com\/v15\/wp-json\/wp\/v2\/media\/146243"}],"wp:attachment":[{"href":"https:\/\/www.quebakan.com\/v15\/wp-json\/wp\/v2\/media?parent=146242"}],"wp:term":[{"taxonomy":"category","embeddable":true,"href":"https:\/\/www.quebakan.com\/v15\/wp-json\/wp\/v2\/categories?post=146242"},{"taxonomy":"post_tag","embeddable":true,"href":"https:\/\/www.quebakan.com\/v15\/wp-json\/wp\/v2\/tags?post=146242"}],"curies":[{"name":"wp","href":"https:\/\/api.w.org\/{rel}","templated":true}]}}