{"id":146255,"date":"2026-09-04T10:05:51","date_gmt":"2026-09-04T15:05:51","guid":{"rendered":"https:\/\/www.quebakan.com\/v15\/?p=146255"},"modified":"2026-09-04T10:05:51","modified_gmt":"2026-09-04T15:05:51","slug":"nescuelita-en-accion-2-anos-de-resultados-que-transforman-y-fortalecen-el-aprendizaje-en-habitos-saludables-y-sostenibilidad-en-mas-de-3800-ninos-de-la-ciudad-de-guayaquil","status":"publish","type":"post","link":"https:\/\/www.quebakan.com\/v15\/nescuelita-en-accion-2-anos-de-resultados-que-transforman-y-fortalecen-el-aprendizaje-en-habitos-saludables-y-sostenibilidad-en-mas-de-3800-ninos-de-la-ciudad-de-guayaquil\/","title":{"rendered":"Nescuelita en acci\u00f3n: 2 a\u00f1os de resultados que transforman y fortalecen el aprendizaje en h\u00e1bitos saludables y sostenibilidad, en m\u00e1s de 3800 ni\u00f1os de la ciudad de Guayaquil"},"content":{"rendered":"<p><img fetchpriority=\"high\" decoding=\"async\" class=\"aligncenter size-full wp-image-146256\" src=\"https:\/\/www.quebakan.com\/v15\/wp-content\/uploads\/2026\/09\/FOTO-OFICIAL-BOLETIN-DE-PRENSA.jpg\" alt=\"\" width=\"700\" height=\"467\" \/><\/p>\n<p style=\"text-align: justify;\"><span style=\"color: #000000;\">Monica Jaramillo, Directora de Asuntos Corporativos &amp; Sostenibilidad Nestl\u00e9 Ecuador, Daniel Mart\u00ednez, Vicepresidente de Cadena de Abastecimiento &amp; Log\u00edstica Nestl\u00e9 Ecuador; Juan Pablo Guerrero, Director Ejecutivo Unidos Por La Educaci\u00f3n; Josu\u00e9 De la Maza, Presidente Ejecutivo Nestl\u00e9 Ecuador; Jaime Seminario, Presidente Alterno de la C\u00e1mara de Industrias de Guayaquil; Melina Andrade, Vicepresidenta T\u00e9cnica &amp; Manufactura Nestl\u00e9 Ecuador; Viviana Valdivieso, Chief Marketing Officer Nestl\u00e9 Ecuador y estudiantes del S\u00e9ptimo A\u00f1o de Educaci\u00f3n B\u00e1sica de la Escuela Fiscal Jorge Villegas Serrano.<\/span><\/p>\n<ul style=\"text-align: justify;\">\n<li><span style=\"color: #000000;\"><em>Nescuelita es una iniciativa que promueve el bienestar y h\u00e1bitos saludables en ni\u00f1os de edad escolar (6 -12 a\u00f1os) a trav\u00e9s del aprendizaje l\u00fadico y la experiencia por m\u00f3dulos: f\u00e1brica, higiene, nutrici\u00f3n, mercadito, reciclaje, cocina, actividad f\u00edsica .<\/em><\/span><\/li>\n<li><span style=\"color: #000000;\"><em>En este 2026 ampl\u00eda su experiencia educativa incorporando un nuevo m\u00f3dulo de cacao, que promueve la importancia del origen de los alimentos y del cacao ecuatoriano, que gracias a la agricultura y las pr\u00e1cticas sostenibles impactan la vida de m\u00e1s de 7500 agricultores que son parte del Plan Cacao de Nestl\u00e9.<\/em><\/span><\/li>\n<li><span style=\"color: #000000;\"><em>Desde su inauguraci\u00f3n en el 2024, se han realizado m\u00e1s de 180 visitas y se han acumulado m\u00e1s de 900 horas de aprendizaje.<\/em><\/span><\/li>\n<\/ul>\n<p style=\"text-align: justify;\"><span style=\"color: #000000;\"><strong>Guayaquil, 1 de septiembre.-<\/strong> Ubicada en F\u00e1brica Surindu, en Guayaquil, Nescuelita est\u00e1 dirigida a ni\u00f1os de entre 6 y 12 a\u00f1os, gracias a la alianza estrat\u00e9gica que mantiene con Fundaci\u00f3n Unidos por la Educaci\u00f3n. <strong>En este per\u00edodo de dos a\u00f1os, Nescuelita ha impactado a los estudiantes de 8 instituciones educativas de la red de Unidos por la Educaci\u00f3n y que adem\u00e1s est\u00e1n ubicadas en zonas cercanas a la f\u00e1brica donde opera Nescuelita. <\/strong><\/span><\/p>\n<p style=\"text-align: justify;\"><span style=\"color: #000000;\">Nescuelita invita a los ni\u00f1os a una experiencia de exploraci\u00f3n que se desarrolla a trav\u00e9s de siete m\u00f3dulos educativos: f\u00e1brica, higiene, nutrici\u00f3n, mercadito, reciclaje, cocina y actividad f\u00edsica, en los que los ni\u00f1os aprenden de manera pr\u00e1ctica sobre alimentaci\u00f3n equilibrada, h\u00e1bitos saludables, consumo responsable y cuidado del entorno. <strong>Cada recorrido combina actividades pr\u00e1cticas y participaci\u00f3n activa de parte de los ni\u00f1os. La experiencia es liderada por una nutricionista, un chef, y un personaje animado que se llama K-Kaito, quienes brindan una experiencia completa a los ni\u00f1os que la visitan.<\/strong> La propuesta busca que estos aprendizajes puedan trasladarse a su vida cotidiana y convertirse en h\u00e1bitos que los ni\u00f1os compartan tambi\u00e9n con sus familias y comunidades.<\/span><\/p>\n<p style=\"text-align: justify;\"><span style=\"color: #000000;\"><em>\u00abHace dos a\u00f1os nos propusimos crear un espacio que genere un impacto positivo en nuestra comunidad, especialmente en la zona de influencia de nuestra f\u00e1brica, beneficiando a los hijos de nuestros colaboradores y de otros grupos de inter\u00e9s. Gracias a nuestra alianza con Unidos por la Educaci\u00f3n, desarrollamos una experiencia que promueve h\u00e1bitos saludables en ni\u00f1os y ni\u00f1as, quienes no solo los incorporan en su vida diaria, sino que tambi\u00e9n los llevan a sus hogares, multiplicando su impacto en las familias. Nuestro objetivo es alcanzar a 1.500 ni\u00f1os cada a\u00f1o y, en estos dos a\u00f1os de recorrido, hemos superado ampliamente esa meta, llegando a m\u00e1s de 3.800 ni\u00f1os. Adem\u00e1s, el alcance de Nescuelita se ha extendido a padres, educadores y aliados estrat\u00e9gicos, permiti\u00e9ndonos impactar a m\u00e1s de 4.200 personas en total. Estos resultados nos motivan a seguir fortaleciendo este programa y consolidarlo como un modelo de crecimiento con impacto social sostenible\u00bb,<\/em> se\u00f1al\u00f3 M\u00f3nica Jaramillo, Directora de Asuntos Corporativos y Sostenibilidad de Nestl\u00e9 Ecuador.<\/span><\/p>\n<p style=\"text-align: justify;\"><span style=\"color: #000000;\">A partir de los aprendizajes alcanzados, Nescuelita inicia una nueva etapa enfocada en enriquecer la experiencia y profundizar los conocimientos de los ni\u00f1os. Como hito de esta nueva etapa, se incorpor\u00f3 un m\u00f3dulo de cacao que permitir\u00e1 conocer el recorrido del cacao ecuatoriano desde la finca hasta el producto final. <strong>La experiencia abordar\u00e1 la producci\u00f3n sostenible, la trazabilidad y el trabajo de las familias agricultoras mediante contenidos adaptados a la edad de los ni\u00f1os.<\/strong><\/span><\/p>\n<p style=\"text-align: justify;\"><span style=\"color: #000000;\">A trav\u00e9s de este m\u00f3dulo buscamos acercar a los ni\u00f1os al mundo del cacao y ayudarles a comprender la importancia de la agricultura para la alimentaci\u00f3n, el desarrollo del pa\u00eds y el bienestar de miles de familias rurales. <em>Esta experiencia se inspira en los aprendizajes de Plan Cacao, una iniciativa con la que impulsamos una cadena de valor m\u00e1s sostenible y resiliente desde el origen.\u00bb, <\/em>afirm\u00f3 Josu\u00e9 De la Maza, Presidente Ejecutivo de Nestl\u00e9 Ecuador.<\/span><\/p>\n<p style=\"text-align: justify;\"><span style=\"color: #000000;\"><strong>Con esta visi\u00f3n, Nescuelita de Nestl\u00e9 proyecta seguir creciendo como un espacio que inspire a las nuevas generaciones a tomar decisiones conscientes sobre su bienestar y el cuidado del entorno.<\/strong> A trav\u00e9s de nuevos contenidos y alianzas estrat\u00e9gicas, la iniciativa busca ampliar su impacto positivo y acercar experiencias educativas transformadoras a m\u00e1s ni\u00f1os del pa\u00eds para que se conviertan en agentes de cambio comprometidos con la construcci\u00f3n de un futuro m\u00e1s sostenible.<\/span><\/p>\n<p><img decoding=\"async\" class=\"aligncenter size-full wp-image-146257\" src=\"https:\/\/www.quebakan.com\/v15\/wp-content\/uploads\/2026\/09\/foto-oficial-ninos.jpg\" alt=\"\" width=\"700\" height=\"527\" \/><\/p>\n<p>&nbsp;<\/p>\n<p><img decoding=\"async\" class=\"aligncenter size-full wp-image-146258\" src=\"https:\/\/www.quebakan.com\/v15\/wp-content\/uploads\/2026\/09\/Comite-de-Direccion.jpg\" alt=\"\" width=\"700\" height=\"467\" \/><\/p>\n<p>&nbsp;<\/p>\n<p><img loading=\"lazy\" decoding=\"async\" class=\"aligncenter size-full wp-image-146259\" src=\"https:\/\/www.quebakan.com\/v15\/wp-content\/uploads\/2026\/09\/foto-grupo-modulo-cacao.jpg\" alt=\"\" width=\"700\" height=\"438\" \/><\/p>\n","protected":false},"excerpt":{"rendered":"<p>Monica Jaramillo, Directora de Asuntos Corporativos &amp; Sostenibilidad Nestl\u00e9 Ecuador, Daniel Mart\u00ednez, Vicepresidente de Cadena de Abastecimiento &amp; Log\u00edstica Nestl\u00e9 Ecuador; Juan Pablo Guerrero, Director Ejecutivo Unidos Por La Educaci\u00f3n; Josu\u00e9 De la Maza, Presidente Ejecutivo Nestl\u00e9 Ecuador; Jaime Seminario, Presidente Alterno de la C\u00e1mara de Industrias de Guayaquil; Melina Andrade, Vicepresidenta T\u00e9cnica &amp; Manufactura [&hellip;]<\/p>\n","protected":false},"author":4,"featured_media":146256,"comment_status":"closed","ping_status":"closed","sticky":false,"template":"","format":"standard","meta":{"_bbp_topic_count":0,"_bbp_reply_count":0,"_bbp_total_topic_count":0,"_bbp_total_reply_count":0,"_bbp_voice_count":0,"_bbp_anonymous_reply_count":0,"_bbp_topic_count_hidden":0,"_bbp_reply_count_hidden":0,"_bbp_forum_subforum_count":0,"buzzeditor_post_format":"","footnotes":""},"categories":[2],"tags":[],"class_list":["post-146255","post","type-post","status-publish","format-standard","has-post-thumbnail","hentry","category-noticias"],"yoast_head":"<!-- This site is optimized with the Yoast SEO plugin v28.3 - https:\/\/yoast.com\/product\/yoast-seo-wordpress\/ -->\n<title>Nescuelita en acci\u00f3n: 2 a\u00f1os de resultados que transforman y fortalecen el aprendizaje en h\u00e1bitos saludables y sostenibilidad, en m\u00e1s de 3800 ni\u00f1os de la ciudad de Guayaquil &#8211; QUEBAKAN.COM 2026: Noticias, Eventos, Conciertos y mucho m\u00e1s....<\/title>\n<meta name=\"robots\" content=\"index, follow, max-snippet:-1, max-image-preview:large, max-video-preview:-1\" \/>\n<link rel=\"canonical\" href=\"https:\/\/www.quebakan.com\/v15\/nescuelita-en-accion-2-anos-de-resultados-que-transforman-y-fortalecen-el-aprendizaje-en-habitos-saludables-y-sostenibilidad-en-mas-de-3800-ninos-de-la-ciudad-de-guayaquil\/\" \/>\n<meta property=\"og:locale\" content=\"es_ES\" \/>\n<meta property=\"og:type\" content=\"article\" \/>\n<meta property=\"og:title\" content=\"Nescuelita en acci\u00f3n: 2 a\u00f1os de resultados que transforman y fortalecen el aprendizaje en h\u00e1bitos saludables y sostenibilidad, en m\u00e1s de 3800 ni\u00f1os de la ciudad de Guayaquil &#8211; QUEBAKAN.COM 2026: Noticias, Eventos, Conciertos y mucho m\u00e1s....\" \/>\n<meta property=\"og:description\" content=\"Monica Jaramillo, Directora de Asuntos Corporativos &amp; Sostenibilidad Nestl\u00e9 Ecuador, Daniel Mart\u00ednez, Vicepresidente de Cadena de Abastecimiento &amp; Log\u00edstica Nestl\u00e9 Ecuador; Juan Pablo Guerrero, Director Ejecutivo Unidos Por La Educaci\u00f3n; Josu\u00e9 De la Maza, Presidente Ejecutivo Nestl\u00e9 Ecuador; Jaime Seminario, Presidente Alterno de la C\u00e1mara de Industrias de Guayaquil; Melina Andrade, Vicepresidenta T\u00e9cnica &amp; Manufactura [&hellip;]\" \/>\n<meta property=\"og:url\" content=\"https:\/\/www.quebakan.com\/v15\/nescuelita-en-accion-2-anos-de-resultados-que-transforman-y-fortalecen-el-aprendizaje-en-habitos-saludables-y-sostenibilidad-en-mas-de-3800-ninos-de-la-ciudad-de-guayaquil\/\" \/>\n<meta property=\"og:site_name\" content=\"QUEBAKAN.COM 2026: Noticias, Eventos, Conciertos y mucho m\u00e1s....\" \/>\n<meta property=\"article:publisher\" content=\"http:\/\/www.facebook.com\/quebakan\" \/>\n<meta property=\"article:published_time\" content=\"2026-09-04T15:05:51+00:00\" \/>\n<meta property=\"og:image\" content=\"https:\/\/www.quebakan.com\/v15\/wp-content\/uploads\/2026\/09\/FOTO-OFICIAL-BOLETIN-DE-PRENSA.jpg\" \/>\n\t<meta property=\"og:image:width\" content=\"700\" \/>\n\t<meta property=\"og:image:height\" content=\"467\" \/>\n\t<meta property=\"og:image:type\" content=\"image\/jpeg\" \/>\n<meta name=\"author\" content=\"Erick Villafuerte\" \/>\n<meta name=\"twitter:card\" content=\"summary_large_image\" \/>\n<meta name=\"twitter:creator\" content=\"@quebakanec\" \/>\n<meta name=\"twitter:site\" content=\"@quebakanec\" \/>\n<meta name=\"twitter:label1\" content=\"Escrito por\" \/>\n\t<meta name=\"twitter:data1\" content=\"Erick Villafuerte\" \/>\n\t<meta name=\"twitter:label2\" content=\"Tiempo de lectura\" \/>\n\t<meta name=\"twitter:data2\" content=\"5 minutos\" \/>\n<script type=\"application\/ld+json\" class=\"yoast-schema-graph\">{\"@context\":\"https:\\\/\\\/schema.org\",\"@graph\":[{\"@type\":\"Article\",\"@id\":\"https:\\\/\\\/www.quebakan.com\\\/v15\\\/nescuelita-en-accion-2-anos-de-resultados-que-transforman-y-fortalecen-el-aprendizaje-en-habitos-saludables-y-sostenibilidad-en-mas-de-3800-ninos-de-la-ciudad-de-guayaquil\\\/#article\",\"isPartOf\":{\"@id\":\"https:\\\/\\\/www.quebakan.com\\\/v15\\\/nescuelita-en-accion-2-anos-de-resultados-que-transforman-y-fortalecen-el-aprendizaje-en-habitos-saludables-y-sostenibilidad-en-mas-de-3800-ninos-de-la-ciudad-de-guayaquil\\\/\"},\"author\":{\"name\":\"Erick Villafuerte\",\"@id\":\"https:\\\/\\\/www.quebakan.com\\\/v15\\\/#\\\/schema\\\/person\\\/d90fa9f9cfa81eb8ace9811e5b7b9118\"},\"headline\":\"Nescuelita en acci\u00f3n: 2 a\u00f1os de resultados que transforman y fortalecen el aprendizaje en h\u00e1bitos saludables y sostenibilidad, en m\u00e1s de 3800 ni\u00f1os de la ciudad de Guayaquil\",\"datePublished\":\"2026-09-04T15:05:51+00:00\",\"mainEntityOfPage\":{\"@id\":\"https:\\\/\\\/www.quebakan.com\\\/v15\\\/nescuelita-en-accion-2-anos-de-resultados-que-transforman-y-fortalecen-el-aprendizaje-en-habitos-saludables-y-sostenibilidad-en-mas-de-3800-ninos-de-la-ciudad-de-guayaquil\\\/\"},\"wordCount\":874,\"publisher\":{\"@id\":\"https:\\\/\\\/www.quebakan.com\\\/v15\\\/#organization\"},\"image\":{\"@id\":\"https:\\\/\\\/www.quebakan.com\\\/v15\\\/nescuelita-en-accion-2-anos-de-resultados-que-transforman-y-fortalecen-el-aprendizaje-en-habitos-saludables-y-sostenibilidad-en-mas-de-3800-ninos-de-la-ciudad-de-guayaquil\\\/#primaryimage\"},\"thumbnailUrl\":\"https:\\\/\\\/www.quebakan.com\\\/v15\\\/wp-content\\\/uploads\\\/2026\\\/09\\\/FOTO-OFICIAL-BOLETIN-DE-PRENSA.jpg\",\"articleSection\":[\"Noticias\"],\"inLanguage\":\"es\"},{\"@type\":\"WebPage\",\"@id\":\"https:\\\/\\\/www.quebakan.com\\\/v15\\\/nescuelita-en-accion-2-anos-de-resultados-que-transforman-y-fortalecen-el-aprendizaje-en-habitos-saludables-y-sostenibilidad-en-mas-de-3800-ninos-de-la-ciudad-de-guayaquil\\\/\",\"url\":\"https:\\\/\\\/www.quebakan.com\\\/v15\\\/nescuelita-en-accion-2-anos-de-resultados-que-transforman-y-fortalecen-el-aprendizaje-en-habitos-saludables-y-sostenibilidad-en-mas-de-3800-ninos-de-la-ciudad-de-guayaquil\\\/\",\"name\":\"Nescuelita en acci\u00f3n: 2 a\u00f1os de resultados que transforman y fortalecen el aprendizaje en h\u00e1bitos saludables y sostenibilidad, en m\u00e1s de 3800 ni\u00f1os de la ciudad de Guayaquil &#8211; QUEBAKAN.COM 2026: Noticias, Eventos, Conciertos y mucho m\u00e1s....\",\"isPartOf\":{\"@id\":\"https:\\\/\\\/www.quebakan.com\\\/v15\\\/#website\"},\"primaryImageOfPage\":{\"@id\":\"https:\\\/\\\/www.quebakan.com\\\/v15\\\/nescuelita-en-accion-2-anos-de-resultados-que-transforman-y-fortalecen-el-aprendizaje-en-habitos-saludables-y-sostenibilidad-en-mas-de-3800-ninos-de-la-ciudad-de-guayaquil\\\/#primaryimage\"},\"image\":{\"@id\":\"https:\\\/\\\/www.quebakan.com\\\/v15\\\/nescuelita-en-accion-2-anos-de-resultados-que-transforman-y-fortalecen-el-aprendizaje-en-habitos-saludables-y-sostenibilidad-en-mas-de-3800-ninos-de-la-ciudad-de-guayaquil\\\/#primaryimage\"},\"thumbnailUrl\":\"https:\\\/\\\/www.quebakan.com\\\/v15\\\/wp-content\\\/uploads\\\/2026\\\/09\\\/FOTO-OFICIAL-BOLETIN-DE-PRENSA.jpg\",\"datePublished\":\"2026-09-04T15:05:51+00:00\",\"breadcrumb\":{\"@id\":\"https:\\\/\\\/www.quebakan.com\\\/v15\\\/nescuelita-en-accion-2-anos-de-resultados-que-transforman-y-fortalecen-el-aprendizaje-en-habitos-saludables-y-sostenibilidad-en-mas-de-3800-ninos-de-la-ciudad-de-guayaquil\\\/#breadcrumb\"},\"inLanguage\":\"es\",\"potentialAction\":[{\"@type\":\"ReadAction\",\"target\":[\"https:\\\/\\\/www.quebakan.com\\\/v15\\\/nescuelita-en-accion-2-anos-de-resultados-que-transforman-y-fortalecen-el-aprendizaje-en-habitos-saludables-y-sostenibilidad-en-mas-de-3800-ninos-de-la-ciudad-de-guayaquil\\\/\"]}]},{\"@type\":\"ImageObject\",\"inLanguage\":\"es\",\"@id\":\"https:\\\/\\\/www.quebakan.com\\\/v15\\\/nescuelita-en-accion-2-anos-de-resultados-que-transforman-y-fortalecen-el-aprendizaje-en-habitos-saludables-y-sostenibilidad-en-mas-de-3800-ninos-de-la-ciudad-de-guayaquil\\\/#primaryimage\",\"url\":\"https:\\\/\\\/www.quebakan.com\\\/v15\\\/wp-content\\\/uploads\\\/2026\\\/09\\\/FOTO-OFICIAL-BOLETIN-DE-PRENSA.jpg\",\"contentUrl\":\"https:\\\/\\\/www.quebakan.com\\\/v15\\\/wp-content\\\/uploads\\\/2026\\\/09\\\/FOTO-OFICIAL-BOLETIN-DE-PRENSA.jpg\",\"width\":700,\"height\":467},{\"@type\":\"BreadcrumbList\",\"@id\":\"https:\\\/\\\/www.quebakan.com\\\/v15\\\/nescuelita-en-accion-2-anos-de-resultados-que-transforman-y-fortalecen-el-aprendizaje-en-habitos-saludables-y-sostenibilidad-en-mas-de-3800-ninos-de-la-ciudad-de-guayaquil\\\/#breadcrumb\",\"itemListElement\":[{\"@type\":\"ListItem\",\"position\":1,\"name\":\"Portada\",\"item\":\"https:\\\/\\\/www.quebakan.com\\\/v15\\\/\"},{\"@type\":\"ListItem\",\"position\":2,\"name\":\"Nescuelita en acci\u00f3n: 2 a\u00f1os de resultados que transforman y fortalecen el aprendizaje en h\u00e1bitos saludables y sostenibilidad, en m\u00e1s de 3800 ni\u00f1os de la ciudad de Guayaquil\"}]},{\"@type\":\"WebSite\",\"@id\":\"https:\\\/\\\/www.quebakan.com\\\/v15\\\/#website\",\"url\":\"https:\\\/\\\/www.quebakan.com\\\/v15\\\/\",\"name\":\"QUEBAKAN\",\"description\":\"..\",\"publisher\":{\"@id\":\"https:\\\/\\\/www.quebakan.com\\\/v15\\\/#organization\"},\"potentialAction\":[{\"@type\":\"SearchAction\",\"target\":{\"@type\":\"EntryPoint\",\"urlTemplate\":\"https:\\\/\\\/www.quebakan.com\\\/v15\\\/?s={search_term_string}\"},\"query-input\":{\"@type\":\"PropertyValueSpecification\",\"valueRequired\":true,\"valueName\":\"search_term_string\"}}],\"inLanguage\":\"es\"},{\"@type\":\"Organization\",\"@id\":\"https:\\\/\\\/www.quebakan.com\\\/v15\\\/#organization\",\"name\":\"Quebakan.com\",\"url\":\"https:\\\/\\\/www.quebakan.com\\\/v15\\\/\",\"logo\":{\"@type\":\"ImageObject\",\"inLanguage\":\"es\",\"@id\":\"https:\\\/\\\/www.quebakan.com\\\/v15\\\/#\\\/schema\\\/logo\\\/image\\\/\",\"url\":\"https:\\\/\\\/www.quebakan.com\\\/v15\\\/wp-content\\\/uploads\\\/2023\\\/07\\\/logoquebakanenero2021.jpg\",\"contentUrl\":\"https:\\\/\\\/www.quebakan.com\\\/v15\\\/wp-content\\\/uploads\\\/2023\\\/07\\\/logoquebakanenero2021.jpg\",\"width\":1920,\"height\":1080,\"caption\":\"Quebakan.com\"},\"image\":{\"@id\":\"https:\\\/\\\/www.quebakan.com\\\/v15\\\/#\\\/schema\\\/logo\\\/image\\\/\"},\"sameAs\":[\"http:\\\/\\\/www.facebook.com\\\/quebakan\",\"https:\\\/\\\/x.com\\\/quebakanec\",\"http:\\\/\\\/www.instagram.com\\\/quebakan\",\"http:\\\/\\\/www.youtube.com\\\/quebakan1\"]},{\"@type\":\"Person\",\"@id\":\"https:\\\/\\\/www.quebakan.com\\\/v15\\\/#\\\/schema\\\/person\\\/d90fa9f9cfa81eb8ace9811e5b7b9118\",\"name\":\"Erick Villafuerte\",\"image\":{\"@type\":\"ImageObject\",\"inLanguage\":\"es\",\"@id\":\"https:\\\/\\\/www.quebakan.com\\\/v15\\\/wp-content\\\/uploads\\\/avatars\\\/4\\\/1731297654-bpfull.png\",\"url\":\"https:\\\/\\\/www.quebakan.com\\\/v15\\\/wp-content\\\/uploads\\\/avatars\\\/4\\\/1731297654-bpfull.png\",\"contentUrl\":\"https:\\\/\\\/www.quebakan.com\\\/v15\\\/wp-content\\\/uploads\\\/avatars\\\/4\\\/1731297654-bpfull.png\",\"caption\":\"Erick Villafuerte\"}}]}<\/script>\n<!-- \/ Yoast SEO plugin. -->","yoast_head_json":{"title":"Nescuelita en acci\u00f3n: 2 a\u00f1os de resultados que transforman y fortalecen el aprendizaje en h\u00e1bitos saludables y sostenibilidad, en m\u00e1s de 3800 ni\u00f1os de la ciudad de Guayaquil &#8211; QUEBAKAN.COM 2026: Noticias, Eventos, Conciertos y mucho m\u00e1s....","robots":{"index":"index","follow":"follow","max-snippet":"max-snippet:-1","max-image-preview":"max-image-preview:large","max-video-preview":"max-video-preview:-1"},"canonical":"https:\/\/www.quebakan.com\/v15\/nescuelita-en-accion-2-anos-de-resultados-que-transforman-y-fortalecen-el-aprendizaje-en-habitos-saludables-y-sostenibilidad-en-mas-de-3800-ninos-de-la-ciudad-de-guayaquil\/","og_locale":"es_ES","og_type":"article","og_title":"Nescuelita en acci\u00f3n: 2 a\u00f1os de resultados que transforman y fortalecen el aprendizaje en h\u00e1bitos saludables y sostenibilidad, en m\u00e1s de 3800 ni\u00f1os de la ciudad de Guayaquil &#8211; QUEBAKAN.COM 2026: Noticias, Eventos, Conciertos y mucho m\u00e1s....","og_description":"Monica Jaramillo, Directora de Asuntos Corporativos &amp; Sostenibilidad Nestl\u00e9 Ecuador, Daniel Mart\u00ednez, Vicepresidente de Cadena de Abastecimiento &amp; Log\u00edstica Nestl\u00e9 Ecuador; Juan Pablo Guerrero, Director Ejecutivo Unidos Por La Educaci\u00f3n; Josu\u00e9 De la Maza, Presidente Ejecutivo Nestl\u00e9 Ecuador; Jaime Seminario, Presidente Alterno de la C\u00e1mara de Industrias de Guayaquil; Melina Andrade, Vicepresidenta T\u00e9cnica &amp; Manufactura [&hellip;]","og_url":"https:\/\/www.quebakan.com\/v15\/nescuelita-en-accion-2-anos-de-resultados-que-transforman-y-fortalecen-el-aprendizaje-en-habitos-saludables-y-sostenibilidad-en-mas-de-3800-ninos-de-la-ciudad-de-guayaquil\/","og_site_name":"QUEBAKAN.COM 2026: Noticias, Eventos, Conciertos y mucho m\u00e1s....","article_publisher":"http:\/\/www.facebook.com\/quebakan","article_published_time":"2026-09-04T15:05:51+00:00","og_image":[{"width":700,"height":467,"url":"https:\/\/www.quebakan.com\/v15\/wp-content\/uploads\/2026\/09\/FOTO-OFICIAL-BOLETIN-DE-PRENSA.jpg","type":"image\/jpeg"}],"author":"Erick Villafuerte","twitter_card":"summary_large_image","twitter_creator":"@quebakanec","twitter_site":"@quebakanec","twitter_misc":{"Escrito por":"Erick Villafuerte","Tiempo de lectura":"5 minutos"},"schema":{"@context":"https:\/\/schema.org","@graph":[{"@type":"Article","@id":"https:\/\/www.quebakan.com\/v15\/nescuelita-en-accion-2-anos-de-resultados-que-transforman-y-fortalecen-el-aprendizaje-en-habitos-saludables-y-sostenibilidad-en-mas-de-3800-ninos-de-la-ciudad-de-guayaquil\/#article","isPartOf":{"@id":"https:\/\/www.quebakan.com\/v15\/nescuelita-en-accion-2-anos-de-resultados-que-transforman-y-fortalecen-el-aprendizaje-en-habitos-saludables-y-sostenibilidad-en-mas-de-3800-ninos-de-la-ciudad-de-guayaquil\/"},"author":{"name":"Erick Villafuerte","@id":"https:\/\/www.quebakan.com\/v15\/#\/schema\/person\/d90fa9f9cfa81eb8ace9811e5b7b9118"},"headline":"Nescuelita en acci\u00f3n: 2 a\u00f1os de resultados que transforman y fortalecen el aprendizaje en h\u00e1bitos saludables y sostenibilidad, en m\u00e1s de 3800 ni\u00f1os de la ciudad de Guayaquil","datePublished":"2026-09-04T15:05:51+00:00","mainEntityOfPage":{"@id":"https:\/\/www.quebakan.com\/v15\/nescuelita-en-accion-2-anos-de-resultados-que-transforman-y-fortalecen-el-aprendizaje-en-habitos-saludables-y-sostenibilidad-en-mas-de-3800-ninos-de-la-ciudad-de-guayaquil\/"},"wordCount":874,"publisher":{"@id":"https:\/\/www.quebakan.com\/v15\/#organization"},"image":{"@id":"https:\/\/www.quebakan.com\/v15\/nescuelita-en-accion-2-anos-de-resultados-que-transforman-y-fortalecen-el-aprendizaje-en-habitos-saludables-y-sostenibilidad-en-mas-de-3800-ninos-de-la-ciudad-de-guayaquil\/#primaryimage"},"thumbnailUrl":"https:\/\/www.quebakan.com\/v15\/wp-content\/uploads\/2026\/09\/FOTO-OFICIAL-BOLETIN-DE-PRENSA.jpg","articleSection":["Noticias"],"inLanguage":"es"},{"@type":"WebPage","@id":"https:\/\/www.quebakan.com\/v15\/nescuelita-en-accion-2-anos-de-resultados-que-transforman-y-fortalecen-el-aprendizaje-en-habitos-saludables-y-sostenibilidad-en-mas-de-3800-ninos-de-la-ciudad-de-guayaquil\/","url":"https:\/\/www.quebakan.com\/v15\/nescuelita-en-accion-2-anos-de-resultados-que-transforman-y-fortalecen-el-aprendizaje-en-habitos-saludables-y-sostenibilidad-en-mas-de-3800-ninos-de-la-ciudad-de-guayaquil\/","name":"Nescuelita en acci\u00f3n: 2 a\u00f1os de resultados que transforman y fortalecen el aprendizaje en h\u00e1bitos saludables y sostenibilidad, en m\u00e1s de 3800 ni\u00f1os de la ciudad de Guayaquil &#8211; QUEBAKAN.COM 2026: Noticias, Eventos, Conciertos y mucho m\u00e1s....","isPartOf":{"@id":"https:\/\/www.quebakan.com\/v15\/#website"},"primaryImageOfPage":{"@id":"https:\/\/www.quebakan.com\/v15\/nescuelita-en-accion-2-anos-de-resultados-que-transforman-y-fortalecen-el-aprendizaje-en-habitos-saludables-y-sostenibilidad-en-mas-de-3800-ninos-de-la-ciudad-de-guayaquil\/#primaryimage"},"image":{"@id":"https:\/\/www.quebakan.com\/v15\/nescuelita-en-accion-2-anos-de-resultados-que-transforman-y-fortalecen-el-aprendizaje-en-habitos-saludables-y-sostenibilidad-en-mas-de-3800-ninos-de-la-ciudad-de-guayaquil\/#primaryimage"},"thumbnailUrl":"https:\/\/www.quebakan.com\/v15\/wp-content\/uploads\/2026\/09\/FOTO-OFICIAL-BOLETIN-DE-PRENSA.jpg","datePublished":"2026-09-04T15:05:51+00:00","breadcrumb":{"@id":"https:\/\/www.quebakan.com\/v15\/nescuelita-en-accion-2-anos-de-resultados-que-transforman-y-fortalecen-el-aprendizaje-en-habitos-saludables-y-sostenibilidad-en-mas-de-3800-ninos-de-la-ciudad-de-guayaquil\/#breadcrumb"},"inLanguage":"es","potentialAction":[{"@type":"ReadAction","target":["https:\/\/www.quebakan.com\/v15\/nescuelita-en-accion-2-anos-de-resultados-que-transforman-y-fortalecen-el-aprendizaje-en-habitos-saludables-y-sostenibilidad-en-mas-de-3800-ninos-de-la-ciudad-de-guayaquil\/"]}]},{"@type":"ImageObject","inLanguage":"es","@id":"https:\/\/www.quebakan.com\/v15\/nescuelita-en-accion-2-anos-de-resultados-que-transforman-y-fortalecen-el-aprendizaje-en-habitos-saludables-y-sostenibilidad-en-mas-de-3800-ninos-de-la-ciudad-de-guayaquil\/#primaryimage","url":"https:\/\/www.quebakan.com\/v15\/wp-content\/uploads\/2026\/09\/FOTO-OFICIAL-BOLETIN-DE-PRENSA.jpg","contentUrl":"https:\/\/www.quebakan.com\/v15\/wp-content\/uploads\/2026\/09\/FOTO-OFICIAL-BOLETIN-DE-PRENSA.jpg","width":700,"height":467},{"@type":"BreadcrumbList","@id":"https:\/\/www.quebakan.com\/v15\/nescuelita-en-accion-2-anos-de-resultados-que-transforman-y-fortalecen-el-aprendizaje-en-habitos-saludables-y-sostenibilidad-en-mas-de-3800-ninos-de-la-ciudad-de-guayaquil\/#breadcrumb","itemListElement":[{"@type":"ListItem","position":1,"name":"Portada","item":"https:\/\/www.quebakan.com\/v15\/"},{"@type":"ListItem","position":2,"name":"Nescuelita en acci\u00f3n: 2 a\u00f1os de resultados que transforman y fortalecen el aprendizaje en h\u00e1bitos saludables y sostenibilidad, en m\u00e1s de 3800 ni\u00f1os de la ciudad de Guayaquil"}]},{"@type":"WebSite","@id":"https:\/\/www.quebakan.com\/v15\/#website","url":"https:\/\/www.quebakan.com\/v15\/","name":"QUEBAKAN","description":"..","publisher":{"@id":"https:\/\/www.quebakan.com\/v15\/#organization"},"potentialAction":[{"@type":"SearchAction","target":{"@type":"EntryPoint","urlTemplate":"https:\/\/www.quebakan.com\/v15\/?s={search_term_string}"},"query-input":{"@type":"PropertyValueSpecification","valueRequired":true,"valueName":"search_term_string"}}],"inLanguage":"es"},{"@type":"Organization","@id":"https:\/\/www.quebakan.com\/v15\/#organization","name":"Quebakan.com","url":"https:\/\/www.quebakan.com\/v15\/","logo":{"@type":"ImageObject","inLanguage":"es","@id":"https:\/\/www.quebakan.com\/v15\/#\/schema\/logo\/image\/","url":"https:\/\/www.quebakan.com\/v15\/wp-content\/uploads\/2023\/07\/logoquebakanenero2021.jpg","contentUrl":"https:\/\/www.quebakan.com\/v15\/wp-content\/uploads\/2023\/07\/logoquebakanenero2021.jpg","width":1920,"height":1080,"caption":"Quebakan.com"},"image":{"@id":"https:\/\/www.quebakan.com\/v15\/#\/schema\/logo\/image\/"},"sameAs":["http:\/\/www.facebook.com\/quebakan","https:\/\/x.com\/quebakanec","http:\/\/www.instagram.com\/quebakan","http:\/\/www.youtube.com\/quebakan1"]},{"@type":"Person","@id":"https:\/\/www.quebakan.com\/v15\/#\/schema\/person\/d90fa9f9cfa81eb8ace9811e5b7b9118","name":"Erick Villafuerte","image":{"@type":"ImageObject","inLanguage":"es","@id":"https:\/\/www.quebakan.com\/v15\/wp-content\/uploads\/avatars\/4\/1731297654-bpfull.png","url":"https:\/\/www.quebakan.com\/v15\/wp-content\/uploads\/avatars\/4\/1731297654-bpfull.png","contentUrl":"https:\/\/www.quebakan.com\/v15\/wp-content\/uploads\/avatars\/4\/1731297654-bpfull.png","caption":"Erick Villafuerte"}}]}},"_links":{"self":[{"href":"https:\/\/www.quebakan.com\/v15\/wp-json\/wp\/v2\/posts\/146255","targetHints":{"allow":["GET"]}}],"collection":[{"href":"https:\/\/www.quebakan.com\/v15\/wp-json\/wp\/v2\/posts"}],"about":[{"href":"https:\/\/www.quebakan.com\/v15\/wp-json\/wp\/v2\/types\/post"}],"author":[{"embeddable":true,"href":"https:\/\/www.quebakan.com\/v15\/wp-json\/wp\/v2\/users\/4"}],"replies":[{"embeddable":true,"href":"https:\/\/www.quebakan.com\/v15\/wp-json\/wp\/v2\/comments?post=146255"}],"version-history":[{"count":1,"href":"https:\/\/www.quebakan.com\/v15\/wp-json\/wp\/v2\/posts\/146255\/revisions"}],"predecessor-version":[{"id":146260,"href":"https:\/\/www.quebakan.com\/v15\/wp-json\/wp\/v2\/posts\/146255\/revisions\/146260"}],"wp:featuredmedia":[{"embeddable":true,"href":"https:\/\/www.quebakan.com\/v15\/wp-json\/wp\/v2\/media\/146256"}],"wp:attachment":[{"href":"https:\/\/www.quebakan.com\/v15\/wp-json\/wp\/v2\/media?parent=146255"}],"wp:term":[{"taxonomy":"category","embeddable":true,"href":"https:\/\/www.quebakan.com\/v15\/wp-json\/wp\/v2\/categories?post=146255"},{"taxonomy":"post_tag","embeddable":true,"href":"https:\/\/www.quebakan.com\/v15\/wp-json\/wp\/v2\/tags?post=146255"}],"curies":[{"name":"wp","href":"https:\/\/api.w.org\/{rel}","templated":true}]}}